{"id":755,"date":"2013-02-25T09:00:41","date_gmt":"2013-02-25T07:00:41","guid":{"rendered":"http:\/\/eldar.cz\/tompatrick\/?p=755"},"modified":"2013-01-07T14:50:29","modified_gmt":"2013-01-07T12:50:29","slug":"13-nekolik-vicero-slov-samotnym-zaverem","status":"publish","type":"post","link":"https:\/\/eldar.cz\/tompatrick\/citymeans\/city-means-iv-mesto-plne-nazoru\/13-nekolik-vicero-slov-samotnym-zaverem","title":{"rendered":"13. N\u011bkolik \u201ev\u00edcero\u201c slov samotn\u00fdm z\u00e1v\u011brem"},"content":{"rendered":"<div class=\"fcbkbttn_buttons_block\" id=\"fcbkbttn_left\"><div class=\"fcbkbttn_button\">\n                            <a href=\"https:\/\/www.facebook.com\/tom.patrick.509\" target=\"_blank\">\n                                <img decoding=\"async\" src=\"https:\/\/eldar.cz\/tompatrick\/wp-content\/plugins\/facebook-button-plugin\/images\/large-facebook-ico.png\" alt=\"Fb-Button\" \/>\n                            <\/a>\n                        <\/div><div class=\"fcbkbttn_like fcbkbttn_large_button\"><fb:like href=\"https:\/\/eldar.cz\/tompatrick\/citymeans\/city-means-iv-mesto-plne-nazoru\/13-nekolik-vicero-slov-samotnym-zaverem\" action=\"like\" colorscheme=\"light\" layout=\"standard\"  width=\"225px\" size=\"large\"><\/fb:like><\/div><div class=\"fb-share-button fcbkbttn_large_button \" data-href=\"https:\/\/eldar.cz\/tompatrick\/citymeans\/city-means-iv-mesto-plne-nazoru\/13-nekolik-vicero-slov-samotnym-zaverem\" data-type=\"button_count\" data-size=\"large\"><\/div><\/div><p>\u201eDobr\u00fd den, pane profesore,\u201c zdrav\u00edm mn\u011b velice bl\u00edzkou osobu, j\u00ed\u017e jsem v\u0161ak je\u0161t\u011b nem\u011bl tu \u010dest osobn\u011b zpov\u00eddat.<\/p>\n<p>\u201eDobr\u00fd, dobr\u00fd,\u201c odpov\u00edd\u00e1 mi vl\u00eddn\u011b Radovan Litevsk\u00fd, \u201ea jsem r\u00e1d, \u017ee je takov\u00fd i tento den.<\/p>\n<p>\u201eSly\u0161el jste o mn\u011b ji\u017e?\u201c ned\u00e1 mi to p\u0159edem nezeptat se.<\/p>\n<p>,,Inu, jen z doslechu,\u201c podot\u00fdk\u00e1 Radovan.<\/p>\n<p>\u201eOd kohopak konkr\u00e9tn\u011b?\u201c<\/p>\n<p>\u201eJ\u00e1 myslel, \u017ee to s\u00e1m v\u00edte?\u201c<\/p>\n<p>\u201ePouze to tu\u0161\u00edm, napad\u00e1 m\u011b jedno mo\u017en\u00e9 jm\u00e9no: Tom Wong.\u201c<\/p>\n<p>\u201eAno, tak jest,\u201c p\u0159itak\u00e1v\u00e1 souhlasn\u011b sta\u0159i\u010dk\u00fd profesor biologie, \u201ev\u00e1\u0161 \u00fasudek byl zcela spr\u00e1vn\u00fd.\u201c<\/p>\n<p>\u201eTak to m\u011b t\u011b\u0161\u00ed, \u017ee se v\u00e1m o mn\u011b Tom Wong zm\u00ednil,\u201c pokou\u0161\u00edm se n\u011bjak vhodn\u011b nav\u00e1zat \u0159e\u010d. \u201eKdysi jste mu pr\u00fd poskytl p\u0159\u00edst\u0159e\u0161\u00ed a z\u00e1rove\u0148 \u00fato\u010di\u0161t\u011b, kdy\u017e byl nespravedliv\u011b obvin\u011bn z toho, \u017ee \u00famysln\u011b zabil sv\u00e9ho bratra.\u201c<\/p>\n<p>\u201eAno, vina st\u00e1la na stran\u011b zhoubn\u00e9 nemoci,\u201c uv\u00e1d\u00ed Radovan.<\/p>\n<p>\u201eAle vy se jinak \u2013 i na sv\u016fj pokro\u010dil\u00fd v\u011bk \u2013 st\u00e1le c\u00edt\u00edte vit\u00e1ln\u00ed, zdr\u00e1v a pln\u00fd energie, nen\u00ed-li\u017e pravdou?\u201c<\/p>\n<p>\u201eInu, sna\u017e\u00edm se tuto v\u00e1mi jmenovanou trojici ve v\u0161\u00ed po\u010destnosti napl\u0148ovat.\u201c<\/p>\n<p>\u201eJak se v\u00e1m to ale tak \u00fasp\u011b\u0161n\u011b da\u0159\u00ed?\u201c vrt\u00e1 mi to hlavou.<\/p>\n<p>\u201eOn\u00edm z\u00e1kladem je jednodu\u0161e v\u00edra ve v\u0161e p\u011bkn\u00e9 a pozitivn\u011b magick\u00e9,\u201c zmi\u0148uje se prost\u011b Radovan.<\/p>\n<p>\u201eA zajdete ob\u010das i do kostela?\u201c vyzv\u00edd\u00e1m opatrn\u011b.<\/p>\n<p>\u201eAno, do kostela ob\u010das zav\u00edt\u00e1m,\u201c l\u00ed\u010d\u00ed Radovan, \u201ev urni\u010dce tam odpo\u010d\u00edv\u00e1 moje drah\u00e1 sest\u0159i\u010dka Eli\u0161ka.\u201c<\/p>\n<p>\u201eTak to je ta st\u011b\u017eejn\u00ed postava z t\u011bch va\u0161ich pov\u00eddek,\u201c doch\u00e1z\u00ed mi ihned ta <em>magick\u00e1 <\/em>spojitost.<\/p>\n<p>\u201eAno, pr\u00e1v\u011b j\u00ed jsem v\u011bnoval v\u011bt\u0161inu sv\u00fdch p\u00edsemn\u00fdch stat\u00ed,\u201c dozn\u00e1v\u00e1 se Radovan. \u201eV\u017edy si p\u0159i jejich utv\u00e1\u0159en\u00ed r\u00e1d vzpomenu, co kr\u00e1sn\u00e9ho jsme spolu v\u0161e pro\u017eili.\u201c<\/p>\n<p>\u201eV\u00edte ale co si o tom budou myslet pomysln\u00ed \u010dten\u00e1\u0159i?\u201c pokou\u0161\u00edm se o jemnou nar\u00e1\u017eku.<\/p>\n<p>\u201e\u017de mnou sepsan\u00e9 pov\u00eddky jsou a\u017e p\u0159\u00edli\u0161 poetick\u00e9,\u201c tu\u0161\u00ed spr\u00e1vn\u011b Radovan a dod\u00e1v\u00e1: \u201eJ\u00e1 jsem jimi ale nesledoval v\u011b\u010dnou sl\u00e1vu a uzn\u00e1n\u00ed, pouze jsem m\u011bl snahu vypsat se ze sv\u00fdch vnit\u0159n\u00edch inspirac\u00ed.\u201c<\/p>\n<p>\u201eA v\u00edc jste si od toho v\u00e1\u017en\u011b nesliboval?\u201c t\u00e1\u017ei se.<\/p>\n<p>\u201eT\u00edm m\u00e1te na mysli onen v\u011bhlas?\u201c pokl\u00e1d\u00e1 mi ot\u00e1zku Radovan.<\/p>\n<p>\u201eAno, n\u011bco v tom smyslu,\u201c potvrzuji.<\/p>\n<p>\u201eNe, o n\u011bco takov\u00e9ho jako v\u011bhlas jsem neusiloval,\u201c stoj\u00ed si za sv\u00fdm Radovan.<\/p>\n<p>\u201eKde\u017eto takov\u00fd Leopold Barnet mo\u017en\u00e1 ano,\u201c p\u0159ev\u00e1d\u00edm \u0159e\u010d na jednu z dal\u0161\u00edch mochnick\u00fdch postav.<\/p>\n<p>\u201eLeopold Barnet pro\u017eil \u017eivot pln\u00fd \u00fatrap a dle m\u00e9ho n\u00e1zoru si zaslou\u017eil trochu t\u00e9 pozornosti stejn\u011b jako onu \u0161petku proslulosti,\u201c soud\u00ed Radovan.<\/p>\n<p>\u201eJen\u017ee on, na rozd\u00edl od v\u00e1s, nem\u011bl ide\u00e1ln\u00ed podm\u00ednky,\u201c p\u0159ipom\u00edn\u00e1m.<\/p>\n<p>\u201eAno, osud k Leopoldovi byl nesm\u00edrn\u011b krut\u00fd,\u201c \u0159\u00edk\u00e1 Radovan. \u201eProto je tedy nam\u00edst\u011b, aby jeho du\u0161e kone\u010dn\u011b nalezla klid alespo\u0148 po smrti.\u201c<\/p>\n<p>\u201eCo t\u00edm te\u010f m\u00e1te konkr\u00e9tn\u00edho na mysli, pane profesore?\u201c nech\u00e1pu tak trochu, kam svou druhou v\u00fdpov\u011bd\u00ed Radovan m\u00ed\u0159\u00ed.<\/p>\n<p>\u201eAby se lid\u00e9 popravd\u011b dozv\u011bd\u011bli, jak Leopold Barnet skonal, \u010d\u00edm\u017e by se pln\u011b o\u010distilo jm\u00e9no Toma Wonga,\u201c m\u00edn\u00ed Radovan. \u201eTedy je zapot\u0159eb\u00ed na rovinu uv\u00e9st, \u017ee to byl pr\u00e1v\u011b Leopold Barnet, kdo si vzal dobrovoln\u011b \u017eivot.\u201c<\/p>\n<p>\u201eRozum\u00edm a t\u00edm p\u00e1dem by se uzav\u0159ela jedna z tolik prob\u00edran\u00fdch a nemil\u00fdch mochnick\u00fdch kauz,\u201c dod\u00e1v\u00e1m.<\/p>\n<p>\u201eDoufejme \u017ee ano. J\u00e1 s\u00e1m Leopoldovi v jeho posmrtn\u00e9 dimenzi p\u0159eji mnoho \u00fasp\u011bch\u016f a douf\u00e1m, \u017ee v n\u00ed dojde pln\u00e9ho z\u00e1jmu stran nov\u00fdch \u010dten\u00e1\u0159\u016f a poslucha\u010d\u016f,\u201c prav\u00ed ihned nato Radovan, co\u017e m\u011b logicky p\u0159iv\u00e1d\u00ed na n\u00e1slednou ot\u00e1zku.<\/p>\n<p>\u201eVy s\u00e1m tedy v\u011b\u0159\u00edte v posmrtn\u00fd \u017eivot?\u201c<\/p>\n<p>\u201eAno, chci doufat v to, \u017ee n\u00e1s po ukon\u010den\u00ed byt\u00ed na t\u00e9to planet\u011b n\u011bco nov\u00e9ho \u010dek\u00e1, ov\u0161em j\u00e1 s\u00e1m v\u00e1m nedok\u00e1\u017ei popravd\u011b objasnit, zda-li tomu tak ve skute\u010dnosti opravdu bude. To sam\u00e9 ostatn\u011b nem\u016f\u017ee jednozna\u010dn\u011b potvrdit ani Raymond A. Moody ve sv\u00e9 knize \u017divot po \u017eivot\u011b, je\u017e ozvl\u00e1\u0161t\u0148uje jedno ze zdej\u0161\u00edch mochnick\u00fdch pol\u00ed\u010dek.\u201c<\/p>\n<p>\u201eVelice zaj\u00edmav\u00e1 kniha, nen\u00ed divu, \u017ee takov\u00fd poklad sv\u011btov\u00e9ho p\u00edsemnictv\u00ed uchov\u00e1v\u00e1te v ochrann\u00e9m pouzdru,\u201c uv\u00e1d\u00edm.<\/p>\n<p>\u201eVy s\u00e1m jste onu knihu \u010detl?\u201c zaj\u00edm\u00e1 se Radovan.<\/p>\n<p>\u201eSp\u00ed\u0161e jsem ji jen zb\u011b\u017en\u011b prolistoval,\u201c p\u0159izn\u00e1v\u00e1m po pravd\u011b.<\/p>\n<p>\u201eTo j\u00e1 jsem si ji s nesm\u00edrnou chut\u00ed p\u0159e\u010detl celou. Obsahuje celou \u0159adu zaj\u00edmav\u00fdch n\u00e1zor\u016f a post\u0159eh\u016f,\u201c l\u00ed\u010d\u00ed Radovan.<\/p>\n<p>\u201eA vy s\u00e1m jste si pak n\u00e1sledn\u011b polo\u017eil n\u011bjak\u00e9 ty ot\u00e1zky t\u00fdkaj\u00edc\u00ed se posmrtn\u00e9ho \u017eivota?\u201c<\/p>\n<p>\u201eN\u011bkolik takov\u00fdch ot\u00e1zek bylo,\u201c poodhaluje Radovan. \u201eNap\u0159\u00edklad zda-li se v on\u00e9 posmrtn\u00e9 dimenzi daj\u00ed v \u017eiv\u00e9 podob\u011b spat\u0159it vlastn\u00ed v\u00fdplody fantazie, to by bylo neoby\u010dejn\u011b poutav\u00e9, co\u017e n\u00e1s p\u0159iv\u00e1d\u00ed na ony ALMANY, kter\u00e9 n\u011bco takov\u00e9ho umo\u017e\u0148uj\u00ed.\u201c<\/p>\n<p>\u201eZaj\u00edmav\u00e1 v\u011bci\u010dka, mimochodem, te\u010f m\u011b tak napad\u00e1, pro\u010d se ALMANY, podobn\u011b jako JELEMANTELY, H\u00d3LEJENKY, LIDVJENKY, DUHOV\u011aNKY neboli ony z\u00e1le\u017eitosti z TAVARESKY, b\u011b\u017en\u011b neprod\u00e1vaj\u00ed v obchodech? Soud\u00edm \u017ee pr\u00e1v\u011b ALMANY by \u0161ly na odbyt, jen by se po nich zapr\u00e1\u0161ilo.\u201c<\/p>\n<p>\u201eInu, je zde obava z plagi\u00e1torstv\u00ed,\u201c m\u00edn\u00ed Radovan.<\/p>\n<p>\u201eAch tak,\u201c utvrzuji se v onom Radovanem jmenovan\u00e9m. \u201eI tak mi ALMANY p\u0159ipadaj\u00ed pro \u010dlov\u011bka praktick\u00e9, nebo\u0165 na rozd\u00edl od v\u0161ech v\u00fd\u0161e jmenovan\u00fdch TAVARESKOV\u00ddCH z\u00e1le\u017eitost\u00ed nepodl\u00e9haj\u00ed \u017e\u00e1dn\u00e9mu omezen\u00ed a pln\u011b dok\u00e1\u017e\u00ed rozv\u00edjet lidskou p\u0159edstavivost v \u017eiv\u00fdch obrazech.\u201c<\/p>\n<p>\u201eA pr\u00e1v\u011b to se jist\u00fdm obchodn\u00edk\u016fm st\u00e1v\u00e1 trnem v oku,\u201c za\u010d\u00edn\u00e1 m\u011b pou\u010dovat Radovan.<\/p>\n<p>\u201eRozum\u00edm, n\u011bkoho kop\u00edrovat se zkr\u00e1tka nevypl\u00e1c\u00ed,\u201c vyjad\u0159uji se k dan\u00e9 problematice. \u201eKoneckonc\u016f sv\u00e9 o tom v\u00ed pr\u00e1v\u011b Anna.\u201c<\/p>\n<p>\u201eAno a nechyb\u011blo m\u00e1lo a jej\u00ed hlas byl zneu\u017eit k nekal\u00fdm \u00fa\u010del\u016fm,\u201c tvrd\u00ed Radovan. \u201eJe\u0161t\u011b \u017ee Tom Wong st\u00e1l na na\u0161\u00ed stran\u011b a dok\u00e1zal zabr\u00e1nit nejhor\u0161\u00edmu.\u201c<\/p>\n<p>\u201eTo zajist\u00e9,\u201c p\u0159itak\u00e1v\u00e1m, le\u010d i tak mi to ned\u00e1 a pt\u00e1m se: \u201eVy Tomu Wongovi bezpodm\u00edne\u010dn\u011b d\u016fv\u011b\u0159ujete?\u201c<\/p>\n<p>\u201eNem\u00e1m mu co zazl\u00edvat. Vy o n\u011bm v n\u011b\u010dem s\u00e1m pochybujete?\u201c navazuje Radovan.<\/p>\n<p>\u201eTak n\u011bjak jsem se o n\u011bm bavil s p\u0159\u00e1teli a ti ihned nam\u00edtli, \u017ee pouhopouz\u00ed dva lid\u00e9 by st\u011b\u017e\u00ed dok\u00e1zali uv\u00e9st do praxe tak spekulativn\u00ed v\u011bc jakou jsou ony ALMANY, pr\u00fd \u017ee odborn\u00fd t\u00fdm in\u017een\u00fdr\u016f by v tomto p\u0159\u00edpad\u011b vyzn\u011bl l\u00e9pe.\u201c<\/p>\n<p>\u201eVelice bystr\u00fd \u00fasudek,\u201c chv\u00e1l\u00ed m\u011b Radovan. \u201eLe\u010d ponechejme to, jak to je,\u201c dod\u00e1v\u00e1.<\/p>\n<p>\u201eOv\u0161em co se t\u00fdk\u00e1 Anny a Marie, o nich jsem rovn\u011b\u017e neobdr\u017eel ve\u0161ker\u00e9 informace,\u201c nam\u00edt\u00e1m.<\/p>\n<p>\u201eTyto dv\u011b d\u00edvky si zkr\u00e1tka cht\u011bly uchovat pot\u0159ebn\u00e9 soukrom\u00ed, bu\u010fme ale vd\u011b\u010dni za to, \u017ee n\u00e1m alespo\u0148 z \u010d\u00e1sti poodhalily sv\u00e9 nitro,\u201c du\u0161uje se Radovan. \u201eA toho si je t\u0159eba cenit.\u201c<\/p>\n<p>\u201eP\u0159ipou\u0161t\u00edm, Anna s Mari\u00ed to nem\u011bly zrovna jednoduch\u00e9, nebo\u0165 se byly nuceny vypo\u0159\u00e1dat s neo\u010dek\u00e1van\u00fdm,\u201c p\u0159id\u00e1v\u00e1m na p\u0159ilep\u0161enou.<\/p>\n<p>\u201eNa\u0161t\u011bst\u00ed ale nalezly p\u00e1r sp\u0159\u00edzn\u011bn\u00fdch du\u0161\u00ed, co st\u00e1ly p\u0159i nich,\u201c p\u0159ipom\u00edn\u00e1 Radovan.<\/p>\n<p>\u201eP\u0159irozen\u011b to byla va\u0161e mali\u010dkost, pak Ev\u017eenie Flavordov\u00e1 a tak\u00e9 Tom Wong,\u201c zmi\u0148uji se.<\/p>\n<p>\u201eA p\u0159i dan\u00e9m v\u00fd\u010dtu nesm\u00edme opomenouti ani m\u00e9ho kolegu a dobr\u00e9ho p\u0159\u00edtele Jos\u00edfka Humlera,\u201c p\u0159ipojuje Radovan.<\/p>\n<p>\u201eTe\u010f m\u011b tak napad\u00e1, kdy\u017e na sv\u00e9r\u00e1zn\u00e9ho profesora t\u011blocviku p\u0159i\u0161la \u0159e\u010d, pro\u010d vlastn\u011b v Podzemn\u00ed rajon\u00e1d\u011b tak ne\u010dekan\u011b zv\u00e1\u017en\u011bl? Bylo to v moment\u011b, kdy se Jitce V\u00e1lkov\u00e9 p\u0159it\u00ed\u017eilo.\u201c<\/p>\n<p>\u201eTo v\u00edte,\u201c bere si Radovan ihned slovo, \u201eji\u017e p\u00e1rkr\u00e1t se o n\u011bj pokou\u0161ely nemoci, jinak to ale b\u00fdv\u00e1 velmi \u010dipern\u00fd, usm\u011bvav\u00fd p\u00e1n.\u201c<\/p>\n<p>\u201ePodobn\u011b jako ona Patricie z Atlanty,\u201c vybavuje se mi ihned druh\u00fd adept na bezstarostn\u00fd \u017eivot. \u201eNa\u010de\u017e to sam\u00e9 se sv\u00fdm zp\u016fsobem d\u00e1 \u0159\u00edci i o L\u00edd\u011b Dobov\u00e9 a L\u00edze Kormanov\u00e9,\u201c zakon\u010duji sv\u016fj v\u00fd\u010det.<\/p>\n<p>\u201eKdy\u017e u\u017e jste zm\u00ednil tyto dv\u011b nerozlu\u010dn\u00e9 kamar\u00e1dky, pros\u00edm, p\u0159\u00edli\u0161 ne\u0159e\u0161me jejich man\u00fdry \u2013 jak se obl\u00e9kaj\u00ed a vystupuj\u00ed na ve\u0159ejnosti.\u201c<\/p>\n<p>\u201eDobr\u00e1, ponech\u00e1v\u00e1m toto t\u00e9ma stranou,\u201c slibuji, i kdy\u017e si n\u00e1sledn\u011b p\u0159i pohledu na \u010detn\u00e9 mochnick\u00e9 fotografie neodpust\u00edm p\u0159ipomenout: \u201eKataln\u00e1 Mochna v\u00e1\u017en\u011b v sob\u011b mis\u00ed magii a sv\u00e9r\u00e1znost nezap\u0159e.\u201c<\/p>\n<p>\u201eStejn\u011b jako vy s\u00e1m,\u201c pokou\u0161\u00ed se o jemnou nar\u00e1\u017eku protentokr\u00e1t Radovan.<\/p>\n<p>\u201eTo z\u0159ejm\u011b \u00fato\u010d\u00edte na mou jistou zaujatost v\u016f\u010di nejproslulej\u0161\u00ed skupin\u011b, co kdy psala hudebn\u00ed d\u011bjiny pop-musik, jak to v Podzemn\u00ed rajon\u00e1d\u011b odcitoval Kry\u0161tof V\u00e1lek. P\u0159izn\u00e1v\u00e1m jistou averzi v\u016f\u010di Brouk\u016fm, vad\u00ed mi, jak se o nich zasv\u011bcen\u011b debatuje, kde\u017eto m\u011b jako zast\u00e1nce jin\u00e9ho hudebn\u00edho stylu to nesm\u00edrn\u011b vyt\u00e1\u010d\u00ed.\u201c<\/p>\n<p>\u201eA nav\u00edc v\u00e1s tr\u00e1p\u00ed i ona proslulost, j\u00ed\u017e se marn\u011b sna\u017e\u00edte dos\u00e1hnout, ne-n\u00ed li\u017e pravdou,\u201c dopl\u0148uje Radovan.<\/p>\n<p>\u201eVyslov\u00edm to takto: zast\u00e1v\u00e1m n\u00e1zor, \u017ee ka\u017ed\u00fd \u010dlov\u011bk by m\u011bl m\u00edt n\u00e1rok na trochu toho uzn\u00e1n\u00ed, kdy\u017e si s n\u011b\u010d\u00edm d\u00e1v\u00e1 tu pr\u00e1ci a za t\u00edm \u00fa\u010delem vyd\u00e1 notnou d\u00e1vku energie a v\u011bnuje sv\u00e9mu sna\u017een\u00ed i drahocenn\u00fd \u010das.\u201c<\/p>\n<p>\u201eSv\u00fdm zp\u016fsobem m\u00e1te pravdu. \u017dijeme v dosti hektick\u00e9 dob\u011b, kter\u00e1 n\u00e1s p\u0159\u00edmo tla\u010d\u00ed k tomu, abychom v dan\u00e9m vybran\u00e9m oboru co nejl\u00e9pe obst\u00e1li a to p\u0159irozen\u011b vede k sout\u011b\u017eivosti a z\u00e1vid\u011bn\u00ed,\u201c vysv\u011btluje Radovan. \u201eSv\u00fdm zp\u016fsobem jste v tomto ohledu s Leopoldem stejn\u00ed.\u201c<\/p>\n<p>\u201eNerad bych skon\u010dil podobn\u011b tragicky jako on,\u201c zmi\u0148uji se, \u201ele\u010d v\u0161ichni jednoho dne skon\u00e1me a dle m\u00e9ho vlastn\u00edho m\u00edn\u011bn\u00ed se ka\u017ed\u00e9 skon\u00e1n\u00ed d\u00e1 pokl\u00e1dat za trag\u00e9dii.\u201c<\/p>\n<p>\u201eA \u010deho se na smrti ob\u00e1v\u00e1te nejv\u00edce,\u201c zaj\u00edm\u00e1 Radovana.<\/p>\n<p>\u201eNa rovinu? Fyzick\u00e9 bolesti,\u201c odpov\u00edd\u00e1m. \u201eA vy, pane profesore?\u201c<\/p>\n<p>\u201eRozpolcen\u00ed du\u0161e.\u201c<\/p>\n<p>\u201eJak se to nyn\u00ed m\u00e1 v Anninou kav\u00e1rnou?\u201c vyzv\u00edd\u00e1m po nepatrn\u00e9 odmlce.<\/p>\n<p>\u201eSympaticky,\u201c konstatuje Radovan, \u201ehost\u00e9 st\u00e1le chod\u00ed, ono cembalko vyhr\u00e1v\u00e1 oddechov\u00e9 melodie a zdi zdob\u00ed \u010detn\u00e9 Petrovy kresby.<\/p>\n<p>\u201eA Marie st\u00e1le spolupracuje s divadeln\u00edm souborem Mam\u00e1nek?\u201c<\/p>\n<p>\u201eAno, nyn\u00ed s nimi pr\u00e1v\u011b nastudovala novou historickou hru,\u201c informuje m\u011b Radovan. \u201eA co se t\u00fd\u010de onoho Marka, tak ten je Marii rovnocenn\u00fdm partnerem.\u201c<\/p>\n<p>\u201eKdy\u017e u\u017e p\u0159i\u0161la \u0159e\u010d pr\u00e1v\u011b na Marka, jak se to m\u00e1 s l\u00e1skou u Anny?\u201c<\/p>\n<p>\u201eI ta u\u017e pro ni netruchl\u00ed,\u201c oznamuje Radovan. \u201eSeznamovac\u00ed kav\u00e1rna dost\u00e1la sv\u00e9mu jm\u00e9nu a u\u010dinila \u0161\u0165astn\u00fdm dal\u0161\u00ed zamilovan\u00fd p\u00e1r.\u201c<\/p>\n<p>\u201eA jak je na tom druh\u00fd Petr? Udr\u017euje s n\u00edm Anna kontakt?\u201c p\u0159iv\u00e1d\u00ed m\u011b dan\u00e1 souhra jmen na onu ot\u00e1zku.<\/p>\n<p>\u201eDle sv\u00fdch slov se na n\u011bj sna\u017e\u00ed zapomenout a s novou l\u00e1skou se j\u00ed to kr\u016f\u010dek po kr\u016f\u010dku da\u0159\u00ed. Takov\u00fd p\u0159\u00edstup Ann\u011b v\u0161ak nelze zazl\u00edvat, kdy\u017e j\u00ed Petr Krtek toliko ubl\u00ed\u017eil,\u201c objas\u0148uje Radovan.<\/p>\n<p>\u201eAno, rozum\u00edm,\u201c sna\u017e\u00edm se pro Radovan\u016fv argument naj\u00edt pochopen\u00ed, le\u010d i tak mi je jedno z\u00e1hadou: \u201eKdo to on\u00e9 noci Petra Krtka na samotce nav\u0161t\u00edvil? Pro\u010d m\u011bl jmenovan\u00fd tak \u017eiv\u00e9 sn\u011bn\u00ed?\u201c<\/p>\n<p>\u201eMysl\u00edm \u017ee na to by v\u00e1m nejlep\u0161\u00ed odpov\u011b\u010f poskytla Sylvie. A obdobn\u011b v\u00e1m ochotn\u011b popov\u00edd\u00e1 i o onom tajemn\u00e9m n\u00e1pisu na hladin\u011b jednoho ze zdej\u0161\u00edch mochnick\u00fdch jezer, kter\u00fd toliko zam\u011bstnal Marii,\u201c vyzn\u00e1v\u00e1 se ne\u010dekan\u011b otev\u0159en\u011b Radovan.<\/p>\n<p>O Sylvii jsem samoz\u0159ejm\u011b ji\u017e sly\u0161el. V\u00edm o n\u00ed, \u017ee je \u010dlenkou Winstersk\u00e9ho rodu \u0159\u00e1du lebonsk\u00fdch lid\u00ed, onoho uskupen\u00ed zab\u00fdvaj\u00edc\u00edho se tajemnem a magi\u00ed, a \u017ee to byla pr\u00e1v\u011b ona, kdo se postaral o m\u00e9 zv\u011b\u010dn\u011bn\u00ed na mochnick\u00fdch v\u00fdv\u011bsk\u00e1ch, z \u010deho\u017e n\u00e1sledn\u011b t\u011b\u017eil i Kry\u0161tof V\u00e1lek.<\/p>\n<p>\u201eNev\u00edm zda-li m\u011b zrovna Sylvie r\u00e1da uvid\u00ed a bude si se mnou cht\u00edt pov\u00eddat. Od Toma Wonga v\u00edm, jak j\u00ed jsem sv\u00fdm nep\u0159\u00ed\u010detn\u00fdm chov\u00e1n\u00edm nesympatick\u00fd,\u201c vyl\u00e9v\u00e1m sv\u00e9 srdce Radovanovi.<\/p>\n<p>\u201eJ\u00e1 jsem zase zcela opa\u010dn\u00e9ho n\u00e1zoru,\u201c oponuje Radovan. \u201eMluvil jsem s n\u00ed a ona velice srde\u010dn\u011b projevila z\u00e1jem o uskute\u010dn\u011bn\u00ed rozhovoru s v\u00e1mi.\u201c<\/p>\n<p>\u201eCo\u017ee, vy se se Sylvi\u00ed osobn\u011b zn\u00e1te?\u201c p\u0159ekvapuje m\u011b, co mi Radovan nyn\u00ed tvrd\u00ed.<\/p>\n<p>\u201eAno, Sylvie rovn\u011b\u017e projevila z\u00e1jem o mou mali\u010dkost, to kdy\u017e se Anna s Mari\u00ed ocitly v nebezpe\u010d\u00ed,\u201c uv\u00e1d\u00ed Radovan. \u201eNo a kdy\u017e te\u010f nastoup\u00edte do na\u0161eho mochnick\u00e9ho vl\u00e1\u010dku a nech\u00e1te se j\u00edm sniv\u011b un\u00e1\u0161et, setk\u00e1te se se Sylvi\u00ed osobn\u011b.\u201c<\/p>\n<p>A ne\u017e se nad\u011bji, u\u017e vedle m\u011b cosi cink\u00e1. A skute\u010dn\u011b je to mochnick\u00fd vl\u00e1\u010dek a ne\u0159\u00edd\u00ed ho nikdo jin\u00fd ne\u017e-li \u010dil\u00fd devades\u00e1tn\u00edk Radim Kv\u011btovan\u00fd. A obdobn\u011b jako Ann\u011b a Marii i m\u011b se dost\u00e1v\u00e1 pohostinnosti. A jako bych i j\u00e1 rovn\u011b\u017e u mochnick\u00e9 font\u00e1ny pr\u00e1v\u011b zpozoroval sob\u011b nitern\u00ed v\u011bc a to konkr\u00e9tn\u011b symbol EC popu neboli kontrast kl\u00e1ves vypl\u0148uj\u00edc\u00ed levou polovinu loga a violoncello v jeho prav\u00e9 \u010d\u00e1sti. A pak vl\u00e1\u010dek opou\u0161t\u00ed Letomonsk\u00fd park, kde jsem m\u011bl s Radovanem sch\u016fzku a vyd\u00e1v\u00e1m se s Radimem za m\u011bsto. Pozvolna se bl\u00ed\u017e\u00edme k pol\u00ed\u010dku op\u0159eden\u00e9ho magi\u00ed. A zd\u00e1 se \u017ee pr\u00e1v\u011b ona jehlanov\u00e1 pyramida se m\u00e1 st\u00e1t d\u011bji\u0161t\u011bm nov\u00e9ho rozhovoru.<\/p>\n<p>\u201eV\u00edt\u00e1m v\u00e1s, Tome, pros\u00edm neost\u00fdchejte se a p\u0159isedn\u011bte si ke mn\u011b,\u201c vyz\u00fdv\u00e1 m\u011b Sylvie, j\u00ed\u017e ani tentokr\u00e1t nechyb\u00ed jej\u00ed proslul\u00fd \u201emagick\u00fd\u201c medailonek. \u201eJak se v\u00e1m u n\u00e1s v Kataln\u00e9 Mochn\u011b l\u00edb\u00ed?\u201c vyzv\u00edd\u00e1 ihned nato.<\/p>\n<p>\u201eJsem op\u011bt mile zasko\u010den nov\u00fdmi taji,\u201c \u0159\u00edk\u00e1m, co mi prvn\u00edho p\u0159ich\u00e1z\u00ed na jazyk.<\/p>\n<p>\u201eAno, Kataln\u00e1 Mochna m\u00e1 turisty st\u00e1le \u010d\u00edm p\u0159ekvapovat,\u201c odpov\u00edd\u00e1 vl\u00eddn\u011b Sylvie, co\u017e m\u011b rozhodn\u011b nenech\u00e1v\u00e1 v klidu, nebo\u0165 jsem sp\u00ed\u0161e o\u010dek\u00e1val, \u017ee m\u011b bude pl\u00edsnit.<\/p>\n<p>\u201eNa \u00favod jste nejsp\u00ed\u0161e zast\u00e1val n\u00e1zor, \u017ee se na v\u00e1s budu zlobit, \u017ee je tomu tak?\u201c<\/p>\n<p>P\u0159ikyvuji.<\/p>\n<p>\u201eCo se stalo, stalo se. Poj\u010fme si odpustit,\u201c navrhuje Sylvie, na\u010de\u017e j\u00e1 na jej\u00ed nab\u00eddku ochotn\u011b p\u0159istupuji. Nerad bych, aby se m\u00e9 jm\u00e9no podruh\u00e9 ocitlo na mochnick\u00e9 v\u00fdv\u011bsce coby ne\u017e\u00e1douc\u00ed. \u201eNejste dnes prvn\u00edm, komu se sna\u017e\u00edm odpustit.\u201c<\/p>\n<p>\u201eHn\u011bv\u00e1te se snad p\u0159\u00edmo na n\u011bkoho z va\u0161eho \u0159\u00e1du?\u201c odva\u017euji se takto zeptat.<\/p>\n<p>\u201eD\u00e1 se to tak sv\u00fdm zp\u016fsobem \u0159\u00edci,\u201c odpov\u00edd\u00e1 Sylvie. \u201eV na\u0161ich \u0159ad\u00e1ch krat\u0161\u00ed dobu p\u016fsob\u00ed nad\u011bjn\u00e1 hol\u010dina, co um\u00ed divy p\u0159i dotyku dlan\u011bmi, je v\u0161ak p\u0159\u00edli\u0161 horliv\u00e1 a tud\u00ed\u017e je j\u00ed t\u0159eba neust\u00e1le usm\u011br\u0148ovat.\u201c<\/p>\n<p>\u201eAch tak,\u201c p\u0159itak\u00e1v\u00e1m.<\/p>\n<p>\u201ePodobn\u011b na tom byla Kate\u0159ina. Tak\u00e9 ona si musela neust\u00e1le n\u011bco dokazovat, co\u017e v jednom nest\u0159e\u017een\u00e9m okam\u017eiku ohrozilo Mariin \u017eivot.\u201c<\/p>\n<p>\u201eO \u010dem to te\u010f hovo\u0159\u00edte?\u201c p\u0159est\u00e1v\u00e1m se tak trochu orientovat.<\/p>\n<p>\u201eO onom \u00fakazu na jednom ze zdej\u0161\u00edch jezer,\u201c jmenuje Sylvie.<\/p>\n<p>\u201eCo\u017ee? Ten n\u00e1pis byl d\u00edlem Kate\u0159iny?\u201c nemohu n\u011b\u010demu takov\u00e9mu uv\u011b\u0159it.\u201c<\/p>\n<p>\u201eP\u0159esn\u011b tak, na koho jste pom\u00fd\u0161lel vy?\u201c chce v\u011bd\u011bt Sylvie.<\/p>\n<p>\u201eNa Petra Krtka, b\u00fdval\u00e9ho p\u0159\u00edtele Anny,\u201c p\u0159izn\u00e1v\u00e1m.<\/p>\n<p>\u201eP\u0159ipou\u0161t\u00edm, tento \u010dlov\u011bk nevyzpytatelnost\u00ed p\u0159\u00edmo h\u00fd\u0159il a byl to pr\u00e1v\u011b on, kdo Marii pak pron\u00e1sledoval a omr\u00e1\u010dil Kate\u0159inu, nicm\u00e9n\u011b dan\u00fd vzkaz na vodn\u00ed hladin\u011b byl jej\u00ed prac\u00ed,\u201c vysv\u011btluje Sylvie, na\u010de\u017e j\u00e1 nasazuji nech\u00e1pav\u00fd v\u00fdraz.<\/p>\n<p>\u201ePro\u010d by ale zrovna Kate\u0159ina usilovala Marii o \u017eivot? V\u017edy\u0165 to byla naopak ona, kdo Marii poskytl n\u00e1slednou pomoc?\u201c<\/p>\n<p>\u201eProto\u017ee si uv\u011bdomila, \u017ee to, co m\u011blo vyzn\u00edt jako \u017eert, vzala Marie zcela v\u00e1\u017en\u011b,\u201c informuje m\u011b Sylvie.<\/p>\n<p>\u201eAle pro\u010d Kate\u0159ina \u017eertovala s Mari\u00ed? Tomu st\u00e1le dost dob\u0159e nerozum\u00edm.\u201c<\/p>\n<p>\u201eKate\u0159ina zkr\u00e1tka navenek cht\u011bla dok\u00e1zat, jak tajemno bravurn\u011b ovl\u00e1d\u00e1, jen\u017ee si k tomu vybrala \u0161patn\u00e9 m\u00edsto,\u201c uv\u00e1d\u00ed Sylvie. \u201eOnehdy jsme si to my dv\u011b stranou vy\u0159\u00edkaly a Kate\u0159ina pak z toho byla dosti \u0161patn\u00e1.\u201c<\/p>\n<p>\u201eTak proto m\u011bla ty podlitiny pod o\u010dima,\u201c doch\u00e1z\u00ed mi kone\u010dn\u011b ona souvislost.<\/p>\n<p>\u201eTak jest,\u201c oznamuje Sylvie. \u201eJinak Kate\u0159ina samoz\u0159ejm\u011b st\u00e1la na stran\u011b Anny a Marie, byla s nimi p\u0159\u00edtomna i u pana Herdena v TAVARESCE.\u201c<\/p>\n<p>\u201eZaj\u00edmav\u00e9 \u017ee jsem si toho nepov\u0161iml,\u201c d\u00e1v\u00e1m najevo nov\u00e9 podivy.<\/p>\n<p>\u201eOnen kouzeln\u00edk obohacen\u00fd o masku klauna, to byla Kate\u0159ina.\u201c<\/p>\n<p>\u201eAch ano, u\u017e si vzpom\u00edn\u00e1m. A j\u00e1 se op\u011bt domn\u00edval, \u017ee je to Petr Krtek v p\u0159estrojen\u00ed.\u201c<\/p>\n<p>\u201eNe, na\u0161t\u011bst\u00ed tomu tak tentokr\u00e1t nebylo,\u201c usm\u011br\u0148uje m\u011b Sylvie.<\/p>\n<p>\u201eKdy\u017e u\u017e jsme toto jm\u00e9no op\u011bt zm\u00ednili, jak se to m\u011blo s t\u00edm jeho sn\u011bn\u00edm ve Hradsk\u00e9m v\u011bzen\u00ed?\u201c<\/p>\n<p>Sylvie se zam\u00fd\u0161l\u00ed. \u201eToto je p\u0159edev\u0161\u00edm z\u00e1le\u017eitost\u00ed pevn\u00e9ho soust\u0159ed\u011bn\u00ed na vybranou osobu a to v okam\u017eiku, kdy s n\u00ed m\u016f\u017ee doj\u00edt ke vz\u00e1jemn\u00e9mu spojen\u00ed. Sp\u00e1nek jako takov\u00fd pro ono jmenovan\u00e9 nab\u00edz\u00ed p\u0159\u00edhodn\u00e9 podm\u00ednky.\u201c<\/p>\n<p>\u201eT\u00edm m\u00e1m tedy rozum\u011bt, \u017ee jste se sna\u017eila Petrovi Krtkovi n\u011bjak \u0161etrn\u011b p\u0159ipomenout, \u010deho se dopustil? Alespo\u0148 z toho p\u0159\u00edsp\u011bvku od Radovana mi to tak vyzn\u011blo,\u201c ud\u00e1v\u00e1m sv\u016fj vlastn\u00ed \u00fasudek.<\/p>\n<p>\u201eSv\u00fdm zp\u016fsobem se to tak d\u00e1 \u0159\u00edci,\u201c za\u010d\u00edn\u00e1 l\u00ed\u010dit Sylvie. \u201eUv\u011bdomila jsem si p\u0159i tom, jak je Petr snadno zraniteln\u00fd. Necht\u011bla jsem ho n\u011bjak tr\u00e1pit, pouze mu p\u0159ipomenout, jak jste s\u00e1m ji\u017e spr\u00e1vn\u011b \u0159ekl, \u010deho nekal\u00e9ho se dopustil.\u201c<\/p>\n<p>\u201eA vy jste mu ji\u017e odpustila? Z toho p\u0159\u00edsp\u011bvku to toti\u017e nevypl\u00fdvalo jednozna\u010dn\u011b,\u201c pt\u00e1m se Sylvie.<\/p>\n<p>\u201eTo, \u010deho se Petr se svou spole\u010dnic\u00ed dopustili, se ned\u00e1 tak snadno odpustit. Vra\u017eda, to je velice t\u011b\u017ek\u00fd zlo\u010din v porovn\u00e1n\u00ed s p\u0159irozenou smrt\u00ed,\u201c usuzuje Sylvie.<\/p>\n<p>\u201eKdy\u017e u\u017e jste toto zm\u00ednila, dok\u00e1zala byste n\u011bjakou takovou smrt uv\u00e9st?\u201c<\/p>\n<p>\u201eZajist\u00e9,\u201c chyt\u00e1 se ihned Sylvie a prav\u00ed: \u201eMadla Kv\u011btovan\u00e1 ve sv\u00fdch dvaadevades\u00e1ti letech skonala p\u0159irozenou smrt\u00ed. To takhle se sv\u00fdm mu\u017eem sed\u011bla u ve\u010de\u0159e, zni\u010dehonic j\u00ed p\u0159estalo tlouci srdce, hlesla a ji\u017e se neprobudila. Skonala neoby\u010dejn\u011b klidn\u011b.\u201c<\/p>\n<p>\u201eMadla <em>Kv\u011btovan\u00e1<\/em>? Zd\u00e1 se mi to, nebo tu pr\u00e1v\u011b do\u0161lo k pozoruhodn\u00e9 souh\u0159e p\u0159\u00edjmen\u00ed?\u201c<\/p>\n<p>\u201eM\u00e1te dobr\u00fd post\u0159eh, Madla Kv\u011btovan\u00e1 byla man\u017eelkou Radima Kv\u011btovan\u00e9ho, \u0159idi\u010de mochnick\u00e9ho vl\u00e1\u010dku,\u201c pokra\u010duje Sylvie. \u201eTo je ten mu\u017e, co v\u00e1s sem zavezl a obdobn\u011b tak u\u010dinil v p\u0159\u00edpad\u011b Anny a Marie. Radimova \u017eena skonala den p\u0159edt\u00edm, co sem na toto pole ob\u011b d\u00edv\u010diny jmenovan\u00fd dopravil.\u201c<\/p>\n<p>\u201eTak proto ona m\u00edra slu\u0161nosti nebyla napln\u011bna do pln\u00e9 vrchovat\u00e9 m\u00edry, jak konstatovala Anna, Radima st\u00e1le uvnit\u0159 mysli zam\u011bstn\u00e1vala jeho zesnul\u00e1 \u017eena,\u201c doch\u00e1z\u00ed mi postupn\u011b.<\/p>\n<p>\u201eVid\u00edte a p\u0159esto se odhodlal splnit, o co jsem ho po\u017e\u00e1dala,\u201c du\u0161uje se Sylvie.<\/p>\n<p>\u201eAby zavezl Annu s Mari\u00ed do t\u011bchto m\u00edst,\u201c utvrzuji se.<\/p>\n<p>\u201eAno,\u201c shrnuje to stru\u010dn\u011b Sylvie.<\/p>\n<p>\u201eZvl\u00e1\u0161tn\u00ed v\u011bc ta magie,\u201c zmi\u0148uji se po kr\u00e1tk\u00e9 odmlce p\u0159i pohledu na Sylviin medailonek.<\/p>\n<p>\u201eOp\u011bt nar\u00e1\u017e\u00edte na ono slovo?\u201c d\u00e1v\u00e1 Sylvie najevo jist\u00e1 podez\u0159en\u00ed.<\/p>\n<p>\u201ePromi\u0148te, nemyslel jsem to nijak zle,\u201c sna\u017e\u00edm se obh\u00e1jit.<\/p>\n<p>\u201eV\u00edm, v\u00edm, pojem magie v\u00e1m ned\u00e1 sp\u00e1t.\u201c<\/p>\n<p>\u201eStejn\u011b jako Ann\u011b s Mari\u00ed,\u201c dod\u00e1v\u00e1m.<\/p>\n<p>\u201e P\u0159ipou\u0161t\u00edm, v jist\u00fdch ohledech si n\u011bkte\u0159\u00ed jin\u00ed ono slov\u00ed\u010dko m\u016f\u017eou vykl\u00e1dat jinak ne\u017e str\u016fjce dan\u00e9ho z\u00e1zrak\u016f,\u201c m\u00edn\u00ed Sylvie, na\u010de\u017e si znovu pohraje s medailonkem a k m\u00e9mu \u00fa\u017easu do pyramidy vstupuje \u017eiv\u00fd vlk.<\/p>\n<p>Ov\u0161em z\u00e1hy jako bych o on\u00e9 \u201e\u017eivosti\u201c za\u010dal pochybovat, to v okam\u017eiku, kdy m\u011b Sylvie vyb\u00edz\u00ed, abych projevit state\u010dnost a pohladil si ho. A kdy\u017e tak nakonec \u010din\u00edm, m\u00e1m pocit, jako bych sahal do vzduchopr\u00e1zdna.<\/p>\n<p>\u201eCo se to d\u011bje?\u201c zmoc\u0148uje se m\u011b m\u00edrn\u00e1 panika.<\/p>\n<p>\u201eZaj\u00edmav\u00e1 v\u011bda ta holografie, nen\u00ed-li\u017e pravdou?\u201c oznamuje v naprost\u00e9m klidu Sylvie.<\/p>\n<p>\u201eTak takhle to tedy je?\u201c p\u0159ekvapuje m\u011b Sylviina v\u00fdpov\u011b\u010f.<\/p>\n<p>\u201eAno, tak jest,\u201c uj\u00edm\u00e1 se Sylvie vysv\u011btlen\u00ed, \u201eostatn\u011b takov\u00fd Hans Krubert o tom v\u00ed sv\u00e9.\u201c<\/p>\n<p>\u201eCo\u017ee, ten ohe\u0148, to v\u0161e bylo fingovan\u00e9?\u201c<\/p>\n<p>\u201eAno, tak jest,\u201c odpov\u00edd\u00e1 Sylvie stejn\u011b jako prve.<\/p>\n<p>\u201eT\u00edm p\u00e1dem je ale Western City skute\u010dn\u00fdm m\u011bstem a ne pouhou iluz\u00ed, Anna s Mari\u00ed tak zpo\u010d\u00e1tku byly utvrzov\u00e1ny fale\u0161nou domn\u011bnkou.<\/p>\n<p>\u201eAno,\u201c p\u0159isv\u011bd\u010duje Sylvie, \u201esna\u017eila jsem se se sv\u00fdmi spole\u010dnicemi Ann\u011b a Marii vnuknout mate\u010dnou vizi ohledn\u011b jejich minulost\u00ed. P\u0159ipou\u0161t\u00edm, dan\u00e1 vnuknut\u00e1 vize o nehod\u011b nep\u016fsobila zrovna dvakr\u00e1t v\u011brohodn\u011b, co\u017e se zejm\u00e9na podepisovalo na podez\u00edrav\u00e9 Ann\u011b, nicm\u00e9n\u011b nebylo \u010dasu nazbyt a bylo zapot\u0159eb\u00ed n\u011bjak \u0161etrn\u011b jednat.\u201c<\/p>\n<p>\u201eJen\u017ee Petr Krtek byl ostra\u017eit\u00fd a m\u011bl p\u0159ipraven\u00fd z\u00e1lo\u017en\u00ed pl\u00e1n: podnikl cestu do Kataln\u00e9 Mochny a to i se svoj\u00ed spole\u010dnic\u00ed,\u201c podot\u00fdk\u00e1m.<\/p>\n<p>\u201eAno a vyu\u017eil m\u00edstn\u00ed legendy o vrahovi Tomu Wongovi a za t\u00edm \u00fa\u010delem se s doty\u010dn\u00fdm spojil. Na\u0161t\u011bst\u00ed Tom st\u00e1l na stran\u011b dobra a p\u0159es Radovana n\u00e1\u0161 \u0159\u00e1d o nekal\u00e9m po\u010d\u00edn\u00e1n\u00ed Petra Krtka zav\u010das informoval,\u201c uv\u00e1d\u00ed Sylvie.<\/p>\n<p>\u201eA p\u0159esto musela b\u00fdt Anna ob\u011btovan\u00e1 v chodb\u011b propojuj\u00edc\u00ed Podzemn\u00ed rajon\u00e1du s kav\u00e1rnou Sanmantena.\u201c<\/p>\n<p>\u201eAno, tak to bylo p\u0159edem smluveno, pot\u0159ebovali jsme z\u00edskat Petrovo dozn\u00e1n\u00ed. P\u0159ipou\u0161t\u00edm, i toto bylo pom\u011brn\u011b riskantn\u00ed, na\u0161t\u011bst\u00ed Tom Wong projevil dostatek odvahy a v\u0161e ukon\u010dil podle p\u0159edem stanoven\u00e9ho,\u201c objas\u0148uje Sylvie.<\/p>\n<p>Mezit\u00edm se vlk, co zav\u00edtal do pyramidy, jako p\u00e1ra nad hrncem vytr\u00e1c\u00ed a na p\u0159\u00edkaz Sylvie se dostavuje jin\u00fd. Tentokr\u00e1t pln\u011b c\u00edt\u00edm jeho srst, nen\u00ed tedy \u017e\u00e1dn\u00fdch pochyb o tom, \u017ee tento n\u00e1v\u0161t\u011bvn\u00edk je skute\u010dn\u00fd.\u201c<\/p>\n<p>\u201eJak to ale bude d\u00e1l s Western City?\u201c pt\u00e1m se po nepatrn\u00e9 odmlce.<\/p>\n<p>\u201eTo uk\u00e1\u017ee \u010das. N\u00e1\u0161 \u0159\u00e1d u\u010dinil, co bylo v jeho sil\u00e1ch,\u201c zmi\u0148uje se Sylvie.<\/p>\n<p>\u201eA neob\u00e1v\u00e1te se toho, \u017ee se Hans Krubert vypr\u00e1v\u00ed do Kataln\u00e9 Mochny, aby se Ann\u011b a Marii pomstil za \u00fat\u011bk?\u201c napad\u00e1 m\u011b mimochodem.<\/p>\n<p>\u201eNemysl\u00edm si,\u201c m\u00edn\u00ed Sylvie. \u201eObzvl\u00e1\u0161t\u011b pot\u00e9, co Hans Krubert Annu a Marii pova\u017euje za \u010darod\u011bjky.\u201c<\/p>\n<p>\u201eJen\u017ee i tak, to Hans Krubert d\u00e1l bude prov\u00e1d\u011bt sv\u00e9 drogov\u00e9 praktiky kdesi u n\u011bmeck\u00fdch hranic? To se tomu ned\u00e1 p\u0159edem n\u011bjak \u0161etrn\u011b zabr\u00e1nit?\u201c podivuji se.<\/p>\n<p>\u201eV moci \u0159\u00e1du je pouze upozornit na n\u011bj p\u0159\u00edslu\u0161n\u00e9 policejn\u00ed org\u00e1ny,\u201c sna\u017e\u00ed se m\u011b p\u0159esv\u011bd\u010dit Sylvie. \u201eMagie v pozemsk\u00e9m sv\u011bt\u011b m\u00e1 p\u0159eci jen omezen\u00e9 hranice na rozd\u00edl od onoho sv\u011bta kni\u017en\u00edho,\u201c zakon\u010duje to dan\u00fdm n\u00e1sledn\u00fdm argumentem.<\/p>\n<p>\u201eP\u0159esto i tak, s Radovanem jsme se bavili o posmrtn\u00e9m \u017eivot\u011b, v\u011b\u0159\u00ed v n\u011bj i Winstersk\u00fd rod \u0159\u00e1du lebonsk\u00fdch lid\u00ed?\u201c ned\u00e1 mi zv\u011bdavost nezeptat se.<\/p>\n<p>\u201eAno, v\u011b\u0159\u00edme v jistou formu posmrtn\u00e9ho \u017eivota,\u201c odhaluje Sylvie. \u201eNev\u00edme ale jist\u011b, zda-li tomu tak ve skute\u010dnosti opravdu je. To ostatn\u011b nikdo z \u017eij\u00edc\u00edch nedok\u00e1\u017ee stoprocentn\u011b potvrdit.\u201c<\/p>\n<p>\u201eD\u011bkuji. Podobn\u00fd n\u00e1zor zast\u00e1val i Radovan.\u201c<\/p>\n<p>Nast\u00e1v\u00e1 znovu odmlka, j\u00e1 a Sylvie si hled\u00edme do o\u010d\u00ed.<\/p>\n<p>\u201eTak co m\u00e1te je\u0161t\u011b na srdci?\u201c vyzv\u00edd\u00e1 Sylvie.<\/p>\n<p>\u201ePo\u0159\u00e1d m\u011b tr\u00e1p\u00ed ona smrt, jak\u00e1 bude a co po n\u00ed nast\u00e1v\u00e1,\u201c poodhaluji, co m\u011b neust\u00e1le t\u00ed\u017e\u00ed uvnit\u0159 mysli.<\/p>\n<p>\u201ePravd\u011bpodobn\u011b dal\u0161\u00ed \u017eivot, jen\u017e \u0159\u00edd\u00ed zab\u011bhnut\u00e9 z\u00e1kony,\u201c prav\u00ed Sylvie. \u201eJsme-li tedy sk\u00e1lopevn\u011b p\u0159esv\u011bd\u010deni o tom, \u017ee n\u011bco jako \u017eivot po \u017eivot\u011b opravdu existuje.\u201c<\/p>\n<p>\u201eDejme tomu,\u201c p\u0159ipou\u0161t\u00edm.<\/p>\n<p>\u201eV tomto okam\u017eiku ale nem\u00e1 pra\u017e\u00e1dn\u00fd smysl b\u00e1dat po tom, co po on\u00e9 smrti nast\u00e1v\u00e1, je t\u0159eba nad\u00e1le \u017e\u00edt sou\u010dasn\u00fd \u017eivot a hledat v n\u011bm ono pozitivn\u00ed,\u201c poukazuje Sylvie.<\/p>\n<p>\u201eLe\u010d n\u011bco takov\u00e9ho se n\u011bkdy st\u00e1v\u00e1 onou samotnou v\u011bdou,\u201c podot\u00fdk\u00e1m.<\/p>\n<p>\u201ePokuste se ve sv\u00e9m \u017eivot\u011b tedy nal\u00e9zat jen to dobr\u00e9,\u201c rad\u00ed mi Sylvie, na\u010de\u017e mi na rozlou\u010denou p\u0159ed\u00e1v\u00e1 zabalen\u00fd d\u00e1rek a odch\u00e1z\u00ed z pyramidy. J\u00e1 v n\u00ed je\u0161t\u011b chvilenku pose\u010dk\u00e1v\u00e1m. Pak mi to ned\u00e1 a Sylviin d\u00e1rek rozbaluji a co nevid\u00edm: tkv\u00ed se p\u0159ede mnou jedna z EC popov\u00fdch kompilac\u00ed. S n\u00ed \u017eivot bude dozajista dob\u0159e ub\u00edhat.<\/p>\n<p>&nbsp;<\/p>\n<p>CITY MEANS \u2013 M\u011aSTO PLN\u00c9 N\u00c1ZOR\u016e<\/p>\n<p>&nbsp;<\/p>\n<div class=\"fcbkbttn_buttons_block\" id=\"fcbkbttn_left\"><div class=\"fcbkbttn_button\">\n                            <a href=\"https:\/\/www.facebook.com\/tom.patrick.509\" target=\"_blank\">\n                                <img decoding=\"async\" src=\"https:\/\/eldar.cz\/tompatrick\/wp-content\/plugins\/facebook-button-plugin\/images\/large-facebook-ico.png\" alt=\"Fb-Button\" \/>\n                            <\/a>\n                        <\/div><div class=\"fcbkbttn_like fcbkbttn_large_button\"><fb:like href=\"https:\/\/eldar.cz\/tompatrick\/citymeans\/city-means-iv-mesto-plne-nazoru\/13-nekolik-vicero-slov-samotnym-zaverem\" action=\"like\" colorscheme=\"light\" layout=\"standard\"  width=\"225px\" size=\"large\"><\/fb:like><\/div><div class=\"fb-share-button fcbkbttn_large_button \" data-href=\"https:\/\/eldar.cz\/tompatrick\/citymeans\/city-means-iv-mesto-plne-nazoru\/13-nekolik-vicero-slov-samotnym-zaverem\" data-type=\"button_count\" data-size=\"large\"><\/div><\/div>","protected":false},"excerpt":{"rendered":"<p>\u201eDobr\u00fd den, pane profesore,\u201c zdrav\u00edm mn\u011b velice bl\u00edzkou osobu, j\u00ed\u017e jsem v\u0161ak je\u0161t\u011b nem\u011bl tu \u010dest osobn\u011b zpov\u00eddat. \u201eDobr\u00fd, dobr\u00fd,\u201c odpov\u00edd\u00e1 mi vl\u00eddn\u011b Radovan Litevsk\u00fd, \u201ea jsem r\u00e1d, \u017ee je takov\u00fd i tento den. \u201eSly\u0161el jste o mn\u011b ji\u017e?\u201c ned\u00e1 &hellip; <a href=\"https:\/\/eldar.cz\/tompatrick\/citymeans\/city-means-iv-mesto-plne-nazoru\/13-nekolik-vicero-slov-samotnym-zaverem\">Cel\u00fd p\u0159\u00edsp\u011bvek <span class=\"meta-nav\">&rarr;<\/span><\/a><\/p>\n","protected":false},"author":2,"featured_media":0,"comment_status":"open","ping_status":"open","sticky":false,"template":"","format":"standard","meta":{"_s2mail":"yes","footnotes":""},"categories":[19],"tags":[],"class_list":["post-755","post","type-post","status-publish","format-standard","hentry","category-city-means-iv-mesto-plne-nazoru"],"_links":{"self":[{"href":"https:\/\/eldar.cz\/tompatrick\/wp-json\/wp\/v2\/posts\/755","targetHints":{"allow":["GET"]}}],"collection":[{"href":"https:\/\/eldar.cz\/tompatrick\/wp-json\/wp\/v2\/posts"}],"about":[{"href":"https:\/\/eldar.cz\/tompatrick\/wp-json\/wp\/v2\/types\/post"}],"author":[{"embeddable":true,"href":"https:\/\/eldar.cz\/tompatrick\/wp-json\/wp\/v2\/users\/2"}],"replies":[{"embeddable":true,"href":"https:\/\/eldar.cz\/tompatrick\/wp-json\/wp\/v2\/comments?post=755"}],"version-history":[{"count":3,"href":"https:\/\/eldar.cz\/tompatrick\/wp-json\/wp\/v2\/posts\/755\/revisions"}],"predecessor-version":[{"id":1088,"href":"https:\/\/eldar.cz\/tompatrick\/wp-json\/wp\/v2\/posts\/755\/revisions\/1088"}],"wp:attachment":[{"href":"https:\/\/eldar.cz\/tompatrick\/wp-json\/wp\/v2\/media?parent=755"}],"wp:term":[{"taxonomy":"category","embeddable":true,"href":"https:\/\/eldar.cz\/tompatrick\/wp-json\/wp\/v2\/categories?post=755"},{"taxonomy":"post_tag","embeddable":true,"href":"https:\/\/eldar.cz\/tompatrick\/wp-json\/wp\/v2\/tags?post=755"}],"curies":[{"name":"wp","href":"https:\/\/api.w.org\/{rel}","templated":true}]}}