{"id":752,"date":"2013-02-18T09:00:31","date_gmt":"2013-02-18T07:00:31","guid":{"rendered":"http:\/\/eldar.cz\/tompatrick\/?p=752"},"modified":"2013-01-07T14:49:04","modified_gmt":"2013-01-07T12:49:04","slug":"12-obdobi-proher-vyher-i-nadeji","status":"publish","type":"post","link":"https:\/\/eldar.cz\/tompatrick\/citymeans\/city-means-iv-mesto-plne-nazoru\/12-obdobi-proher-vyher-i-nadeji","title":{"rendered":"12. Obdob\u00ed proher, v\u00fdher i nad\u011bj\u00ed"},"content":{"rendered":"<div class=\"fcbkbttn_buttons_block\" id=\"fcbkbttn_left\"><div class=\"fcbkbttn_button\">\n                            <a href=\"https:\/\/www.facebook.com\/tom.patrick.509\" target=\"_blank\">\n                                <img decoding=\"async\" src=\"https:\/\/eldar.cz\/tompatrick\/wp-content\/plugins\/facebook-button-plugin\/images\/large-facebook-ico.png\" alt=\"Fb-Button\" \/>\n                            <\/a>\n                        <\/div><div class=\"fcbkbttn_like fcbkbttn_large_button\"><fb:like href=\"https:\/\/eldar.cz\/tompatrick\/citymeans\/city-means-iv-mesto-plne-nazoru\/12-obdobi-proher-vyher-i-nadeji\" action=\"like\" colorscheme=\"light\" layout=\"standard\"  width=\"225px\" size=\"large\"><\/fb:like><\/div><div class=\"fb-share-button fcbkbttn_large_button \" data-href=\"https:\/\/eldar.cz\/tompatrick\/citymeans\/city-means-iv-mesto-plne-nazoru\/12-obdobi-proher-vyher-i-nadeji\" data-type=\"button_count\" data-size=\"large\"><\/div><\/div><p>Marta Galsk\u00e1 se d\u00edvala na fotografii a m\u00e1lem \u017ee se nerozplakala. Vyj\u00edmal se na n\u00ed jej\u00ed b\u00fdval\u00fd p\u0159\u00edtel. Ten se s Martou roze\u0161el kv\u016fli jin\u00e9, jen\u017ee d\u00edvka na sv\u00e9ho Marka nedok\u00e1zala zapomenout, a tak se jednoho dne rozhodla pro nejhor\u0161\u00ed mo\u017en\u00fd \u010din.<\/p>\n<p>Marta ji\u017e st\u00e1la na \u00fatesu, odhodl\u00e1na sko\u010dit, kdy\u017e zaslechla n\u00e1\u0159ek. Marta zav\u00e1hala. A tu ji znenad\u00e1n\u00ed jak\u00fdsi tich\u00fd hl\u00e1sek vyb\u00eddl: \u201eVydej se za onou na\u0159\u00edkaj\u00edc\u00ed.\u201c<\/p>\n<p>Marta tedy svou smrt odlo\u017eila a sp\u011bla vst\u0159\u00edc nov\u00e9 \u017eivotn\u00ed zku\u0161enosti: tam dole u mo\u0159e natrefila na pla\u010d\u00edc\u00ed hol\u010di\u010dku.<\/p>\n<p>\u201e<em>Copak se ti stalo? Pro\u010dpak pl\u00e1\u010de\u0161?\u201c pokusila se Marta s hol\u010dinou nav\u00e1zat kontakt.<\/em><\/p>\n<p>\u201e<em>P\u0159i\u0161la jsem o dar, kter\u00fd mi sv\u011b\u0159il do opatrovnictv\u00ed m\u016fj otec,\u201c rozpov\u00eddala se o sv\u00e9m tr\u00e1pen\u00ed hol\u010di\u010dka. <\/em><\/p>\n<p>\u201e<em>A co to bylo za dar?\u201c zaj\u00edmalo Martu.<\/em><\/p>\n<p>\u201e<em>M\u00ed\u010d,\u201c odv\u011btila prost\u011b hol\u010di\u010dka. \u201eVid\u00ed\u0161, tamhle plave na mo\u0159sk\u00e9 hladin\u011b, pro m\u011b je v\u0161ak nedostupn\u00fd.\u201c<\/em><\/p>\n<p>Marta pohl\u00e9dla do on\u011bch m\u00edst a tam v d\u00e1li cosi barevn\u00e9ho skute\u010dn\u011b spat\u0159ila plouti.<\/p>\n<p>\u201e<em>To je on, moc pros\u00edm, nep\u0159inesla bys mi jej? Byla bych ti za to velice vd\u011b\u010dn\u00e1,\u201c \u017eadonila hol\u010di\u010dka. <\/em><\/p>\n<p>\u201e<em>Dobr\u00e1, spln\u00edm, o\u010d mne \u017e\u00e1d\u00e1\u0161,\u201c p\u0159isl\u00edbila Marta a pak se vrhla do mo\u0159sk\u00fdch vln. Zpo\u010d\u00e1tku se d\u00edvce plavalo lehce, posl\u00e9ze ji v\u0161ak za\u010dala zm\u00e1hat \u00fanava. <\/em><\/p>\n<p>A tu Mart\u011b, p\u0159i on\u00e9 \u00fanav\u011b, znovu na mysl p\u0159i\u0161la my\u0161lenka na vlastn\u00ed skon. Potopila se tedy a samu sebe nechala klesat sm\u011brem ke dnu. Ov\u0161em ihned pot\u00e9, co se na n\u011bm ocitla, jako by ji neviditeln\u00e1 s\u00edla znovu vyzvedala vzh\u016fru na hladinu.<\/p>\n<p>A vz\u00e1p\u011bt\u00ed se ji\u017e podruh\u00e9 ozval onen tich\u00fd hl\u00e1sek: \u201eM\u00ed\u010d, mus\u00ed\u0161 p\u0159in\u00e9st t\u00e9 d\u00edvce onen dar.\u201c<\/p>\n<p>Marta tedy podruh\u00e9 opustila od sv\u00e9ho skonu a pokra\u010dovala v ladn\u00fdch delf\u00edn\u00edch tempech, dokud nedos\u00e1hla po\u017eadovan\u00e9ho n\u00e1lezu.<\/p>\n<p>P\u0159i zp\u00e1te\u010dn\u00ed cest\u011b mo\u0159em se v\u0161ak opakovala obdobn\u00e1 situace: Martu op\u011btovn\u011b p\u0159epadla \u00fanava a s n\u00ed my\u0161lenka na smrt, kdy\u017e vtom se pot\u0159et\u00ed ozvalo: \u201eM\u00ed\u010d, mus\u00ed\u0161 p\u0159in\u00e9st t\u00e9 d\u00edvce onen dar.\u201c<\/p>\n<p>Marta onoho p\u0159\u00edkazu op\u011bt uposlechla, zanechala tonut\u00ed, a tak se p\u0159eci jen \u0161\u0165astn\u011b i s m\u00ed\u010dem dostala a\u017e na b\u0159eh, kde ho p\u0159edala hol\u010di\u010dce.<\/p>\n<p>\u201e<em>Mockr\u00e1t ti d\u011bkuji, jak se ti jen odvd\u011b\u010d\u00edm?\u201c z\u00e1\u0159ila hol\u010dina cel\u00e1 \u0161t\u011bst\u00edm, kdy\u017e m\u00ed\u010d znovu z\u00edskala do sv\u00e9ho opatrovnictv\u00ed. <\/em><\/p>\n<p>\u201e<em>Nech to b\u00fdt, r\u00e1da jsem ti pomohla,\u201c m\u00ednila Marta, ov\u0161em ten tich\u00fd hl\u00e1sek byl jin\u00e9ho n\u00e1zoru.<\/em><\/p>\n<p>\u201e<em>P\u0159ijmi od onoho d\u011bv\u010dete to, co ti darem nab\u00eddne.\u201c <\/em><\/p>\n<p>Marta tedy uposlechla a od hol\u010diny p\u0159ijala medailonek. N\u011bco d\u00edvku ihned p\u0159im\u011blo na n\u011bj upnout pozornost a v ten moment se ne\u010dekan\u011b rozev\u0159el a ona spat\u0159ila portr\u00e9t pohledn\u00e9ho mu\u017ee. Marta se u\u017eu\u017e chystala hol\u010diny zeptat, co m\u00e1 obdr\u017een\u00fd dar pro ni symbolizovat, kdy\u017e ta n\u00e1hle byla tatam.<\/p>\n<p>Mart\u011b to v\u0161e p\u0159ipadalo velice podivn\u00e9. A pak ji znovu do o\u010d\u00ed padl \u00fates, z n\u011bho\u017e je\u0161t\u011b p\u0159ed dobrou p\u016flhodinou byla odhodl\u00e1na sko\u010dit a tak ukon\u010dit sv\u016fj \u017eivot. Martu, p\u0159i pohledu na \u00fates, jako by zase p\u0159epad\u00e1valy my\u0161lenky na skon. A netrvalo to dlouho a podruh\u00e9 na n\u011bm stanula, odhodl\u00e1na ke skoku, kdy\u017e v tom&#8230;<\/p>\n<p>\u201e<em>Ne, proboha, jen to ne!\u201c vyslovil nal\u00e9hav\u011b \u010d\u00edsi mu\u017esk\u00fd hlas.<\/em><\/p>\n<p>Martu hlas polekal, tak\u017ee ta ztratila rovnov\u00e1hu, byla ale zav\u010das zachycena on\u00edm nezn\u00e1m\u00fdm p\u0159\u00edchoz\u00edm. Kdy\u017e v\u0161ak Marta mu\u017ei n\u00e1sledn\u011b pohl\u00e9dla do obli\u010deje, ihned v n\u011bm rozpoznala doty\u010dn\u00e9ho z portr\u00e9tu na medailonku.<\/p>\n<p>\u201e<em>Pro\u010d ses cht\u011bla zab\u00edt? Copak ti u\u017e nez\u00e1le\u017e\u00ed na \u017eivot\u011b?\u201c zeptal se mu\u017e Marty. Ta s odpov\u011bd\u00ed v\u00e1hala, st\u00e1le toti\u017e nemohla uv\u011b\u0159it t\u00e9 souh\u0159e okolnost\u00ed.<\/em><\/p>\n<p>\u201e<em>Necht\u011bla jsem&#8230; j\u00e1&#8230; kdo ty vlastn\u011b v\u016fbec jsi?\u201c pozm\u011bnila Marta n\u00e1hle svou v\u00fdpov\u011b\u010f. <\/em><\/p>\n<p>\u201e<em>Tv\u016fj zachr\u00e1nce, jak u\u017e to tak vypad\u00e1,\u201c odv\u011btil mu\u017e. \u201eJak se jmenuje\u0161?\u201c<\/em><\/p>\n<p>\u201e<em>Marta a ty?\u201c <\/em><\/p>\n<p>\u201e<em>Mark,\u201c uvedl mu\u017e.<\/em><\/p>\n<p>\u201e<em>Zvl\u00e1\u0161tn\u00ed,\u201c usoudila s m\u00edrn\u00fdm p\u0159ekvapiv\u00fdm leknut\u00edm Marta, \u201etak se jmenoval m\u016fj b\u00fdval\u00fd p\u0159\u00edtel.\u201c<\/em><\/p>\n<p>\u201e<em>T\u0159eba bych ti ho mohl vynahradit, pokud bys o to st\u00e1la,\u201c poznamenal vl\u00eddn\u011b mu\u017e.<\/em><\/p>\n<p>A tak se nejprve zrodilo p\u0159\u00e1telstv\u00ed a posl\u00e9ze i velk\u00e1 l\u00e1ska, kdy n\u011bkolik ne\u010dekan\u00fdch setk\u00e1n\u00ed usp\u00ed\u0161ilo novou \u017eivotn\u00ed etapu jedn\u00e9 d\u00edv\u010diny. Co \u0159\u00edci z\u00e1v\u011brem: snad jen, \u017ee \u00fatesy nemusej\u00ed nutn\u011b symbolizovat m\u00edsto posledn\u00edho odpo\u010dinku, ale p\u0159edznamen\u00e1vaj\u00ed i novou \u017eivotn\u00ed etapu.<\/p>\n<p>Anna rovn\u011b\u017e nepro\u017e\u00edvala \u0161\u0165astn\u00e9 obdob\u00ed a i ji ob\u010das p\u0159epadly my\u0161lenky na smrt. Podobn\u011b jako Marta Galsk\u00e1 i ona m\u00edsty zauva\u017eovala, zda-li by se za nejrozumn\u011bj\u0161\u00ed nepova\u017eovalo vrhnout se do vln, tentokr\u00e1te do t\u011bch jezern\u00edch mochnick\u00fdch, \u010di by nebylo vhodn\u011bj\u0161\u00ed p\u0159\u00edmo doplout a\u017e k jednomu z mochnick\u00fdch ostr\u016fvk\u016f a tam si vp\u00e1lit kulku do hlavy. Ov\u0161em z\u00e1hy Anna zase pln\u011b nabyla smysl\u016f a usoudila, \u017ee sebevra\u017edou by se nic nevy\u0159e\u0161ilo. Anna p\u0159eci jenom v sob\u011b na\u0161la odhodl\u00e1n\u00ed \u017e\u00edt d\u00e1l, v\u017edy\u0165 nakonec m\u011bla pro koho, i kdy\u017e se do tohoto v\u00fd\u010dtu nezapo\u010d\u00edt\u00e1val nikdo z jej\u00ed rodiny. Ano, Anna kdysi p\u0159i\u0161la o otce a nyn\u00ed i o matku, s n\u00ed\u017e si rozhodn\u011b p\u0159\u00e1la rozlou\u010dit mnohem d\u016fstojn\u011bji. Le\u010d Anna k tomu nedostala p\u0159\u00edle\u017eitost a s mat\u010dinou smrt\u00ed se byla nucena n\u011bjak vyrovnat.<\/p>\n<p>I kdy\u017e Anna se svou matkou nevych\u00e1zela kdov\u00edjak dob\u0159e, te\u010f ji hluboce litovala a v duchu Petra Krtka za to, \u010deho se s Martinou Kobl\u00ed\u017ekovou na n\u00ed dopustili, prokl\u00ednala. Anna sv\u00e9mu b\u00fdval\u00e9mu p\u0159\u00edteli p\u0159\u00e1la, aby za\u017eil stejnou bolest, jakou zp\u016fsoboval on j\u00ed, kdy\u017e si pln\u00fdmi dou\u0161ky vychutn\u00e1val bezbrannost sv\u00e9 vybran\u00e9 ob\u011bti v on\u00e9 chodb\u011b propojuj\u00edc\u00ed Podzemn\u00ed rajon\u00e1du s kav\u00e1rnou Sanmantena. Po dan\u00fdch zku\u0161enostech se sv\u00fdm b\u00fdval\u00fdm p\u0159\u00edtelem v\u0161ak Anna usoudila, \u017ee to z\u0159ejm\u011b bude zase on, kdo se ve v\u011bzen\u00ed spol\u010d\u00ed s n\u011bjak\u00fdmi gaunery a za jejich asistence tam rozpout\u00e1 hotov\u00e9 peklo. Anna by si moment\u00e1ln\u011b ale p\u0159\u00e1la, aby tomu bylo naopak, aby n\u011bkdo jin\u00fd Petru Krtkovi vy\u010dinil a jmenovan\u00fd tak na vlastn\u00ed k\u016f\u017ei poznal, jak\u00e9 to je, kdy\u017e je n\u011bkomu ubli\u017eov\u00e1no.<\/p>\n<p>Anna si velice v\u00e1\u017eila toho, \u017ee n\u011bkolik v\u011brn\u00fdch p\u0159\u00e1tel v t\u011bchto t\u011b\u017ek\u00fdch chv\u00edl\u00edch stoj\u00ed p\u0159i n\u00ed. Zejm\u00e9na Anna byla r\u00e1da za Marii, kter\u00e1 j\u00ed dan\u00e9 moment\u00e1ln\u00ed t\u011b\u017ek\u00e9 \u017eivotn\u00ed obdob\u00ed pom\u00e1hala p\u0159ekon\u00e1vat a dod\u00e1vala t\u00e9hle zelenook\u00e9 blond\u00fdnce tolik pot\u0159ebnou energii, zejm\u00e9na kdy\u017e zasedal soud, projedn\u00e1vaj\u00edc\u00ed smrt Anniny matky.<\/p>\n<p>Ano, pr\u00e1v\u011b onen vlekl\u00fd soud Annu psychicky zna\u010dn\u011b vy\u010derp\u00e1val. Pojila se s n\u00edm i \u0159ada zaj\u00edmav\u00fdch v\u00fdpov\u011bd\u00ed o\u010dit\u00fdch sv\u011bdk\u016f, kte\u0159\u00ed Petra Krtka a Martinu Kobl\u00ed\u017ekovou usv\u011bd\u010dili z p\u00e1ch\u00e1n\u00ed podl\u00fdch \u010din\u016f. Mezi usv\u011bd\u010duj\u00edc\u00edmi figurovalo i jm\u00e9no Toma Wonga, onoho rozporupln\u00e9ho asiata, co v soudn\u00ed s\u00edni vypov\u00eddal v Annin prosp\u011bch. Byl to pr\u00e1v\u011b on, kdo Annu nakonec osvobodil z l\u016f\u017eka a na sv\u016fj magi\u010d, po vzoru osazenstva z divadla Mam\u00e1nek, nen\u00e1padn\u011b nahr\u00e1l v\u00fdpov\u011b\u010f Petra Krtka a Martiny Kobl\u00ed\u017ekov\u00e9, po\u0159\u00edzenou v on\u00e9 chodb\u011b propojuj\u00edc\u00ed Podzemn\u00ed rajon\u00e1du s kav\u00e1rnou Sanmantena, co\u017e soud uznal za velice d\u016fv\u011bryhodn\u00fd zdroj.<\/p>\n<p>Petr Krtek tak m\u011bl sm\u016flu ihned od sam\u00e9ho za\u010d\u00e1tku, kdy p\u0159i\u0161el do styku s Tomem Wongem, a myln\u011b se domn\u00edval, \u017ee doty\u010dn\u00fd stoj\u00ed na jeho stran\u011b. Tom Wong, jak ostatn\u011b jmenovan\u00fd uvedl ve sv\u00e9 v\u00fdpov\u011bdi p\u0159ed soudem, ale zav\u010das rozpoznal, co je Annin b\u00fdval\u00fd p\u0159\u00edtel za\u010d a uzav\u0159el s n\u00edm pod fale\u0161nou z\u00e1minkou dohodu, jej\u00ed\u017e hlavn\u00ed prioritou m\u011blo b\u00fdt zabit\u00ed Anny. Tom Wong v\u0161ak za z\u00e1dy Petra Krtka jednal pohotov\u011b a o v\u0161em pov\u011bd\u011bl Radovanu Litevsk\u00e9mu, kter\u00fd danou informaci ihned p\u0159edal Sylvii a ta pak d\u00e1le o v\u0161em poinformovala Anninu jmenovkyni a Kate\u0159inu, co pak m\u011bly na starost Anninu a Mariinu ochranu. I ony t\u0159i jmenovan\u00e9 mochnick\u00e9 roda\u010dky se soudu z\u00fa\u010dastnily a stejn\u011b tak i Kry\u0161tof V\u00e1lek se svou man\u017eelkou Jitkou V\u00e1lkovou. Zm\u00edn\u011bn\u00fd policista si k Tomu Wongovi nakonec nic nedovolil, neobvinil ho ze dvou \u00fakladn\u00fdch vra\u017ed, kde mu beztak chyb\u011bly p\u0159\u00edm\u00e9 usv\u011bd\u010duj\u00edc\u00ed d\u016fkazy. Kry\u0161tof V\u00e1lek s\u00e1m byl vd\u011b\u010dn\u00fd za to, \u017ee se jeho man\u017eelka zase t\u011b\u0161\u00ed dobr\u00e9mu zdrav\u00ed a to d\u00edky pohotov\u00e9mu z\u00e1sahu t\u0159\u00ed jmenovan\u00fdch mochnick\u00fdch \u017een. Nav\u00edc, Kry\u0161tof V\u00e1lek nyn\u00ed m\u011bl d\u016fvod p\u0159\u00e1t si ve v\u011bzen\u00ed vid\u011bt n\u011bkoho \u00fapln\u011b jin\u00e9ho a to Martinu Kobl\u00ed\u017ekovou, kter\u00e1 usilovala o \u017eivot jeho man\u017eelky, jak vyplynulo z asiatovy tajn\u011b po\u0159\u00edzen\u00e9 nahr\u00e1vky.<\/p>\n<p>Zejm\u00e9na Tom Wong, a\u010d se to zpo\u010d\u00e1tku zd\u00e1lo jakkoliv neuv\u011b\u0159iteln\u00e9, m\u011bl lv\u00ed pod\u00edl na tom, \u017ee se Anna mohla nov\u011b t\u011b\u0161it ze \u017eivota a neskon\u010dila podobn\u011b jako jej\u00ed matka. Byl to pr\u00e1v\u011b on, kdo Annu zachr\u00e1nil a podal nejp\u0159esv\u011bd\u010div\u011bj\u0161\u00ed d\u016fkaz o podlostech Petra Krtka a Martiny Kobl\u00ed\u017ekov\u00e9. Oba dva jmenovan\u00ed se horliv\u011b sna\u017eili Tomu Wongovi p\u0159i\u010d\u00edst \u00fa\u010dast na cel\u00e9m spiknut\u00ed proti Ann\u011b, av\u0161ak neusp\u011bli. A byl to op\u011bt Radovan Litevsk\u00fd, kdo se sv\u00e9ho asijsk\u00e9ho p\u0159\u00edtele zastal a podpo\u0159il ho tak v pln\u00e9 m\u00ed\u0159e. Kry\u0161tof V\u00e1lek do toho nijak nezasahoval, on s\u00e1m byl r\u00e1d, \u017ee je jeho \u017eena zase v po\u0159\u00e1dku a to rozhodovalo. Anna se tak musela sm\u00ed\u0159it s t\u00edm, \u017ee Tom Wong v cel\u00e9 v\u011bci sehr\u00e1l dvoj\u00ed roli \u2013 jako jej\u00ed ochr\u00e1nce a z\u00e1rove\u0148 fale\u0161n\u00fd spole\u010dn\u00edk Petra Krtka a Martiny Kobl\u00ed\u017ekov\u00e9 a se skute\u010dnou smrt\u00ed jej\u00ed matky tak nem\u011bl nic spole\u010dn\u00e9ho.<\/p>\n<p>Smrt matky Annu hluboce zas\u00e1hla, le\u010d ne\u0161lo j\u00ed p\u0159edem nijak zabr\u00e1nit. Petr Krtek a Martina Kobl\u00ed\u017ekov\u00e1 Anninu matku zavra\u017edili je\u0161t\u011b p\u0159edt\u00edm, ne\u017e zav\u00edtali do Kataln\u00e9 Mochny. I kdy\u017e poveden\u00e1 dvojice zpo\u010d\u00e1tku odm\u00edtala jak\u00e9koli obvin\u011bn\u00ed, nakonec byla donucena se k vra\u017ed\u011b p\u0159iznat. A jak z\u00e1hy je\u0161t\u011b vyplulo na povrch, tak Martina Kobl\u00ed\u017ekov\u00e1 rozhodn\u011b nezab\u00edjela poprv\u00e9. Kry\u0161tof V\u00e1lek tak m\u011bl dosta\u010duj\u00edc\u00ed d\u016fvod v\u011bnovat t\u00e9to \u017een\u011b zaslou\u017eenou pozornost.<\/p>\n<p>Annu dan\u00fd proces, kter\u00fd se kv\u016fli odvol\u00e1n\u00edm neust\u00e1le protahoval, zna\u010dn\u011b vy\u010derp\u00e1val. A tu se op\u011bt naplno projevil v\u0159el\u00fd p\u0159\u00edstup n\u011bkolika obyvatel z Kataln\u00e9 Mochny, kte\u0159\u00ed se pro Annu sna\u017eili n\u011bco spole\u010dn\u011b podniknout, aby se znovu dok\u00e1zala radovat ze \u017eivota. S t\u00edm n\u00e1padem p\u0159i\u0161el Radovan Litevsk\u00fd a Ev\u017eenie Flavordov\u00e1 se ihned pro n\u011bj nadchla stejn\u011b jako Rudolf Manten, kter\u00fd byl t\u00e9m\u011b\u0159 okam\u017eit\u011b s Radovanem ochoten za\u0159izovat v\u0161e pot\u0159ebn\u00e9. Vlastn\u00ed kav\u00e1rna, to p\u0159ece byl odjak\u017eiva Annin sen a n\u011bkolik dobrod\u011bj\u016f se j\u00ed ho pokou\u0161elo splnit; za m\u00edsto bylo vybr\u00e1no prostranstv\u00ed pas\u00e1\u017e\u00ed v Pasangerov\u011b ulici, kde s\u00eddlily i Podzemn\u00ed rajon\u00e1da a kav\u00e1rna Sanmantena. Ev\u017eenie Flavordov\u00e1 se nab\u00eddla, \u017ee do budouc\u00ed kav\u00e1rny dod\u00e1 prav\u00e9 mochnick\u00e9 laskominy, zat\u00edmco Rudolf Manten n\u011bco m\u00e1lo ze sv\u00e9 vlastn\u00ed kav\u00e1rensk\u00e9 v\u00fdbavy, j\u00ed\u017e dominovaly ony \u201ekouzeln\u00e9\u201c hrn\u00ed\u010dky. P\u0159idal se i Radim Kv\u011btovan\u00fd a to s on\u00edm cembalem, na kter\u00e9 mu Anna hr\u00e1la v poln\u00ed pyramid\u011b. Radovan Litevsk\u00fd se v\u0161\u00edm miler\u00e1d vypom\u00e1hal a znovu kontaktoval Toma Wonga, jen\u017e Ann\u011b daroval dal\u0161\u00ed sv\u016fj starod\u00e1vn\u00fd gramofon ze sv\u00e9 tajn\u00e9 posv\u00e1tn\u00e9 m\u00edstn\u016fstky, na\u010de\u017e Josef Humler a Olaf z Podzemn\u00ed rajon\u00e1dy si zamlouvali slavnostn\u00ed uv\u00edtac\u00ed proslov.<\/p>\n<p>A samoz\u0159ejm\u011b tu byla Marie, kter\u00e1 Ann\u011b v\u011brn\u011b st\u00e1la po boku jako jej\u00ed nejlep\u0161\u00ed kamar\u00e1dka. O prav\u00e9m nefal\u0161ovan\u00e9m p\u0159\u00e1telstv\u00ed sv\u011bd\u010dilo i to, \u017ee Marie Ann\u011b ochotn\u011b p\u0159edstavila sv\u00e9 rodi\u010de a t\u00edm jako by j\u00ed vzkazovala, \u017ee je m\u016f\u017ee p\u0159ijmout za sv\u00e9 vlastn\u00ed, pokud j\u00ed n\u011bco takov\u00e9ho nebude \u010dinit pot\u00ed\u017ee. Kdy\u017e se s Mariin\u00fdmi rodi\u010di Anna m\u011bla tu \u010dest sezn\u00e1mit, musela sv\u00e9 nejlep\u0161\u00ed kamar\u00e1dce d\u00e1t zapravdu, tedy \u017ee jsou po v\u0161ech str\u00e1nk\u00e1ch takov\u00ed, jak\u00e9 je Marie vyl\u00ed\u010dila.<\/p>\n<p>Anna se nakonec p\u0159eci jen rozhodla v Kataln\u00e9 Mochn\u011b usadit. Od Sylvie, sv\u00e9 jmenovkyn\u011b a Kate\u0159iny Anna darem obdr\u017eela byt a postupn\u011b se nadchla pro budov\u00e1n\u00ed sv\u00e9 v\u016fbec prvn\u00ed kav\u00e1rny, v n\u00ed\u017e cembalo nad\u00e1le hr\u00e1lo pouze tehdy, kdy\u017e za n\u011bj usedla pr\u00e1v\u011b ona. Toto \u201etajemno\u201c Annu p\u0159ivedlo na my\u0161lenku spojit se znovu s \u00fa\u010dastn\u00edky, co vystoupili v Podzemn\u00ed rajon\u00e1d\u011b, a m\u011bla na to vliv i Marie, s n\u00ed\u017e nav\u00e1zal kontakt Marek Stropnick\u00fd, onen dvaadvacetilet\u00fd mu\u017e, co vymyslel prototyp font\u00e1ny, co po vhozen\u00ed p\u011btikoruny za\u010dne bublat a zp\u00edvat. A nutno podotknout, \u017ee to opravdu byla l\u00e1ska na prvn\u00ed pohled.<\/p>\n<p>A Anna n\u00e1hle rovn\u011b\u017e cht\u011bla poc\u00edtit, jak\u00e9 to je n\u011bkoho milovat, a hned ji napadlo, \u017ee mo\u017en\u00e1 na to by znala ten spr\u00e1vn\u00fd recept ona scene girl Patricie. A s n\u00ed \u017ee by do Kataln\u00e9 Mochny znovu mohl zav\u00edtat i Petr Kocian, onen \u0161estilet\u00fd chlapec, zauva\u017eovala d\u00e1le Anna, co tolik vynikal v malov\u00e1n\u00ed neobvykl\u00fdch obr\u00e1zk\u016f, jimi\u017e by se Annina kav\u00e1rna mohla dodate\u010dn\u011b vyzdobit. Anna rovn\u011b\u017e postupn\u011b nach\u00e1zela zal\u00edben\u00ed v L\u00edze Kormanov\u00e9 a L\u00edd\u011b Dobov\u00e9, v d\u00edvk\u00e1ch, co se toliko vyznaly v m\u00edstn\u00ed mochnick\u00e9 kultu\u0159e. Pr\u00e1v\u011b tyto dv\u011b d\u00edvky Ann\u011b rovn\u011b\u017e dostate\u010dn\u011b, na p\u0159\u00e1n\u00ed Radovana Litevsk\u00e9ho, vypom\u00e1haly se za\u0159izov\u00e1n\u00edm kav\u00e1rny v Pasangerov\u011b ulici a nakonec se uk\u00e1zaly jako velice p\u0159\u00edjemn\u00e9 spole\u010dnice. A kdy\u017e u\u017e tu op\u011btovn\u011b p\u0159i\u0161la \u0159e\u010d na Radovana Litevsk\u00e9ho, tak ten zase navrhl, co kdyby se v Annin\u011b kav\u00e1rn\u011b po\u0159\u00e1dala i z\u00e1jmov\u00e1 \u010dten\u00ed, t\u0159eba ta v\u011bnovan\u00e1 cestopis\u016fm, kdy by mohl vystoupit Bed\u0159ich Stojat\u00fd se sv\u00fdm alig\u00e1torem Ferdinandem a z\u00e1jemc\u016fm trochu odvypr\u00e1v\u011bt ze sv\u00fdch cestovatelsk\u00fdch z\u00e1\u017eitk\u016f. Ani Marie ve sv\u00fdch aktivit\u00e1ch nez\u016fst\u00e1vala pozadu, nav\u00e1zala kontakt s divadeln\u00edm souborem Mam\u00e1nek a z\u00fa\u010dastnila se n\u011bkolika jevi\u0161tn\u00edch her, kam se jako host dostavila i Al\u017eb\u011bta Nov\u00e1, ona had\u00ed \u017eena.<\/p>\n<p>Takto se tedy Anna s Mari\u00ed sna\u017eily alespo\u0148 trochu v\u00edce pozitivn\u011bji \u017e\u00edt vedle st\u00e1le prob\u00edhaj\u00edc\u00edho soudu, kdy znovu a znovu pozvolna nach\u00e1zely cestu k mochnick\u00e9 kultu\u0159e a jej\u00edm obyvatel\u016fm, z nich\u017e n\u011bkte\u0159\u00ed se ob\u011bma d\u00edvk\u00e1m sna\u017eili b\u00fdti n\u00e1pomocn\u00ed, jak jen to bylo mo\u017en\u00e9. Annu a Marii tak\u00e9 pot\u011b\u0161ilo, kdy\u017e je ob\u010das nav\u0161t\u00edvil i Herbert Herden, onen majitel TAVARESKY, z n\u00ed\u017e poch\u00e1zely m\u00edstn\u00ed \u201emagick\u00e9\u201c rarity v podob\u011b JELEMANTEL\u016e, H\u00d3LEJENEK, DUHOV\u011aNEK \u010di LIDVJENEK, a podal n\u011bkolik osv\u011bd\u010den\u00fdch rad ohledn\u011b podnik\u00e1n\u00ed.<\/p>\n<p>\u201eTak jak, Anno? Odhodl\u00e1\u0161 se k tomu kroku?\u201c zaj\u00edmalo Marii.<\/p>\n<p>\u201eNejsp\u00ed\u0161e ano, i kdy\u017e to pro m\u011b rozhodn\u011b nebude lehk\u00e1 z\u00e1le\u017eitost,\u201c odv\u011btila Anna.<\/p>\n<p>\u201eA v\u00e1\u017en\u011b chce\u0161, abych ti u toho asistovala?\u201c<\/p>\n<p>\u201eAno, rozhodn\u011b mi nebude\u0161 p\u0159ek\u00e1\u017eet.\u201c<\/p>\n<p>Bylo prvn\u00edho z\u00e1\u0159\u00ed a Anna s Mari\u00ed pomalu ale jist\u011b sp\u011bly za Katalnou Mochnu na jedno z jej\u00edch posv\u00e1tn\u00fdch pol\u00ed, opl\u00fdvaj\u00edc\u00ed tajemnem.<\/p>\n<p>\u201eJe to zvl\u00e1\u0161tn\u00ed od n\u011bkoho takov\u00e9ho jako jsem j\u00e1, \u017ee? M\u011bla jsem v\u00fdhrady k tajemnu a te\u010f chci jeho slu\u017eeb vyu\u017e\u00edt. Cht\u011bla jsem mermomoc\u00ed opustit tohle m\u011bsto a p\u0159itom v n\u011bm nakonec z\u016fst\u00e1v\u00e1m,\u201c m\u00ednila cestou Anna.<\/p>\n<p>\u201eJ\u00e1 mysl\u00edm, \u017ee jsi se rozhodla spr\u00e1vn\u011b, Anno,\u201c zast\u00e1vala n\u00e1zor Marie. \u201eN\u011bkde \u010dlov\u011bk zkr\u00e1tka mus\u00ed za\u010d\u00edt nanovo, a kdy\u017e se ke v\u0161emu vypo\u0159\u00e1d\u00e1 se svoj\u00ed minulost\u00ed, tak se mu pak nesm\u00edrn\u011b ulev\u00ed,\u201c uvedla Marie.<\/p>\n<p>Anna musela d\u00e1t sv\u00e9 nejlep\u0161\u00ed kamar\u00e1dce zapravdu a cenila si toho, \u017ee i nyn\u00ed kr\u00e1\u010d\u00ed po jej\u00edm boku.<\/p>\n<p>\u201eA jak se to vyv\u00edj\u00ed s Markem?\u201c vyzv\u00eddala d\u00e1l Anna.<\/p>\n<p>\u201eSympaticky,\u201c \u0159ekla Marie a mali\u010dko se p\u0159i tom uculovala.<\/p>\n<p>\u201eTak to jsem r\u00e1da,\u201c odpov\u011bd\u011bla Anna a tak\u00e9 se p\u0159i tom zakabonila.<\/p>\n<p>\u201eNeboj, Anno, i na tebe n\u011bkde \u010dek\u00e1 velk\u00e1 \u017eivotn\u00ed l\u00e1ska,\u201c soudila Marie.<\/p>\n<p>\u201eJ\u00e1 v\u00edm,\u201c p\u0159itakala souhlasn\u011b Anna.<\/p>\n<p>\u201eTe\u010f si vzpom\u00edn\u00e1m&#8230; v Letomonsk\u00e9m parku se nach\u00e1z\u00ed seznamovac\u00ed kav\u00e1rna&#8230; tak kdybys t\u0159eba projevila z\u00e1jem a zasko\u010dila do n\u00ed&#8230;\u201c<\/p>\n<p>\u201eD\u011bkuji za p\u0159ipom\u00ednku, toto budu br\u00e1t v potaz jako posledn\u00ed mo\u017enou z\u00e1chranu,\u201c uvedla Anna.<\/p>\n<p>\u201eA jak vlastn\u011b pojmenuje\u0161 svou budouc\u00ed vlastn\u00ed kav\u00e1rnu?\u201c cht\u011bla je\u0161t\u011b v\u011bd\u011bt Marie.<\/p>\n<p>\u201eTak to st\u00e1le nev\u00edm,\u201c p\u0159iznala Anna.<\/p>\n<p>A tu ji\u017e ob\u011b d\u00edvky dosp\u011bly na dan\u00e9, tajemnem opl\u00fdvaj\u00edc\u00ed poln\u00ed prostranstv\u00ed. Anna se v\u0161e pokusila pojmout velmi stylov\u011b. Nejprve s Mari\u00ed za\u0161la na takov\u00e9 men\u0161\u00ed relaxov\u00e1n\u00ed do pyramidy. N\u00e1sledovala \u010detba v knize \u017divot po \u017eivot\u011b, konkr\u00e9tn\u011b pas\u00e1\u017e pojedn\u00e1vaj\u00edc\u00ed o p\u0159echodu do posmrtn\u00e9ho \u017eivota. Od t\u00e9to perly, na poli uchov\u00e1van\u00e9 v ochrann\u00e9m pouzd\u0159e, Anna p\u0159e\u0161la k podkov\u011b, aby si dotykem pojistila \u0161t\u011bst\u00ed, a \u00fasp\u011b\u0161n\u00fd p\u0159echod po \u017ehav\u00fdch uhl\u00edc\u00edch pro ni pak symbolizoval onen vstup do posmrtn\u00e9 dimenze. Dal\u0161\u00ed Anniny kroky sp\u011bly k so\u0161e svat\u00e9ho Moci\u00e1na, j\u00ed\u017e doty\u010dn\u00e1 vylila sv\u00e9 srdce, a na N\u00e1hrobek osudu pot\u00e9 rukou pomysln\u011b vepsala jm\u00e9na rodi\u010d\u016f i to sv\u00e9. Z\u00e1v\u011bre\u010dn\u00e9 obejmut\u00ed dvou men\u0161\u00edch menhir\u016f m\u011blo u Anny poukazovat na p\u0159\u00e1telsk\u00e9 shled\u00e1n\u00ed s jej\u00edmi rodi\u010di.<\/p>\n<div class=\"fcbkbttn_buttons_block\" id=\"fcbkbttn_left\"><div class=\"fcbkbttn_button\">\n                            <a href=\"https:\/\/www.facebook.com\/tom.patrick.509\" target=\"_blank\">\n                                <img decoding=\"async\" src=\"https:\/\/eldar.cz\/tompatrick\/wp-content\/plugins\/facebook-button-plugin\/images\/large-facebook-ico.png\" alt=\"Fb-Button\" \/>\n                            <\/a>\n                        <\/div><div class=\"fcbkbttn_like fcbkbttn_large_button\"><fb:like href=\"https:\/\/eldar.cz\/tompatrick\/citymeans\/city-means-iv-mesto-plne-nazoru\/12-obdobi-proher-vyher-i-nadeji\" action=\"like\" colorscheme=\"light\" layout=\"standard\"  width=\"225px\" size=\"large\"><\/fb:like><\/div><div class=\"fb-share-button fcbkbttn_large_button \" data-href=\"https:\/\/eldar.cz\/tompatrick\/citymeans\/city-means-iv-mesto-plne-nazoru\/12-obdobi-proher-vyher-i-nadeji\" data-type=\"button_count\" data-size=\"large\"><\/div><\/div>","protected":false},"excerpt":{"rendered":"<p>Marta Galsk\u00e1 se d\u00edvala na fotografii a m\u00e1lem \u017ee se nerozplakala. Vyj\u00edmal se na n\u00ed jej\u00ed b\u00fdval\u00fd p\u0159\u00edtel. Ten se s Martou roze\u0161el kv\u016fli jin\u00e9, jen\u017ee d\u00edvka na sv\u00e9ho Marka nedok\u00e1zala zapomenout, a tak se jednoho dne rozhodla pro nejhor\u0161\u00ed &hellip; <a href=\"https:\/\/eldar.cz\/tompatrick\/citymeans\/city-means-iv-mesto-plne-nazoru\/12-obdobi-proher-vyher-i-nadeji\">Cel\u00fd p\u0159\u00edsp\u011bvek <span class=\"meta-nav\">&rarr;<\/span><\/a><\/p>\n","protected":false},"author":2,"featured_media":0,"comment_status":"open","ping_status":"open","sticky":false,"template":"","format":"standard","meta":{"_s2mail":"yes","footnotes":""},"categories":[19],"tags":[],"class_list":["post-752","post","type-post","status-publish","format-standard","hentry","category-city-means-iv-mesto-plne-nazoru"],"_links":{"self":[{"href":"https:\/\/eldar.cz\/tompatrick\/wp-json\/wp\/v2\/posts\/752","targetHints":{"allow":["GET"]}}],"collection":[{"href":"https:\/\/eldar.cz\/tompatrick\/wp-json\/wp\/v2\/posts"}],"about":[{"href":"https:\/\/eldar.cz\/tompatrick\/wp-json\/wp\/v2\/types\/post"}],"author":[{"embeddable":true,"href":"https:\/\/eldar.cz\/tompatrick\/wp-json\/wp\/v2\/users\/2"}],"replies":[{"embeddable":true,"href":"https:\/\/eldar.cz\/tompatrick\/wp-json\/wp\/v2\/comments?post=752"}],"version-history":[{"count":3,"href":"https:\/\/eldar.cz\/tompatrick\/wp-json\/wp\/v2\/posts\/752\/revisions"}],"predecessor-version":[{"id":1087,"href":"https:\/\/eldar.cz\/tompatrick\/wp-json\/wp\/v2\/posts\/752\/revisions\/1087"}],"wp:attachment":[{"href":"https:\/\/eldar.cz\/tompatrick\/wp-json\/wp\/v2\/media?parent=752"}],"wp:term":[{"taxonomy":"category","embeddable":true,"href":"https:\/\/eldar.cz\/tompatrick\/wp-json\/wp\/v2\/categories?post=752"},{"taxonomy":"post_tag","embeddable":true,"href":"https:\/\/eldar.cz\/tompatrick\/wp-json\/wp\/v2\/tags?post=752"}],"curies":[{"name":"wp","href":"https:\/\/api.w.org\/{rel}","templated":true}]}}