{"id":650,"date":"2012-08-27T09:00:29","date_gmt":"2012-08-27T07:00:29","guid":{"rendered":"http:\/\/eldar.cz\/tompatrick\/?p=650"},"modified":"2012-01-20T12:09:10","modified_gmt":"2012-01-20T10:09:10","slug":"20-soudny-den","status":"publish","type":"post","link":"https:\/\/eldar.cz\/tompatrick\/citymeans\/city-means-mesto-plne-neresti\/20-soudny-den","title":{"rendered":"(20) Soudn\u00fd den"},"content":{"rendered":"<div class=\"fcbkbttn_buttons_block\" id=\"fcbkbttn_left\"><div class=\"fcbkbttn_button\">\n                            <a href=\"https:\/\/www.facebook.com\/tom.patrick.509\" target=\"_blank\">\n                                <img decoding=\"async\" src=\"https:\/\/eldar.cz\/tompatrick\/wp-content\/plugins\/facebook-button-plugin\/images\/large-facebook-ico.png\" alt=\"Fb-Button\" \/>\n                            <\/a>\n                        <\/div><div class=\"fcbkbttn_like fcbkbttn_large_button\"><fb:like href=\"https:\/\/eldar.cz\/tompatrick\/citymeans\/city-means-mesto-plne-neresti\/20-soudny-den\" action=\"like\" colorscheme=\"light\" layout=\"standard\"  width=\"225px\" size=\"large\"><\/fb:like><\/div><div class=\"fb-share-button fcbkbttn_large_button \" data-href=\"https:\/\/eldar.cz\/tompatrick\/citymeans\/city-means-mesto-plne-neresti\/20-soudny-den\" data-type=\"button_count\" data-size=\"large\"><\/div><\/div><p>Fotograf<\/p>\n<p>T\u011b fot\u00ed<\/p>\n<p>Prezident<\/p>\n<p>T\u011b zve d\u00e1l<\/p>\n<p>Hezk\u00fd den m\u011bj<\/p>\n<p>Nat\u00e1lie<\/p>\n<p>&nbsp;<\/p>\n<p>Soudce<\/p>\n<p>T\u011b soud\u00ed<\/p>\n<p>Prezident<\/p>\n<p>T\u011b zve d\u00e1l<\/p>\n<p>Hezk\u00fd den m\u011bj<\/p>\n<p>Nat\u00e1lie<\/p>\n<p>&nbsp;<\/p>\n<p>Soudce<\/p>\n<p>T\u011b soud\u00ed<\/p>\n<p>Prezident<\/p>\n<p>Nepozve d\u00e1l<\/p>\n<p>Fotograf?<\/p>\n<p>Kdes skon\u010dils?<\/p>\n<p>I p\u0159esto<\/p>\n<p>Hezk\u00fd den m\u011bj<\/p>\n<p>Nat\u00e1lie<\/p>\n<div class=\"fcbkbttn_buttons_block\" id=\"fcbkbttn_left\"><div class=\"fcbkbttn_button\">\n                            <a href=\"https:\/\/www.facebook.com\/tom.patrick.509\" target=\"_blank\">\n                                <img decoding=\"async\" src=\"https:\/\/eldar.cz\/tompatrick\/wp-content\/plugins\/facebook-button-plugin\/images\/large-facebook-ico.png\" alt=\"Fb-Button\" \/>\n                            <\/a>\n                        <\/div><div class=\"fcbkbttn_like fcbkbttn_large_button\"><fb:like href=\"https:\/\/eldar.cz\/tompatrick\/citymeans\/city-means-mesto-plne-neresti\/20-soudny-den\" action=\"like\" colorscheme=\"light\" layout=\"standard\"  width=\"225px\" size=\"large\"><\/fb:like><\/div><div class=\"fb-share-button fcbkbttn_large_button \" data-href=\"https:\/\/eldar.cz\/tompatrick\/citymeans\/city-means-mesto-plne-neresti\/20-soudny-den\" data-type=\"button_count\" data-size=\"large\"><\/div><\/div>","protected":false},"excerpt":{"rendered":"<p>Fotograf T\u011b fot\u00ed Prezident T\u011b zve d\u00e1l Hezk\u00fd den m\u011bj Nat\u00e1lie &nbsp; Soudce T\u011b soud\u00ed Prezident T\u011b zve d\u00e1l Hezk\u00fd den m\u011bj Nat\u00e1lie &nbsp; Soudce T\u011b soud\u00ed Prezident Nepozve d\u00e1l Fotograf? Kdes skon\u010dils? I p\u0159esto Hezk\u00fd den m\u011bj Nat\u00e1lie<\/p>\n","protected":false},"author":2,"featured_media":0,"comment_status":"open","ping_status":"open","sticky":false,"template":"","format":"standard","meta":{"_s2mail":"yes","footnotes":""},"categories":[17],"tags":[],"class_list":["post-650","post","type-post","status-publish","format-standard","hentry","category-city-means-mesto-plne-neresti"],"_links":{"self":[{"href":"https:\/\/eldar.cz\/tompatrick\/wp-json\/wp\/v2\/posts\/650","targetHints":{"allow":["GET"]}}],"collection":[{"href":"https:\/\/eldar.cz\/tompatrick\/wp-json\/wp\/v2\/posts"}],"about":[{"href":"https:\/\/eldar.cz\/tompatrick\/wp-json\/wp\/v2\/types\/post"}],"author":[{"embeddable":true,"href":"https:\/\/eldar.cz\/tompatrick\/wp-json\/wp\/v2\/users\/2"}],"replies":[{"embeddable":true,"href":"https:\/\/eldar.cz\/tompatrick\/wp-json\/wp\/v2\/comments?post=650"}],"version-history":[{"count":1,"href":"https:\/\/eldar.cz\/tompatrick\/wp-json\/wp\/v2\/posts\/650\/revisions"}],"predecessor-version":[{"id":651,"href":"https:\/\/eldar.cz\/tompatrick\/wp-json\/wp\/v2\/posts\/650\/revisions\/651"}],"wp:attachment":[{"href":"https:\/\/eldar.cz\/tompatrick\/wp-json\/wp\/v2\/media?parent=650"}],"wp:term":[{"taxonomy":"category","embeddable":true,"href":"https:\/\/eldar.cz\/tompatrick\/wp-json\/wp\/v2\/categories?post=650"},{"taxonomy":"post_tag","embeddable":true,"href":"https:\/\/eldar.cz\/tompatrick\/wp-json\/wp\/v2\/tags?post=650"}],"curies":[{"name":"wp","href":"https:\/\/api.w.org\/{rel}","templated":true}]}}