{"id":628,"date":"2012-06-11T09:00:39","date_gmt":"2012-06-11T07:00:39","guid":{"rendered":"http:\/\/eldar.cz\/tompatrick\/?p=628"},"modified":"2012-01-20T11:21:44","modified_gmt":"2012-01-20T09:21:44","slug":"9-monogramu-pul","status":"publish","type":"post","link":"https:\/\/eldar.cz\/tompatrick\/citymeans\/city-means-mesto-plne-neresti\/9-monogramu-pul","title":{"rendered":"(9) Monogramu p\u016fl"},"content":{"rendered":"<div class=\"fcbkbttn_buttons_block\" id=\"fcbkbttn_left\"><div class=\"fcbkbttn_button\">\n                            <a href=\"https:\/\/www.facebook.com\/tom.patrick.509\" target=\"_blank\">\n                                <img decoding=\"async\" src=\"https:\/\/eldar.cz\/tompatrick\/wp-content\/plugins\/facebook-button-plugin\/images\/large-facebook-ico.png\" alt=\"Fb-Button\" \/>\n                            <\/a>\n                        <\/div><div class=\"fcbkbttn_like fcbkbttn_large_button\"><fb:like href=\"https:\/\/eldar.cz\/tompatrick\/citymeans\/city-means-mesto-plne-neresti\/9-monogramu-pul\" action=\"like\" colorscheme=\"light\" layout=\"standard\"  width=\"225px\" size=\"large\"><\/fb:like><\/div><div class=\"fb-share-button fcbkbttn_large_button \" data-href=\"https:\/\/eldar.cz\/tompatrick\/citymeans\/city-means-mesto-plne-neresti\/9-monogramu-pul\" data-type=\"button_count\" data-size=\"large\"><\/div><\/div><p>Kam b\u011b\u017e\u00ed\u0161 m\u00e9 ego<\/p>\n<p>Snad ne m\u011bnit logo<\/p>\n<p>Logogram<\/p>\n<p>Monogramu p\u016fl<\/p>\n<p>&nbsp;<\/p>\n<p>Byla jsem mladou<\/p>\n<p>Tak nezku\u0161enou<\/p>\n<p>Mamograf<\/p>\n<p>Monogramu p\u016fl<\/p>\n<p>&nbsp;<\/p>\n<p>Jsem \u017eenou<\/p>\n<p>Ty mu\u017eem m\u00fdm<\/p>\n<p>S h\u0159\u00edchem necht\u011bn\u00fdm<\/p>\n<p>&nbsp;<\/p>\n<p>T\u011bch svod\u016f<\/p>\n<p>P\u011bt \u017een si u\u017e\u00edv\u00e1<\/p>\n<p>Jeden mu\u017e \u2013 jedna d\u00edvka<\/p>\n<p>Si mal\u00fdm darem ubl\u00ed\u017e\u00ed<\/p>\n<p>&nbsp;<\/p>\n<p>T\u011bch svod\u016f<\/p>\n<p>P\u011bt \u017een si u\u017e\u00edv\u00e1<\/p>\n<p>D\u00e1l v l\u00edb\u00e1nk\u00e1ch<\/p>\n<p>V\u0161ak \u0161est\u00e1 v slz\u00e1ch ub\u00edj\u00ed<\/p>\n<p>&nbsp;<\/p>\n<p>Kam b\u011b\u017e\u00ed\u0161 m\u016fj Oto<\/p>\n<p>Snad ne m\u011bnit moto<\/p>\n<p>Motogram<\/p>\n<p>Monogramu p\u016fl<\/p>\n<p>&nbsp;<\/p>\n<p>Jsem st\u00e1le mladou<\/p>\n<p>I kdy\u017e nezku\u0161enou<\/p>\n<p>L\u00edtogram<\/p>\n<p>Monogramu p\u016fl<\/p>\n<p>&nbsp;<\/p>\n<p>Jsem \u017eenou<\/p>\n<p>Ty mu\u017eem m\u00fdm<\/p>\n<p>Pros\u00edm \u2013 p\u0159ijmi m\u011b za svou<\/p>\n<div class=\"fcbkbttn_buttons_block\" id=\"fcbkbttn_left\"><div class=\"fcbkbttn_button\">\n                            <a href=\"https:\/\/www.facebook.com\/tom.patrick.509\" target=\"_blank\">\n                                <img decoding=\"async\" src=\"https:\/\/eldar.cz\/tompatrick\/wp-content\/plugins\/facebook-button-plugin\/images\/large-facebook-ico.png\" alt=\"Fb-Button\" \/>\n                            <\/a>\n                        <\/div><div class=\"fcbkbttn_like fcbkbttn_large_button\"><fb:like href=\"https:\/\/eldar.cz\/tompatrick\/citymeans\/city-means-mesto-plne-neresti\/9-monogramu-pul\" action=\"like\" colorscheme=\"light\" layout=\"standard\"  width=\"225px\" size=\"large\"><\/fb:like><\/div><div class=\"fb-share-button fcbkbttn_large_button \" data-href=\"https:\/\/eldar.cz\/tompatrick\/citymeans\/city-means-mesto-plne-neresti\/9-monogramu-pul\" data-type=\"button_count\" data-size=\"large\"><\/div><\/div>","protected":false},"excerpt":{"rendered":"<p>Kam b\u011b\u017e\u00ed\u0161 m\u00e9 ego Snad ne m\u011bnit logo Logogram Monogramu p\u016fl &nbsp; Byla jsem mladou Tak nezku\u0161enou Mamograf Monogramu p\u016fl &nbsp; Jsem \u017eenou Ty mu\u017eem m\u00fdm S h\u0159\u00edchem necht\u011bn\u00fdm &nbsp; T\u011bch svod\u016f P\u011bt \u017een si u\u017e\u00edv\u00e1 Jeden mu\u017e \u2013 jedna &hellip; <a href=\"https:\/\/eldar.cz\/tompatrick\/citymeans\/city-means-mesto-plne-neresti\/9-monogramu-pul\">Cel\u00fd p\u0159\u00edsp\u011bvek <span class=\"meta-nav\">&rarr;<\/span><\/a><\/p>\n","protected":false},"author":2,"featured_media":0,"comment_status":"open","ping_status":"open","sticky":false,"template":"","format":"standard","meta":{"_s2mail":"yes","footnotes":""},"categories":[17],"tags":[],"class_list":["post-628","post","type-post","status-publish","format-standard","hentry","category-city-means-mesto-plne-neresti"],"_links":{"self":[{"href":"https:\/\/eldar.cz\/tompatrick\/wp-json\/wp\/v2\/posts\/628","targetHints":{"allow":["GET"]}}],"collection":[{"href":"https:\/\/eldar.cz\/tompatrick\/wp-json\/wp\/v2\/posts"}],"about":[{"href":"https:\/\/eldar.cz\/tompatrick\/wp-json\/wp\/v2\/types\/post"}],"author":[{"embeddable":true,"href":"https:\/\/eldar.cz\/tompatrick\/wp-json\/wp\/v2\/users\/2"}],"replies":[{"embeddable":true,"href":"https:\/\/eldar.cz\/tompatrick\/wp-json\/wp\/v2\/comments?post=628"}],"version-history":[{"count":1,"href":"https:\/\/eldar.cz\/tompatrick\/wp-json\/wp\/v2\/posts\/628\/revisions"}],"predecessor-version":[{"id":629,"href":"https:\/\/eldar.cz\/tompatrick\/wp-json\/wp\/v2\/posts\/628\/revisions\/629"}],"wp:attachment":[{"href":"https:\/\/eldar.cz\/tompatrick\/wp-json\/wp\/v2\/media?parent=628"}],"wp:term":[{"taxonomy":"category","embeddable":true,"href":"https:\/\/eldar.cz\/tompatrick\/wp-json\/wp\/v2\/categories?post=628"},{"taxonomy":"post_tag","embeddable":true,"href":"https:\/\/eldar.cz\/tompatrick\/wp-json\/wp\/v2\/tags?post=628"}],"curies":[{"name":"wp","href":"https:\/\/api.w.org\/{rel}","templated":true}]}}