{"id":526,"date":"2012-01-09T09:00:37","date_gmt":"2012-01-09T07:00:37","guid":{"rendered":"http:\/\/eldar.cz\/tompatrick\/?p=526"},"modified":"2011-10-06T15:51:25","modified_gmt":"2011-10-06T13:51:25","slug":"me-magneticke-pole-13","status":"publish","type":"post","link":"https:\/\/eldar.cz\/tompatrick\/povidky\/me-magneticke-pole\/me-magneticke-pole-13","title":{"rendered":"M\u00e9 magnetick\u00e9 pole (13)"},"content":{"rendered":"<div class=\"fcbkbttn_buttons_block\" id=\"fcbkbttn_left\"><div class=\"fcbkbttn_button\">\n                            <a href=\"https:\/\/www.facebook.com\/tom.patrick.509\" target=\"_blank\">\n                                <img decoding=\"async\" src=\"https:\/\/eldar.cz\/tompatrick\/wp-content\/plugins\/facebook-button-plugin\/images\/large-facebook-ico.png\" alt=\"Fb-Button\" \/>\n                            <\/a>\n                        <\/div><div class=\"fcbkbttn_like fcbkbttn_large_button\"><fb:like href=\"https:\/\/eldar.cz\/tompatrick\/povidky\/me-magneticke-pole\/me-magneticke-pole-13\" action=\"like\" colorscheme=\"light\" layout=\"standard\"  width=\"225px\" size=\"large\"><\/fb:like><\/div><div class=\"fb-share-button fcbkbttn_large_button \" data-href=\"https:\/\/eldar.cz\/tompatrick\/povidky\/me-magneticke-pole\/me-magneticke-pole-13\" data-type=\"button_count\" data-size=\"large\"><\/div><\/div><p>Martin Kavan se do toho obrazu zamiloval ihned na prvn\u00ed pohled a ten obraz zase do n\u011bj \u2013 alespo\u0148 tak si to tento dvaadvacetilet\u00fd mlad\u00edk vysv\u011btloval, kdy\u017e proch\u00e1zel kolem kr\u00e1mku s kuchy\u0148sk\u00fdmi pot\u0159ebami, kde mu ve v\u00fdloze do o\u010d\u00ed padl portr\u00e9t p\u0159ekr\u00e1sn\u00e9 dlouhovlas\u00e9 rusovl\u00e1sky, spo\u0159e od\u011bn\u00e9 jen do modr\u00e9ho svetru, s odhalen\u00fdm lev\u00fdm \u0148adrem. Martin Kavan nev\u00e1hal a dan\u00fd obraz okam\u017eit\u011b zakoupil. A pak m\u00e1lem zme\u0161kal posledn\u00ed vlak, co ho m\u011bl zav\u00e9st dom\u016f. Ale proto\u017ee tomu tak nakonec nebylo, dosp\u011bl Martin Kavan k neomyln\u00e9mu n\u00e1zoru, \u017ee se tak stalo pr\u00e1v\u011b d\u00edky on\u00e9 vyz\u00fdvav\u011b la\u010dn\u00e9 rusovl\u00e1sce, j\u00ed\u017e se zdr\u00e1hal p\u0159i\u0159knout jm\u00e9no, jak magicky na n\u011bj zap\u016fsobila. A tak\u00e9 se j\u00ed ze strany Martina Kavana dostalo n\u00e1le\u017eit\u00e9ho pod\u011bkov\u00e1n\u00ed za to, \u017ee ho nenechala mrznout venku na n\u00e1dra\u017e\u00ed, nebo\u0165 dal\u0161\u00ed vlak jel a\u017e kolem p\u00e1t\u00e9 hodiny rann\u00ed.<\/p>\n<p>Martin Kavan obrazu postupn\u011b za\u010dal podl\u00e9hat \u010d\u00edm d\u00e1l t\u00edm v\u00edce, co\u017e p\u0159irozen\u011b net\u011b\u0161ilo jeho potenci\u00e1ln\u00ed p\u0159\u00edtelkyn\u011b. A to opr\u00e1vn\u011bn\u011b, nebo\u0165 Martin Kavan byl jinak velice pohledn\u00fd dvaadvacetilet\u00fd mlad\u00edk, na n\u011bm\u017e \u017eeny doslova mohly o\u010di nechat. Ov\u0161em portr\u00e9t rusovl\u00e1sky poka\u017ed\u00e9 zp\u016fsobil, \u017ee vztah Martinovi Kavanovi vydr\u017eel pouh\u00fdch p\u00e1r dn\u00ed, ne-li p\u0159\u00edmo jen ten jeden jedin\u00fd den, nebo\u0165 on na n\u00ed zkr\u00e1tka nedal dopustit. A nav\u00edc ten obraz, na n\u011bm\u017e se ona vyz\u00fdvav\u011b la\u010dn\u00e1 dlouhovlas\u00e1 rusovl\u00e1ska, spo\u0159e od\u011bn\u00e1 do modr\u00e9ho svetru, vyj\u00edmala, ka\u017ed\u00e9 z t\u011bch jeho potenci\u00e1ln\u00edch p\u0159\u00edtelky\u0148 doslova visel na o\u010d\u00edch. Tak nesm\u00edrn\u011b je ta rusovl\u00e1ska dr\u00e1\u017edila a to nejen pro to odhalen\u00e9 lev\u00e9 \u0148adro. Martin Kavan se o jej\u00ed kr\u00e1se sv\u00fdm potenci\u00e1ln\u00edm z\u00e1jemkyn\u00edm toti\u017e nezdr\u00e1hal b\u00e1snit ani u romantick\u00e9 ve\u010de\u0159e p\u0159i sv\u00ed\u010dk\u00e1ch, co\u017e pak p\u0159irozen\u011b vy\u00fastilo v to, \u017ee ho poka\u017ed\u00e9 opustily. Le\u010d Martin Kavan si to prost\u011b vysv\u011btloval tak, \u017ee ani jedna z t\u011bch \u017een zkr\u00e1tka pro n\u011bj nebyla dost dobr\u00e1. To se pak rusovl\u00e1sce ze strany Martina Kavana dostalo nov\u00e9ho pod\u011bkov\u00e1n\u00ed, \u017ee ho na tuto z\u00e1va\u017enou skute\u010dnost zav\u010das upozornila, a on tak byl uchr\u00e1n\u011bn p\u0159ed ne\u0161\u0165astn\u00fdmi roky partnersk\u00e9ho a mo\u017en\u00e1 i man\u017eelsk\u00e9ho \u017eivota.<\/p>\n<p>Martin Kavan b\u00fdval, na rozd\u00edl od sv\u00e9ho otce, zap\u0159\u00eds\u00e1hl\u00fdm ateistou, ov\u0161em pot\u00e9, co obraz, jen\u017e zakoupil v kr\u00e1mku s kuchy\u0148sk\u00fdmi pot\u0159ebami, \u00fadajn\u011b s\u00e1m od sebe za\u010dal promlouvat, se i on pova\u017eoval za v\u011b\u0159\u00edc\u00edho. Ov\u0161em otce Martin Kavan touto ne\u010dekanou zpr\u00e1vou v\u016fbec nepot\u011b\u0161il, nebo\u0165 on\u00edm vyvolen\u00fdm nebyl Onen Nejvy\u0161\u0161\u00ed, tedy samotn\u00fd B\u016fh, jeho\u017e uct\u00edvala sama velk\u00e1 kniha knih, tedy v\u0161emocn\u00e1 Bible, n\u00fdbr\u017e ona dlouhovlas\u00e1 sli\u010dn\u00e1 rusovl\u00e1ska, od\u011bn\u00e1 do modr\u00e9ho svetru, s odhalen\u00fdm lev\u00fdm \u0148adrem. Nen\u00ed t\u0159eba podruh\u00e9 ob\u0161\u00edrn\u011b rozv\u00e1d\u011bt, \u017ee otec Martina Kavana pro toto nenach\u00e1zel pochopen\u00ed. Martin Kavan z toho nebyl smuten, v\u017edy\u0165 svoji vyvolenou m\u00fazu na vlastn\u00ed o\u010di mohl v\u00eddat den co den a dle libosti se j\u00ed dot\u00fdkat, co\u017e tak\u00e9 u\u010dinil i p\u0159ed zraky sv\u00e9ho \u0161okovan\u00e9ho otce a tak\u00a0 navenek projevil rusovl\u00e1sce vd\u011b\u010dnost za to, \u017ee existuje, \u017ee je, p\u0159i\u010dem\u017e p\u0159i tom \u00fadajn\u011b za\u017eil stavy snad t\u00e9 nejmagi\u010dt\u011bj\u0161\u00ed euforie.<\/p>\n<p>Postupem \u010dasu v\u0161ak dlouhovlas\u00e1 sli\u010dn\u00e1 rusovl\u00e1ska p\u0159i vz\u00e1jemn\u00e9 konverzaci za\u010dala zad\u00e1vat konkr\u00e9tn\u00ed \u00fakoly a s nimi spojen\u00e9 rady, kterak postupovat p\u0159i jejich pln\u011bn\u00ed. A tak p\u0159i\u010din\u011bn\u00edm Martina Kavana jist\u00e1 Leopolda Steinov\u00e1 z ulice Sadov\u00e1 pob\u00fdvaj\u00edc\u00ed v byt\u011b s \u010d\u00edslem popisn\u00fdm 1659 po dobu t\u0159\u00ed m\u011bs\u00edc\u016f pravideln\u011b dost\u00e1vala do domovn\u00ed schr\u00e1nky t\u00fddenn\u00ed \u0161ek v hodnot\u011b jeden tis\u00edc \u0161est set pades\u00e1t dev\u011bt geton\u016f, co\u017e v p\u0159epo\u010dtu na \u010desk\u00e9 koruny \u010dinilo neb\u00fdvale mnoho. Ihned se na\u0161li tac\u00ed, co Martina Kavana za jeho po\u010d\u00edn\u00e1n\u00ed za\u010dali odsuzovat s od\u016fvodn\u011bn\u00edm, \u017ee se snad pom\u00e1tl \u010di co, kdy\u017e n\u011bkomu, koho nikdy v \u017eivot\u011b nevid\u011bl, zni\u010dehonic za\u010dne pos\u00edlat takov\u00e9 jm\u011bn\u00ed. A p\u0159irozen\u011b, \u017ee jakmile Martin Kavan zm\u00ednil, kdo \u017ee mu danou my\u0161lenku vnukl, byl zahrnut dal\u0161\u00edmi, mnohem u\u0161t\u011bpa\u010dn\u011bj\u0161\u00edmi pozn\u00e1mkami a to v\u00fdhradn\u011b stran du\u0161evn\u00edho zdrav\u00ed. Ov\u0161em jak\u00e9 to pro mnoh\u00e9 pak bylo p\u0159ekvapen\u00ed, kdy\u017e se sama obdarov\u00e1van\u00e1 jednoho dne znenad\u00e1n\u00ed zjevila na prahu domu, v n\u011bm\u017e Martin Kavan bydlel, aby mu osobn\u011b pod\u011bkovala za to, jak j\u00ed j\u00edm zaslan\u00e9 pen\u011b\u017eit\u00e9 \u010d\u00e1stky dopomohly pokr\u00fdt n\u00e1klady na n\u00e1ro\u010dnou operaci zad p\u011btilet\u00e9ho vnou\u010dka, o n\u011bho\u017e se musela sama starat, a kter\u00e1 se nakonec, co\u017e rovn\u011b\u017e bylo nesm\u00edrn\u011b d\u016fle\u017eit\u00e9, \u00fasp\u011b\u0161n\u011b zda\u0159ila. Opravdu se tak stalo z\u00e1sluhou jednoho obrazu, nebo tu hlavn\u00ed roli sehr\u00e1la pouh\u00e1 souhra \u0161\u0165astn\u00fdch okolnost\u00ed? A\u0165 u\u017e pravda byla jak\u00e1koli, Martin Kavan m\u011bl ka\u017edop\u00e1dn\u011b jasno a rusovl\u00e1sce pod\u011bkoval za to, \u017ee mu podala d\u016fkaz o tom, jak velkou z\u00e1zra\u010dnou moc\u00ed opl\u00fdv\u00e1.<\/p>\n<p>A nejinak tomu bylo o t\u00fdden pozd\u011bji, p\u0159esn\u011b na den, kdy Martina Kavana Leopolda Steinov\u00e1 poctila osobn\u00ed d\u011bkovnou n\u00e1v\u0161t\u011bvou. To pr\u00e1v\u011b odbila dev\u00e1t\u00e1 ve\u010dern\u00ed a on z telefonn\u00edho seznamu na p\u0159\u00e1n\u00ed sv\u00e9 obrazov\u00e9 m\u00fazy vybral odpov\u00eddaj\u00edc\u00ed dev\u00edtim\u00edstn\u00e9 \u010d\u00edslo kon\u010d\u00edc\u00ed pr\u00e1v\u011b dev\u00edtkou a vyto\u010dil jej. Dle sli\u010dn\u00e9 rusovl\u00e1sky m\u011bl b\u00fdt na druh\u00e9m konci telefonn\u00ed linky p\u0159\u00edtomen \u010dlov\u011bk, co zrovna nepro\u017e\u00edval \u0161\u0165astn\u00e9 obdob\u00ed. Zpo\u010d\u00e1tku nic nenasv\u011bd\u010dovalo tomu, \u017ee tomu tak bude, nebo\u0165 na druh\u00e9m konci telefonn\u00ed linky byl v\u017edy p\u0159\u00edtomen pouze z\u00e1znamn\u00edk, dokola ohla\u0161uj\u00edc\u00ed, \u017ee jmenovan\u00fd nen\u00ed v byt\u011b del\u0161\u00ed dobu p\u0159\u00edtomen a a\u0165 mu je laskav\u011b v jeho nep\u0159\u00edtomnosti zanech\u00e1n vzkaz, kter\u00fd si n\u00e1sledn\u011b, a\u017e se navr\u00e1t\u00ed nazp\u011bt ze slu\u017eebn\u00ed cesty, p\u0159ehraje. Nikoho tedy zajist\u00e9 nep\u0159ekvap\u00ed, kdy\u017e zde bude n\u00e1sledn\u011b uvedeno, \u017ee si n\u011bkte\u0159\u00ed pomlouva\u010di op\u011bt p\u0159i\u0161li na sv\u00e9. Le\u010d Martin Kavan sv\u00e9 sna\u017een\u00ed rozhodn\u011b nevzd\u00e1val a d\u00e1l d\u00e1val na rady rusovl\u00e1sky, aby vytrval a tak se dobral zaslou\u017een\u00e9 k\u00fd\u017een\u00e9 odm\u011bny v podob\u011b hovoru. A jak se o t\u00fdden pozd\u011bji uk\u00e1zalo, trp\u011blivost nakonec onen k\u00fd\u017een\u00fd \u00fasp\u011bch p\u0159inesla a s n\u00edm i uzn\u00e1n\u00ed ze strany on\u011bch n\u011bkter\u00fdch pomlouva\u010d\u016f, to kdy\u017e doty\u010dn\u00fd na druh\u00e9m konci telefonn\u00ed linky hovory Martina Kavana vyhodnotil jako n\u011bco velice p\u0159\u00ednosn\u00e9, nebo\u0165 doty\u010dn\u00fd \u017eil jinak s\u00e1m, nikoho nem\u011bl a tud\u00ed\u017e si pot\u0159eboval s n\u011bk\u00fdm nutn\u011b plnohodnotn\u011b smyslupln\u011b pohovo\u0159it, co\u017e bohu\u017eel na on\u011bch slu\u017eebn\u00edch cest\u00e1ch byl zna\u010dn\u00fd probl\u00e9m, nebo\u0165 na nich se v\u00fdhradn\u011b\u00a0 v jednom kuse preferovalo b\u00e1snit o v\u00fdznamu sm\u011bnek, cenin a o stran\u00e1ch typu p\u0159\u00edjemce \u2013 odb\u011bratel. A tak se obrazu od Martina Kavana dostalo dal\u0161\u00edho \u0161t\u011bdr\u00e9ho pod\u011bkov\u00e1n\u00ed, nebo\u0165 mu op\u011bt rusovl\u00e1ska prok\u00e1zala, jak velkou magickou moc\u00ed opl\u00fdv\u00e1, na\u010de\u017e tuto domn\u011bnku si nenechal nik\u00fdm vymluvit.<\/p>\n<p>Le\u010d co v\u00fd\u0161e uveden\u00e9 p\u0159\u00edhody byly v porovn\u00e1n\u00ed s tou, kter\u00e1 n\u00e1sledovala, a j\u00ed\u017e v\u00e9vodil p\u011btilet\u00fd chlapec, zm\u00edtaj\u00edc\u00ed se ji\u017e n\u011bkolik dlouh\u00fdch m\u011bs\u00edc\u016f doslova \u0159e\u010deno na smrteln\u00e9 l\u00f3\u017ei. Tentokr\u00e1t ov\u0161em Martin Kavan nekontaktoval onoho neboh\u00e9ho, n\u00fdbr\u017e rodi\u010de toho na smrt nemocn\u00e9ho p\u011btilet\u00e9ho chlapce p\u0159\u00edmo Martina Kavana. Ten tuze v\u00e1hal s n\u00e1v\u0161t\u011bvou, portr\u00e9t dlouhovlas\u00e9 sli\u010dn\u00e9 rusovl\u00e1sky v\u0161ak op\u011bt p\u0159i rozhodov\u00e1n\u00ed sehr\u00e1l sv\u00e9, a tak majitel dan\u00e9ho obrazu \u017eadatele o pomoc tedy nakonec p\u0159eci jen poctil n\u00e1v\u0161t\u011bvou. A to i s portr\u00e9tem sv\u00e9 obrazov\u00e9 m\u00fazy, jak doty\u010dn\u00e1 nak\u00e1zala! Pro Martina Kavana to nebyl moc p\u0159\u00edjemn\u00fd pohled, neboh\u00fd p\u011btilet\u00fd chlapec sotva \u017ee byl schopen pohnout hlavi\u010dkou a pozvednout pravou ru\u010dku. Av\u0161ak portr\u00e9t dlouhovlas\u00e9 sli\u010dn\u00e9 rusovl\u00e1sky, od\u011bn\u00e9 do modr\u00e9ho svetru, s odhalen\u00fdm lev\u00fdm \u0148adrem, hl\u00e1sal jedin\u00e9, tedy \u017ee ten neboh\u00fd na smrt nemocn\u00fd sv\u016fj nemil\u00fd osud nakonec poraz\u00ed a bude \u017e\u00edt d\u00e1l. A tak to Martin Kavan, na \u00fadajn\u00e9 p\u0159\u00e1n\u00ed sv\u00e9 spanil\u00e9 obrazov\u00e9 m\u00fazy, ozn\u00e1mil i rodi\u010d\u016fm onoho neboh\u00e9ho, na smrt nemocn\u00e9ho p\u011btilet\u00e9ho chlapce, a ti z dan\u00e9 obdr\u017een\u00e9 zpr\u00e1vy r\u00e1zem byli v sedm\u00e9m nebi. Le\u010d chlapec nakonec zem\u0159el, z \u010deho\u017e logicky vypl\u00fdv\u00e1, \u017ee dan\u00ed pomlouva\u010di by si op\u011bt m\u011bli p\u0159ij\u00edt na sv\u00e9. Tak pro\u010d zase v\u011bt\u0161ina z nich sv\u00e9ho uzn\u00e1n\u00ed nedo\u0161la a naopak to byl Martin Kavan, kdo mohl oslavovat sv\u016fj dal\u0161\u00ed v\u00edt\u011bzn\u00fd triumf? Vysv\u011btlen\u00ed je prost\u00e9: onen p\u011btilet\u00fd chlapec p\u0159ece nezem\u0159el, nebo\u0165 jeho \u017eivot pokra\u010doval d\u00e1le a to pr\u00e1v\u011b v onom Nebi. M\u011bly na toto kladn\u00e9 p\u0159ijet\u00ed tedy vlivy v podob\u011b zna\u010dn\u00e9 pobo\u017enosti rodi\u010d\u016f onoho zesnul\u00e9ho, \u010di to dojemn\u00e9 vypr\u00e1v\u011bn\u00ed o nalezen\u00e9 l\u00e1sce, jak ho na p\u0159\u00e1n\u00ed sv\u00e9 obrazov\u00e9 m\u00fazy proc\u00edt\u011bn\u011b podal Martin Kavan? A\u0165 u\u017e byla pravda kdekoli, Martin Kavan op\u011bt neopomn\u011bl pod\u011bkovat dlouhovlas\u00e9 sli\u010dn\u00e9 rusovl\u00e1sce za podporu a za jej\u00ed velkorysou pomoc a magickou moc.<\/p>\n<p>Co dodat samotn\u00fdm z\u00e1v\u011brem: snad jen, \u017ee to byl opravdu velice zvl\u00e1\u0161tn\u00ed rok v \u017eivot\u011b Martina Kavana. Doslovn\u011b \u0159e\u010deno pam\u00e1tn\u00fd rok, na kter\u00fd tento dvaadvacetilet\u00fd mlad\u00edk do konce \u017eivota nikdy nezapomene!<\/p>\n<div class=\"fcbkbttn_buttons_block\" id=\"fcbkbttn_left\"><div class=\"fcbkbttn_button\">\n                            <a href=\"https:\/\/www.facebook.com\/tom.patrick.509\" target=\"_blank\">\n                                <img decoding=\"async\" src=\"https:\/\/eldar.cz\/tompatrick\/wp-content\/plugins\/facebook-button-plugin\/images\/large-facebook-ico.png\" alt=\"Fb-Button\" \/>\n                            <\/a>\n                        <\/div><div class=\"fcbkbttn_like fcbkbttn_large_button\"><fb:like href=\"https:\/\/eldar.cz\/tompatrick\/povidky\/me-magneticke-pole\/me-magneticke-pole-13\" action=\"like\" colorscheme=\"light\" layout=\"standard\"  width=\"225px\" size=\"large\"><\/fb:like><\/div><div class=\"fb-share-button fcbkbttn_large_button \" data-href=\"https:\/\/eldar.cz\/tompatrick\/povidky\/me-magneticke-pole\/me-magneticke-pole-13\" data-type=\"button_count\" data-size=\"large\"><\/div><\/div>","protected":false},"excerpt":{"rendered":"<p>Martin Kavan se do toho obrazu zamiloval ihned na prvn\u00ed pohled a ten obraz zase do n\u011bj \u2013 alespo\u0148 tak si to tento dvaadvacetilet\u00fd mlad\u00edk vysv\u011btloval, kdy\u017e proch\u00e1zel kolem kr\u00e1mku s kuchy\u0148sk\u00fdmi pot\u0159ebami, kde mu ve v\u00fdloze do o\u010d\u00ed padl &hellip; <a href=\"https:\/\/eldar.cz\/tompatrick\/povidky\/me-magneticke-pole\/me-magneticke-pole-13\">Cel\u00fd p\u0159\u00edsp\u011bvek <span class=\"meta-nav\">&rarr;<\/span><\/a><\/p>\n","protected":false},"author":2,"featured_media":0,"comment_status":"open","ping_status":"open","sticky":false,"template":"","format":"standard","meta":{"_s2mail":"yes","footnotes":""},"categories":[6],"tags":[],"class_list":["post-526","post","type-post","status-publish","format-standard","hentry","category-me-magneticke-pole"],"_links":{"self":[{"href":"https:\/\/eldar.cz\/tompatrick\/wp-json\/wp\/v2\/posts\/526","targetHints":{"allow":["GET"]}}],"collection":[{"href":"https:\/\/eldar.cz\/tompatrick\/wp-json\/wp\/v2\/posts"}],"about":[{"href":"https:\/\/eldar.cz\/tompatrick\/wp-json\/wp\/v2\/types\/post"}],"author":[{"embeddable":true,"href":"https:\/\/eldar.cz\/tompatrick\/wp-json\/wp\/v2\/users\/2"}],"replies":[{"embeddable":true,"href":"https:\/\/eldar.cz\/tompatrick\/wp-json\/wp\/v2\/comments?post=526"}],"version-history":[{"count":1,"href":"https:\/\/eldar.cz\/tompatrick\/wp-json\/wp\/v2\/posts\/526\/revisions"}],"predecessor-version":[{"id":527,"href":"https:\/\/eldar.cz\/tompatrick\/wp-json\/wp\/v2\/posts\/526\/revisions\/527"}],"wp:attachment":[{"href":"https:\/\/eldar.cz\/tompatrick\/wp-json\/wp\/v2\/media?parent=526"}],"wp:term":[{"taxonomy":"category","embeddable":true,"href":"https:\/\/eldar.cz\/tompatrick\/wp-json\/wp\/v2\/categories?post=526"},{"taxonomy":"post_tag","embeddable":true,"href":"https:\/\/eldar.cz\/tompatrick\/wp-json\/wp\/v2\/tags?post=526"}],"curies":[{"name":"wp","href":"https:\/\/api.w.org\/{rel}","templated":true}]}}