{"id":521,"date":"2012-01-02T09:00:41","date_gmt":"2012-01-02T07:00:41","guid":{"rendered":"http:\/\/eldar.cz\/tompatrick\/?p=521"},"modified":"2011-10-06T15:49:27","modified_gmt":"2011-10-06T13:49:27","slug":"me-magneticke-pole-12","status":"publish","type":"post","link":"https:\/\/eldar.cz\/tompatrick\/povidky\/me-magneticke-pole\/me-magneticke-pole-12","title":{"rendered":"M\u00e9 magnetick\u00e9 pole (12)"},"content":{"rendered":"<div class=\"fcbkbttn_buttons_block\" id=\"fcbkbttn_left\"><div class=\"fcbkbttn_button\">\n                            <a href=\"https:\/\/www.facebook.com\/tom.patrick.509\" target=\"_blank\">\n                                <img decoding=\"async\" src=\"https:\/\/eldar.cz\/tompatrick\/wp-content\/plugins\/facebook-button-plugin\/images\/large-facebook-ico.png\" alt=\"Fb-Button\" \/>\n                            <\/a>\n                        <\/div><div class=\"fcbkbttn_like fcbkbttn_large_button\"><fb:like href=\"https:\/\/eldar.cz\/tompatrick\/povidky\/me-magneticke-pole\/me-magneticke-pole-12\" action=\"like\" colorscheme=\"light\" layout=\"standard\"  width=\"225px\" size=\"large\"><\/fb:like><\/div><div class=\"fb-share-button fcbkbttn_large_button \" data-href=\"https:\/\/eldar.cz\/tompatrick\/povidky\/me-magneticke-pole\/me-magneticke-pole-12\" data-type=\"button_count\" data-size=\"large\"><\/div><\/div><p>Dva mlad\u00edci v jednom parn\u00e9m dni uprost\u0159ed l\u00e9ta posed\u00e1vali v parku Johna Lenedyho.<\/p>\n<p>\u201eTak tv\u016fj otec pr\u00fd nakonec nevyhr\u00e1l, to je mi l\u00edto,\u201c ujal se \u0159e\u010dn\u011bn\u00ed jako prvn\u00ed Rick.<\/p>\n<p>\u201eMn\u011b to tedy nen\u00ed l\u00edto ani trochu, to mi v\u011b\u0159,\u201c odpov\u00eddal takto suver\u00e9nn\u011b Thomas.<\/p>\n<p>\u201eV\u00e1\u017en\u011b?\u201c podivil se tomu Rick.<\/p>\n<p>\u201eAno, v\u00e1\u017en\u011b. Post prezidenta, to rozhodn\u011b nen\u00ed \u017e\u00e1dn\u00fd med,\u201c uvedl Thomas.<\/p>\n<p>\u201eAle t\u011bch v\u00fdhod?\u201c oponoval Rick.<\/p>\n<p>\u201eA jak\u00fdch, pros\u00edm tebe?\u201c m\u00ednil Thomas. \u201e\u017de se nast\u011bhuji do toho VELK\u00c9HO DOMU a budu si tam snad \u017e\u00edt jako kr\u00e1l?\u201c<\/p>\n<p>\u201eA pro\u010d by ne? To by pro nejednoho smrteln\u00edka p\u0159ece byla \u017eivotn\u00ed v\u00fdhra, n\u011bco jako v loterii jeden milion godan\u016f,\u201c poznamenal Rick v\u00fdznamn\u011b.<\/p>\n<p>\u201eA co kdyby m\u016fj otec coby prezident n\u00e1hodou poho\u0159el?\u201c p\u0159istupoval k tomu Thomas takto. \u201eD\u00edky, Ricku, ale opravdu o to nem\u00e1m z\u00e1jem.\u201c<\/p>\n<p>\u201eTo j\u00e1 bych t\u0159eba ten z\u00e1jem m\u011bl, v\u017edy\u0165 takov\u00e1 \u0161ance se oby\u010dejn\u00e9mu smrteln\u00edkovi naskytuje mo\u017en\u00e1 jen jednou za \u017eivot.\u201c Bylo zn\u00e1t, \u017ee Rick opravdu zva\u017euje jist\u00e9 mo\u017enosti v\u00fdhod.<\/p>\n<p>\u201eM\u00e1\u0161 sm\u016flu, Ricku, Moris Jefferson u\u017e se ve VELK\u00c9M DOM\u011a zabydluje,\u201c informoval ho v\u011bcn\u011b Thomas, \u201etak\u017ee je jen ot\u00e1zkou, na jak dlouho. Pokud dodr\u017e\u00ed, co ve sv\u00e9m volebn\u00edm programu\u00a0 sliboval, zcela logicky mu to u lid\u00ed zvedne popularitu. Jen\u017ee v\u0161echny ty sliby se mu dost t\u011b\u017eko poda\u0159\u00ed splnit.\u201c<\/p>\n<p>\u201eCo ty v\u00ed\u0161, t\u0159eba ten Jefferson m\u00e1 do detailu propracovan\u00fd pl\u00e1n, jen\u017e obsahuje dopodrobna vypracovan\u00e9 anal\u00fdzy k jejich dosa\u017een\u00ed,\u201c zast\u00e1val n\u00e1zor Rick.<\/p>\n<p>\u201eP\u0159edev\u0161\u00edm by v t\u011bch anal\u00fdz\u00e1ch m\u011bl m\u00edt zaznamenanou kouzelnou formulku, ud\u00e1vaj\u00edc\u00ed, kterak z velk\u00e9 \u010d\u00e1sti \u010di nejl\u00e9pe \u00fapln\u011b zbavit na\u0161i zemi dluhu v hodnot\u011b dvou bilion\u016f godan\u016f,\u201c uvedl Thomas. \u201ePokud se mu n\u011bco takov\u00e9ho povede, o \u010dem\u017e z hloubi du\u0161e pochybuji, osobn\u011b mu po\u0161lu hlas do voleb o p\u0159\u00ed\u0161t\u00edho prezidenta.\u201c<\/p>\n<p>\u201eTo je na tom na\u0161e zem\u011b v\u00e1\u017en\u011b tak hrozn\u011b? Kdy\u017e jsme spolu d\u00e1vali \u0159e\u010d minule, tak jsi mi tvrdil, \u017ee to st\u00e1tn\u00ed manko \u010dinilo asi jenom okolo pouh\u00e9ho bilionu a p\u016fl godan\u016f.\u201c Na Rickovi te\u010f bylo zn\u00e1t, jak postupn\u011b k prezidentsk\u00e9 funkci za\u010d\u00edn\u00e1 zauj\u00edmat zcela jin\u00fd postoj.<\/p>\n<p>\u201eNo j\u00e1 osobn\u011b zast\u00e1v\u00e1m n\u00e1zor, \u017ee to v t\u00e9hle chv\u00edli je u\u017e o dost v\u00edc a to dva a p\u016fl bilionu godan\u016f,\u201c prorokoval Thomas, \u010d\u00edm\u017e ohromen\u00e9ho Ricka teprve dostal. A stejn\u011b tak i t\u00edm, \u017ee to tentokr\u00e1t vyslovil t\u00e9m\u011b\u0159 \u0161eptav\u011b. Jako by se Thomas ob\u00e1val, \u017ee je snad n\u011bkdo, dob\u0159e skryt\u00fd tam za lavi\u010dkou v ro\u0161t\u00ed, odposlouch\u00e1v\u00e1 z bulv\u00e1rn\u00edho den\u00edku THE NEW YEAR TIMES.<\/p>\n<p>\u201eTak pro\u010d se do toho prezidentov\u00e1n\u00ed tv\u016fj otec a ten Jefferson vlastn\u011b tolik hrnuli? V\u017edy\u0165 to je u\u010din\u011bn\u00e1 sebevra\u017eda,\u201c za\u0161eptal to te\u010f sotva sly\u0161iteln\u011b i Rick a t\u00edm dal Thomasovi jasn\u011b najevo, \u017ee i on se definitivn\u011b rozlou\u010dil s my\u0161lenkou v\u011b\u010dn\u00e9 sl\u00e1vy coby hlava st\u00e1tu jm\u00e9nem I.S.A. (Independente States of Amerina), na\u010de\u017e se tak\u00e9 za sebe v obav\u00e1ch oto\u010dil.<\/p>\n<p>\u201ePro\u010d o ten prezidentsk\u00fd post oba tak moc st\u00e1li? Pravd\u011bpodobn\u011b aby si vyslou\u017eili nesmrtelnost, pokud by se tedy jednomu z nich poda\u0159ilo usp\u011bt a z\u00edskat ho, s t\u00edm, \u017ee se na tu astronomickou zadlu\u017eenost za jejich p\u0159\u00edpadn\u00e9ho vl\u00e1dnut\u00ed nikdy nep\u0159ijde a vejde v platnost a\u017e tehdy, co by si u\u017e\u00edvali prezidentsk\u00fd d\u016fchod a zem \u0159\u00eddil u\u017e n\u011bkdo \u00fapln\u011b jin\u00fd, na n\u011bho\u017e by pak definitivn\u011b padlo obvin\u011bn\u00ed z bankrotu,\u201c zast\u00e1val n\u00e1zor Thomas.<\/p>\n<p>\u201eTak to abychom se rad\u0161i co nejd\u0159\u00edv vyst\u011bhovali odtud pry\u010d n\u011bkam jinam, co ty na to?\u201c dosp\u011bl Rick k jist\u00e9mu mo\u017en\u00e9mu z\u00e1v\u011bru.<\/p>\n<p>Ov\u0161em Thomas p\u0159i\u0161el s novou varovnou alarmuj\u00edc\u00ed zpr\u00e1vou, kterou otiskli i v THE NEW YEAR TIMES: \u201eOstatn\u00ed zem\u011b na tom nejsou o nic l\u00edp ne\u017e my, tak\u017ee by n\u00e1m to stejn\u011b moc nepomohlo. Snad jsi sly\u0161el u\u017e o tom, co se p\u0159ed t\u00fddnem stalo v \u0158ecku?\u201c<\/p>\n<p>\u201eJo, mysl\u00ed\u0161 ten celost\u00e1tn\u00ed bankrot? Hrozn\u00e1 v\u011bc,\u201c p\u0159isv\u011bd\u010dil Rick. \u201eTak\u017ee to tedy nebude trvat dlouho a i n\u00e1s co nevid\u011bt potk\u00e1 n\u011bco podobn\u00e9ho, pokud s t\u00edm zav\u010das n\u011bco neud\u011bl\u00e1me,\u201c dodal.<\/p>\n<p>\u201eTohle je v\u00fdhradn\u00ed starost politik\u016f. Jen\u017ee t\u011bch je jedna cel\u00e1 velk\u00e1 horda, kde\u017eto prezident pouze jeden. A pr\u00e1v\u011b na jeho hlavu se snesou v\u0161echna obvin\u011bn\u00ed, pokud k tomu bankrotu opravdu dojde,\u201c \u0159ekl zcela v\u00e1\u017en\u011b Thomas a vlastn\u011b tak trochu i s \u00falevou, kdy\u017e u\u017e bylo jasn\u00e9, \u017ee jeho otec coby hlava st\u00e1tu vl\u00e1dnout nebude. Alespo\u0148 se tedy vr\u00e1t\u00ed na sv\u00e9 staronov\u00e9 m\u00edsto \u0161erifa, kde na jeho funkci budou nal\u00e9hat maxim\u00e1ln\u011b m\u00edstn\u00ed ob\u010dan\u00e9 m\u011bsta NORTON, na\u010de\u017e on, Thomas, bude kone\u010dn\u011b pro\u017e\u00edvat o n\u011bco m\u00e9n\u011b ru\u0161n\u011bj\u0161\u00ed \u017eivot ne\u017e ten v posledn\u00edch m\u011bs\u00edc\u00edch, za co\u017e mohly pr\u00e1v\u011b otcovy r\u016fzn\u00e9 volebn\u00ed m\u00fdtinky zalo\u017een\u00e9 na podporu jeho prezidentsk\u00e9 kandidatury.<\/p>\n<p>A Rick to vlastn\u011b z\u00e1v\u011brem podal nesrozumiteln\u011bji, kdy\u017e prohl\u00e1sil: \u201eVlastn\u011b m\u00e1\u0161 pravdu, takhle to asi opravdu bude nejlep\u0161\u00ed, alespo\u0148 n\u00e1m nikdo nebude zbyte\u010dn\u011b mluvit do v\u00fdb\u011bru na\u0161ich partnerek. Kdy\u017e u\u017e jsme u toho, co dnes ve\u010der podniknout jednu spole\u010dnou 4 SHOW?\u201c<\/p>\n<p>\u201ePro\u010d ne? J\u00e1 si \u010das rozhodn\u011b ud\u011bl\u00e1m a Molly, jsem si jist, \u017ee t\u00e9 to takt\u00e9\u017e nebude \u010dinit pot\u00ed\u017ee,\u201c souhlasil s n\u00e1vrhem Thomas.<\/p>\n<p>\u201eNo a j\u00e1 hned te\u010f vyzvednu Ritu a sejdeme se&#8230; co v sedm u MC RONALDS?\u201c navrhl Rick.<\/p>\n<p>\u201eFajn, budeme tam,\u201c nenam\u00edtal Thomas nic proti tomu.<\/p>\n<p>\u201eTak tedy v sedm u RON\u00c1\u010cE. A spole\u010dn\u011b tam oslav\u00edme por\u00e1\u017eku tv\u00e9ho otce v prezidentsk\u00fdch volb\u00e1ch a d\u00edky tomu tak tvou znovu nabytou svobodu,\u201c ozn\u00e1mil povznesen\u011b Rick.<\/p>\n<p>\u201eTak zat\u00edm,\u201c op\u011btoval Thomas jeho pouze do\u010dasn\u00fd pozdrav na rozlou\u010denou.<\/p>\n<div class=\"fcbkbttn_buttons_block\" id=\"fcbkbttn_left\"><div class=\"fcbkbttn_button\">\n                            <a href=\"https:\/\/www.facebook.com\/tom.patrick.509\" target=\"_blank\">\n                                <img decoding=\"async\" src=\"https:\/\/eldar.cz\/tompatrick\/wp-content\/plugins\/facebook-button-plugin\/images\/large-facebook-ico.png\" alt=\"Fb-Button\" \/>\n                            <\/a>\n                        <\/div><div class=\"fcbkbttn_like fcbkbttn_large_button\"><fb:like href=\"https:\/\/eldar.cz\/tompatrick\/povidky\/me-magneticke-pole\/me-magneticke-pole-12\" action=\"like\" colorscheme=\"light\" layout=\"standard\"  width=\"225px\" size=\"large\"><\/fb:like><\/div><div class=\"fb-share-button fcbkbttn_large_button \" data-href=\"https:\/\/eldar.cz\/tompatrick\/povidky\/me-magneticke-pole\/me-magneticke-pole-12\" data-type=\"button_count\" data-size=\"large\"><\/div><\/div>","protected":false},"excerpt":{"rendered":"<p>Dva mlad\u00edci v jednom parn\u00e9m dni uprost\u0159ed l\u00e9ta posed\u00e1vali v parku Johna Lenedyho. \u201eTak tv\u016fj otec pr\u00fd nakonec nevyhr\u00e1l, to je mi l\u00edto,\u201c ujal se \u0159e\u010dn\u011bn\u00ed jako prvn\u00ed Rick. \u201eMn\u011b to tedy nen\u00ed l\u00edto ani trochu, to mi v\u011b\u0159,\u201c odpov\u00eddal &hellip; <a href=\"https:\/\/eldar.cz\/tompatrick\/povidky\/me-magneticke-pole\/me-magneticke-pole-12\">Cel\u00fd p\u0159\u00edsp\u011bvek <span class=\"meta-nav\">&rarr;<\/span><\/a><\/p>\n","protected":false},"author":2,"featured_media":0,"comment_status":"open","ping_status":"open","sticky":false,"template":"","format":"standard","meta":{"_s2mail":"yes","footnotes":""},"categories":[6],"tags":[],"class_list":["post-521","post","type-post","status-publish","format-standard","hentry","category-me-magneticke-pole"],"_links":{"self":[{"href":"https:\/\/eldar.cz\/tompatrick\/wp-json\/wp\/v2\/posts\/521","targetHints":{"allow":["GET"]}}],"collection":[{"href":"https:\/\/eldar.cz\/tompatrick\/wp-json\/wp\/v2\/posts"}],"about":[{"href":"https:\/\/eldar.cz\/tompatrick\/wp-json\/wp\/v2\/types\/post"}],"author":[{"embeddable":true,"href":"https:\/\/eldar.cz\/tompatrick\/wp-json\/wp\/v2\/users\/2"}],"replies":[{"embeddable":true,"href":"https:\/\/eldar.cz\/tompatrick\/wp-json\/wp\/v2\/comments?post=521"}],"version-history":[{"count":1,"href":"https:\/\/eldar.cz\/tompatrick\/wp-json\/wp\/v2\/posts\/521\/revisions"}],"predecessor-version":[{"id":522,"href":"https:\/\/eldar.cz\/tompatrick\/wp-json\/wp\/v2\/posts\/521\/revisions\/522"}],"wp:attachment":[{"href":"https:\/\/eldar.cz\/tompatrick\/wp-json\/wp\/v2\/media?parent=521"}],"wp:term":[{"taxonomy":"category","embeddable":true,"href":"https:\/\/eldar.cz\/tompatrick\/wp-json\/wp\/v2\/categories?post=521"},{"taxonomy":"post_tag","embeddable":true,"href":"https:\/\/eldar.cz\/tompatrick\/wp-json\/wp\/v2\/tags?post=521"}],"curies":[{"name":"wp","href":"https:\/\/api.w.org\/{rel}","templated":true}]}}