{"id":4781,"date":"2025-07-21T13:56:39","date_gmt":"2025-07-21T11:56:39","guid":{"rendered":"https:\/\/eldar.cz\/tompatrick\/?p=4781"},"modified":"2025-07-21T13:59:50","modified_gmt":"2025-07-21T11:59:50","slug":"zakazana-laska-aneb-ze-zivota-nekolika-generaci-21","status":"publish","type":"post","link":"https:\/\/eldar.cz\/tompatrick\/problematicke-navazanky-martina-jabkenice\/zakazana-laska-aneb-ze-zivota-nekolika-generaci-21","title":{"rendered":"Zak\u00e1zan\u00e1 l\u00e1ska aneb ze \u017eivota n\u011bkolika generac\u00ed (21)"},"content":{"rendered":"<div class=\"fcbkbttn_buttons_block\" id=\"fcbkbttn_left\"><div class=\"fcbkbttn_button\">\n                            <a href=\"https:\/\/www.facebook.com\/tom.patrick.509\" target=\"_blank\">\n                                <img decoding=\"async\" src=\"https:\/\/eldar.cz\/tompatrick\/wp-content\/plugins\/facebook-button-plugin\/images\/large-facebook-ico.png\" alt=\"Fb-Button\" \/>\n                            <\/a>\n                        <\/div><div class=\"fcbkbttn_like fcbkbttn_large_button\"><fb:like href=\"https:\/\/eldar.cz\/tompatrick\/problematicke-navazanky-martina-jabkenice\/zakazana-laska-aneb-ze-zivota-nekolika-generaci-21\" action=\"like\" colorscheme=\"light\" layout=\"standard\"  width=\"225px\" size=\"large\"><\/fb:like><\/div><div class=\"fb-share-button fcbkbttn_large_button \" data-href=\"https:\/\/eldar.cz\/tompatrick\/problematicke-navazanky-martina-jabkenice\/zakazana-laska-aneb-ze-zivota-nekolika-generaci-21\" data-type=\"button_count\" data-size=\"large\"><\/div><\/div><p>Chodili spolu rok<\/p>\n<p>a n\u011bjak\u00fd ten m\u011bs\u00edc<\/p>\n<p>Coby v\u00e1\u0161niv\u011b do sebe zamilovan\u00ed!<\/p>\n<p>.<\/p>\n<p>Jinak se k tomu stav\u011bly jejich rodiny<\/p>\n<p>Ty nep\u0159\u00e1ly l\u00e1sce dvou mlad\u00fdch lid\u00ed!<\/p>\n<p>.<\/p>\n<p>Tak u\u017e to prost\u011b b\u00fdv\u00e1<\/p>\n<p>kdy\u017e mezi dv\u011bma znesv\u00e1\u0159en\u00fdmi klany<\/p>\n<p>buj\u00ed vz\u00e1jemn\u00e1 nesmi\u0159iteln\u00e1 bitva!<\/p>\n<p>.<\/p>\n<p>Bitva nesp\u011bj\u00edc\u00ed ke zd\u00e1rn\u00e9mu konci!<\/p>\n<p>Bitva opakovan\u011b coby smrtka kos\u00edc\u00ed v\u0161e<\/p>\n<p>co je druh\u00fdm tu na sv\u011bt\u011b nejmilej\u0161\u00ed!<\/p>\n<p>.<\/p>\n<p>P\u00e1r odm\u00edtl sn\u00e1\u0161et v\u0161echny ty rozbroje<\/p>\n<p>Navzdory protest\u016fm obou rodin<\/p>\n<p>se tajn\u011b oddal<\/p>\n<p>U\u017e neb\u00e1l se!<\/p>\n<p>.<\/p>\n<p>Pot\u00e9, co pravda vy\u0161la najevo<\/p>\n<p>nezbylo novope\u010den\u00fdm man\u017eel\u016fm nic jin\u00e9ho<\/p>\n<p>ne\u017e natrvalo opustit sv\u00e9 rodi\u0161t\u011b<\/p>\n<p>Coby zapuzen\u00ed vyvrhelov\u00e9!<\/p>\n<p>.<\/p>\n<p>Mlad\u00fd p\u00e1r byl odk\u00e1z\u00e1n s\u00e1m na sebe!<\/p>\n<p>V samotn\u00fdch za\u010d\u00e1tc\u00edch spole\u010dn\u00e9ho sou\u017eit\u00ed<\/p>\n<p>to rozhodn\u011b nem\u011bl nijak uleh\u010den\u00e9!<\/p>\n<p>Musel si sehnat bydlen\u00ed!<\/p>\n<p>Zam\u011bstn\u00e1n\u00ed!<\/p>\n<p>Nav\u00edc d\u00edt\u011b na cest\u011b!<\/p>\n<p>Plno starost\u00ed!<\/p>\n<p>.<\/p>\n<p>A, o rok pozd\u011bji\u2026<\/p>\n<p>dal\u0161\u00ed v\u00a0po\u0159ad\u00ed!<\/p>\n<p>.<\/p>\n<p>Oba rodi\u010de byli pevn\u011b odhodl\u00e1ni<\/p>\n<p>sv\u00fdm d\u011btem poskytnout co nejbezpe\u010dn\u011bj\u0161\u00ed z\u00e1zem\u00ed<\/p>\n<p>D\u00e1t jim mate\u0159skou l\u00e1sku!<\/p>\n<p>To, co oni sami nikdy nepoznali!<\/p>\n<p>.<\/p>\n<p>Odmala tedy syn s dcerou<\/p>\n<p>vyr\u016fstali v harmonick\u00e9m prost\u0159ed\u00ed<\/p>\n<p>H\u00e1dky tu nebyly na denn\u00edm po\u0159\u00e1dku!<\/p>\n<p>\u017d\u00e1dn\u00e9 p\u0159\u00edsn\u00e9 z\u00e1kazy!<\/p>\n<p>Volnost v podob\u011b partnersk\u00fdch vztah\u016f!<\/p>\n<p>.<\/p>\n<p>Pr\u00e1v\u011b benevolence v\u016f\u010di posledn\u00edmu<\/p>\n<p>stala se o n\u011bkolik let pozd\u011bji<\/p>\n<p>zdrojem sousedsk\u00fdch nesv\u00e1r\u016f!<\/p>\n<p>.<\/p>\n<p>Oba sourozenci k sob\u011b m\u011bli bl\u00edzko<\/p>\n<p>U\u017e od narozen\u00ed!<\/p>\n<p>Tr\u00e1vili toti\u017e spolu v\u011bt\u0161inu voln\u00e9ho \u010dasu<\/p>\n<p>Postupn\u011b zji\u0161\u0165uj\u00edc<\/p>\n<p>\u017ee poj\u00ed je v\u00edc ne\u017e jen pouh\u00e9 p\u0159\u00e1telstv\u00ed!<\/p>\n<p>.<\/p>\n<p>Potaj\u00ed spolu za\u010dali chodit!<\/p>\n<p>Rodi\u010de o tom nem\u011bly v\u016fbec potuchy!<\/p>\n<p>.<\/p>\n<p>Milostn\u00e1 vzplanut\u00ed<\/p>\n<p>stala se zamilovan\u00fdm v\u0161ak osudn\u00fdm!<\/p>\n<p>.<\/p>\n<p>Vzbudilo to ve\u0159ejn\u00e9 pohor\u0161en\u00ed!<\/p>\n<p>.<\/p>\n<p><em>\u201eNen\u00ed mysliteln\u00e9!<\/em><\/p>\n<p><em>Sourozenci spolu nem\u016f\u017eou m\u00edt d\u011bti!\u201c<\/em><\/p>\n<p>du\u0161ovali se lid\u00e9<\/p>\n<p>.<\/p>\n<p>Verdikt?<\/p>\n<p>Nekompromisn\u00ed<\/p>\n<p><em>\u201eOpus\u0165te okam\u017eit\u011b na\u0161e m\u011bsto!<\/em><\/p>\n<p><em>V\u00a0n\u011bm nen\u00ed pro v\u00e1s m\u00edsto!\u201c<\/em><\/p>\n<p>Sp\u00edlali jim<\/p>\n<p>.<\/p>\n<p>St\u00edh\u00e1na nep\u0159\u00edzn\u00ed osudu<\/p>\n<p>byla rodina nucena se odst\u011bhovat<\/p>\n<p>Odlehl\u00e1 samota stala se jejich nov\u00fdm domovem!<\/p>\n<p>.<\/p>\n<p>S rodinn\u00fdm p\u0159\u00edr\u016fstkem<\/p>\n<p>p\u0159ekvapiv\u011b nebylo to zas a\u017e tak zl\u00e9<\/p>\n<p>Chlapec rostl v bystr\u00e9, inteligentn\u00ed d\u00edt\u011b!<\/p>\n<p>.<\/p>\n<p>V dosp\u011blosti pak na\u0161el uplatn\u011bn\u00ed u z\u00e1chrann\u00e9 slu\u017eby!<\/p>\n<p>.<\/p>\n<p>A pr\u00e1v\u011b jedna z cest<\/p>\n<p>zavedla jej zp\u011bt<\/p>\n<p>Na m\u00edsto, kde po\u010dat byl!<\/p>\n<p>Za velmi dramatick\u00fdch okolnost\u00ed!<\/p>\n<p>.<\/p>\n<p>Nyn\u00ed nebyl \u010das<\/p>\n<p>prob\u00edrat se star\u00fdmi k\u0159ivdami<\/p>\n<p>V\u017edy\u0165 v s\u00e1zku byly d\u00e1ny<\/p>\n<p>k\u0159ehk\u00e9 lidsk\u00e9 \u017eivoty!<\/p>\n<p>.<\/p>\n<p>V pln\u00e9m ob\u011btav\u00e9m nasazen\u00ed<\/p>\n<p>vrh\u00e1 se mlad\u00edk state\u010dn\u011b<\/p>\n<p>do omra\u010duj\u00edc\u00ed plamenn\u00e9 v\u00fdhn\u011b<\/p>\n<p>.<\/p>\n<p>\u010cin vpravd\u011b hrdinsk\u00fd!<\/p>\n<p>.<\/p>\n<p>Hrdina \u2013 zachr\u00e1nce<\/p>\n<p>v\u0161ak o sv\u00e9m p\u016fvodu rad\u0161i poml\u010del<\/p>\n<p>D\u00e1l \u017eil po\u010destn\u00fdm skromn\u00fdm \u017eivotem na samot\u011b<\/p>\n<p>Zanedlouho coby \u010derstv\u011b novope\u010den\u00fd otec!<\/p>\n<p>.<\/p>\n<p>A tak v\u0161e z\u016fstalo na t\u011bch<\/p>\n<p>Co se osudn\u00e9ho dne<\/p>\n<p>podruh\u00e9 narodili<\/p>\n<p>.<\/p>\n<p>N\u00e1sledn\u00e9 setk\u00e1n\u00ed<\/p>\n<p>se u\u017e v\u00fdhradn\u011b neslo v ryze p\u0159\u00e1telsk\u00e9 atmosf\u00e9\u0159e!<\/p>\n<p>.<\/p>\n<p>P\u0159e\u010diny byly n\u00e1sledn\u011b odpu\u0161t\u011bny!<\/p>\n<p>Dokonce i n\u011bkdej\u0161\u00ed znesv\u00e1\u0159en\u00e9 klany<\/p>\n<p>nakonec mezi sebou zakopaly v\u00e1le\u010dnou sekeru<\/p>\n<p>a po\u017eehnaly l\u00e1sce!<\/p>\n<p>.<\/p>\n<p>Co dok\u00e1\u017ee zp\u016fsobit<\/p>\n<p>jeden jedin\u00fd zlomov\u00fd \u017eivotn\u00ed okam\u017eik!<\/p>\n<p>.<\/p>\n<p>Alespo\u0148 \u017ee nakonec<\/p>\n<p>v\u0161e kon\u010d\u00ed \u0161\u0165astn\u011b<\/p>\n<p>.<\/p>\n<p>Nebo snad opa\u010dn\u00fd n\u00e1zor zast\u00e1v\u00e1te<\/p>\n<p>a pro zm\u011bnu vid\u011bli byste rad\u0161i<\/p>\n<p>rodiny je\u0161t\u011b v\u00edc trp\u011bt?<\/p>\n<p>.<\/p>\n<p>Snad jednou dojdeme v\u0161ichni spravedliv\u00e9ho rozh\u0159e\u0161en\u00ed<\/p>\n<p>Onoho soudn\u00e9ho dne!<\/p>\n<div style=\"width: 498px\" class=\"wp-caption alignnone\"><img loading=\"lazy\" decoding=\"async\" src=\"https:\/\/eldar.cz\/tompatrick\/wp-content\/uploads\/2023\/10\/4-Smutny-pribeh-Marty-V-1.jpg\" alt=\"\" width=\"488\" height=\"669\" \/><p class=\"wp-caption-text\">Jedno z dojemn\u00fdch odpu\u0161t\u011bn\u00ed<\/p><\/div>\n<div class=\"fcbkbttn_buttons_block\" id=\"fcbkbttn_left\"><div class=\"fcbkbttn_button\">\n                            <a href=\"https:\/\/www.facebook.com\/tom.patrick.509\" target=\"_blank\">\n                                <img decoding=\"async\" src=\"https:\/\/eldar.cz\/tompatrick\/wp-content\/plugins\/facebook-button-plugin\/images\/large-facebook-ico.png\" alt=\"Fb-Button\" \/>\n                            <\/a>\n                        <\/div><div class=\"fcbkbttn_like fcbkbttn_large_button\"><fb:like href=\"https:\/\/eldar.cz\/tompatrick\/problematicke-navazanky-martina-jabkenice\/zakazana-laska-aneb-ze-zivota-nekolika-generaci-21\" action=\"like\" colorscheme=\"light\" layout=\"standard\"  width=\"225px\" size=\"large\"><\/fb:like><\/div><div class=\"fb-share-button fcbkbttn_large_button \" data-href=\"https:\/\/eldar.cz\/tompatrick\/problematicke-navazanky-martina-jabkenice\/zakazana-laska-aneb-ze-zivota-nekolika-generaci-21\" data-type=\"button_count\" data-size=\"large\"><\/div><\/div>","protected":false},"excerpt":{"rendered":"<p>Chodili spolu rok a n\u011bjak\u00fd ten m\u011bs\u00edc Coby v\u00e1\u0161niv\u011b do sebe zamilovan\u00ed! . Jinak se k tomu stav\u011bly jejich rodiny Ty nep\u0159\u00e1ly l\u00e1sce dvou mlad\u00fdch lid\u00ed! . Tak u\u017e to prost\u011b b\u00fdv\u00e1 kdy\u017e mezi dv\u011bma znesv\u00e1\u0159en\u00fdmi klany buj\u00ed vz\u00e1jemn\u00e1 nesmi\u0159iteln\u00e1 &hellip; <a href=\"https:\/\/eldar.cz\/tompatrick\/problematicke-navazanky-martina-jabkenice\/zakazana-laska-aneb-ze-zivota-nekolika-generaci-21\">Cel\u00fd p\u0159\u00edsp\u011bvek <span class=\"meta-nav\">&rarr;<\/span><\/a><\/p>\n","protected":false},"author":2,"featured_media":0,"comment_status":"open","ping_status":"open","sticky":false,"template":"","format":"standard","meta":{"_s2mail":"yes","footnotes":""},"categories":[37],"tags":[],"class_list":["post-4781","post","type-post","status-publish","format-standard","hentry","category-problematicke-navazanky-martina-jabkenice"],"_links":{"self":[{"href":"https:\/\/eldar.cz\/tompatrick\/wp-json\/wp\/v2\/posts\/4781","targetHints":{"allow":["GET"]}}],"collection":[{"href":"https:\/\/eldar.cz\/tompatrick\/wp-json\/wp\/v2\/posts"}],"about":[{"href":"https:\/\/eldar.cz\/tompatrick\/wp-json\/wp\/v2\/types\/post"}],"author":[{"embeddable":true,"href":"https:\/\/eldar.cz\/tompatrick\/wp-json\/wp\/v2\/users\/2"}],"replies":[{"embeddable":true,"href":"https:\/\/eldar.cz\/tompatrick\/wp-json\/wp\/v2\/comments?post=4781"}],"version-history":[{"count":3,"href":"https:\/\/eldar.cz\/tompatrick\/wp-json\/wp\/v2\/posts\/4781\/revisions"}],"predecessor-version":[{"id":4785,"href":"https:\/\/eldar.cz\/tompatrick\/wp-json\/wp\/v2\/posts\/4781\/revisions\/4785"}],"wp:attachment":[{"href":"https:\/\/eldar.cz\/tompatrick\/wp-json\/wp\/v2\/media?parent=4781"}],"wp:term":[{"taxonomy":"category","embeddable":true,"href":"https:\/\/eldar.cz\/tompatrick\/wp-json\/wp\/v2\/categories?post=4781"},{"taxonomy":"post_tag","embeddable":true,"href":"https:\/\/eldar.cz\/tompatrick\/wp-json\/wp\/v2\/tags?post=4781"}],"curies":[{"name":"wp","href":"https:\/\/api.w.org\/{rel}","templated":true}]}}