{"id":4539,"date":"2013-02-04T14:56:00","date_gmt":"2013-02-04T12:56:00","guid":{"rendered":"https:\/\/eldar.cz\/tompatrick\/?p=4539"},"modified":"2023-12-09T15:00:24","modified_gmt":"2023-12-09T13:00:24","slug":"kapitola-10-sila-pratelstvi-a-nenavisti","status":"publish","type":"post","link":"https:\/\/eldar.cz\/tompatrick\/citymeans\/city-means-iv-mesto-plne-nazoru\/kapitola-10-sila-pratelstvi-a-nenavisti","title":{"rendered":"Kapitola 10 &#8211; S\u00edla p\u0159\u00e1telstv\u00ed a nen\u00e1visti"},"content":{"rendered":"<div class=\"fcbkbttn_buttons_block\" id=\"fcbkbttn_left\"><div class=\"fcbkbttn_button\">\n                            <a href=\"https:\/\/www.facebook.com\/tom.patrick.509\" target=\"_blank\">\n                                <img decoding=\"async\" src=\"https:\/\/eldar.cz\/tompatrick\/wp-content\/plugins\/facebook-button-plugin\/images\/large-facebook-ico.png\" alt=\"Fb-Button\" \/>\n                            <\/a>\n                        <\/div><div class=\"fcbkbttn_like fcbkbttn_large_button\"><fb:like href=\"https:\/\/eldar.cz\/tompatrick\/citymeans\/city-means-iv-mesto-plne-nazoru\/kapitola-10-sila-pratelstvi-a-nenavisti\" action=\"like\" colorscheme=\"light\" layout=\"standard\"  width=\"225px\" size=\"large\"><\/fb:like><\/div><div class=\"fb-share-button fcbkbttn_large_button \" data-href=\"https:\/\/eldar.cz\/tompatrick\/citymeans\/city-means-iv-mesto-plne-nazoru\/kapitola-10-sila-pratelstvi-a-nenavisti\" data-type=\"button_count\" data-size=\"large\"><\/div><\/div><p class=\"western\"><span style=\"color: #333333;\"><span style=\"font-family: Times New Roman, serif;\"><span style=\"font-size: medium;\">Pavel Borsk\u00fd procitl a prvn\u00ed, \u010deho si pov\u0161iml, bylo okno s m\u0159\u00ed\u017eemi. \u201eKde jsem se to jenom ocitl?\u201c p\u0159i\u0161lo mu jako prvn\u00ed na mysl.<\/span><\/span><\/span><\/p>\n<p class=\"western\"><span style=\"color: #333333;\"><span style=\"font-family: Times New Roman, serif;\"><span style=\"font-size: medium;\">A pak za oknem kohosi spat\u0159il.<\/span><\/span><\/span><\/p>\n<p class=\"western\"><span style=\"color: #333333;\">\u201e<\/span><span style=\"color: #333333;\"><span style=\"font-family: Times New Roman, serif;\"><span style=\"font-size: medium;\"><i>Mohl byste mi pros\u00edm\u2026?\u201c<\/i><\/span><\/span><\/span><\/p>\n<p class=\"western\"><span style=\"color: #333333;\"><span style=\"font-family: Times New Roman, serif;\"><span style=\"font-size: medium;\">Jen\u017ee ten \u201ekdosi\u201c se jen \u0161karohl\u00eddsky u\u0161kl\u00edbl a ihned zase byl tentam.<\/span><\/span><\/span><\/p>\n<p class=\"western\"><span style=\"color: #333333;\">\u201e<\/span><span style=\"color: #333333;\"><span style=\"font-family: Times New Roman, serif;\"><span style=\"font-size: medium;\"><i>St\u00e1le hloub\u00e1te nad t\u00edm, kde jste se to dnes r\u00e1no probudil?\u201c<\/i><\/span><\/span><\/span><\/p>\n<p class=\"western\"><span style=\"color: #333333;\"><span style=\"font-family: Times New Roman, serif;\"><span style=\"font-size: medium;\">Pavel Borsk\u00fd se ve sm\u011bru toho hlasu oto\u010dil. Popravd\u011b mu byl velice pov\u011bdom\u00fd.<\/span><\/span><\/span><\/p>\n<p class=\"western\"><span style=\"color: #333333;\">\u201e<\/span><span style=\"color: #333333;\"><span style=\"font-family: Times New Roman, serif;\"><span style=\"font-size: medium;\"><i>V\u011bze\u0148sk\u00e1 cela dozajista ji\u017e zkrot\u00ed va\u0161e v\u00e1\u0161n\u011b pro pen\u00edze a z\u00e1rove\u0148 otup\u00ed i smysly hr\u00e1\u010dsk\u00e9.\u201c<\/i><\/span><\/span><\/span><\/p>\n<p class=\"western\"><span style=\"color: #333333;\">\u201e<\/span><span style=\"color: #333333;\"><span style=\"font-family: Times New Roman, serif;\"><span style=\"font-size: medium;\"><i>Toto je tedy v\u011bzen\u00ed?\u201c zeptal se Pavel Borsk\u00fd, m\u00edstn\u00ed \u010daloun\u00edk a velk\u00fd znalec mari\u00e1\u0161e.<\/i><\/span><\/span><\/span><\/p>\n<p class=\"western\"><span style=\"color: #333333;\">\u201e<\/span><span style=\"color: #333333;\"><span style=\"font-family: Times New Roman, serif;\"><span style=\"font-size: medium;\"><i>Ano, mist\u0159e, toto je vskutku v\u011bze\u0148sk\u00e1 cela,\u201c uvedl Karel Fr\u00fddlant, zdej\u0161\u00ed ministr financ\u00ed a prav\u00e1 ruka kr\u00e1le.<\/i><\/span><\/span><\/span><\/p>\n<p class=\"western\"><span style=\"color: #333333;\">\u201e<\/span><span style=\"color: #333333;\"><span style=\"font-family: Times New Roman, serif;\"><span style=\"font-size: medium;\"><i>Ale j\u00e1 jsem p\u0159ece nic \u0161patn\u00e9ho neprovedl,\u201c h\u00e1jil se Pavel Borsk\u00fd. <\/i><\/span><\/span><\/span><\/p>\n<p class=\"western\"><span style=\"color: #333333;\">\u201e<\/span><span style=\"color: #333333;\"><span style=\"font-family: Times New Roman, serif;\"><span style=\"font-size: medium;\"><i>\u017de ne?!\u201c nav\u00fd\u0161il o n\u011bco zlobn\u011b hlas Karel Fr\u00fddlant. \u201eZnemo\u017enil jste m\u011b p\u0159i h\u0159e a to se neodpou\u0161t\u00ed,\u201c podotkl n\u00e1sledn\u011b v\u00fdznamn\u011b.<\/i><\/span><\/span><\/span><\/p>\n<p class=\"western\"><span style=\"color: #333333;\">\u201e<\/span><span style=\"color: #333333;\"><span style=\"font-family: Times New Roman, serif;\"><span style=\"font-size: medium;\"><i>Jen jsem pot\u0159et\u00ed za sebou vyhr\u00e1l svou vsazenou \u010d\u00e1stku,\u201c br\u00e1nil se na\u0159\u010den\u00ed Pavel Borsk\u00fd.<\/i><\/span><\/span><\/span><\/p>\n<p class=\"western\"><span style=\"color: #333333;\">\u201e<\/span><span style=\"color: #333333;\"><span style=\"font-family: Times New Roman, serif;\"><span style=\"font-size: medium;\"><i>Le\u010d to nebyla jen tak ledajak\u00e1 \u010d\u00e1stka. \u010cinila celkem dva tis\u00edce zlat\u00fdch,\u201c poznamenal v\u00fdznamn\u011b Karel Fr\u00fddlant. <\/i><\/span><\/span><\/span><\/p>\n<p class=\"western\"><span style=\"color: #333333;\">\u201e<\/span><span style=\"color: #333333;\"><span style=\"font-family: Times New Roman, serif;\"><span style=\"font-size: medium;\"><i>Ano, v\u00edm,\u201c p\u0159isv\u011bd\u010dil Pavel Borsk\u00fd, \u201ele\u010d \u017e\u00e1dnou takovou sumu jsem od v\u00e1s neobdr\u017eel, p\u0159esto\u017ee mi pr\u00e1vem n\u00e1le\u017e\u00ed.\u201c <\/i><\/span><\/span><\/span><\/p>\n<p class=\"western\"><span style=\"color: #333333;\">\u201e<\/span><span style=\"color: #333333;\"><span style=\"font-family: Times New Roman, serif;\"><span style=\"font-size: medium;\"><i>Nic v\u00e1m nen\u00e1le\u017e\u00ed! V\u0161echny ty pen\u00edze jsou pouze a pouze jedin\u011b m\u00e9!\u201c zd\u016fraznil p\u0159\u00edsn\u011b podvakr\u00e1te za sebou Karel Fr\u00fddlant a \u010d\u00edmsi zachrastil. \u201eTady je v\u0161echny m\u00e1m p\u011bkn\u011b u sebe a nikdo mne o n\u011b ji\u017e nep\u0159iprav\u00ed.\u201c<\/i><\/span><\/span><\/span><\/p>\n<p class=\"western\"><span style=\"color: #333333;\">\u201e<\/span><span style=\"color: #333333;\"><span style=\"font-family: Times New Roman, serif;\"><span style=\"font-size: medium;\"><i>Le\u010d v\u00e1m nepat\u0159\u00ed,\u201c oponoval Pavel Borsk\u00fd. <\/i><\/span><\/span><\/span><\/p>\n<p class=\"western\"><span style=\"color: #333333;\">\u201e<\/span><span style=\"color: #333333;\"><span style=\"font-family: Times New Roman, serif;\"><span style=\"font-size: medium;\"><i>Pat\u0159\u00ed nepat\u0159\u00ed, to v tuto chv\u00edli nesehr\u00e1v\u00e1 roli,\u201c du\u0161oval se Karel Fr\u00fddlant.<\/i><\/span><\/span><\/span><\/p>\n<p class=\"western\"><span style=\"color: #333333;\">\u201e<\/span><span style=\"color: #333333;\"><span style=\"font-family: Times New Roman, serif;\"><span style=\"font-size: medium;\"><i>Nu co\u017e, pen\u00edze tak\u00e9 nejsou v\u0161echno,\u201c m\u00ednil Pavel Borsk\u00fd, \u201etak mne pus\u0165te alespo\u0148 za mou rodinou.\u201c<\/i><\/span><\/span><\/span><\/p>\n<p class=\"western\"><span style=\"color: #333333;\">\u201e<\/span><span style=\"color: #333333;\"><span style=\"font-family: Times New Roman, serif;\"><span style=\"font-size: medium;\"><i>Od nyn\u011bj\u0161ka pro v\u00e1s neexistuje ani ta!\u201c vy\u0159kl r\u00e1zn\u011b Karel Fr\u00fddlant a ode\u0161el.<\/i><\/span><\/span><\/span><\/p>\n<p class=\"western\"><span style=\"color: #333333;\"><span style=\"font-family: Times New Roman, serif;\"><span style=\"font-size: medium;\">Pavel Borsk\u00fd v cele osam\u011bl a s\u00e1m k sob\u011b za\u010dal promlouvat: \u201eP\u0159eji si, a\u0165 se stane z\u00e1zrak a j\u00e1 se op\u011bt shled\u00e1m se svoj\u00ed rodinou.\u201c<\/span><\/span><\/span><\/p>\n<p class=\"western\"><span style=\"color: #333333;\"><span style=\"font-family: Times New Roman, serif;\"><span style=\"font-size: medium;\">A tu se v noci Pavlu Borsk\u00e9mu v cele, v n\u00ed\u017e p\u0159eb\u00fdval, zjevila postava, j\u00ed\u017e ze v\u0161ech stran obklopovalo omamn\u011b pronikav\u00e9 sv\u011btlo. Pavel Borsk\u00fd p\u0159i pohledu na ni na sob\u011b poc\u00edtil nepopsateln\u00fd blahobyt.<\/span><\/span><\/span><\/p>\n<p class=\"western\"><span style=\"color: #333333;\">\u201e<\/span><span style=\"color: #333333;\"><span style=\"font-family: Times New Roman, serif;\"><span style=\"font-size: medium;\"><i>Ani nev\u00ed\u0161, jak mne t\u011b\u0161\u00ed, \u017ee p\u0159i pohledu na mou mali\u010dkost nepanika\u0159\u00ed\u0161,\u201c uvedla sv\u011bteln\u00e1 postava.<\/i><\/span><\/span><\/span><\/p>\n<p class=\"western\"><span style=\"color: #333333;\">\u201e<\/span><span style=\"color: #333333;\"><span style=\"font-family: Times New Roman, serif;\"><span style=\"font-size: medium;\"><i>Jak bych jen mohl, kdy\u017e ten m\u00edr, co z tebe vyv\u011br\u00e1, je tak o\u010d\u00edm nesm\u00edrn\u011b lahod\u00edc\u00ed,\u201c odv\u011btil Pavel Borsk\u00fd.<\/i><\/span><\/span><\/span><\/p>\n<p class=\"western\"><span style=\"color: #333333;\">\u201e<\/span><span style=\"color: #333333;\"><span style=\"font-family: Times New Roman, serif;\"><span style=\"font-size: medium;\"><i>Neob\u00e1vej se, i ty vytou\u017een\u00e9ho m\u00edru zakr\u00e1tko pln\u011b dos\u00e1hne\u0161,\u201c zast\u00e1vala n\u00e1zor sv\u011bteln\u00e1 postava.<\/i><\/span><\/span><\/span><\/p>\n<p class=\"western\"><span style=\"color: #333333;\">\u201e<\/span><span style=\"color: #333333;\"><span style=\"font-family: Times New Roman, serif;\"><span style=\"font-size: medium;\"><i>Jen\u017ee jak, kdy\u017e jsem tady v cele uzam\u010den?\u201c podivoval se Pavel Borsk\u00fd. <\/i><\/span><\/span><\/span><\/p>\n<p class=\"western\"><span style=\"color: #333333;\">\u201e<\/span><span style=\"color: #333333;\"><span style=\"font-family: Times New Roman, serif;\"><span style=\"font-size: medium;\"><i>Do\u010dkej r\u00e1na a s\u00e1m se na vlastn\u00ed o\u010di p\u0159esv\u011bd\u010d\u00ed\u0161,\u201c poznamenala sv\u011bteln\u00e1 postava, usm\u00e1la se, obda\u0159ila Pavla Borsk\u00e9ho jemn\u00fdm p\u0159\u00e1telsk\u00fdm dotykem a pak jako m\u00e1vnut\u00edm kouzeln\u00e9ho proutku byla tatam. <\/i><\/span><\/span><\/span><\/p>\n<p class=\"western\"><span style=\"color: #333333;\"><span style=\"font-family: Times New Roman, serif;\"><span style=\"font-size: medium;\">Druh\u00fd den r\u00e1no se vskutku po\u010daly d\u00edt tuze prazvl\u00e1\u0161tn\u00ed v\u011bci. To se v zam\u0159\u00ed\u017eovan\u00e9m oknu Pavlu Borsk\u00e9mu nejprve zjevila jeho rodina a vz\u00e1p\u011bt\u00ed mu Karel Fr\u00fddlant p\u0159i\u0161el odemknout celu, \u010d\u00edm\u017e mu daroval volnost.<\/span><\/span><\/span><\/p>\n<p class=\"western\"><span style=\"color: #333333;\">\u201e<\/span><span style=\"color: #333333;\"><span style=\"font-family: Times New Roman, serif;\"><span style=\"font-size: medium;\"><i>B\u011b\u017ete a u\u017e v\u00e1s nechci ve sv\u00e9m \u017eivot\u011b nikdy vid\u011bt!\u201c spustil takto zostra na Pavla Borsk\u00e9ho.<\/i><\/span><\/span><\/span><\/p>\n<p class=\"western\"><span style=\"color: #333333;\">\u201e<\/span><span style=\"color: #333333;\"><span style=\"font-family: Times New Roman, serif;\"><span style=\"font-size: medium;\"><i>Co se v\u00e1m p\u0159ihodilo, sm\u00edm-li to v\u011bd\u011bt?\u201c <\/i><\/span><\/span><\/span><\/p>\n<p class=\"western\"><span style=\"color: #333333;\">\u201e<\/span><span style=\"color: #333333;\"><span style=\"font-family: Times New Roman, serif;\"><span style=\"font-size: medium;\"><i>Co?!\u201c nav\u00fd\u0161il op\u011bt zlobn\u011b hlas Karel Fr\u00fddlant. \u201eS\u00e1m \u010f\u00e1bel z pekel mne dnes v noci poctil svou ne\u010dekanou n\u00e1v\u0161t\u011bvou a usiloval o m\u016fj odchod z tohoto sv\u011bta, pokud nezm\u011bn\u00edm vlastn\u00ed p\u0159\u00edstup k lidem,\u201c informoval takto Pavla Borsk\u00e9ho.<\/i><\/span><\/span><\/span><\/p>\n<p class=\"western\"><span style=\"color: #333333;\">\u201e<\/span><span style=\"color: #333333;\"><span style=\"font-family: Times New Roman, serif;\"><span style=\"font-size: medium;\"><i>S\u00e1m \u010f\u00e1bel?\u201c zopakoval v \u00fa\u017easu Pavel Borsk\u00fd. <\/i><\/span><\/span><\/span><\/p>\n<p class=\"western\"><span style=\"color: #333333;\">\u201e<\/span><span style=\"color: #333333;\"><span style=\"font-family: Times New Roman, serif;\"><span style=\"font-size: medium;\"><i>Ano, s\u00e1m \u010f\u00e1bel,\u201c p\u0159isv\u011bd\u010dil Karel Fr\u00fddlant.<\/i><\/span><\/span><\/span><\/p>\n<p class=\"western\"><span style=\"color: #333333;\"><span style=\"font-family: Times New Roman, serif;\"><span style=\"font-size: medium;\">A n\u00e1hle Pavlu Borsk\u00e9mu v\u0161e doch\u00e1zelo: nebyla snad ona sv\u011bteln\u00e1 postava, co tuto noc do jeho cely zav\u00edtala, p\u0159\u00edmo and\u011blem?\u201c<\/span><\/span><\/span><\/p>\n<p class=\"western\"><span style=\"color: #333333;\">\u201e<\/span><span style=\"color: #333333;\"><span style=\"font-family: Times New Roman, serif;\"><span style=\"font-size: medium;\"><i>Tak p\u0159ece ji\u017e jd\u011bte. Jste voln\u00fd!\u201c vyz\u00fdval Pavla Borsk\u00e9ho kvapn\u011b Karel Fr\u00fddlant.<\/i><\/span><\/span><\/span><\/p>\n<p class=\"western\"><span style=\"color: #333333;\"><span style=\"font-family: Times New Roman, serif;\"><span style=\"font-size: medium;\">Pavel Borsk\u00fd tedy z cely nakonec vy\u0161el, k odchodu jako takov\u00e9mu se v\u0161ak nem\u011bl. \u201e\u0158\u00edk\u00e1te, \u017ee jste se setkal s n\u011bk\u00fdm, kdo poch\u00e1zel p\u0159\u00edmo ze samotn\u00fdch pekel?\u201c cht\u011bl se najisto utvrdit.<\/span><\/span><\/span><\/p>\n<p class=\"western\"><span style=\"color: #333333;\">\u201e<\/span><span style=\"color: #333333;\"><span style=\"font-family: Times New Roman, serif;\"><span style=\"font-size: medium;\"><i>Ano, kolikr\u00e1t v\u00e1m to budu muset je\u0161t\u011b opakovat!\u201c \u010dertil se Karel Fr\u00fddlant. A pak i jemu cosi doch\u00e1zelo. \u201eAch pardon, tady jsou ty va\u0161e pen\u00edze.\u201c A dan\u00fd m\u011b\u0161ec Pavlu Borsk\u00e9mu doslova vnutil. Ten ho sice p\u0159ijal, i tak se st\u00e1le nem\u011bl k odchodu. <\/i><\/span><\/span><\/span><\/p>\n<p class=\"western\"><span style=\"color: #333333;\">\u201e<\/span><span style=\"color: #333333;\"><span style=\"font-family: Times New Roman, serif;\"><span style=\"font-size: medium;\"><i>Co v\u00e1s tr\u00e1p\u00ed? Mohu v\u00e1m b\u00fdt n\u011bjak n\u00e1pomocen?\u201c zeptal se takto Karla Fr\u00fddlanta.<\/i><\/span><\/span><\/span><\/p>\n<p class=\"western\"><span style=\"color: #333333;\">\u201e<\/span><span style=\"color: #333333;\"><span style=\"font-family: Times New Roman, serif;\"><span style=\"font-size: medium;\"><i>Pro\u010d zrovna v\u00e1s bych j\u00e1 mohl zaj\u00edmat?\u201c sna\u017eil se Karel Fr\u00fddlant Pavla Borsk\u00e9ho odb\u00fdt.<\/i><\/span><\/span><\/span><\/p>\n<p class=\"western\"><span style=\"color: #333333;\">\u201e<\/span><span style=\"color: #333333;\"><span style=\"font-family: Times New Roman, serif;\"><span style=\"font-size: medium;\"><i>Mo\u017en\u00e1 proto,\u201c za\u010dal Pavel Borsk\u00fd l\u00ed\u010dit, \u201e\u017ee s\u00e1m nejsem p\u0159\u00edli\u0161 majetn\u00fd a vlastn\u00edm po\u010detnou rodinu, kde\u017eto vy pen\u011bz m\u00e1te na rozd\u00e1v\u00e1n\u00ed, av\u0161ak nem\u00e1te pon\u011bt\u00ed, co je to rodinn\u00e1 l\u00e1ska, nebo\u0165 \u017eijete s\u00e1m a spole\u010dnost v\u00e1m d\u011bl\u00e1 pouze jeden oha\u0159.\u201c<\/i><\/span><\/span><\/span><\/p>\n<p class=\"western\"><span style=\"color: #333333;\">\u201e<\/span><span style=\"color: #333333;\"><span style=\"font-family: Times New Roman, serif;\"><span style=\"font-size: medium;\"><i>No pr\u00e1v\u011b,\u201c za\u010dal pro zm\u011bnu l\u00ed\u010dit Karel Fr\u00fddlant, \u201ea o toho jsem dne\u0161n\u00ed noc p\u0159i\u0161el spole\u010dn\u011b se sv\u00fdm ve\u0161ker\u00fdm majetkem. Ten \u010f\u00e1bel pekeln\u00fd mne o v\u0161e p\u0159ipravil.\u201c A div \u017ee se m\u00e1lem \u017ealem nezhroutil na zem. <\/i><\/span><\/span><\/span><\/p>\n<p class=\"western\"><span style=\"color: #333333;\">\u201e<\/span><span style=\"color: #333333;\"><span style=\"font-family: Times New Roman, serif;\"><span style=\"font-size: medium;\"><i>Jste v po\u0159\u00e1dku? Nem\u00e1m dob\u011bhnouti pro l\u00e9ka\u0159e?\u201c za\u010dal se o Karla Fr\u00fddlanta Pavel Borsk\u00fd strachovat.<\/i><\/span><\/span><\/span><\/p>\n<p class=\"western\"><span style=\"color: #333333;\">\u201e<\/span><span style=\"color: #333333;\"><span style=\"font-family: Times New Roman, serif;\"><span style=\"font-size: medium;\"><i>Vy se o mne boj\u00edte? Dosti zvl\u00e1\u0161tn\u00ed od n\u011bkoho, kdo se stal na jednu noc v\u011bzn\u011bm,\u201c podivoval se takov\u00e9mu p\u0159\u00edstupu Karel Fr\u00fddlant.<\/i><\/span><\/span><\/span><\/p>\n<p class=\"western\"><span style=\"color: #333333;\">\u201e<\/span><span style=\"color: #333333;\"><span style=\"font-family: Times New Roman, serif;\"><span style=\"font-size: medium;\"><i>Kdybyste byl na m\u00e9m m\u00edst\u011b, tak\u00e9 byste tak jednal,\u201c m\u00ednil Pavel Borsk\u00fd a s\u00e1hl do m\u011b\u0161ce. \u201eTady je tis\u00edc zlat\u00fdch, polovina m\u00e9 v\u00fdhry. Pokuste se s nimi za\u010d\u00edt nov\u00fd \u017eivot, po\u0159i\u010fte si za n\u011b nov\u00e9ho oha\u0159e, a tak\u00e9 se poohl\u00e9dn\u011bte po nov\u00e9 l\u00e1sce. Osam\u011bl\u00e9mu \u010dlov\u011bku v\u017edy pom\u016f\u017ee, kdy\u017e sd\u00edl\u00ed \u017eivot ve dvou, po boku n\u011bkoho, kdo ho miluje.\u201c<\/i><\/span><\/span><\/span><\/p>\n<p class=\"western\"><span style=\"color: #333333;\">\u201e<\/span><span style=\"color: #333333;\"><span style=\"font-family: Times New Roman, serif;\"><span style=\"font-size: medium;\"><i>P\u00e1nb\u016fh v\u00e1m to zapla\u0165.\u201c <\/i><\/span><\/span><\/span><\/p>\n<p class=\"western\"><span style=\"color: #333333;\"><span style=\"font-family: Times New Roman, serif;\"><span style=\"font-size: medium;\">A tak vzniklo dal\u0161\u00ed ne\u010dekan\u00e9 p\u0159\u00e1telstv\u00ed, vykoupeno vz\u00e1jemn\u00fdm porozum\u011bn\u00edm. Moc pekeln\u00e9ho \u010f\u00e1bla tak najisto p\u0159emohla moc sp\u00e1sn\u00e9ho and\u011bla, co d\u00e1l bd\u011bl nad \u017eivoty dvou jedinc\u016f a tak se jim sna\u017eil p\u0159\u00e1t jen to dobr\u00e9: v\u017edy\u0165 se tak\u00e9 nadarmo ne\u0159\u00edk\u00e1, \u017ee p\u0159\u00e1telstv\u00ed je prav\u00fdm ko\u0159en\u00edm \u017eivota.<\/span><\/span><\/span><\/p>\n<p class=\"western\"><span style=\"color: #333333;\"><span style=\"font-family: Times New Roman, serif;\"><span style=\"font-size: medium;\">Tak\u00e9 Anna procitala a to prvn\u00ed, \u010deho si pov\u0161imla, byla jak\u00e1si ze\u010f. \u201eKde jsem se to jenom ocitla?\u201c p\u0159i\u0161lo j\u00ed jako prvn\u00ed na mysl. Dan\u00e1 ze\u010f j\u00ed toti\u017e nep\u0159ipom\u00ednala tu, co v\u00eddala v onom pronajat\u00e9m dom\u011b u jezera. \u201eKam se jen pod\u011bly ty v\u0161emo\u017en\u00e9 pohybliv\u00e9 graffitov\u00e9 v\u00fdjevy, co je zkr\u00e1\u0161lovaly?\u201c doch\u00e1zelo j\u00ed, \u017ee tu je n\u011bco v nepo\u0159\u00e1dku.<\/span><\/span><\/span><\/p>\n<p class=\"western\"><span style=\"color: #333333;\"><span style=\"font-family: Times New Roman, serif;\"><span style=\"font-size: medium;\">Kdosi se nad n\u00ed skl\u00e1n\u011bl.<\/span><\/span><\/span><\/p>\n<p class=\"western\"><span style=\"color: #333333;\">\u201e<span style=\"font-family: Times New Roman, serif;\"><span style=\"font-size: medium;\">Kdo jste?\u201c osm\u011blila se Anna d\u00e1le vyslovit.<\/span><\/span><\/span><\/p>\n<p class=\"western\"><span style=\"color: #333333;\"><span style=\"font-family: Times New Roman, serif;\"><span style=\"font-size: medium;\">A na to se ozvalo: \u201eSt\u00e1le hloub\u00e1\u0161 nad t\u00edm, kde ses to dnes r\u00e1no probudila?\u201c<\/span><\/span><\/span><\/p>\n<p class=\"western\"><span style=\"color: #333333;\"><span style=\"font-family: Times New Roman, serif;\"><span style=\"font-size: medium;\">Ann\u011b ten hlas byl velice pov\u011bdom\u00fd.<\/span><\/span><\/span><\/p>\n<p class=\"western\"><span style=\"color: #333333;\">\u201e<span style=\"font-family: Times New Roman, serif;\"><span style=\"font-size: medium;\">Tahle v\u011bze\u0148sk\u00e1 cela dozajista ji\u017e zkrot\u00ed tv\u00e9 v\u00e1\u0161n\u011b pro zahr\u00e1v\u00e1n\u00ed si se mnou.\u201c<\/span><\/span><\/span><\/p>\n<p class=\"western\"><span style=\"color: #333333;\"><span style=\"font-family: Times New Roman, serif;\"><span style=\"font-size: medium;\">To snad ani nemohla b\u00fdt pravda, aby ten hlas n\u00e1le\u017eel tomu, komu Anna myslela, \u017ee n\u00e1le\u017e\u00ed.<\/span><\/span><\/span><\/p>\n<p class=\"western\"><span style=\"color: #333333;\">\u201e<span style=\"font-family: Times New Roman, serif;\"><span style=\"font-size: medium;\">TAHLE V\u011aZE\u0147SK\u00c1 CELA DOZAJISTA JI\u017d ZKROT\u00cd TV\u00c9 V\u00c1SN\u011a PRO ZAHR\u00c1V\u00c1N\u00cd SI SE MNOU!\u201c<\/span><\/span><\/span><\/p>\n<p class=\"western\"><span style=\"color: #333333;\"><span style=\"font-family: Times New Roman, serif;\"><span style=\"font-size: medium;\">Ta sam\u00e1 v\u011bta nyn\u00ed zazn\u011bla mnohem d\u00e9moni\u010dt\u011bji. Jako by na zem sestoupil s\u00e1m vl\u00e1dce pekel. Dan\u00e1 osoba ostatn\u011b \u201ena sc\u00e9nu\u201c p\u0159ed Annu p\u0159edstoupila ve velkolep\u00e9m \u201emochnick\u00e9m stylu\u201c, vedle hlasov\u00e9ho magi\u010de ji ozvl\u00e1\u0161t\u0148ovaly jak JELEMANTEL tak i H\u00d3LEJENKA.<\/span><\/span><\/span><\/p>\n<p class=\"western\"><span style=\"color: #333333;\">\u201e<span style=\"font-family: Times New Roman, serif;\"><span style=\"font-size: medium;\">Jestlipak Ani\u010dko uhodne\u0161, kdo t\u011b to pr\u00e1v\u011b poctil n\u00e1v\u0161t\u011bvou?\u201c zazn\u011blo z \u00fast doty\u010dn\u00e9ho op\u011bt bez p\u0159\u00edm\u011bsi \u201etajemna\u201c.<\/span><\/span><\/span><\/p>\n<p class=\"western\"><span style=\"color: #333333;\"><span style=\"font-family: Times New Roman, serif;\"><span style=\"font-size: medium;\">Anna nev\u011b\u0159ila sv\u00fdm u\u0161\u00edm, ten hlas nesly\u0161ela dobr\u00e9 t\u0159i roky a up\u0159\u00edmn\u011b se j\u00ed po n\u011bm nest\u00fdskalo. Tak pro\u010d k n\u00ed te\u010f promlouv\u00e1, jako by se nechumelilo, a je v n\u011bm obsa\u017een ten sam\u00fd nev\u00e1bn\u00fd \u017eargon?<\/span><\/span><\/span><\/p>\n<p class=\"western\"><span style=\"color: #333333;\">\u201e<span style=\"font-family: Times New Roman, serif;\"><span style=\"font-size: medium;\">Krtku?\u201c<\/span><\/span><\/span><\/p>\n<p class=\"western\"><span style=\"color: #333333;\"><span style=\"font-family: Times New Roman, serif;\"><span style=\"font-size: medium;\">Anna to takto letmo zkusila, i kdy\u017e p\u0159edem tu\u0161ila, \u017ee m\u00fdlka je vylou\u010dena. \u017d\u00e1dn\u00fd z jej\u00edch dosavadn\u00edch ex-p\u0159\u00edtel\u016f nem\u011bl tak extravagantn\u00ed vystupov\u00e1n\u00ed jako pr\u00e1v\u011b ml\u00e1denec nesouc\u00ed dan\u00e9 p\u0159\u00edjmen\u00ed. Ov\u0161em Anna p\u0159eci jen podcenila vynal\u00e9zavost onoho doty\u010dn\u00e9ho, nebo\u0165 sice mluvit mohla, zato h\u00fdbat se ne. A tak se osoba p\u0159ed Annou d\u00e1l neru\u0161en\u011b mohla vytahovat a naparovat, jak jen uznala za vhodn\u00e9.<\/span><\/span><\/span><\/p>\n<p class=\"western\"><span style=\"color: #333333;\">\u201e<span style=\"font-family: Times New Roman, serif;\"><span style=\"font-size: medium;\">Krtku, tak ohavn\u011b sis m\u011b dovolila oslovit, Anno? TAK OHAVN\u011a SIS M\u011a DOVOLILA OSLOVIT, ANNO?\u201c<\/span><\/span><\/span><\/p>\n<p class=\"western\"><span style=\"color: #333333;\"><span style=\"font-family: Times New Roman, serif;\"><span style=\"font-size: medium;\">To prvn\u00ed bylo vy\u0159\u010deno norm\u00e1ln\u00edm hlasem, kde\u017eto to druh\u00e9 op\u011bt on\u00edm d\u011bsiv\u011b tajemn\u00fdm.<\/span><\/span><\/span><\/p>\n<p class=\"western\"><span style=\"color: #333333;\"><span style=\"font-family: Times New Roman, serif;\"><span style=\"font-size: medium;\">Ov\u0161em ne\u0161lo ani tak o ono naparov\u00e1n\u00ed se, to Anna ostatn\u011b dob\u0159e zn\u00e1vala z d\u0159\u00edv\u011bj\u0161ka, kdy spolu s Petrem Krtkem, jak zn\u011blo mlad\u00edkovo cel\u00e9 jm\u00e9no, chodila, pokud se to tak v\u016fbec dalo nazvat. Probl\u00e9m tkv\u011bl v tom, \u017ee Anna nebyla schopna \u017e\u00e1dn\u00e9ho pohybu. Byla p\u0159ipoutan\u00e1 k l\u016f\u017eku jako n\u011bjak\u00e1 ob\u011b\u0165, co\u017e mlad\u00edk ostatn\u011b s\u00e1m vystihl, kdy\u017e hned nato norm\u00e1ln\u00edm hlasem \u0159ekl: \u201eL\u00edb\u00ed se mi, jak tu te\u010f p\u0159ede mnou bezbrann\u011b poleh\u00e1v\u00e1\u0161, Anno, jen kdyby ses ke mn\u011b chovala trochu uctiv\u011bji, to bych je\u0161t\u011b uv\u00edtal.\u201c<\/span><\/span><\/span><\/p>\n<p class=\"western\"><span style=\"color: #333333;\"><span style=\"font-family: Times New Roman, serif;\"><span style=\"font-size: medium;\">A n\u00e1sledn\u011b mlad\u00edk odhalil tv\u00e1\u0159, nebo\u0165 patrn\u011b uznal, \u017ee nem\u00e1 smysl ji d\u00e1l skr\u00fdvat. Anna se ve sv\u00e9m \u00fasudku nezm\u00fdlila, skute\u010dn\u011b se p\u0159ed n\u00ed zjevil zhruba p\u011btadvacetilet\u00fd hn\u011bdovlas\u00fd krasavec, co ne\u0161et\u0159il \u00fa\u0161klebky.<\/span><\/span><\/span><\/p>\n<p class=\"western\"><span style=\"color: #333333;\">\u201e<span style=\"font-family: Times New Roman, serif;\"><span style=\"font-size: medium;\">Co tady k \u010dertu d\u011bl\u00e1\u0161? A pro\u010d jsi m\u011b spoutal?!\u201c<\/span><\/span><\/span><\/p>\n<p class=\"western\"><span style=\"color: #333333;\"><span style=\"font-family: Times New Roman, serif;\"><span style=\"font-size: medium;\">Mlad\u00edk se zatv\u00e1\u0159il nav\u00fdsost pov\u00fd\u0161en\u011b. \u201eNa tv\u00e9m m\u00edst\u011b bych jm\u00e9no pekeln\u00edka nevyvol\u00e1val nadarmo.<\/span><\/span><\/span><\/p>\n<p class=\"western\"><span style=\"color: #333333;\"><span style=\"font-family: Times New Roman, serif;\"><span style=\"font-size: medium;\">Anna se takov\u00e9mu tvrzen\u00ed u\u0161kl\u00edbla.<\/span><\/span><\/span><\/p>\n<p class=\"western\"><span style=\"color: #333333;\">\u201e<span style=\"font-family: Times New Roman, serif;\"><span style=\"font-size: medium;\">A pro\u010d ta mimo\u0159\u00e1dn\u00e1 opat\u0159en\u00ed? P\u0159eci si t\u011b napodruh\u00e9 nenech\u00e1m ut\u00e9ct.\u201c<\/span><\/span><\/span><\/p>\n<p class=\"western\"><span style=\"color: #333333;\">\u201e<span style=\"font-family: Times New Roman, serif;\"><span style=\"font-size: medium;\">Napodruh\u00e9 ut\u00e9ct? O \u010dem to tu ksakru te\u010f mluv\u00ed\u0161?\u201c<\/span><\/span><\/span><\/p>\n<p class=\"western\"><span style=\"color: #333333;\"><span style=\"font-family: Times New Roman, serif;\"><span style=\"font-size: medium;\">Ano, Anna mlad\u00edkovi utekla, respektive se s n\u00edm p\u0159ed t\u0159emi lety roze\u0161la, proto\u017ee ta jeho samolibost a arogance v\u016f\u010di n\u00ed a druh\u00fdm se nedala v\u011b\u010dn\u011b sn\u00e1\u0161et, co v\u0161ak tohoto mlad\u00edka p\u0159im\u011blo zav\u00edtat do Kataln\u00e9 Mochny, to Anna vpravd\u011b netu\u0161ila.<\/span><\/span><\/span><\/p>\n<p class=\"western\"><span style=\"color: #333333;\">\u201e<span style=\"font-family: Times New Roman, serif;\"><span style=\"font-size: medium;\">Pro\u010d jsem se stavil?\u201c Mlad\u00edkovi o\u010dividn\u011b d\u011blalo dob\u0159e, \u017ee m\u00e1 p\u0159ed Annou navrch. \u201eDejme tomu, \u017ee jsem si cht\u011bl s tebou je\u0161t\u011b naposledy promluvit.\u201c<\/span><\/span><\/span><\/p>\n<p class=\"western\"><span style=\"color: #333333;\">\u201e<span style=\"font-family: Times New Roman, serif;\"><span style=\"font-size: medium;\">Naposledy promluvit?\u201c Ann\u011b u\u017e tak dost d\u011blalo pot\u00ed\u017ee, \u017ee ji mlad\u00edk sv\u00e1zal, a te\u010f je\u0161t\u011b aby povinn\u011b poslouchala ty jeho vlezl\u00e9 \u0159e\u010di\u010dky o tom, jak\u00fd je to chud\u00e1\u010dek a jak mu v\u0161ichni v jednom kuse ubli\u017euj\u00ed.<\/span><\/span><\/span><\/p>\n<p class=\"western\"><span style=\"color: #333333;\"><span style=\"font-family: Times New Roman, serif;\"><span style=\"font-size: medium;\">A proto: \u201eKoukej m\u011b pustit, sly\u0161\u00ed\u0161?! TAK SUNDEJ TO ZE M\u011a!\u201c<\/span><\/span><\/span><\/p>\n<p class=\"western\"><span style=\"color: #333333;\">\u201e<span style=\"font-family: Times New Roman, serif;\"><span style=\"font-size: medium;\">Klid, Ani\u010dko, klid, p\u0159eci jsem t\u011b decentn\u011b po\u017e\u00e1dal o rozhovor,\u201c nebral na jej\u00ed k\u0159ik mlad\u00edk ohled. \u201eNap\u0159\u00edklad bychom si mohli bl\u00ed\u017ee popov\u00eddat o Marii a o jej\u00edch \u00fatrap\u00e1ch.\u201c<\/span><\/span><\/span><\/p>\n<p class=\"western\"><span style=\"color: #333333;\"><span style=\"font-family: Times New Roman, serif;\"><span style=\"font-size: medium;\">Annu p\u0159ejel mr\u00e1z po z\u00e1dech, jakmile z mlad\u00edkov\u00fdch \u00fast zazn\u011blo j\u00ed dob\u0159e zn\u00e1m\u00e9 jm\u00e9no. A tak\u00e9 najisto pozn\u00e1vala m\u00edsto, na n\u011bm\u017e se to pr\u00e1v\u011b nach\u00e1zela. A je\u0161t\u011b jedna podstatn\u00e1 v\u011bc k tomu: tohle rozhodn\u011b nebyl \u017e\u00e1dn\u00fd sen, ani bludn\u00e1 my\u0161lenka, jednalo se o ryze \u017eivou skute\u010dnost!<\/span><\/span><\/span><\/p>\n<p class=\"western\"><span style=\"color: #333333;\">\u201e<span style=\"font-family: Times New Roman, serif;\"><span style=\"font-size: medium;\">Chodba propojuj\u00edc\u00ed Podzemn\u00ed rajon\u00e1du s kav\u00e1rnou Sanmantena, dosti p\u0159\u00edhodn\u00e9 m\u00edsto pro ojedin\u011bl\u00e1 shled\u00e1n\u00ed,\u201c potvrdil Anninu domn\u011bnku mlad\u00edk.<\/span><\/span><\/span><\/p>\n<p class=\"western\"><span style=\"color: #333333;\"><span style=\"font-family: Times New Roman, serif;\"><span style=\"font-size: medium;\">Annu te\u010f p\u0159epadaly obavy, co se stalo s Marii, kde je j\u00ed asi konec. Nikde ji tu toti\u017e nezahl\u00e9dla.<\/span><\/span><\/span><\/p>\n<p class=\"western\"><span style=\"color: #333333;\">\u201e<span style=\"font-family: Times New Roman, serif;\"><span style=\"font-size: medium;\">Co jsi j\u00ed provedl?!\u201c vyjela proto takto zostra na sv\u00e9ho n\u011bkdej\u0161\u00edho p\u0159\u00edtele.<\/span><\/span><\/span><\/p>\n<p class=\"western\"><span style=\"color: #333333;\">\u201e<span style=\"font-family: Times New Roman, serif;\"><span style=\"font-size: medium;\">Jen jsem ji nechal prob\u011bhnout se po zdej\u0161\u00edm okol\u00ed, kdy\u017e to nedok\u00e1zal jist\u00fd mu\u017e s koltem za opaskem,\u201c vyslovil to mlad\u00edk jako by on s\u00e1m byl on\u00edm j\u00edm my\u0161len\u00fdm. \u201eWestern City, vzpom\u00edn\u00e1\u0161 si, Ani\u010dko?\u201c zazubil se. \u201eHansovy praktiky se p\u0159enesly i do tohoto m\u011bsta a splynuly s jeho tajemnou poetikou.\u201c<\/span><\/span><\/span><\/p>\n<p class=\"western\"><span style=\"color: #333333;\">\u201e<span style=\"font-family: Times New Roman, serif;\"><span style=\"font-size: medium;\">V \u017e\u00e1dn\u00e9m takov\u00e9m m\u011bst\u011b jsme s Mari\u00ed nebyly, ten n\u00e1zev mi v\u016fbec nic ne\u0159\u00edk\u00e1 a to jm\u00e9no jakbysmet,\u201c nam\u00edtla r\u00e1zn\u011b Anna, i kdy\u017e si myslela prav\u00fd opak. A reakce mlad\u00edka to okam\u017eit\u011b potvrdila.<\/span><\/span><\/span><\/p>\n<p class=\"western\"><span style=\"color: #333333;\">\u201e<span style=\"font-family: Times New Roman, serif;\"><span style=\"font-size: medium;\">\u017de Western City neexistuje?! Jak n\u011bco takov\u00e9ho m\u016f\u017ee\u0161 tvrdit, kdy\u017e jsi tam zhruba p\u0159ed t\u00fddnem odcestovala s tou druhou?!\u201c vy\u0161t\u011bkl n\u00e1hle zcela nazloben\u011b mlad\u00edk a k Annin\u011b nelibosti pokra\u010doval: \u201eLud\u011bk \u010cervinka mi o tom podal zpr\u00e1vu, dokonce po\u0159\u00eddil i p\u00e1r zaj\u00edmav\u00fdch fotografi\u00ed, na nich\u017e jsi zachycen\u00e1 s tou druhou cop\u00e1nkovou <\/span><\/span><\/span><span style=\"color: #333333;\"><span style=\"font-family: Times New Roman, serif;\"><span style=\"font-size: medium;\">hn\u011bdovl\u00e1skou<\/span><\/span><\/span><span style=\"color: #333333;\"><span style=\"font-family: Times New Roman, serif;\"><span style=\"font-size: medium;\">.\u201c<\/span><\/span><\/span><\/p>\n<p class=\"western\"><span style=\"color: #333333;\"><span style=\"font-family: Times New Roman, serif;\"><span style=\"font-size: medium;\">Anna jednu z t\u011bch fotografi\u00ed ihned poznala, j\u00ed a Marii ji ukazoval Kry\u0161tof V\u00e1lek, kdy\u017e se cel\u00fd rozl\u00edcen\u00fd p\u0159ihnal k nim do graffitov\u00e9ho domu, kde se oh\u00e1n\u011bl v\u00fdhr\u016f\u017ekami a sou\u010dasn\u011b s nimi litoval svou \u017eenu, kterou mu kdosi nezn\u00e1m\u00fd napadl. A ten \u201ekdosi nezn\u00e1m\u00fd\u201c se tu patrn\u011b pr\u00e1v\u011b vyj\u00edmal p\u0159ed Annou.<\/span><\/span><\/span><\/p>\n<p class=\"western\"><span style=\"color: #333333;\">\u201e<span style=\"font-family: Times New Roman, serif;\"><span style=\"font-size: medium;\">Ov\u0161em nato, aby v\u00e1s ten zrzek z t\u00e9 pra\u017esk\u00e9 kav\u00e1rny sledoval a\u017e k hranic\u00edm, na to se, posera, u\u017e nec\u00edtil,\u201c poznamenal z\u00e1hy mlad\u00edk opovr\u017een\u011b. \u201eAle nevad\u00ed,\u201c chv\u00e1stal se d\u00e1l, \u201ekdy\u017e jeden odm\u00edtl poslu\u0161nost, na\u0161li se jin\u00ed, respektive jin\u00e9, co ochotn\u011b poskytly n\u00e1pomocn\u00e9 ru\u010dky.\u201c<\/span><\/span><\/span><\/p>\n<p class=\"western\"><span style=\"color: #333333;\">\u201e<span style=\"font-family: Times New Roman, serif;\"><span style=\"font-size: medium;\">Pro\u010d tohle v\u0161echno d\u011bl\u00e1\u0161, Krtku? Stoj\u00ed ti n\u011bco takov\u00e9ho v\u016fbec za snahu?\u201c zeptala se znechucen\u011b Anna, na\u010de\u017e se na l\u016f\u017eku v\u0161emo\u017en\u011b sna\u017eila vykroutit z provaz\u016f, le\u010d ne\u0161lo to.<\/span><\/span><\/span><\/p>\n<p class=\"western\"><span style=\"color: #333333;\">\u201e<span style=\"font-family: Times New Roman, serif;\"><span style=\"font-size: medium;\">Pro\u010d?\u201c uchechtl se mlad\u00edk. \u201eNo p\u0159ece\u2026 pro pot\u011b\u0161en\u00ed,\u201c potvrdil najisto Anninu domn\u011bnku o n\u011bkdej\u0161\u00edm pron\u00e1sledovateli Marie. \u201eA ne\u0159\u00edkej mi Krtku, dob\u0159e v\u00ed\u0161, \u017ee tohle sv\u00e9 p\u0159\u00edjemn\u00ed z cel\u00e9ho srdce nesn\u00e1\u0161\u00edm!\u201c pohrozil n\u00e1sledn\u011b H\u00d3LEJENKOU, tak\u017ee se znovu nebezpe\u010dn\u011b Ann\u011b zavlnily jej\u00ed blond vlasy.<\/span><\/span><\/span><\/p>\n<p class=\"western\"><span style=\"color: #333333;\">\u201e<span style=\"font-family: Times New Roman, serif;\"><span style=\"font-size: medium;\">Koukej m\u011b pustit, sly\u0161\u00ed\u0161?!\u201c odv\u00e1\u017eila se znovu zak\u0159i\u010det Anna.<\/span><\/span><\/span><\/p>\n<p class=\"western\"><span style=\"color: #333333;\">\u201e<span style=\"font-family: Times New Roman, serif;\"><span style=\"font-size: medium;\">Marn\u011b si tu otv\u00edr\u00e1\u0161 pusu na \u0161pac\u00edr, Anno, ty dv\u011b vyvolen\u00e9 t\u011b nep\u0159ijdou zachr\u00e1nit,\u201c naparoval se d\u00e1l mlad\u00edk.<\/span><\/span><\/span><\/p>\n<p class=\"western\"><span style=\"color: #333333;\">\u201e<span style=\"font-family: Times New Roman, serif;\"><span style=\"font-size: medium;\">Jak\u00e9 dv\u011b vyvolen\u00e9, koho t\u00edm m\u00edn\u00ed\u0161, Krtku?!\u201c neslevila ze sv\u00e9ho hlasov\u00e9ho nal\u00e9h\u00e1n\u00ed ani Anna.<\/span><\/span><\/span><\/p>\n<p class=\"western\"><span style=\"color: #333333;\">\u201e<span style=\"font-family: Times New Roman, serif;\"><span style=\"font-size: medium;\">Kdo? No p\u0159ece ta tv\u00e1 jmenovkyn\u011b a Kate\u0159ina. Nebo ti tahle dv\u011b jm\u00e9na snad nic ne\u0159\u00edkaj\u00ed?\u201c poznamenal v\u00fdznamn\u011b mlad\u00edk. \u201eA ne\u0159\u00edkej mi Krtku!\u201c Zd\u016fraznil a H\u00d3LEJENKA tak <\/span><\/span><\/span><span style=\"color: #333333;\"><span style=\"font-family: Times New Roman, serif;\"><span style=\"font-size: medium;\">op\u011btovn\u011b<\/span><\/span><\/span><span style=\"color: #333333;\"><span style=\"font-family: Times New Roman, serif;\"><span style=\"font-size: medium;\"> nebezpe\u010dn\u011b pocuchala blond h\u0159\u00edvu vlas\u016f.<\/span><\/span><\/span><\/p>\n<p class=\"western\"><span style=\"color: #333333;\"><span style=\"font-family: Times New Roman, serif;\"><span style=\"font-size: medium;\">Anna se nesta\u010dila divit, kam jej\u00ed b\u00fdval\u00fd p\u0159\u00edtel na takov\u00e1 jm\u00e9na chod\u00ed, a up\u0159\u00edmn\u011b \u0159e\u010deno ji to dost znepokojovalo. A mlad\u00edk si toho pozorn\u011b v\u0161\u00edmal a za\u010dal z toho t\u011b\u017eit.<\/span><\/span><\/span><\/p>\n<p class=\"western\"><span style=\"color: #333333;\">\u201e<span style=\"font-family: Times New Roman, serif;\"><span style=\"font-size: medium;\">Zajist\u00e9 t\u011b p\u0159ekvapuje, \u017ee zn\u00e1m tyhle jm\u00e9na. Nejen ty dv\u011b um\u011bj\u00ed obratn\u011b zach\u00e1zet s kouzly, ale tak\u00e9 j\u00e1.\u201c Mlad\u00edk z kapsy vyndal DUHOV\u011aNKU, namo\u010dil ji, \u0159\u00e1dn\u011b promas\u00edroval a ta se pak po\u010dala vzn\u00e1\u0161et ve vzduchu. \u201eBylo neskute\u010dn\u00fdm \u0161t\u011bst\u00edm, \u017ee jsem na n\u011b narazil p\u0159ed tvoj\u00ed kolejn\u00ed kl\u00edckou a potaj\u00ed vyslechl jejich hovor. Jak nebezpe\u010dn\u00e9 pro v\u00e1s dv\u011b Western City pr\u00fd bude a co v\u0161e je pot\u0159eba za\u0159\u00eddit pro va\u0161i v\u010dasnou z\u00e1chranu. Mimo jin\u00e9 mezi \u0159e\u010d\u00ed padla zm\u00ednka i o tomhle m\u011bst\u011b a tak\u00e9 se ony doty\u010dn\u00e9 zmi\u0148ovaly o domu s nezvyklou v\u00fdzdobou, kter\u00fd by tob\u011b a Marii n\u00e1le\u017eel, kdybyste nakonec sem do Kataln\u00e9 Mochny zav\u00edtaly. Popravd\u011b jsem n\u011bco takov\u00e9ho pova\u017eoval za nemo\u017en\u00e9, ale i tak jsem z\u016fst\u00e1val ostra\u017eit\u00fd. Nakonec v\u0161e ale dopadlo nad o\u010dek\u00e1v\u00e1n\u00ed a ony p\u0159edpov\u011bdi t\u011bch dvou se naplnily a ty a ta druh\u00e1 jste mi tu padly do oka. Jak pozoruhodn\u00e9, co jeden n\u00e1hodn\u011b vyslechnut\u00fd rozhovor p\u0159inesl za nepoznan\u00e9.\u201c<\/span><\/span><\/span><\/p>\n<p class=\"western\"><span style=\"color: #333333;\"><span style=\"font-family: Times New Roman, serif;\"><span style=\"font-size: medium;\">Nyn\u00ed ji\u017e Anna nepochybovala o tom, \u017ee Western City je skute\u010dn\u00fdm m\u011bstem a \u017ee v n\u011bm s Mari\u00ed byly. A rovn\u011b\u017e Anna nezapochybovala ani o tom, \u017ee ve h\u0159e Petra Krtka figurovaly i dal\u0161\u00ed osoby. Jednu z nich ji\u017e mlad\u00edk jmenoval, kter\u00e1 tedy byla tou dal\u0161\u00ed? I na to Anna z\u00e1hy dostala odpov\u011b\u010f.<\/span><\/span><\/span><\/p>\n<p class=\"western\"><span style=\"color: #333333;\">\u201e<span style=\"font-family: Times New Roman, serif;\"><span style=\"font-size: medium;\">Dovol Anno, abych ti p\u0159edstavil Martinu Kobl\u00ed\u017ekovou neboli Mary Key, moji spole\u010dnici,\u201c vy\u0159kl Annin b\u00fdval\u00fd p\u0159\u00edtel.<\/span><\/span><\/span><\/p>\n<p class=\"western\"><span style=\"color: #333333;\"><span style=\"font-family: Times New Roman, serif;\"><span style=\"font-size: medium;\">K Annin\u011b hr\u016fze se v\u0161ak dostavil n\u011bkdo jin\u00fd, n\u011bkdo j\u00ed tuze pov\u011bdom\u00fd.<\/span><\/span><\/span><\/p>\n<p class=\"western\"><span style=\"color: #333333;\">\u201e<span style=\"font-family: Times New Roman, serif;\"><span style=\"font-size: medium;\">Mami?\u201c<\/span><\/span><\/span><\/p>\n<p class=\"western\"><span style=\"color: #333333;\"><span style=\"font-family: Times New Roman, serif;\"><span style=\"font-size: medium;\">Anna nev\u011b\u0159ila vlastn\u00edm o\u010d\u00edm, koho tu p\u0159ed sebou op\u011bt nevid\u00ed. Jen\u017ee ta postava se za\u010dala postupn\u011b prom\u011b\u0148ovat. A tak se z n\u00ed z\u00e1hy stala sle\u010dna, co Ann\u011b p\u0159ed\u00e1vala pozv\u00e1nku do Western City, kterou Anna Marii ukazovala na d\u00e1msk\u00fdch toalet\u00e1ch v on\u00e9 pra\u017esk\u00e9 kav\u00e1rn\u011b.<\/span><\/span><\/span><\/p>\n<p class=\"western\"><span style=\"color: #333333;\">\u201e<span style=\"font-family: Times New Roman, serif;\"><span style=\"font-size: medium;\">Dobr\u00e9 r\u00e1no, Ani\u010dko,\u201c zap\u011bla medov\u00fdm hl\u00e1skem doty\u010dn\u00e1. \u201eJestlipak si na m\u011b je\u0161t\u011b vzpom\u00edn\u00e1\u0161?\u201c<\/span><\/span><\/span><\/p>\n<p class=\"western\"><span style=\"color: #333333;\"><span style=\"font-family: Times New Roman, serif;\"><span style=\"font-size: medium;\">Anna nerudn\u011b pohl\u00e9dla do tv\u00e1\u0159e p\u0159\u00edchoz\u00ed, co j\u00ed p\u0159ed t\u00fddnem velice ochotn\u011b b\u00e1snila o jednom \u201e\u00fachvatn\u00e9m\u201c m\u011bst\u011b u n\u011bmeck\u00fdch hranic. Anna tak ji\u017e najisto v\u011bd\u011bla, \u017ee se ona a Marie nestaly ob\u011bt\u00ed \u017e\u00e1dn\u00e9 silni\u010dn\u00ed nehody, jak tvrdila jej\u00ed jmenovkyn\u011b. I tak to p\u0159eci jen zkusila: \u201eA co ta domn\u011bl\u00e1 nehoda, j\u00ed\u017e jsme se j\u00e1 a Marie staly p\u0159\u00edm\u00fdmi \u00fa\u010dastnicemi?\u201c<\/span><\/span><\/span><\/p>\n<p class=\"western\"><span style=\"color: #333333;\">\u201e<span style=\"font-family: Times New Roman, serif;\"><span style=\"font-size: medium;\">Ale jdi, Anno, to ti zase nakukaly ty dv\u011b, co?\u201c vlo\u017eil se do hovoru nanovo Annin b\u00fdval\u00fd p\u0159\u00edtel. \u201eOv\u0161em nejen ony, tak\u00e9 j\u00e1 n\u00e1le\u017eit\u011b ovl\u00e1d\u00e1m zdej\u0161\u00ed hru LATERNA MAGICA TAVARESKA.\u201c<\/span><\/span><\/span><\/p>\n<p class=\"western\"><span style=\"color: #333333;\">\u201e<span style=\"font-family: Times New Roman, serif;\"><span style=\"font-size: medium;\">Co jsi krucin\u00e1l ud\u011blal s Mari\u00ed, Krtku?!\u201c vy\u0161t\u011bkla zlobn\u011b Anna.<\/span><\/span><\/span><\/p>\n<p class=\"western\"><span style=\"color: #333333;\">\u201e<span style=\"font-family: Times New Roman, serif;\"><span style=\"font-size: medium;\">U\u017e n\u011bkolikr\u00e1t jsem ti jasn\u011b p\u0159ik\u00e1zal, abys m\u011b tak neoslovovala!\u201c zah\u0159m\u011bl zlobn\u011b tak\u00e9 mlad\u00edk a v ten okam\u017eik Annu zaplavila vlna bolesti, to jak DUHOV\u011aNKA p\u0159estala ve vzduchu krou\u017eit a dopadla j\u00ed bolestiv\u011b na sv\u00e1zan\u00e9 nohy.<\/span><\/span><\/span><\/p>\n<p class=\"western\"><span style=\"color: #333333;\">\u201e<span style=\"font-family: Times New Roman, serif;\"><span style=\"font-size: medium;\">Bol\u00ed to, vi\u010f, Ani\u010dko? Ani nev\u00ed\u0161, jakou mi t\u00edm p\u016fsob\u00ed\u0161 slast,\u201c uvedla zhruba dvaadvacetilet\u00e1 \u017eena, do n\u00ed\u017e se Martina Kobl\u00ed\u017ekov\u00e1 alias Mary Key p\u0159evt\u011blila pot\u00e9, co <\/span><\/span><\/span><span style=\"color: #333333;\"><span style=\"font-family: Times New Roman, serif;\"><span style=\"font-size: medium;\">pro zm\u011bnu zase odhodila h<\/span><\/span><\/span><span style=\"color: #333333;\"><span style=\"font-family: Times New Roman, serif;\"><span style=\"font-size: medium;\">n\u011bdou paruku on\u00e9 sle\u010dny ze \u0161koly. Nyn\u00ed Anna tedy hled\u011bla do <\/span><\/span><\/span><span style=\"color: #333333;\"><span style=\"font-family: Times New Roman, serif;\"><span style=\"font-size: medium;\">ji\u017e re\u00e1ln\u00e9 <\/span><\/span><\/span><span style=\"color: #333333;\"><span style=\"font-family: Times New Roman, serif;\"><span style=\"font-size: medium;\">tv\u00e1\u0159e \u017eeny s \u010dern\u00fdmi vlasy ost\u0159\u00edhan\u00fdmi na je\u017eka, maj\u00edc\u00ed pronikav\u00e9 o\u010di stejn\u00e9 barvy. \u201eI Jitu\u0161ka V\u00e1lkov\u00e1 o pojmu bolest ji\u017e v\u00ed svoje. Jak povzn\u00e1\u0161ej\u00edc\u00ed a okouzluj\u00edc\u00ed z\u00e1rove\u0148.\u201c<\/span><\/span><\/span><\/p>\n<p class=\"western\"><span style=\"color: #333333;\">\u201e<span style=\"font-family: Times New Roman, serif;\"><span style=\"font-size: medium;\">Kde jste vzali mamin\u010din mobil?\u201c vyk\u0159ikla Anna, kdy\u017e j\u00ed padl od oka. I kdy\u017e jinak matku z cel\u00e9ho srdce nen\u00e1vid\u011bla, te\u010f se o ni za\u010dala strachovat a to pot\u00e9, co mobil spat\u0159ila v ruce Martiny Kobl\u00ed\u017ekov\u00e9, a doneslo se k n\u00ed, jak doty\u010dn\u00e1 ubl\u00ed\u017eila Jitce V\u00e1lkov\u00e9.<\/span><\/span><\/span><\/p>\n<p class=\"western\"><span style=\"color: #333333;\">\u201e<span style=\"font-family: Times New Roman, serif;\"><span style=\"font-size: medium;\">Jsi opravdu bystr\u00e9 d\u011bv\u010de,\u201c prohodila uznale \u017eena jedovat\u011b nasl\u00e1dl\u00fdm hl\u00e1skem, kter\u00fd nev\u011bstil nic dobr\u00e9ho. \u201eNev\u011bdom\u011b n\u00e1m tv\u00e1 matka sv\u016fj mobil prost\u011b zanechala, pokud to chce\u0161 v\u011bd\u011bt.\u201c<\/span><\/span><\/span><\/p>\n<p class=\"western\"><span style=\"color: #333333;\"><span style=\"font-family: Times New Roman, serif;\"><span style=\"font-size: medium;\">Annou po t\u00e9to hl\u00e1\u0161ce za\u010daly zm\u00edtat nov\u00e9 obavy.<\/span><\/span><\/span><\/p>\n<p class=\"western\"><span style=\"color: #333333;\">\u201e<span style=\"font-family: Times New Roman, serif;\"><span style=\"font-size: medium;\">Hezky to um\u00edm s lidmi sehr\u00e1vat, co \u0159\u00edk\u00e1\u0161, Ani\u010dko? To v\u00ed\u0161, l\u00e9ta praxe na divadle zp\u016fsob\u00ed sv\u00e9.\u201c<\/span><\/span><\/span><\/p>\n<p class=\"western\"><span style=\"color: #333333;\">\u201e<span style=\"font-family: Times New Roman, serif;\"><span style=\"font-size: medium;\">Netu\u0161ila jsem, \u017ee divadlo zam\u011bstn\u00e1v\u00e1 tak prohnan\u00e9 mrchy jako jsi ty,\u201c odv\u00e1\u017eila se Anna takto zostra poznamenat, na\u010de\u017e zpozorovala, jak se Martin\u011b Kobl\u00ed\u017ekov\u00e9 po tomto v\u00fdroku \u00fasta mali\u010dko zk\u0159ivila vztekem. Patrn\u011b i ona, stejn\u011b jako Petr Krtek, v osobn\u00edm \u017eivot\u011b nedos\u00e1hla po\u017eadovan\u00e9ho \u00fasp\u011bchu, v jej\u00edm p\u0159\u00edpad\u011b na divadeln\u00edch prknech, co znamenaj\u00ed sv\u011bt, a tak se ho vydala hledat mimo n\u011b coby pomstychtiv\u00e1 hereck\u00e1 semetrika.<\/span><\/span><\/span><\/p>\n<p class=\"western\"><span style=\"color: #333333;\">\u201e<span style=\"font-family: Times New Roman, serif;\"><span style=\"font-size: medium;\">Jen si klidn\u011b smo\u010d, Ani\u010dko, m\u011b, na rozd\u00edl od tv\u00e9ho b\u00fdval\u00e9ho partnera, t\u00edm v\u016fbec neran\u00ed\u0161,\u201c konstatovala \u017eena, i kdy\u017e si Anna byla celkem jist\u00e1, \u017ee tomu tak zcela \u00fapln\u011b nen\u00ed.<\/span><\/span><\/span><\/p>\n<p class=\"western\"><span style=\"color: #333333;\"><span style=\"font-family: Times New Roman, serif;\"><span style=\"font-size: medium;\">Jen\u017ee z\u00e1hy byla Anna vystavena nov\u00e9mu tlaku, to kdy\u017e znovu p\u0159i\u0161la \u0159e\u010d na jej\u00ed matku.<\/span><\/span><\/span><\/p>\n<p class=\"western\"><span style=\"color: #333333;\">\u201e<span style=\"font-family: Times New Roman, serif;\"><span style=\"font-size: medium;\">Kdepak m\u00e1\u0161 svou maminku, Ani\u010dko?\u201c spustila nanovo \u017eena t\u00edm sam\u00fdm jedovat\u011b nasl\u00e1dl\u00fdm hl\u00e1skem, p\u0159i\u010dem\u017e se u toho i n\u00e1le\u017eit\u011b culila. \u201eTak copak se s n\u00ed stalo?\u201c<\/span><\/span><\/span><\/p>\n<p class=\"western\"><span style=\"color: #333333;\">\u201e<span style=\"font-family: Times New Roman, serif;\"><span style=\"font-size: medium;\">Je mrtv\u00e1!\u201c rozk\u0159ikl se zni\u010dehonic naplno Annin b\u00fdval\u00fd p\u0159\u00edtel. \u201eJE MRTV\u00c1!\u201c rozezn\u011blo se chodbou on\u00edm druh\u00fdm temn\u00fdm hlasem.<\/span><\/span><\/span><\/p>\n<p class=\"western\"><span style=\"color: #333333;\"><span style=\"font-family: Times New Roman, serif;\"><span style=\"font-size: medium;\">V Ann\u011b v ten moment dvojn\u00e1sobn\u011b hrklo. Takov\u00e1 p\u0159edstava pro ni byla absolutn\u011b nemysliteln\u00e1. I kdy\u017e Anna se svoj\u00ed matkou kdov\u00edjak nevych\u00e1zela dob\u0159e, n\u011bco takov\u00e9ho jako byla skute\u010dn\u00e1 smrt j\u00ed nikdy doopravdy nep\u0159\u00e1la. \u201eNe, to ne!\u201c<\/span><\/span><\/span><\/p>\n<p class=\"western\"><span style=\"color: #333333;\">\u201e<span style=\"font-family: Times New Roman, serif;\"><span style=\"font-size: medium;\">A pro\u010d mysl\u00ed\u0161, \u017ee by to tak nemohlo b\u00fdt, Ani\u010dko? Jak jinak by se n\u00e1m po\u0161t\u011bstilo z\u00edskat tyto cennosti?\u201c<\/span><\/span><\/span><\/p>\n<p class=\"western\"><span style=\"color: #333333;\"><span style=\"font-family: Times New Roman, serif;\"><span style=\"font-size: medium;\">Anna vedle mat\u010dina mobilu n\u00e1hle zpozorovala jej\u00ed pen\u011b\u017eenku a dal\u0161\u00ed osobn\u00ed v\u011bci v rukou Martiny Kobl\u00ed\u017ekov\u00e9. Bylo v\u00edce ne\u017e jist\u00e9, \u017ee se nejednalo o podvrhy. \u201eCo jste j\u00ed provedli?\u201c vyk\u0159ikla. P\u0159\u00edstup tr\u00fdznitel\u016f se j\u00ed ani trochu nezamlouval.<\/span><\/span><\/span><\/p>\n<p class=\"western\"><span style=\"color: #333333;\">\u201e<span style=\"font-family: Times New Roman, serif;\"><span style=\"font-size: medium;\">Jen jsme si s n\u00ed mali\u010dko pohr\u00e1li. Bylo to nesm\u00edrn\u011b z\u00e1bavn\u00e9, podobn\u011b jako v p\u0159\u00edpad\u011b Jitu\u0161ky V\u00e1lkov\u00e9,\u201c poznamenala \u017eena l\u00edbezn\u011b a zase se u toho \u0161ibalsky zakabonila.<\/span><\/span><\/span><\/p>\n<p class=\"western\"><span style=\"color: #333333;\">\u201e<span style=\"font-family: Times New Roman, serif;\"><span style=\"font-size: medium;\">Ne, to ne,\u201c \u0161pitla Anna tentokr\u00e1t chv\u011bjiv\u00fdm hlasem, nebo\u0165 ta p\u0159edstava pro ni byla \u00fad\u011bsn\u00e1.<\/span><\/span><\/span><\/p>\n<p class=\"western\"><span style=\"color: #333333;\">\u201e<span style=\"font-family: Times New Roman, serif;\"><span style=\"font-size: medium;\">Ale ano, Anno, zabili jsme ji.\u201c<\/span><\/span><\/span><\/p>\n<p class=\"western\"><span style=\"color: #333333;\"><span style=\"font-family: Times New Roman, serif;\"><span style=\"font-size: medium;\">Ann\u011b p\u0159ejel mr\u00e1z po z\u00e1dech, jej\u00ed b\u00fdval\u00fd p\u0159\u00edtel to nyn\u00ed vyslovil bez sebemen\u0161\u00edho kousku citu.<\/span><\/span><\/span><\/p>\n<p class=\"western\"><span style=\"color: #333333;\">\u201e<span style=\"font-family: Times New Roman, serif;\"><span style=\"font-size: medium;\">Co taky s n\u00ed d\u00e1l, kdy\u017e u\u017e n\u00e1m dala, co m\u011bla,\u201c jal se Petr Krtek nov\u00e9ho \u0159e\u010dn\u011bn\u00ed a Annu sv\u00fdm p\u0159\u00edstupem tak d\u00e1l nev\u00fdslovn\u011b \u0161okoval. \u201ePen\u00edze v dne\u0161n\u00edm sv\u011bt\u011b maj\u00ed st\u00e1le svou nedoz\u00edrnou hodnotu, to p\u0159ece, Anno, sama dob\u0159e v\u00ed\u0161.\u201c<\/span><\/span><\/span><\/p>\n<p class=\"western\"><span style=\"color: #333333;\">\u201e<span style=\"font-family: Times New Roman, serif;\"><span style=\"font-size: medium;\">A stejn\u011b tak i postaven\u00ed ve spole\u010dnosti,\u201c nav\u00e1zala Martina Kobl\u00ed\u017ekov\u00e1. \u201eAno, Ani\u010dko,\u201c pokra\u010dovala, \u201ezd\u00e1 se, \u017ee ti to kone\u010dn\u011b do\u0161lo, co? V z\u00e1chvatech vnit\u0159n\u00edho smutku, bolesti a str\u00e1d\u00e1n\u00ed nad svou zesnulou matinkou jsi kone\u010dn\u011b pochopila na\u0161e \u017eivotn\u00ed role: j\u00e1 a tady P\u00e9\u0165a se druh\u00fdm prost\u011b r\u00e1di mst\u00edme a parazitujeme na jejich \u0161t\u011bst\u00ed, p\u0159i\u010dem\u017e n\u00e1m ne\u010din\u00ed sebemen\u0161\u00ed pot\u00ed\u017ee j\u00edt p\u0159es mrtvoly a pen\u00edze pro n\u00e1s, tak jako pro ka\u017ed\u00e9ho jin\u00e9ho smrteln\u00edka, znamenaj\u00ed nez\u00e1vislost.\u201c<\/span><\/span><\/span><\/p>\n<p class=\"western\"><span style=\"color: #333333;\"><span style=\"font-family: Times New Roman, serif;\"><span style=\"font-size: medium;\">Ann\u011b ta slova p\u0159ipomn\u011bla, jak pr\u00e1v\u011b jej\u00ed b\u00fdval\u00fd p\u0159\u00edtel tolik prahl po moci a uzn\u00e1n\u00ed a pl\u00edsnil ka\u017ed\u00e9ho, kdo mu nebyl sympatick\u00fd \u010di po v\u016fli, kdy\u017e spolu kdysi chodili. Jen\u017ee Petr Krtek um\u011bl nemile p\u0159ekvapovat i nyn\u00ed a to nejen ohledn\u011b jist\u00e9ho \u00famrt\u00ed. \u201eVyplat\u00ed se m\u00edt kontakty, obzvl\u00e1\u0161\u0165 mezi m\u00edstn\u00edmi.\u201c Na\u010de\u017e luskl prsty a v tu chv\u00edli se dostavila osoba, kter\u00e1 Annu svou p\u0159\u00edtomnost\u00ed \u0161okovala patrn\u011b ze v\u0161eho nejv\u00edce, nebo\u0165 ji v\u016fbec neo\u010dek\u00e1vala. Kdyby tu nyn\u00ed byl p\u0159\u00edtomen Kry\u0161tof V\u00e1lek, zajist\u00e9 by oslavoval sv\u016fj v\u00edt\u011bzn\u00fd triumf ohledn\u011b p\u0159\u00edchoz\u00edho. \u201eJen se neost\u00fdchejte a p\u0159istupte bl\u00ed\u017ee, Tome. Anna v\u00e1s ur\u010dit\u011b miler\u00e1da po nepatrn\u00e9 odmlce zase uvid\u00ed.\u201c<\/span><\/span><\/span><\/p>\n<p class=\"western\"><span style=\"color: #333333;\"><span style=\"font-family: Times New Roman, serif;\"><span style=\"font-size: medium;\">Byl to skute\u010dn\u011b Tom Wong. Po chodb\u011b se pohyboval zcela voln\u011b a nezd\u00e1lo se, \u017ee by tentokr\u00e1t m\u011bl v pl\u00e1nu Martinu Kobl\u00ed\u017ekovou, co si v jeho p\u0159\u00edtomnosti hr\u00e1la na Anninu matku, n\u011bjak ok\u0159ikovat, nato\u017e Petra Krtka. Tom Wong se norm\u00e1ln\u011b vedle Martiny Kobl\u00ed\u017ekov\u00e9 postavil a pravil: \u201eDobr\u00e9 r\u00e1no, Anno.\u201c<\/span><\/span><\/span><\/p>\n<p class=\"western\"><span style=\"color: #333333;\">\u201e<span style=\"font-family: Times New Roman, serif;\"><span style=\"font-size: medium;\">Udivuje t\u011b, \u017ee tv\u016fj n\u011bkdej\u0161\u00ed p\u0159\u00edtel nyn\u00ed sympatizuje se mnou a s moji spole\u010dnic\u00ed?\u201c dmul se doslova p\u00fdchou Annin b\u00fdval\u00fd p\u0159\u00edtel.<\/span><\/span><\/span><\/p>\n<p class=\"western\"><span style=\"color: #333333;\">\u201e<span style=\"font-family: Times New Roman, serif;\"><span style=\"font-size: medium;\">Byli jsme tak p\u0159ece domluveni,\u201c ozval se s\u00e1m od sebe Tom Wong.<\/span><\/span><\/span><\/p>\n<p class=\"western\"><span style=\"color: #333333;\">\u201e<span style=\"font-family: Times New Roman, serif;\"><span style=\"font-size: medium;\">P\u0159esn\u011b tak,\u201c odpov\u011bd\u011bl Petr Krtek a pak zasalutoval: \u201eNo nen\u00ed to b\u00e1je\u010dn\u00e9 spojenectv\u00ed, co \u0159\u00edk\u00e1\u0161 Anno?! P\u0159ed tv\u00fdmi zraky se tu se\u0161lo n\u011bkolik jedinc\u016f, co ok\u00e1zale dok\u00e1zali z\u00fa\u010dtovat s minulost\u00ed, na\u010de\u017e se u toho ne\u0161t\u00edtili j\u00edt, jak u\u017e tu bylo \u0159e\u010deno, p\u0159es mrtvoly!\u201c<\/span><\/span><\/span><\/p>\n<p class=\"western\"><span style=\"color: #333333;\"><span style=\"font-family: Times New Roman, serif;\"><span style=\"font-size: medium;\">Anna u\u017e t\u011bch zm\u00ednek o mrtvol\u00e1ch m\u011bla tak akor\u00e1t, le\u010d nemohla s t\u00edm nic d\u011blat, po\u0159\u00e1d byla p\u0159ipout\u00e1na k l\u016f\u017eku a Tom Wong, jak se zd\u00e1lo, s t\u00edm rovn\u011b\u017e nic nehodlal d\u011blat.<\/span><\/span><\/span><\/p>\n<p class=\"western\"><span style=\"color: #333333;\">\u201e<span style=\"font-family: Times New Roman, serif;\"><span style=\"font-size: medium;\">Nepohodln\u00e9, \u017ee? Podobn\u011b na tom byl Leopold Barnet, kdy\u017e si s n\u00edm zde m\u016fj p\u0159\u00edtomn\u00fd asijsk\u00fd p\u0159\u00edtel pohr\u00e1val,\u201c bavil se Anninou bezradnost\u00ed jej\u00ed b\u00fdval\u00fd p\u0159\u00edtel. \u201eA pak zazn\u011bl posledn\u00ed v\u00fdst\u0159el a on se po n\u011bm odebral do v\u011b\u010dn\u00fdch posmrtn\u00fdch lovi\u0161\u0165.<\/span><\/span><\/span><\/p>\n<p class=\"western\"><span style=\"color: #333333;\">\u201e<span style=\"font-family: Times New Roman, serif;\"><span style=\"font-size: medium;\">Nemus\u00edte zach\u00e1zet do p\u0159\u00edli\u0161n\u00fdch detail\u016f,\u201c p\u0159ihl\u00e1sil se znovu o slovo Tom Wong.<\/span><\/span><\/span><\/p>\n<p class=\"western\"><span style=\"color: #333333;\">\u201e<span style=\"font-family: Times New Roman, serif;\"><span style=\"font-size: medium;\">Ale pro\u010dpak by ne? A\u0165 se tady Ani\u010dka p\u011bkn\u011b dozv\u00ed v\u0161echny podrobnosti,\u201c m\u00ednil Petr Krtek. \u201eOstatn\u011b tak jste to p\u0159ece s\u00e1m cht\u011bl, aby si v\u0161e na rovinu a bez p\u0159\u00edkras vyslechla, j\u00e1 v\u00e1m jen chci vyj\u00edt vst\u0159\u00edc,\u201c obhajoval se.<\/span><\/span><\/span><\/p>\n<p class=\"western\"><span style=\"color: #333333;\">\u201e<span style=\"font-family: Times New Roman, serif;\"><span style=\"font-size: medium;\">J\u00e1 v\u00edm,\u201c pravil Tom Wong. \u201eA d\u011bl\u00e1te to velice vkusn\u011b, na mou du\u0161i.\u201c<\/span><\/span><\/span><\/p>\n<p class=\"western\"><span style=\"color: #333333;\">\u201e<span style=\"font-family: Times New Roman, serif;\"><span style=\"font-size: medium;\">B\u00edd\u00e1ci!\u201c<\/span><\/span><\/span><\/p>\n<p class=\"western\"><span style=\"color: #333333;\">\u201e<span style=\"font-family: Times New Roman, serif;\"><span style=\"font-size: medium;\">Ale snad bys n\u00e1m tu zase necht\u011bla vyhro\u017eovat, Ani\u010dko?\u201c ujala se slova Martina Kobl\u00ed\u017ekov\u00e1. \u201eBeztak t\u011b nikdo neusly\u0161\u00ed, tyhle mochnick\u00e9 zdi toti\u017e nemaj\u00ed u\u0161i, z\u00e1chrany se tak marn\u011b dovol\u00e1\u0161.\u201c<\/span><\/span><\/span><\/p>\n<p class=\"western\"><span style=\"color: #333333;\">\u201e<span style=\"font-family: Times New Roman, serif;\"><span style=\"font-size: medium;\">Stejn\u011b jako se u\u017e nikdy nedovol\u00e1\u0161 sv\u00e9 matinky, Anno,\u201c dodal p\u0159\u00edk\u0159e Petr Krtek.<\/span><\/span><\/span><\/p>\n<p class=\"western\"><span style=\"color: #333333;\">\u201e<span style=\"font-family: Times New Roman, serif;\"><span style=\"font-size: medium;\">Mo\u017en\u00e1 by bylo te\u010f nam\u00edst\u011b Ann\u011b objasnit, pro\u010d s jej\u00ed matkou bylo nakonec tak nemile z\u00fa\u010dtov\u00e1no,\u201c poznamenal do napjat\u00e9 atmosf\u00e9ry Tom Wong a ihned pot\u00e9 zase nasadil neproniknuteln\u00fd pohled.<\/span><\/span><\/span><\/p>\n<p class=\"western\"><span style=\"color: #333333;\">\u201e<span style=\"font-family: Times New Roman, serif;\"><span style=\"font-size: medium;\">Prost\u011b n\u00e1m st\u00e1la v cest\u011b: poprv\u00e9 \u0161ikovn\u011b a podruh\u00e9\u2026 ne\u0161ikovn\u011b,\u201c \u0159ekl to Petr Krtek dosti lakonicky. \u201eOtec pr\u00e1vn\u00edk a jeho \u017eena d\u011bdi\u010dka nast\u0159\u00e1dan\u00fdch pen\u00edzk\u016f. Lep\u0161\u00ed partii pod sluncem si nelze p\u0159\u00e1t.\u201c<\/span><\/span><\/span><\/p>\n<p class=\"western\"><span style=\"color: #333333;\">\u201e<span style=\"font-family: Times New Roman, serif;\"><span style=\"font-size: medium;\">A kdy\u017e se k tomu nachom\u00fdtne jedna dosti vychytral\u00e1 poradkyn\u011b, je to o to v\u00edce z\u00e1bavn\u011bj\u0161\u00ed,\u201c doplnila Martina Kobl\u00ed\u017ekov\u00e1.<\/span><\/span><\/span><\/p>\n<p class=\"western\"><span style=\"color: #333333;\"><span style=\"font-family: Times New Roman, serif;\"><span style=\"font-size: medium;\">Anna ani na vte\u0159inu nezapochybovala o tom, kdo \u017ee se onou poradkyn\u00ed stal. \u00dalisn\u00fd v\u00fdraz v tv\u00e1\u0159i \u017eeny j\u00ed to prozradil.<\/span><\/span><\/span><\/p>\n<p class=\"western\"><span style=\"color: #333333;\">\u201e<span style=\"font-family: Times New Roman, serif;\"><span style=\"font-size: medium;\">A tak se p\u0159ihodilo, \u017ee jsem s tvou matkou, Anno, znovu nav\u00e1zal spojen\u00ed p\u0159es prost\u0159edn\u00edka, j\u00edm\u017e se stala tady Mary,\u201c potvrdil Anninu domn\u011bnku jej\u00ed b\u00fdval\u00fd p\u0159\u00edtel a pokra\u010doval: \u201eZpo\u010d\u00e1tku nebylo tvou matinku lehk\u00e9 uko\u010d\u00edrovat, znovu se j\u00ed p\u0159ipomenout, h\u00e1zet na tebe \u0161p\u00ednu, kdykoliv na tvou mali\u010dkost p\u0159i\u0161la \u0159e\u010d, zkr\u00e1tka si ji z\u00edskat na svoji stranu. Ale jak vid\u00ed\u0161, nakonec se v\u0161e zda\u0159ilo a tv\u00e1 matinka n\u00e1m za\u010dala p\u011bkn\u011b zobat z ruky. Dobr\u00fd proslov, \u017ee?\u201c<\/span><\/span><\/span><\/p>\n<p class=\"western\"><span style=\"color: #333333;\"><span style=\"font-family: Times New Roman, serif;\"><span style=\"font-size: medium;\">To se Annin b\u00fdval\u00fd p\u0159\u00edtel v\u00fdznamn\u011b pod\u00edval na Toma Wonga a ten mu dal k\u00fdvnut\u00edm najevo souhlas.<\/span><\/span><\/span><\/p>\n<p class=\"western\"><span style=\"color: #333333;\">\u201e<span style=\"font-family: Times New Roman, serif;\"><span style=\"font-size: medium;\">Jen\u017ee tu st\u00e1le hrozilo nebezpe\u010d\u00ed, \u017ee by mohla pojmout podez\u0159en\u00ed a to po p\u0159eveden\u00ed ve\u0161ker\u00fdch pen\u011bz na po\u017eadovan\u00fd \u00fa\u010det. A tak logicky n\u00e1sledovalo, co se nab\u00edzelo: jeden musel j\u00edt z kola ven.\u201c<\/span><\/span><\/span><\/p>\n<p class=\"western\"><span style=\"color: #333333;\">\u201e<span style=\"font-family: Times New Roman, serif;\"><span style=\"font-size: medium;\">Ty gr\u00e1zle! Ty jeden odpornej gr\u00e1zle!\u201c v\u0159\u00edskala Anna, nebo\u0165 jej\u00ed b\u00fdval\u00fd p\u0159\u00edtel nez\u016fstal jen u ok\u00e1zal\u00fdch proslov\u016f, n\u00fdbr\u017e se ne\u0161t\u00edtil j\u00ed uk\u00e1zat i fotografie mrtv\u00e9 matky.<\/span><\/span><\/span><\/p>\n<p class=\"western\"><span style=\"color: #333333;\">\u201e<span style=\"font-family: Times New Roman, serif;\"><span style=\"font-size: medium;\">A tak se nakonec stalo tak, jak ses na vlastn\u00ed o\u010di m\u011bla mo\u017enost pr\u00e1v\u011b p\u0159esv\u011bd\u010dit,\u201c ujal se znovu slova Petr Krtek. \u201eJen\u017ee co pak, a\u017e by se p\u0159i\u0161lo na to, \u017ee tv\u00e1 matka, Anno, n\u011bkomu doopravdy sch\u00e1z\u00ed? A taky: jak nalo\u017eit s tebou coby jej\u00ed pota\u017emo jedinou p\u0159\u00edbuznou? A vid\u00ed\u0161, Anno, \u0159e\u0161en\u00ed se nakonec p\u0159eci jen na\u0161lo. Sice jsi z prvn\u00ed l\u00e9\u010dky vyv\u00e1zla, z t\u00e9hle druh\u00e9 se ti to ale u\u017e nepovede. V t\u00e9hle chodb\u011b jsi \u00fapln\u011b od\u0159\u00edznut\u00e1 od okoln\u00edho sv\u011bta a n\u011bkdo t\u011b st\u011b\u017e\u00ed usly\u0161\u00ed k\u0159i\u010det o pomoc. Skon\u010d\u00ed\u0161 stejn\u011b jako neboh\u00fd Leopold Barnet, nem\u00e1m pravdu Tome?\u201c<\/span><\/span><\/span><\/p>\n<p class=\"western\"><span style=\"color: #333333;\"><span style=\"font-family: Times New Roman, serif;\"><span style=\"font-size: medium;\">To se Annin b\u00fdval\u00fd p\u0159\u00edtel op\u011bt oto\u010dil na Toma Wonga, aby od n\u011bj vyzv\u011bd\u011bl, jestli si po\u010d\u00edn\u00e1 spr\u00e1vn\u011b.<\/span><\/span><\/span><\/p>\n<p class=\"western\"><span style=\"color: #333333;\">\u201e<span style=\"font-family: Times New Roman, serif;\"><span style=\"font-size: medium;\">Ano, Leopold Barnet skonal mou ruku a rozhodn\u011b to pak nebyl moc p\u0159\u00edjemn\u00fd pohled,\u201c vyslovil do Annin\u00fdch nov\u00fdch nad\u00e1vek z\u0159eteln\u011b Tom Wong a hned nato nasadil ten sam\u00fd neproniknuteln\u00fd pohled.<\/span><\/span><\/span><\/p>\n<p class=\"western\"><span style=\"color: #333333;\">\u201e<span style=\"font-family: Times New Roman, serif;\"><span style=\"font-size: medium;\">To rozhodn\u011b,\u201c odsouhlasil to Petr Krtek. \u201eV\u00ed\u0161, Anno, tady m\u016fj asijsk\u00fd p\u0159\u00edtel nen\u00ed takov\u00e1 m\u011bkota jako ti v\u0161ichni zdej\u0161\u00ed brat\u0159\u00ed\u010dkuj\u00edc\u00ed se Katalomoch\u0148an\u00e9. Stejn\u011b jako j\u00e1 um\u00ed jednat na rovinu a s nik\u00fdm se nep\u00e1\u0159e. Kdy\u017e se pot\u0159eboval zbavit Leopolda Barneta, ud\u011blal to, kdy\u017e si na svou stranu pot\u0159eboval z\u00edskat pot\u0159ebn\u00e9 mno\u017estv\u00ed lid\u00ed, ud\u011blal to. M\u016fj asijsk\u00fd p\u0159\u00edtel je stejn\u00fd jako j\u00e1: jedn\u00e1 na rovinu a nebere si serv\u00edtky. Jest tak?\u201c<\/span><\/span><\/span><\/p>\n<p class=\"western\"><span style=\"color: #333333;\">\u201e<span style=\"font-family: Times New Roman, serif;\"><span style=\"font-size: medium;\">Ano, tak jest,\u201c p\u0159ipomn\u011bl se Tom Wong. \u201eZ\u00e1bavn\u00e9 je zejm\u00e9na to m\u00e9 vypr\u00e1v\u011bn\u00ed o jist\u00e9m EC popu, pokud u\u017e jste nakousl to o davov\u00e9 psych\u00f3ze.\u201c<\/span><\/span><\/span><\/p>\n<p class=\"western\"><span style=\"color: #333333;\">\u201e<span style=\"font-family: Times New Roman, serif;\"><span style=\"font-size: medium;\">Ach ano, EC pop \u2013 onen ojedin\u011bl\u00fd seversk\u00fd sound neboli kontrast tance, elektroniky a klasiky v tom nejmelodi\u010dt\u011bj\u0161\u00edm proveden\u00ed, jak\u00e9 si \u010dlov\u011bk jinak jen st\u011b\u017e\u00ed dok\u00e1\u017ee na\u017eivo p\u0159edstavit, pokud to na vlastn\u00ed u\u0161i neusly\u0161\u00ed,\u201c uvedl znovu dosti nevrle Annin b\u00fdval\u00fd p\u0159\u00edtel.<\/span><\/span><\/span><\/p>\n<p class=\"western\"><span style=\"color: #333333;\">\u201e<span style=\"font-family: Times New Roman, serif;\"><span style=\"font-size: medium;\">Velice vkusn\u011b vy\u0159\u010deno,\u201c p\u0159isv\u011bd\u010dil naopak Tom Wong.<\/span><\/span><\/span><\/p>\n<p class=\"western\"><span style=\"color: #333333;\">\u201e<span style=\"font-family: Times New Roman, serif;\"><span style=\"font-size: medium;\">Jen\u017ee zdej\u0161\u00ed m\u011bstsk\u00e1 smet\u00e1nka je dosti hloup\u00e1 a na podobn\u00e9 omluvn\u00e9 a poutav\u00e9 kecy sko\u010d\u00ed, ani\u017e by v\u011bd\u011bla, s k\u00fdm doopravdy m\u00e1 tu \u010dest. Neboh\u00fd Radov\u00e1nek Litevsk\u00fd se tak zcela myln\u011b domn\u00edval, \u017ee tady v panu Wongovi na\u0161el sv\u00e9ho nejlep\u0161\u00edho p\u0159\u00edtele. \u00d3 jak se tuze nevypl\u00e1c\u00ed slep\u011b d\u016fv\u011b\u0159ovat p\u0159ist\u011bhovalc\u016fm. Jedin\u011b j\u00e1 jsem ve skute\u010dnosti pochopil, co je Tom Wong za\u010d a uzav\u0159el s n\u00edm spojenectv\u00ed, kter\u00e9 d\u00e1v\u00e1 nejen logiku ale i smysl.\u201c<\/span><\/span><\/span><\/p>\n<p class=\"western\"><span style=\"color: #333333;\">\u201e<span style=\"font-family: Times New Roman, serif;\"><span style=\"font-size: medium;\">Shnij v pekle, ty jedna zr\u016fdo!\u201c zn\u011bla Annina reakce na proslov jej\u00edho b\u00fdval\u00e9ho p\u0159\u00edtele.<\/span><\/span><\/span><\/p>\n<p class=\"western\"><span style=\"color: #333333;\">\u201e<span style=\"font-family: Times New Roman, serif;\"><span style=\"font-size: medium;\">Hohoh\u00f3 j\u00e1? Tam co nevid\u011bt poputuje\u0161 ty, krasotinko, ale neboj se, sv\u011bt se dozv\u00ed o tv\u00e9 nen\u00e1visti k matce a stejn\u011b tak i poodhal\u00ed tv\u00e9 nekal\u00e9 pl\u00e1ny nam\u00ed\u0159en\u00e9 proti vlastn\u00ed rodin\u011b a sv\u011btu jako takov\u00e9mu. Lid\u00e9 se tak nebudou sta\u010dit divit, co se jedn\u00e9 \u0161\u00edlen\u00e9 \u017eensk\u00e9 honilo hlavou.\u201c<\/span><\/span><\/span><\/p>\n<p class=\"western\"><span style=\"color: #333333;\">\u201e<span style=\"font-family: Times New Roman, serif;\"><span style=\"font-size: medium;\">Pche, to bys ze m\u011b takov\u00e9 p\u0159izn\u00e1n\u00ed nejprve musel n\u011bjak vyp\u00e1\u010dit a to se ti nepovede!\u201c odpov\u011bd\u011bla nevra\u017eiv\u011b Anna, na\u010de\u017e sv\u00e9ho b\u00fdval\u00e9ho p\u0159\u00edtele obda\u0159ila plivancem do tv\u00e1\u0159e, to kdy\u017e se nad n\u00ed skl\u00e1n\u011bl a l\u00ed\u010dil j\u00ed svou teorii.<\/span><\/span><\/span><\/p>\n<p class=\"western\"><span style=\"color: #333333;\">\u201e<span style=\"font-family: Times New Roman, serif;\"><span style=\"font-size: medium;\">Pro\u010d mysl\u00ed\u0161, Ani\u010dko, \u017ee by n\u011bco takov\u00e9ho nebylo mo\u017en\u00e9?\u201c To se po del\u0161\u00ed odmlce o slovo p\u0159ihl\u00e1sila Martina Kobl\u00ed\u017ekov\u00e1 a k Annin\u011b hr\u016fze od Toma Wonga p\u0159ijala jednu z jeho ALMAN. \u201eTento kouzeln\u00fd walkmanek zajist\u00e9 dob\u0159e zn\u00e1\u0161, Ani\u010dko, av\u0161ak i j\u00e1 v\u00edm, jak s n\u00edm zach\u00e1zet. Dok\u00e1zala jsem tvou zesnulou matinku imitovat po vzhledov\u00e9 str\u00e1nce, tak\u017ee napodobit jej\u00ed a tv\u016fj hlas ji\u017e pro m\u011b nebude \u017e\u00e1dn\u00fdm probl\u00e9mem. A v\u011bz mi, \u017ee a\u017e se do toho pust\u00edm, n\u00e1le\u017eit\u011b si to vychutn\u00e1m.\u201c<\/span><\/span><\/span><\/p>\n<p class=\"western\"><span style=\"color: #333333;\"><span style=\"font-family: Times New Roman, serif;\"><span style=\"font-size: medium;\">Anna v\u011bd\u011bla, \u017ee je ztracen\u00e1. Najednou v\u016fbec netu\u0161ila, jak\u00fd protiargument by m\u011bla v\u016f\u010di tr\u00fdznitel\u016fm pou\u017e\u00edt. Opravdu si p\u0159ipadala jako od\u0159\u00edznut\u00e1 od okoln\u00edho sv\u011bta. Jen\u017ee Anna je\u0161t\u011b nebyla p\u0159ipravena zem\u0159\u00edt, kde\u017eto jej\u00ed b\u00fdval\u00fd p\u0159\u00edtel patrn\u011b m\u00ednil v\u0161emu u\u010dinit kone\u010dnou p\u0159\u00edtr\u017e.<\/span><\/span><\/span><\/p>\n<p class=\"western\"><span style=\"color: #333333;\">\u201e<span style=\"font-family: Times New Roman, serif;\"><span style=\"font-size: medium;\">Je na\u010dase se rozlou\u010dit, Anno.\u201c<\/span><\/span><\/span><\/p>\n<p class=\"western\"><span style=\"color: #333333;\">\u201e<span style=\"font-family: Times New Roman, serif;\"><span style=\"font-size: medium;\">Na va\u0161em m\u00edst\u011b bych se tak neukvapoval,\u201c p\u0159ihl\u00e1sil se o slovo Tom Wong, kdy\u017e si ALMANU bral nazp\u011bt, a tak usm\u011brnil z\u00e1m\u011br Petra Krtka usmrtit Annu ranou z pistole.<\/span><\/span><\/span><\/p>\n<p class=\"western\"><span style=\"color: #333333;\">\u201e<span style=\"font-family: Times New Roman, serif;\"><span style=\"font-size: medium;\">Copak se v\u00e1m nezd\u00e1? P\u0159eci jsme se jasn\u011b dohodli!\u201c \u0159ekl to Petr Krtek, jako by se ho takov\u00fd p\u0159\u00edstup najednou hluboce dotkl, a Anna si pov\u0161imla, \u017ee to bylo v\u016fbec poprv\u00e9, co se na Toma Wonga pod\u00edval se zna\u010dn\u00fdm podez\u0159en\u00edm.<\/span><\/span><\/span><\/p>\n<p class=\"western\"><span style=\"color: #333333;\">\u201e<span style=\"font-family: Times New Roman, serif;\"><span style=\"font-size: medium;\">Nebojte se, v\u00e1\u0161 p\u016fvodn\u00ed z\u00e1m\u011br nem\u00e1m v pl\u00e1nu n\u011bjak naru\u0161ovat,\u201c ospravedl\u0148oval se Tom Wong, \u201ejen bych si r\u00e1d na zde p\u0159\u00edtomn\u00e9 sle\u010dn\u011b vyzkou\u0161el jednu takovou men\u0161\u00ed lib\u016fstku.\u201c<\/span><\/span><\/span><\/p>\n<p class=\"western\"><span style=\"color: #333333;\">\u201e<span style=\"font-family: Times New Roman, serif;\"><span style=\"font-size: medium;\">Nezapome\u0148te ale, \u017ee to budeme mi, kdo j\u00ed zk\u0159iv\u00ed posledn\u00ed vl\u00e1sek,\u201c poznamenal veled\u016fle\u017eit\u011b Petr Krtek.<\/span><\/span><\/span><\/p>\n<p class=\"western\"><span style=\"color: #333333;\">\u201e<span style=\"font-family: Times New Roman, serif;\"><span style=\"font-size: medium;\">Bez obav, m\u00e1te m\u00e9 slovo,\u201c op\u00e1\u010dil Tom Wong.<\/span><\/span><\/span><\/p>\n<p class=\"western\"><span style=\"color: #333333;\"><span style=\"font-family: Times New Roman, serif;\"><span style=\"font-size: medium;\">Anna si p\u0159ipadala jako v prav\u00e9m hororu. Sama se, ani nev\u011bd\u011bla jak, ocitla kdesi v podzem\u00ed, kde o ni projevovaly z\u00e1jem hned t\u0159i osoby nar\u00e1z, ov\u0161em ani jedna z nich se j\u00ed nezamlouvala, nato\u017e dan\u00e9 praktiky na n\u00ed prov\u00e1d\u011bn\u00e9 \u010di pouh\u00e9 zm\u00ednky o nich. A te\u010f se jich m\u011bl chopit \u010dlov\u011bk, kter\u00fd si p\u0159edt\u00edm hr\u00e1l na Annina ochr\u00e1nce a b\u00e1snil d\u00edvce o sv\u00fdch \u017eivotn\u00edch ho\u0159kostech a k n\u011bmu\u017e si doty\u010dn\u00e1 vyp\u011bstovala alespo\u0148 trochu kladn\u00fd vztah.<\/span><\/span><\/span><\/p>\n<p class=\"western\"><span style=\"color: #333333;\"><span style=\"font-family: Times New Roman, serif;\"><span style=\"font-size: medium;\">Ov\u0161em z\u00e1hy do\u0161lo k n\u011b\u010demu neo\u010dek\u00e1van\u00e9mu, nikoliv Anna n\u00fdbr\u017e Petr Krtek poc\u00edtil nemilosrdnou ruku Toma Wonga a pot\u00e9 se skl\u00e1til k zemi, na co\u017e patrn\u011b m\u011bl vliv kapesn\u00edk \u010d\u00edmsi omamn\u00fdm napu\u0161t\u011bn\u00fd, kter\u00fd asiat mu\u017ei p\u0159itiskl na obli\u010dej. Martina Kobl\u00ed\u017ekov\u00e1 hodlala proti Tomu Wongovi okam\u017eit\u011b zakro\u010dit, jen\u017ee ten na v\u00fdpadek byl p\u0159ipraven, kdy jeho prav\u00e1 ruka vy\u010darovala h\u016fl, j\u00ed\u017e \u017een\u011b byla u\u0161t\u011bd\u0159ena herda nejprve do b\u0159icha a n\u00e1sledn\u011b i p\u0159es obli\u010dej, tak\u017ee i ona se odporou\u010dela k zemi, kde po p\u0159itisknut\u00ed kapesn\u00edku rovn\u011b\u017e upadla do mr\u00e1kot. Tom Wong ov\u0161em neztr\u00e1cel \u010das a kdy\u017e se ujistil, \u017ee oba dva le\u017e\u00edc\u00ed na zemi si proti n\u011bmu ji\u017e nic nedovol\u00ed, jeho pohled spo\u010dinul naopak na le\u017e\u00edc\u00ed na l\u016f\u017eku. Anna se za\u010dala ob\u00e1vat nejhor\u0161\u00edho, kroky Toma Wonga sm\u011b\u0159ovaly sm\u011brem k n\u00ed. Anna se v\u0161ak nemohla nijak br\u00e1nit, byla pevn\u011b p\u0159ipout\u00e1na k l\u016f\u017eku a na to jedin\u00e9, na co se dok\u00e1zala zmoct, byly hlasit\u00e9 v\u00fdk\u0159iky.<\/span><\/span><\/span><\/p>\n<div class=\"fcbkbttn_buttons_block\" id=\"fcbkbttn_left\"><div class=\"fcbkbttn_button\">\n                            <a href=\"https:\/\/www.facebook.com\/tom.patrick.509\" target=\"_blank\">\n                                <img decoding=\"async\" src=\"https:\/\/eldar.cz\/tompatrick\/wp-content\/plugins\/facebook-button-plugin\/images\/large-facebook-ico.png\" alt=\"Fb-Button\" \/>\n                            <\/a>\n                        <\/div><div class=\"fcbkbttn_like fcbkbttn_large_button\"><fb:like href=\"https:\/\/eldar.cz\/tompatrick\/citymeans\/city-means-iv-mesto-plne-nazoru\/kapitola-10-sila-pratelstvi-a-nenavisti\" action=\"like\" colorscheme=\"light\" layout=\"standard\"  width=\"225px\" size=\"large\"><\/fb:like><\/div><div class=\"fb-share-button fcbkbttn_large_button \" data-href=\"https:\/\/eldar.cz\/tompatrick\/citymeans\/city-means-iv-mesto-plne-nazoru\/kapitola-10-sila-pratelstvi-a-nenavisti\" data-type=\"button_count\" data-size=\"large\"><\/div><\/div>","protected":false},"excerpt":{"rendered":"<p>Pavel Borsk\u00fd procitl a prvn\u00ed, \u010deho si pov\u0161iml, bylo okno s m\u0159\u00ed\u017eemi. \u201eKde jsem se to jenom ocitl?\u201c p\u0159i\u0161lo mu jako prvn\u00ed na mysl. A pak za oknem kohosi spat\u0159il. \u201eMohl byste mi pros\u00edm\u2026?\u201c Jen\u017ee ten \u201ekdosi\u201c se jen \u0161karohl\u00eddsky &hellip; <a href=\"https:\/\/eldar.cz\/tompatrick\/citymeans\/city-means-iv-mesto-plne-nazoru\/kapitola-10-sila-pratelstvi-a-nenavisti\">Cel\u00fd p\u0159\u00edsp\u011bvek <span class=\"meta-nav\">&rarr;<\/span><\/a><\/p>\n","protected":false},"author":2,"featured_media":0,"comment_status":"open","ping_status":"open","sticky":false,"template":"","format":"standard","meta":{"_s2mail":"yes","footnotes":""},"categories":[19],"tags":[],"class_list":["post-4539","post","type-post","status-publish","format-standard","hentry","category-city-means-iv-mesto-plne-nazoru"],"_links":{"self":[{"href":"https:\/\/eldar.cz\/tompatrick\/wp-json\/wp\/v2\/posts\/4539","targetHints":{"allow":["GET"]}}],"collection":[{"href":"https:\/\/eldar.cz\/tompatrick\/wp-json\/wp\/v2\/posts"}],"about":[{"href":"https:\/\/eldar.cz\/tompatrick\/wp-json\/wp\/v2\/types\/post"}],"author":[{"embeddable":true,"href":"https:\/\/eldar.cz\/tompatrick\/wp-json\/wp\/v2\/users\/2"}],"replies":[{"embeddable":true,"href":"https:\/\/eldar.cz\/tompatrick\/wp-json\/wp\/v2\/comments?post=4539"}],"version-history":[{"count":1,"href":"https:\/\/eldar.cz\/tompatrick\/wp-json\/wp\/v2\/posts\/4539\/revisions"}],"predecessor-version":[{"id":4540,"href":"https:\/\/eldar.cz\/tompatrick\/wp-json\/wp\/v2\/posts\/4539\/revisions\/4540"}],"wp:attachment":[{"href":"https:\/\/eldar.cz\/tompatrick\/wp-json\/wp\/v2\/media?parent=4539"}],"wp:term":[{"taxonomy":"category","embeddable":true,"href":"https:\/\/eldar.cz\/tompatrick\/wp-json\/wp\/v2\/categories?post=4539"},{"taxonomy":"post_tag","embeddable":true,"href":"https:\/\/eldar.cz\/tompatrick\/wp-json\/wp\/v2\/tags?post=4539"}],"curies":[{"name":"wp","href":"https:\/\/api.w.org\/{rel}","templated":true}]}}