{"id":4188,"date":"2023-05-29T09:00:00","date_gmt":"2023-05-29T07:00:00","guid":{"rendered":"https:\/\/eldar.cz\/tompatrick\/?p=4188"},"modified":"2023-05-27T10:01:56","modified_gmt":"2023-05-27T08:01:56","slug":"aktualni-oznameni-pro-nasledujici-mesice-ohledne-tvorby","status":"publish","type":"post","link":"https:\/\/eldar.cz\/tompatrick\/zpravodaj\/aktualni-oznameni-pro-nasledujici-mesice-ohledne-tvorby","title":{"rendered":"Aktu\u00e1ln\u00ed ozn\u00e1men\u00ed pro n\u00e1sleduj\u00edc\u00ed m\u011bs\u00edce ohledn\u011b tvorby!"},"content":{"rendered":"<div class=\"fcbkbttn_buttons_block\" id=\"fcbkbttn_left\"><div class=\"fcbkbttn_button\">\n                            <a href=\"https:\/\/www.facebook.com\/tom.patrick.509\" target=\"_blank\">\n                                <img decoding=\"async\" src=\"https:\/\/eldar.cz\/tompatrick\/wp-content\/plugins\/facebook-button-plugin\/images\/large-facebook-ico.png\" alt=\"Fb-Button\" \/>\n                            <\/a>\n                        <\/div><div class=\"fcbkbttn_like fcbkbttn_large_button\"><fb:like href=\"https:\/\/eldar.cz\/tompatrick\/zpravodaj\/aktualni-oznameni-pro-nasledujici-mesice-ohledne-tvorby\" action=\"like\" colorscheme=\"light\" layout=\"standard\"  width=\"225px\" size=\"large\"><\/fb:like><\/div><div class=\"fb-share-button fcbkbttn_large_button \" data-href=\"https:\/\/eldar.cz\/tompatrick\/zpravodaj\/aktualni-oznameni-pro-nasledujici-mesice-ohledne-tvorby\" data-type=\"button_count\" data-size=\"large\"><\/div><\/div><p>Rom\u00e1n &#8220;City Means &#8211; M\u011bsto pln\u00e9 n\u00e1vrat\u016f&#8221; byl 69. kapitolou definitivn\u011b uzav\u0159en. Od<strong> \u010dervna<\/strong> <strong>2023<\/strong> se zde na webov\u00fdch str\u00e1nk\u00e1ch bude objevovat sb\u00edrka <strong>&#8220;Melodick\u00e9 pochutiny Martina Jabkeni\u010de&#8221;<\/strong>. V n\u00ed se v\u00e1m p\u0159edstav\u00ed <strong>&#8220;t\u0159i generace&#8221;<\/strong>, z nich\u017e <strong>&#8220;prvn\u00ed dv\u011b&#8221;<\/strong> si v b\u00e1sn\u00edch p\u0159edstav\u00edme <strong>do konce zm\u00edn\u011bn\u00e9ho roku 2023<\/strong>. <strong>&#8220;Jednotliv\u00e9 b\u00e1sn\u011b&#8221;<\/strong> budou zde na webu uve\u0159ejn\u011bny v\u017edy<strong> &#8220;v pond\u011bl\u00ed kolem dev\u00e1t\u00e9 hodiny rann\u00ed&#8221;<\/strong>, zat\u00edmco <strong>&#8220;st\u0159eda&#8221;<\/strong> bude n\u00e1le\u017eet <strong>&#8220;p\u0159\u00edslu\u0161n\u00e9 \u010d\u00e1sti p\u0159\u00edb\u011bhu souvisej\u00edc\u00edho z danou aktualizovanou b\u00e1sn\u00ed&#8221;<\/strong>. <strong>&#8220;P\u0159\u00edb\u011bh&#8221;<\/strong> tedy bude <strong>&#8220;uve\u0159ej\u0148ov\u00e1n po \u010d\u00e1stech&#8221;<\/strong> a jeho <strong>&#8220;kone\u010dnou&#8221;<\/strong> podobu se tak \u010dten\u00e1\u0159 dozv\u00ed a\u017e <strong>&#8220;s posledn\u011b uve\u0159ejn\u011bnou b\u00e1sn\u00ed&#8221;.<\/strong><\/p>\n<p>P\u0159\u00edjemn\u00e9 po\u010dten\u00ed<\/p>\n<p>ps.:<strong> doprovodn\u00e9 obr\u00e1zky od Anny Wolfov\u00e9 jsou st\u00e1lou jistotou a nebudou chyb\u011bt ani tentokr\u00e1t<\/strong><\/p>\n<p>Tom<\/p>\n<div class=\"fcbkbttn_buttons_block\" id=\"fcbkbttn_left\"><div class=\"fcbkbttn_button\">\n                            <a href=\"https:\/\/www.facebook.com\/tom.patrick.509\" target=\"_blank\">\n                                <img decoding=\"async\" src=\"https:\/\/eldar.cz\/tompatrick\/wp-content\/plugins\/facebook-button-plugin\/images\/large-facebook-ico.png\" alt=\"Fb-Button\" \/>\n                            <\/a>\n                        <\/div><div class=\"fcbkbttn_like fcbkbttn_large_button\"><fb:like href=\"https:\/\/eldar.cz\/tompatrick\/zpravodaj\/aktualni-oznameni-pro-nasledujici-mesice-ohledne-tvorby\" action=\"like\" colorscheme=\"light\" layout=\"standard\"  width=\"225px\" size=\"large\"><\/fb:like><\/div><div class=\"fb-share-button fcbkbttn_large_button \" data-href=\"https:\/\/eldar.cz\/tompatrick\/zpravodaj\/aktualni-oznameni-pro-nasledujici-mesice-ohledne-tvorby\" data-type=\"button_count\" data-size=\"large\"><\/div><\/div>","protected":false},"excerpt":{"rendered":"<p>Rom\u00e1n &#8220;City Means &#8211; M\u011bsto pln\u00e9 n\u00e1vrat\u016f&#8221; byl 69. kapitolou definitivn\u011b uzav\u0159en. Od \u010dervna 2023 se zde na webov\u00fdch str\u00e1nk\u00e1ch bude objevovat sb\u00edrka &#8220;Melodick\u00e9 pochutiny Martina Jabkeni\u010de&#8221;. V n\u00ed se v\u00e1m p\u0159edstav\u00ed &#8220;t\u0159i generace&#8221;, z nich\u017e &#8220;prvn\u00ed dv\u011b&#8221; si v &hellip; <a href=\"https:\/\/eldar.cz\/tompatrick\/zpravodaj\/aktualni-oznameni-pro-nasledujici-mesice-ohledne-tvorby\">Cel\u00fd p\u0159\u00edsp\u011bvek <span class=\"meta-nav\">&rarr;<\/span><\/a><\/p>\n","protected":false},"author":2,"featured_media":0,"comment_status":"open","ping_status":"open","sticky":false,"template":"","format":"standard","meta":{"_s2mail":"yes","footnotes":""},"categories":[16],"tags":[],"class_list":["post-4188","post","type-post","status-publish","format-standard","hentry","category-zpravodaj"],"_links":{"self":[{"href":"https:\/\/eldar.cz\/tompatrick\/wp-json\/wp\/v2\/posts\/4188","targetHints":{"allow":["GET"]}}],"collection":[{"href":"https:\/\/eldar.cz\/tompatrick\/wp-json\/wp\/v2\/posts"}],"about":[{"href":"https:\/\/eldar.cz\/tompatrick\/wp-json\/wp\/v2\/types\/post"}],"author":[{"embeddable":true,"href":"https:\/\/eldar.cz\/tompatrick\/wp-json\/wp\/v2\/users\/2"}],"replies":[{"embeddable":true,"href":"https:\/\/eldar.cz\/tompatrick\/wp-json\/wp\/v2\/comments?post=4188"}],"version-history":[{"count":1,"href":"https:\/\/eldar.cz\/tompatrick\/wp-json\/wp\/v2\/posts\/4188\/revisions"}],"predecessor-version":[{"id":4189,"href":"https:\/\/eldar.cz\/tompatrick\/wp-json\/wp\/v2\/posts\/4188\/revisions\/4189"}],"wp:attachment":[{"href":"https:\/\/eldar.cz\/tompatrick\/wp-json\/wp\/v2\/media?parent=4188"}],"wp:term":[{"taxonomy":"category","embeddable":true,"href":"https:\/\/eldar.cz\/tompatrick\/wp-json\/wp\/v2\/categories?post=4188"},{"taxonomy":"post_tag","embeddable":true,"href":"https:\/\/eldar.cz\/tompatrick\/wp-json\/wp\/v2\/tags?post=4188"}],"curies":[{"name":"wp","href":"https:\/\/api.w.org\/{rel}","templated":true}]}}