{"id":4130,"date":"2024-01-10T09:00:00","date_gmt":"2024-01-10T07:00:00","guid":{"rendered":"https:\/\/eldar.cz\/tompatrick\/?p=4130"},"modified":"2023-04-22T10:22:22","modified_gmt":"2023-04-22T08:22:22","slug":"poradi-basni-28-29","status":"publish","type":"post","link":"https:\/\/eldar.cz\/tompatrick\/melodicke-pochutiny-martina-jabkenice-uceleny-pribeh\/poradi-basni-28-29","title":{"rendered":"Po\u0159ad\u00ed b\u00e1sn\u00ed (28-29)"},"content":{"rendered":"<div class=\"fcbkbttn_buttons_block\" id=\"fcbkbttn_left\"><div class=\"fcbkbttn_button\">\n                            <a href=\"https:\/\/www.facebook.com\/tom.patrick.509\" target=\"_blank\">\n                                <img decoding=\"async\" src=\"https:\/\/eldar.cz\/tompatrick\/wp-content\/plugins\/facebook-button-plugin\/images\/large-facebook-ico.png\" alt=\"Fb-Button\" \/>\n                            <\/a>\n                        <\/div><div class=\"fcbkbttn_like fcbkbttn_large_button\"><fb:like href=\"https:\/\/eldar.cz\/tompatrick\/melodicke-pochutiny-martina-jabkenice-uceleny-pribeh\/poradi-basni-28-29\" action=\"like\" colorscheme=\"light\" layout=\"standard\"  width=\"225px\" size=\"large\"><\/fb:like><\/div><div class=\"fb-share-button fcbkbttn_large_button \" data-href=\"https:\/\/eldar.cz\/tompatrick\/melodicke-pochutiny-martina-jabkenice-uceleny-pribeh\/poradi-basni-28-29\" data-type=\"button_count\" data-size=\"large\"><\/div><\/div><p class=\"western\" align=\"left\"><span style=\"font-family: Times New Roman, serif;\"><i><b>Ucelen\u00fd p\u0159\u00edb\u011bh (kniha s n\u00e1zvem: Melodick\u00e9 pochutiny Martina Jabkeni\u010de)<\/b><\/i><\/span><\/p>\n<p class=\"western\" align=\"left\"><span style=\"font-family: Times New Roman, serif;\">\u010c\u00c1ST 3<\/span><\/p>\n<p class=\"western\" align=\"left\"><span style=\"font-family: Times New Roman, serif;\"><i><u>Generace 3: Mlad\u00edk a jeho nelehk\u00e1 \u017eivotn\u00ed etapa<\/u><\/i><\/span><span style=\"font-family: Times New Roman, serif;\"> &#8211;<\/span><span style=\"font-family: Times New Roman, serif;\"><i> Sv\u011bt z\u00edt\u0159k\u016f (28) \u2013 Ot\u00e1zky (36)<\/i><\/span><\/p>\n<p class=\"western\" align=\"left\"><span style=\"font-family: Times New Roman, serif;\">Pozemsk\u00fd lid ji\u017e pon\u011bkolik\u00e1t\u00e9 vyhl\u00ed\u017e\u00ed mnohem \u0161\u0165astn\u011bj\u0161\u00ed budoucnost. Jej\u00ed prioritou m\u00e1 b\u00fdt dokonal\u00fd bezprobl\u00e9mov\u00fd sv\u011bt, jen\u017e by anuloval v\u0161e zl\u00e9, co jej doposud su\u017eovalo: to jest nap\u0159\u00edklad jeho st\u00e1le v\u011bt\u0161\u00ed zadlu\u017eenost, st\u00e1le p\u0159\u00edtomn\u00fd hladomor, v\u00e1lky \u010di nemo\u017enost se svobodn\u011b vyjad\u0159ovat &#8211; a\u0165 ji\u017e politicky \u010di z hlediska n\u00e1bo\u017eenstv\u00ed. Toto a mnoh\u00e9 dal\u0161\u00ed negativn\u00ed ur\u010dit\u011b jednou v budoucnu definitivn\u011b pomine \u2013 v\u011b\u0159\u00ed dan\u00ed optimist\u00e9 &#8211; a za t\u00edm \u00fa\u010delem se doty\u010dn\u00ed ji\u017e vyd\u00e1vaj\u00ed \u201evst\u0159\u00edc nad\u011bjn\u00fdm z\u00edt\u0159k\u016fm\u201c (28). <strong>P\u0159\u00edle\u017eitosti se chop\u00ed i syn Roberta a Anny, kter\u00fd podnikne poutn\u00ed cestu do rusk\u00e9 tajgy. Jeho c\u00edlem je naj\u00edt tamn\u00ed v\u00edlu, je\u017e opl\u00fdv\u00e1 kr\u00e1sou a z p\u0159\u00edrody \u010derp\u00e1 pot\u0159ebnou ozdravnou energii. \u017de se nejedn\u00e1 o blud, se mlad\u00edk na vlastn\u00ed o\u010di p\u0159esv\u011bd\u010d\u00ed z\u00e1hy, kdy\u017e se s doty\u010dnou v\u00edlou opravdu setk\u00e1, a ta pak v\u00fdrazn\u011b ulev\u00ed jeho bolav\u00e9mu srdci. Mlad\u00edk se tak c\u00edt\u00ed jako znovuzrozen\u00fd a s nad\u0161en\u00edm o ojedin\u011bl\u00e9 person\u011b pod\u00e1v\u00e1 zpr\u00e1vu okoln\u00edmu sv\u011btu po \u0161est let (29).<\/strong><\/span><\/p>\n<div class=\"fcbkbttn_buttons_block\" id=\"fcbkbttn_left\"><div class=\"fcbkbttn_button\">\n                            <a href=\"https:\/\/www.facebook.com\/tom.patrick.509\" target=\"_blank\">\n                                <img decoding=\"async\" src=\"https:\/\/eldar.cz\/tompatrick\/wp-content\/plugins\/facebook-button-plugin\/images\/large-facebook-ico.png\" alt=\"Fb-Button\" \/>\n                            <\/a>\n                        <\/div><div class=\"fcbkbttn_like fcbkbttn_large_button\"><fb:like href=\"https:\/\/eldar.cz\/tompatrick\/melodicke-pochutiny-martina-jabkenice-uceleny-pribeh\/poradi-basni-28-29\" action=\"like\" colorscheme=\"light\" layout=\"standard\"  width=\"225px\" size=\"large\"><\/fb:like><\/div><div class=\"fb-share-button fcbkbttn_large_button \" data-href=\"https:\/\/eldar.cz\/tompatrick\/melodicke-pochutiny-martina-jabkenice-uceleny-pribeh\/poradi-basni-28-29\" data-type=\"button_count\" data-size=\"large\"><\/div><\/div>","protected":false},"excerpt":{"rendered":"<p>Ucelen\u00fd p\u0159\u00edb\u011bh (kniha s n\u00e1zvem: Melodick\u00e9 pochutiny Martina Jabkeni\u010de) \u010c\u00c1ST 3 Generace 3: Mlad\u00edk a jeho nelehk\u00e1 \u017eivotn\u00ed etapa &#8211; Sv\u011bt z\u00edt\u0159k\u016f (28) \u2013 Ot\u00e1zky (36) Pozemsk\u00fd lid ji\u017e pon\u011bkolik\u00e1t\u00e9 vyhl\u00ed\u017e\u00ed mnohem \u0161\u0165astn\u011bj\u0161\u00ed budoucnost. Jej\u00ed prioritou m\u00e1 b\u00fdt dokonal\u00fd bezprobl\u00e9mov\u00fd &hellip; <a href=\"https:\/\/eldar.cz\/tompatrick\/melodicke-pochutiny-martina-jabkenice-uceleny-pribeh\/poradi-basni-28-29\">Cel\u00fd p\u0159\u00edsp\u011bvek <span class=\"meta-nav\">&rarr;<\/span><\/a><\/p>\n","protected":false},"author":2,"featured_media":0,"comment_status":"open","ping_status":"open","sticky":false,"template":"","format":"standard","meta":{"_s2mail":"yes","footnotes":""},"categories":[36],"tags":[],"class_list":["post-4130","post","type-post","status-publish","format-standard","hentry","category-melodicke-pochutiny-martina-jabkenice-uceleny-pribeh"],"_links":{"self":[{"href":"https:\/\/eldar.cz\/tompatrick\/wp-json\/wp\/v2\/posts\/4130","targetHints":{"allow":["GET"]}}],"collection":[{"href":"https:\/\/eldar.cz\/tompatrick\/wp-json\/wp\/v2\/posts"}],"about":[{"href":"https:\/\/eldar.cz\/tompatrick\/wp-json\/wp\/v2\/types\/post"}],"author":[{"embeddable":true,"href":"https:\/\/eldar.cz\/tompatrick\/wp-json\/wp\/v2\/users\/2"}],"replies":[{"embeddable":true,"href":"https:\/\/eldar.cz\/tompatrick\/wp-json\/wp\/v2\/comments?post=4130"}],"version-history":[{"count":1,"href":"https:\/\/eldar.cz\/tompatrick\/wp-json\/wp\/v2\/posts\/4130\/revisions"}],"predecessor-version":[{"id":4131,"href":"https:\/\/eldar.cz\/tompatrick\/wp-json\/wp\/v2\/posts\/4130\/revisions\/4131"}],"wp:attachment":[{"href":"https:\/\/eldar.cz\/tompatrick\/wp-json\/wp\/v2\/media?parent=4130"}],"wp:term":[{"taxonomy":"category","embeddable":true,"href":"https:\/\/eldar.cz\/tompatrick\/wp-json\/wp\/v2\/categories?post=4130"},{"taxonomy":"post_tag","embeddable":true,"href":"https:\/\/eldar.cz\/tompatrick\/wp-json\/wp\/v2\/tags?post=4130"}],"curies":[{"name":"wp","href":"https:\/\/api.w.org\/{rel}","templated":true}]}}