{"id":4127,"date":"2024-01-08T09:00:00","date_gmt":"2024-01-08T07:00:00","guid":{"rendered":"https:\/\/eldar.cz\/tompatrick\/?p=4127"},"modified":"2023-06-17T13:05:19","modified_gmt":"2023-06-17T11:05:19","slug":"vila-z-ruskych-tajg-29","status":"publish","type":"post","link":"https:\/\/eldar.cz\/tompatrick\/melodicke-pochutiny-martina-jabkenice\/vila-z-ruskych-tajg-29","title":{"rendered":"V\u00edla z rusk\u00fdch tajg (29)"},"content":{"rendered":"<div class=\"fcbkbttn_buttons_block\" id=\"fcbkbttn_left\"><div class=\"fcbkbttn_button\">\n                            <a href=\"https:\/\/www.facebook.com\/tom.patrick.509\" target=\"_blank\">\n                                <img decoding=\"async\" src=\"https:\/\/eldar.cz\/tompatrick\/wp-content\/plugins\/facebook-button-plugin\/images\/large-facebook-ico.png\" alt=\"Fb-Button\" \/>\n                            <\/a>\n                        <\/div><div class=\"fcbkbttn_like fcbkbttn_large_button\"><fb:like href=\"https:\/\/eldar.cz\/tompatrick\/melodicke-pochutiny-martina-jabkenice\/vila-z-ruskych-tajg-29\" action=\"like\" colorscheme=\"light\" layout=\"standard\"  width=\"225px\" size=\"large\"><\/fb:like><\/div><div class=\"fb-share-button fcbkbttn_large_button \" data-href=\"https:\/\/eldar.cz\/tompatrick\/melodicke-pochutiny-martina-jabkenice\/vila-z-ruskych-tajg-29\" data-type=\"button_count\" data-size=\"large\"><\/div><\/div><p class=\"western\" align=\"left\"><span style=\"font-family: Times New Roman, serif;\">Zn\u00e1m v\u00edlu z rusk\u00fdch tajg<\/span><\/p>\n<p class=\"western\" align=\"left\"><span style=\"font-family: Times New Roman, serif;\">je nejkr\u00e1sn\u011bj\u0161\u00ed z dam<\/span><\/p>\n<p class=\"western\" align=\"left\"><span style=\"font-family: Times New Roman, serif;\">pot\u011bchou<\/span><\/p>\n<p class=\"western\" align=\"left\"><span style=\"font-family: Times New Roman, serif;\">M\u00e1 s\u00edlu magickou<\/span><\/p>\n<p class=\"western\" align=\"left\"><span style=\"font-family: Times New Roman, serif;\">spl\u00fdv\u00e1 s p\u0159\u00edrodou<\/span><\/p>\n<p class=\"western\" align=\"left\"><span style=\"font-family: Times New Roman, serif;\">nech ji plout<\/span><\/p>\n<p class=\"western\" align=\"left\"><span style=\"font-family: Times New Roman, serif;\">.<\/span><\/p>\n<p class=\"western\" align=\"left\"><span style=\"font-family: Times New Roman, serif;\"><b>Po \u0159ece pr\u016fzra\u010dn\u00e9<\/b><\/span><\/p>\n<p class=\"western\" align=\"left\"><span style=\"font-family: Times New Roman, serif;\"><b>jm\u00e9nem Jenisej<\/b><\/span><\/p>\n<p class=\"western\" align=\"left\"><span style=\"font-family: Times New Roman, serif;\"><b>za tebou do zem\u011b vzd\u00e1len\u00e9<\/b><\/span><\/p>\n<p class=\"western\" align=\"left\"><span style=\"font-family: Times New Roman, serif;\"><b>na map\u011b nevyzna\u010den\u00e9<\/b><\/span><\/p>\n<p class=\"western\" align=\"left\"><span style=\"font-family: Times New Roman, serif;\">.<\/span><\/p>\n<p class=\"western\" align=\"left\"><span style=\"font-family: Times New Roman, serif;\">M\u00edj\u00ed tvoji tv\u00e1\u0159<\/span><\/p>\n<p class=\"western\" align=\"left\"><span style=\"font-family: Times New Roman, serif;\">n\u00e1ru\u010d otv\u00edr\u00e1 <\/span><\/p>\n<p class=\"western\" align=\"left\"><span style=\"font-family: Times New Roman, serif;\">l\u00e9\u010divou<\/span><\/p>\n<p class=\"western\" align=\"left\"><span style=\"font-family: Times New Roman, serif;\">V\u00ed jak uzdravit srdce<\/span><\/p>\n<p class=\"western\" align=\"left\"><span style=\"font-family: Times New Roman, serif;\">tuze nemocn\u00e9 <\/span><\/p>\n<p class=\"western\" align=\"left\"><span style=\"font-family: Times New Roman, serif;\">bolav\u00e9<\/span><\/p>\n<p class=\"western\" align=\"left\"><span style=\"font-family: Times New Roman, serif;\">.<\/span><\/p>\n<p class=\"western\" align=\"left\"><span style=\"font-family: Times New Roman, serif;\"><b>P\u0159ijmi jej\u00ed dla\u0148<\/b><\/span><\/p>\n<p class=\"western\" align=\"left\"><span style=\"font-family: Times New Roman, serif;\"><b>sta\u0148 se co m\u00e1 se st\u00e1t<\/b><\/span><\/p>\n<p class=\"western\" align=\"left\"><span style=\"font-family: Times New Roman, serif;\"><b>bu\u010f \u0161\u0165asten<\/b><\/span><\/p>\n<p class=\"western\" align=\"left\"><span style=\"font-family: Times New Roman, serif;\"><b>na sv\u011bt\u011b zas r\u00e1d<\/b><\/span><\/p>\n<p class=\"western\" align=\"left\"><span style=\"font-family: Times New Roman, serif;\"><b>\u017eivota si u\u017e\u00edvej<\/b><\/span><\/p>\n<p class=\"western\" align=\"left\"><span style=\"font-family: Times New Roman, serif;\">.<\/span><\/p>\n<p class=\"western\" align=\"left\"><span style=\"font-family: Times New Roman, serif;\">Je tomu ji\u017e \u0161est let<\/span><\/p>\n<p class=\"western\" align=\"left\"><span style=\"font-family: Times New Roman, serif;\">cos v\u00edlu z tajgy m\u011bl<\/span><\/p>\n<p class=\"western\" align=\"left\"><span style=\"font-family: Times New Roman, serif;\">v n\u00e1ru\u010d\u00ed<\/span><\/p>\n<p class=\"western\" align=\"left\"><span style=\"font-family: Times New Roman, serif;\">\u0160t\u011bst\u00edm opl\u00fdv\u00e1\u0161<\/span><\/p>\n<p class=\"western\" align=\"left\"><span style=\"font-family: Times New Roman, serif;\">zas se usm\u00edv\u00e1\u0161<\/span><\/p>\n<p class=\"western\" align=\"left\"><span style=\"font-family: Times New Roman, serif;\">pro\u010d ml\u010d\u00ed\u0161?<\/span><\/p>\n<p class=\"western\" align=\"left\"><span style=\"font-family: Times New Roman, serif;\">.<\/span><\/p>\n<p class=\"western\" align=\"left\"><span style=\"font-family: Times New Roman, serif;\"><b>Vypr\u00e1v\u011bj o v\u00edle<\/b><\/span><\/p>\n<p class=\"western\" align=\"left\"><span style=\"font-family: Times New Roman, serif;\"><b>co zn\u00e1 t\u011b a ty ji t\u00e9\u017e<\/b><\/span><\/p>\n<p class=\"western\" align=\"left\"><span style=\"font-family: Times New Roman, serif;\"><b>o jej\u00edm p\u0159\u00e1telsk\u00e9m souzn\u011bn\u00ed<\/b><\/span><\/p>\n<p class=\"western\" align=\"left\"><span style=\"font-family: Times New Roman, serif;\"><b>jen\u017e v l\u00e1sku se prom\u011bn\u00ed<\/b><\/span><\/p>\n<div style=\"width: 502px\" class=\"wp-caption alignnone\"><img loading=\"lazy\" decoding=\"async\" src=\"https:\/\/eldar.cz\/tompatrick\/wp-content\/uploads\/2023\/06\/29-Prilezitosti-se-chopi-i-syn-Roberta-a-Anny-786x1024.jpg\" alt=\"Na obr\u00e1zku je zachycen portr\u00e9t &quot;v\u00edly z tajgy&quot;, za n\u00ed\u017e se vyd\u00e1v\u00e1 bezejmenn\u00fd mlad\u00edk z on\u00e9 &quot;t\u0159et\u00ed generace&quot;\" width=\"492\" height=\"641\" \/><p class=\"wp-caption-text\">Na obr\u00e1zku je zachycen portr\u00e9t &#8220;v\u00edly z tajgy&#8221;, za n\u00ed\u017e se vyd\u00e1v\u00e1 nyn\u011bj\u0161\u00ed \u00fast\u0159edn\u00ed persona, bezejmenn\u00fd mlad\u00edk z on\u00e9 &#8220;t\u0159et\u00ed generace&#8221;<\/p><\/div>\n<div class=\"fcbkbttn_buttons_block\" id=\"fcbkbttn_left\"><div class=\"fcbkbttn_button\">\n                            <a href=\"https:\/\/www.facebook.com\/tom.patrick.509\" target=\"_blank\">\n                                <img decoding=\"async\" src=\"https:\/\/eldar.cz\/tompatrick\/wp-content\/plugins\/facebook-button-plugin\/images\/large-facebook-ico.png\" alt=\"Fb-Button\" \/>\n                            <\/a>\n                        <\/div><div class=\"fcbkbttn_like fcbkbttn_large_button\"><fb:like href=\"https:\/\/eldar.cz\/tompatrick\/melodicke-pochutiny-martina-jabkenice\/vila-z-ruskych-tajg-29\" action=\"like\" colorscheme=\"light\" layout=\"standard\"  width=\"225px\" size=\"large\"><\/fb:like><\/div><div class=\"fb-share-button fcbkbttn_large_button \" data-href=\"https:\/\/eldar.cz\/tompatrick\/melodicke-pochutiny-martina-jabkenice\/vila-z-ruskych-tajg-29\" data-type=\"button_count\" data-size=\"large\"><\/div><\/div>","protected":false},"excerpt":{"rendered":"<p>Zn\u00e1m v\u00edlu z rusk\u00fdch tajg je nejkr\u00e1sn\u011bj\u0161\u00ed z dam pot\u011bchou M\u00e1 s\u00edlu magickou spl\u00fdv\u00e1 s p\u0159\u00edrodou nech ji plout . Po \u0159ece pr\u016fzra\u010dn\u00e9 jm\u00e9nem Jenisej za tebou do zem\u011b vzd\u00e1len\u00e9 na map\u011b nevyzna\u010den\u00e9 . M\u00edj\u00ed tvoji tv\u00e1\u0159 n\u00e1ru\u010d otv\u00edr\u00e1 l\u00e9\u010divou &hellip; <a href=\"https:\/\/eldar.cz\/tompatrick\/melodicke-pochutiny-martina-jabkenice\/vila-z-ruskych-tajg-29\">Cel\u00fd p\u0159\u00edsp\u011bvek <span class=\"meta-nav\">&rarr;<\/span><\/a><\/p>\n","protected":false},"author":2,"featured_media":0,"comment_status":"open","ping_status":"open","sticky":false,"template":"","format":"standard","meta":{"_s2mail":"yes","footnotes":""},"categories":[35],"tags":[],"class_list":["post-4127","post","type-post","status-publish","format-standard","hentry","category-melodicke-pochutiny-martina-jabkenice"],"_links":{"self":[{"href":"https:\/\/eldar.cz\/tompatrick\/wp-json\/wp\/v2\/posts\/4127","targetHints":{"allow":["GET"]}}],"collection":[{"href":"https:\/\/eldar.cz\/tompatrick\/wp-json\/wp\/v2\/posts"}],"about":[{"href":"https:\/\/eldar.cz\/tompatrick\/wp-json\/wp\/v2\/types\/post"}],"author":[{"embeddable":true,"href":"https:\/\/eldar.cz\/tompatrick\/wp-json\/wp\/v2\/users\/2"}],"replies":[{"embeddable":true,"href":"https:\/\/eldar.cz\/tompatrick\/wp-json\/wp\/v2\/comments?post=4127"}],"version-history":[{"count":2,"href":"https:\/\/eldar.cz\/tompatrick\/wp-json\/wp\/v2\/posts\/4127\/revisions"}],"predecessor-version":[{"id":4249,"href":"https:\/\/eldar.cz\/tompatrick\/wp-json\/wp\/v2\/posts\/4127\/revisions\/4249"}],"wp:attachment":[{"href":"https:\/\/eldar.cz\/tompatrick\/wp-json\/wp\/v2\/media?parent=4127"}],"wp:term":[{"taxonomy":"category","embeddable":true,"href":"https:\/\/eldar.cz\/tompatrick\/wp-json\/wp\/v2\/categories?post=4127"},{"taxonomy":"post_tag","embeddable":true,"href":"https:\/\/eldar.cz\/tompatrick\/wp-json\/wp\/v2\/tags?post=4127"}],"curies":[{"name":"wp","href":"https:\/\/api.w.org\/{rel}","templated":true}]}}