{"id":3898,"date":"2023-06-26T09:00:00","date_gmt":"2023-06-26T07:00:00","guid":{"rendered":"https:\/\/eldar.cz\/tompatrick\/?p=3898"},"modified":"2023-02-11T11:24:38","modified_gmt":"2023-02-11T09:24:38","slug":"neni-prace-4","status":"publish","type":"post","link":"https:\/\/eldar.cz\/tompatrick\/melodicke-pochutiny-martina-jabkenice\/neni-prace-4","title":{"rendered":"Nen\u00ed pr\u00e1ce (4)"},"content":{"rendered":"<div class=\"fcbkbttn_buttons_block\" id=\"fcbkbttn_left\"><div class=\"fcbkbttn_button\">\n                            <a href=\"https:\/\/www.facebook.com\/tom.patrick.509\" target=\"_blank\">\n                                <img decoding=\"async\" src=\"https:\/\/eldar.cz\/tompatrick\/wp-content\/plugins\/facebook-button-plugin\/images\/large-facebook-ico.png\" alt=\"Fb-Button\" \/>\n                            <\/a>\n                        <\/div><div class=\"fcbkbttn_like fcbkbttn_large_button\"><fb:like href=\"https:\/\/eldar.cz\/tompatrick\/melodicke-pochutiny-martina-jabkenice\/neni-prace-4\" action=\"like\" colorscheme=\"light\" layout=\"standard\"  width=\"225px\" size=\"large\"><\/fb:like><\/div><div class=\"fb-share-button fcbkbttn_large_button \" data-href=\"https:\/\/eldar.cz\/tompatrick\/melodicke-pochutiny-martina-jabkenice\/neni-prace-4\" data-type=\"button_count\" data-size=\"large\"><\/div><\/div><p class=\"western\" align=\"left\"><span style=\"font-family: Times New Roman, serif;\">Nen\u00ed pr\u00e1ce<\/span><\/p>\n<p class=\"western\" align=\"left\"><span style=\"font-family: Times New Roman, serif;\">nen\u00ed nen\u00ed<\/span><\/p>\n<p class=\"western\" align=\"left\"><span style=\"font-family: Times New Roman, serif;\">je\u0161t\u011b po\u0159\u00e1d nen\u00ed pr\u00e1ce<\/span><\/p>\n<p class=\"western\" align=\"left\"><span style=\"font-family: Times New Roman, serif;\">a tak lid\u00e9 zav\u00edtaj\u00ed<\/span><\/p>\n<p class=\"western\" align=\"left\"><span style=\"font-family: Times New Roman, serif;\">op\u011bt obden na \u00fa\u0159ad pr\u00e1ce<\/span><\/p>\n<p class=\"western\" align=\"left\"><span style=\"font-family: Times New Roman, serif;\">.<\/span><\/p>\n<p class=\"western\" align=\"left\"><span style=\"font-family: Times New Roman, serif;\">P\u0159ij\u010f tam taky<\/span><\/p>\n<p class=\"western\" align=\"left\"><span style=\"font-family: Times New Roman, serif;\">bu\u010f tam s n\u00e1mi<\/span><\/p>\n<p class=\"western\" align=\"left\"><span style=\"font-family: Times New Roman, serif;\">dej do ob\u011bhu nov\u00e9 f\u00e1my<\/span><\/p>\n<p class=\"western\" align=\"left\"><span style=\"font-family: Times New Roman, serif;\">o tom, jak jsi \u0161vorc ty a teta<\/span><\/p>\n<p class=\"western\" align=\"left\"><span style=\"font-family: Times New Roman, serif;\">a pen\u00edze vzala herna<\/span><\/p>\n<p class=\"western\" align=\"left\"><span style=\"font-family: Times New Roman, serif;\">.<\/span><\/p>\n<p class=\"western\" align=\"left\"><span style=\"font-family: Times New Roman, serif;\">Otv\u00edraj\u00ed<\/span><\/p>\n<p class=\"western\" align=\"left\"><span style=\"font-family: Times New Roman, serif;\">otv\u00edraj\u00ed<\/span><\/p>\n<p class=\"western\" align=\"left\"><span style=\"font-family: Times New Roman, serif;\">a fronta se prodlou\u017e\u00ed<\/span><\/p>\n<p class=\"western\" align=\"left\"><span style=\"font-family: Times New Roman, serif;\">Ostrav\u00e1k \u010di Moravan <\/span><\/p>\n<p class=\"western\" align=\"left\"><span style=\"font-family: Times New Roman, serif;\">v\u010dil ta zn\u00e1m\u00e1 slezsk\u00e1 banda<\/span><\/p>\n<p class=\"western\" align=\"left\"><span style=\"font-family: Times New Roman, serif;\">.<\/span><\/p>\n<p class=\"western\" align=\"left\"><span style=\"font-family: Times New Roman, serif;\">Jsi tu taky<\/span><\/p>\n<p class=\"western\" align=\"left\"><span style=\"font-family: Times New Roman, serif;\">s n\u00e1mi tati<\/span><\/p>\n<p class=\"western\" align=\"left\"><span style=\"font-family: Times New Roman, serif;\">brat\u0159e, sestro i ty strejdo<\/span><\/p>\n<p class=\"western\" align=\"left\"><span style=\"font-family: Times New Roman, serif;\">snad se pro v\u00e1s pr\u00e1ce najde<\/span><\/p>\n<p class=\"western\" align=\"left\"><span style=\"font-family: Times New Roman, serif;\">a kdy\u017e ne tak zajdem na jedno<\/span><\/p>\n<p class=\"western\" align=\"left\"><span style=\"font-family: Times New Roman, serif;\">.<\/span><\/p>\n<p class=\"western\" align=\"left\"><span style=\"font-family: Times New Roman, serif;\">D\u00e1me rum, pivko, v\u00ednko <\/span><\/p>\n<p class=\"western\" align=\"left\"><span style=\"font-family: Times New Roman, serif;\">\u010di n\u011bco ost\u0159ej\u0161\u00edho<\/span><\/p>\n<p class=\"western\" align=\"left\"><span style=\"font-family: Times New Roman, serif;\">opijem se opiem<\/span><\/p>\n<p class=\"western\" align=\"left\"><span style=\"font-family: Times New Roman, serif;\">zavr\u0161\u00edme neslavn\u00fd den<\/span><\/p>\n<p class=\"western\" align=\"left\"><span style=\"font-family: Times New Roman, serif;\">.<\/span><\/p>\n<p class=\"western\" align=\"left\"><span style=\"font-family: Times New Roman, serif;\">Nen\u00ed pr\u00e1ce<\/span><\/p>\n<p class=\"western\" align=\"left\"><span style=\"font-family: Times New Roman, serif;\">nen\u00ed nen\u00ed<\/span><\/p>\n<p class=\"western\" align=\"left\"><span style=\"font-family: Times New Roman, serif;\">je\u0161t\u011b po\u0159\u00e1d nen\u00ed pr\u00e1ce<\/span><\/p>\n<p class=\"western\" align=\"left\"><span style=\"font-family: Times New Roman, serif;\">a tak lid\u00e9 post\u00e1vaj\u00ed<\/span><\/p>\n<p class=\"western\" align=\"left\"><span style=\"font-family: Times New Roman, serif;\">op\u011bt obden na \u00fa\u0159adu pr\u00e1ce<\/span><\/p>\n<p class=\"western\" align=\"left\"><span style=\"font-family: Times New Roman, serif;\">.<\/span><\/p>\n<p class=\"western\" align=\"left\"><span style=\"font-family: Times New Roman, serif;\">A\u017e se o sv\u00fdch trablech zm\u00edn\u00ed<\/span><\/p>\n<p class=\"western\" align=\"left\"><span style=\"font-family: Times New Roman, serif;\">\u0159eknou si: to bude zase fl\u00e1m<\/span><\/p>\n<p align=\"left\">\n<div style=\"width: 539px\" class=\"wp-caption alignnone\"><img loading=\"lazy\" decoding=\"async\" src=\"https:\/\/eldar.cz\/tompatrick\/wp-content\/uploads\/2023\/02\/4-1.jpg\" alt=\"\" width=\"529\" height=\"546\" \/><p class=\"wp-caption-text\">Tom\u00e1\u0161 v pov\u00e1le\u010dn\u00fdch letech coby nezam\u011bstnan\u00fd a flustrovan\u00fd mlad\u00fd mu\u017e tr\u00e1vic\u00ed \u010das po putyk\u00e1ch a hern\u00e1ch<\/p><\/div>\n<div class=\"fcbkbttn_buttons_block\" id=\"fcbkbttn_left\"><div class=\"fcbkbttn_button\">\n                            <a href=\"https:\/\/www.facebook.com\/tom.patrick.509\" target=\"_blank\">\n                                <img decoding=\"async\" src=\"https:\/\/eldar.cz\/tompatrick\/wp-content\/plugins\/facebook-button-plugin\/images\/large-facebook-ico.png\" alt=\"Fb-Button\" \/>\n                            <\/a>\n                        <\/div><div class=\"fcbkbttn_like fcbkbttn_large_button\"><fb:like href=\"https:\/\/eldar.cz\/tompatrick\/melodicke-pochutiny-martina-jabkenice\/neni-prace-4\" action=\"like\" colorscheme=\"light\" layout=\"standard\"  width=\"225px\" size=\"large\"><\/fb:like><\/div><div class=\"fb-share-button fcbkbttn_large_button \" data-href=\"https:\/\/eldar.cz\/tompatrick\/melodicke-pochutiny-martina-jabkenice\/neni-prace-4\" data-type=\"button_count\" data-size=\"large\"><\/div><\/div>","protected":false},"excerpt":{"rendered":"<p>Nen\u00ed pr\u00e1ce nen\u00ed nen\u00ed je\u0161t\u011b po\u0159\u00e1d nen\u00ed pr\u00e1ce a tak lid\u00e9 zav\u00edtaj\u00ed op\u011bt obden na \u00fa\u0159ad pr\u00e1ce . P\u0159ij\u010f tam taky bu\u010f tam s n\u00e1mi dej do ob\u011bhu nov\u00e9 f\u00e1my o tom, jak jsi \u0161vorc ty a teta a pen\u00edze &hellip; <a href=\"https:\/\/eldar.cz\/tompatrick\/melodicke-pochutiny-martina-jabkenice\/neni-prace-4\">Cel\u00fd p\u0159\u00edsp\u011bvek <span class=\"meta-nav\">&rarr;<\/span><\/a><\/p>\n","protected":false},"author":2,"featured_media":0,"comment_status":"open","ping_status":"open","sticky":false,"template":"","format":"standard","meta":{"_s2mail":"yes","footnotes":""},"categories":[35],"tags":[],"class_list":["post-3898","post","type-post","status-publish","format-standard","hentry","category-melodicke-pochutiny-martina-jabkenice"],"_links":{"self":[{"href":"https:\/\/eldar.cz\/tompatrick\/wp-json\/wp\/v2\/posts\/3898","targetHints":{"allow":["GET"]}}],"collection":[{"href":"https:\/\/eldar.cz\/tompatrick\/wp-json\/wp\/v2\/posts"}],"about":[{"href":"https:\/\/eldar.cz\/tompatrick\/wp-json\/wp\/v2\/types\/post"}],"author":[{"embeddable":true,"href":"https:\/\/eldar.cz\/tompatrick\/wp-json\/wp\/v2\/users\/2"}],"replies":[{"embeddable":true,"href":"https:\/\/eldar.cz\/tompatrick\/wp-json\/wp\/v2\/comments?post=3898"}],"version-history":[{"count":2,"href":"https:\/\/eldar.cz\/tompatrick\/wp-json\/wp\/v2\/posts\/3898\/revisions"}],"predecessor-version":[{"id":3979,"href":"https:\/\/eldar.cz\/tompatrick\/wp-json\/wp\/v2\/posts\/3898\/revisions\/3979"}],"wp:attachment":[{"href":"https:\/\/eldar.cz\/tompatrick\/wp-json\/wp\/v2\/media?parent=3898"}],"wp:term":[{"taxonomy":"category","embeddable":true,"href":"https:\/\/eldar.cz\/tompatrick\/wp-json\/wp\/v2\/categories?post=3898"},{"taxonomy":"post_tag","embeddable":true,"href":"https:\/\/eldar.cz\/tompatrick\/wp-json\/wp\/v2\/tags?post=3898"}],"curies":[{"name":"wp","href":"https:\/\/api.w.org\/{rel}","templated":true}]}}