{"id":3887,"date":"2023-06-07T09:00:00","date_gmt":"2023-06-07T07:00:00","guid":{"rendered":"https:\/\/eldar.cz\/tompatrick\/?p=3887"},"modified":"2022-12-30T13:59:23","modified_gmt":"2022-12-30T11:59:23","slug":"poradi-basni-1","status":"publish","type":"post","link":"https:\/\/eldar.cz\/tompatrick\/melodicke-pochutiny-martina-jabkenice-uceleny-pribeh\/poradi-basni-1","title":{"rendered":"Po\u0159ad\u00ed b\u00e1sn\u00ed (1)"},"content":{"rendered":"<div class=\"fcbkbttn_buttons_block\" id=\"fcbkbttn_left\"><div class=\"fcbkbttn_button\">\n                            <a href=\"https:\/\/www.facebook.com\/tom.patrick.509\" target=\"_blank\">\n                                <img decoding=\"async\" src=\"https:\/\/eldar.cz\/tompatrick\/wp-content\/plugins\/facebook-button-plugin\/images\/large-facebook-ico.png\" alt=\"Fb-Button\" \/>\n                            <\/a>\n                        <\/div><div class=\"fcbkbttn_like fcbkbttn_large_button\"><fb:like href=\"https:\/\/eldar.cz\/tompatrick\/melodicke-pochutiny-martina-jabkenice-uceleny-pribeh\/poradi-basni-1\" action=\"like\" colorscheme=\"light\" layout=\"standard\"  width=\"225px\" size=\"large\"><\/fb:like><\/div><div class=\"fb-share-button fcbkbttn_large_button \" data-href=\"https:\/\/eldar.cz\/tompatrick\/melodicke-pochutiny-martina-jabkenice-uceleny-pribeh\/poradi-basni-1\" data-type=\"button_count\" data-size=\"large\"><\/div><\/div><p class=\"western\" align=\"left\"><span style=\"font-family: Times New Roman, serif;\"><i><b>Ucelen\u00fd p\u0159\u00edb\u011bh (kniha s n\u00e1zvem: Melodick\u00e9 pochutiny Martina Jabkeni\u010de)<\/b><\/i><\/span><\/p>\n<p class=\"western\" align=\"left\"><span style=\"font-family: Times New Roman, serif;\">\u010c\u00c1ST 1<\/span><\/p>\n<p class=\"western\" align=\"left\"><span style=\"font-family: Times New Roman, serif;\"><i><u>Generace 1: Tom\u00e1\u0161 a Renata<\/u><\/i><\/span><span style=\"font-family: Times New Roman, serif;\"><i> \u2013 Tom\u00e1\u0161 a j\u00e1 (1) \u2013 Boj o l\u00e1sku 2 (15)<\/i><\/span><\/p>\n<p class=\"western\" align=\"left\"><span style=\"font-family: Times New Roman, serif;\">Na \u00favod se n\u00e1m p\u0159edstavuje naoko sympatick\u00fd zamilovan\u00fd p\u00e1r \u2013 Tom\u00e1\u0161 se svoj\u00ed p\u0159\u00edtelkyn\u00ed. Vztah to nen\u00ed po v\u0161ech str\u00e1nk\u00e1ch harmonick\u00fd, nebo\u0165 mlad\u00edka p\u0159itahuj\u00ed i jin\u00e1 n\u011b\u017en\u00e1 pohlav\u00ed. Tom\u00e1\u0161ov\u011b p\u0159\u00edtelkyni to p\u0159irozen\u011b nen\u00ed p\u0159\u00edli\u0161 po chuti a sna\u017e\u00ed se sv\u00e9ho p\u0159\u00edtele uhl\u00eddat. To v\u0161ak nen\u00ed tak jednoduch\u00e9, Tom\u00e1\u0161 je toti\u017e neoby\u010dejn\u011b pohledn\u00fd. Oba se spolu tedy sna\u017e\u00ed tr\u00e1vit co nejv\u00edce voln\u00e9ho \u010dasu, kdy podnikaj\u00ed r\u016fzn\u00e9 cesty po sv\u011bt\u011b (1).<\/span><\/p>\n<div class=\"fcbkbttn_buttons_block\" id=\"fcbkbttn_left\"><div class=\"fcbkbttn_button\">\n                            <a href=\"https:\/\/www.facebook.com\/tom.patrick.509\" target=\"_blank\">\n                                <img decoding=\"async\" src=\"https:\/\/eldar.cz\/tompatrick\/wp-content\/plugins\/facebook-button-plugin\/images\/large-facebook-ico.png\" alt=\"Fb-Button\" \/>\n                            <\/a>\n                        <\/div><div class=\"fcbkbttn_like fcbkbttn_large_button\"><fb:like href=\"https:\/\/eldar.cz\/tompatrick\/melodicke-pochutiny-martina-jabkenice-uceleny-pribeh\/poradi-basni-1\" action=\"like\" colorscheme=\"light\" layout=\"standard\"  width=\"225px\" size=\"large\"><\/fb:like><\/div><div class=\"fb-share-button fcbkbttn_large_button \" data-href=\"https:\/\/eldar.cz\/tompatrick\/melodicke-pochutiny-martina-jabkenice-uceleny-pribeh\/poradi-basni-1\" data-type=\"button_count\" data-size=\"large\"><\/div><\/div>","protected":false},"excerpt":{"rendered":"<p>Ucelen\u00fd p\u0159\u00edb\u011bh (kniha s n\u00e1zvem: Melodick\u00e9 pochutiny Martina Jabkeni\u010de) \u010c\u00c1ST 1 Generace 1: Tom\u00e1\u0161 a Renata \u2013 Tom\u00e1\u0161 a j\u00e1 (1) \u2013 Boj o l\u00e1sku 2 (15) Na \u00favod se n\u00e1m p\u0159edstavuje naoko sympatick\u00fd zamilovan\u00fd p\u00e1r \u2013 Tom\u00e1\u0161 se svoj\u00ed &hellip; <a href=\"https:\/\/eldar.cz\/tompatrick\/melodicke-pochutiny-martina-jabkenice-uceleny-pribeh\/poradi-basni-1\">Cel\u00fd p\u0159\u00edsp\u011bvek <span class=\"meta-nav\">&rarr;<\/span><\/a><\/p>\n","protected":false},"author":2,"featured_media":0,"comment_status":"open","ping_status":"open","sticky":false,"template":"","format":"standard","meta":{"_s2mail":"yes","footnotes":""},"categories":[36],"tags":[],"class_list":["post-3887","post","type-post","status-publish","format-standard","hentry","category-melodicke-pochutiny-martina-jabkenice-uceleny-pribeh"],"_links":{"self":[{"href":"https:\/\/eldar.cz\/tompatrick\/wp-json\/wp\/v2\/posts\/3887","targetHints":{"allow":["GET"]}}],"collection":[{"href":"https:\/\/eldar.cz\/tompatrick\/wp-json\/wp\/v2\/posts"}],"about":[{"href":"https:\/\/eldar.cz\/tompatrick\/wp-json\/wp\/v2\/types\/post"}],"author":[{"embeddable":true,"href":"https:\/\/eldar.cz\/tompatrick\/wp-json\/wp\/v2\/users\/2"}],"replies":[{"embeddable":true,"href":"https:\/\/eldar.cz\/tompatrick\/wp-json\/wp\/v2\/comments?post=3887"}],"version-history":[{"count":1,"href":"https:\/\/eldar.cz\/tompatrick\/wp-json\/wp\/v2\/posts\/3887\/revisions"}],"predecessor-version":[{"id":3888,"href":"https:\/\/eldar.cz\/tompatrick\/wp-json\/wp\/v2\/posts\/3887\/revisions\/3888"}],"wp:attachment":[{"href":"https:\/\/eldar.cz\/tompatrick\/wp-json\/wp\/v2\/media?parent=3887"}],"wp:term":[{"taxonomy":"category","embeddable":true,"href":"https:\/\/eldar.cz\/tompatrick\/wp-json\/wp\/v2\/categories?post=3887"},{"taxonomy":"post_tag","embeddable":true,"href":"https:\/\/eldar.cz\/tompatrick\/wp-json\/wp\/v2\/tags?post=3887"}],"curies":[{"name":"wp","href":"https:\/\/api.w.org\/{rel}","templated":true}]}}