{"id":3822,"date":"2022-12-05T09:00:00","date_gmt":"2022-12-05T07:00:00","guid":{"rendered":"https:\/\/eldar.cz\/tompatrick\/?p=3822"},"modified":"2022-10-29T11:27:29","modified_gmt":"2022-10-29T09:27:29","slug":"rozhovor-s-annou-wolfovou-ilustratorkou-serie-city-means","status":"publish","type":"post","link":"https:\/\/eldar.cz\/tompatrick\/zpravodaj\/rozhovor-s-annou-wolfovou-ilustratorkou-serie-city-means","title":{"rendered":"Rozhovor s Annou Wolfovou, ilustr\u00e1torkou s\u00e9rie &#8220;City Means&#8221;"},"content":{"rendered":"<div class=\"fcbkbttn_buttons_block\" id=\"fcbkbttn_left\"><div class=\"fcbkbttn_button\">\n                            <a href=\"https:\/\/www.facebook.com\/tom.patrick.509\" target=\"_blank\">\n                                <img decoding=\"async\" src=\"https:\/\/eldar.cz\/tompatrick\/wp-content\/plugins\/facebook-button-plugin\/images\/large-facebook-ico.png\" alt=\"Fb-Button\" \/>\n                            <\/a>\n                        <\/div><div class=\"fcbkbttn_like fcbkbttn_large_button\"><fb:like href=\"https:\/\/eldar.cz\/tompatrick\/zpravodaj\/rozhovor-s-annou-wolfovou-ilustratorkou-serie-city-means\" action=\"like\" colorscheme=\"light\" layout=\"standard\"  width=\"225px\" size=\"large\"><\/fb:like><\/div><div class=\"fb-share-button fcbkbttn_large_button \" data-href=\"https:\/\/eldar.cz\/tompatrick\/zpravodaj\/rozhovor-s-annou-wolfovou-ilustratorkou-serie-city-means\" data-type=\"button_count\" data-size=\"large\"><\/div><\/div><p><strong>1) Kdy jste poc\u00edtila impulz vytv\u00e1\u0159et n\u011bco kreativn\u00edho?<\/strong><\/p>\n<p>P\u0159esn\u00e9 datum V\u00e1m nejsp\u00ed\u0161 ned\u00e1m, ale nejsp\u00ed\u0161 u\u017e od \u00fatl\u00e9ho v\u011bku. Od prvn\u00ed t\u0159\u00eddy nav\u0161t\u011bvuji ZU\u0160, v\u00fdtvarn\u00fd obor pro up\u0159esn\u011bn\u00ed, tak\u017ee jsem k tomu byla vedena prakticky od doby, co si jen pamatuji.<\/p>\n<p><strong>2) Studujete designovou st\u0159edn\u00ed \u0161kolu. Co v\u00e1m tato \u0161kola do \u017eivota p\u0159in\u00e1\u0161\u00ed?<\/strong><\/p>\n<p>V prvn\u00ed \u0159ad\u011b mi poskytuje svobodu vyjad\u0159ovat se, tak jak chci a tak jak pot\u0159ebuji. Nev\u00edm, co bych d\u011blala na \u0161kole, kde by to nebylo mo\u017en\u00e9.<\/p>\n<p><strong>3) V\u011bnujete se od\u011bvn\u00edmu model\u00e1\u0159stv\u00ed a n\u00e1vrh\u00e1\u0159stv\u00ed. M\u016f\u017eete bl\u00ed\u017ee specifikovat?<\/strong><\/p>\n<p>Zab\u00fdv\u00e1me se jak kreativn\u00ed str\u00e1nkou v\u011bci (navrhov\u00e1n\u00edm, barevnou teori\u00ed), tak technick\u00fdmi z\u00e1le\u017eitostmi (konstrukce samotn\u00e9ho st\u0159ihu pro od\u011bv, zp\u016fsoby zpracov\u00e1n\u00ed), tak\u017ee se u\u010d\u00edme cel\u00fd proces zhotoven\u00ed m\u00f3dn\u00ed kolekce i to jak svou kreativitu rozv\u00edjet d\u00e1le.<\/p>\n<p><strong>4) V \u010dem je va\u0161e studium a pr\u00e1ce na n\u011bm n\u00e1ro\u010dn\u00e1?<\/strong><\/p>\n<p>\u0158ekla bych, \u017ee nejn\u00e1ro\u010dn\u011bj\u0161\u00ed je nev\u00edce \u010dasov\u011b. V budov\u00e1ch \u0161koly jsme v\u011bt\u0161inou do ve\u010dera, tak\u017ee jde ob\u010das trochu ztuha naj\u00edt \u010das pro jin\u00e9 projekty, ale zvl\u00e1dnout se to d\u00e1.<\/p>\n<p><strong>5) Zb\u00fdv\u00e1 v\u00e1m \u010das i na jin\u00e9 kon\u00ed\u010dky?<\/strong><\/p>\n<p>Jak jsem se ji\u017e zm\u00ednila, \u010das je ob\u010das m\u016fj nep\u0159\u00edtel, ale kdy\u017e to jde tak se r\u00e1da do n\u011b\u010deho pust\u00edm. O v\u00edkendech nap\u0159\u00edklad pe\u010du nebo studuji historii, kter\u00e1 je \u00fazce spjata s m\u00fdm studiem.<\/p>\n<p><strong>6) Podporuje v\u00e1s va\u0161e rodina ve va\u0161\u00ed pr\u00e1ci a studiu?<\/strong><\/p>\n<p>I kdy\u017e m\u011b ob\u010das nech\u00e1pou, tak m\u011b povzbuzuj\u00ed, a\u0165 d\u011bl\u00e1m, co d\u011bl\u00e1m a za to jsem jim moc vd\u011b\u010dn\u00e1, proto\u017ee v\u00edm, \u017ee ka\u017ed\u00fd takov\u00e9 \u0161t\u011bst\u00ed nem\u00e1.<\/p>\n<p><strong>7) Co je va\u0161\u00edm c\u00edlem? \u010ceho hodl\u00e1te v \u017eivot\u011b dos\u00e1hnout?<\/strong><\/p>\n<p>Cht\u011bla bych \u017e\u00edt \u017eivot, na kter\u00fd se budu moct ohl\u00e9dnout a nelitovat ho.<\/p>\n<p><strong>8) M\u00e1te n\u011bjak\u00fd vzor, jemu\u017e se hodl\u00e1te p\u0159ibl\u00ed\u017eit?<\/strong><\/p>\n<p>Jeden konkr\u00e9tn\u00ed nejsp\u00ed\u0161 \u0159\u00edct nedok\u00e1\u017ei, r\u00e1da si beru inspiraci ze v\u0161ech lid\u00ed, co potk\u00e1m.<\/p>\n<p><strong>9) Kde se vid\u00edte za deset dvacet let?<\/strong><\/p>\n<p>Jeliko\u017e p\u0159\u00ed\u0161t\u00ed rok m\u011b \u010dek\u00e1 konec st\u0159edo\u0161kolsk\u00e9ho studia, ot\u00e1zka budoucnosti se na m\u011b \u0161kleb\u00ed \u010d\u00edm d\u00e1l \u010dast\u011bji. Co se kari\u00e9ry t\u00fd\u010de, nejsp\u00ed\u0161 bych cht\u011bla u\u010dit, historii nebo mo\u017en\u00e1 um\u011bn\u00ed, ale \u017eivot je v tomhle ohledu nevyzpytateln\u00fd, a v osobn\u00edm \u017eivot\u011b chci b\u00fdt hlavn\u011b s lidmi, kter\u00e9 m\u00e1m r\u00e1da a kte\u0159\u00ed maj\u00ed r\u00e1di m\u011b.<\/p>\n<p><strong>10) Byla jste jistou dobu na v\u00fdm\u011bnn\u00e9m pobytu v Anglii. V \u010dem je tato zem\u011b jin\u00e1 ne\u017e \u010desk\u00e1 republika?<\/strong><\/p>\n<p>Byl to sp\u00ed\u0161e \u0161koln\u00ed z\u00e1jezd, nicm\u00e9n\u011b jsem i tak m\u011bla mo\u017enost p\u0159esv\u011bd\u010dit se, jak\u00fdm zp\u016fsobem se na\u0161e zem\u011b li\u0161\u00ed. Kdy\u017e opomenu jasn\u00e9 rozd\u00edly, jako produkty, kter\u00e9 u n\u00e1s nenajdete, nebo ty kter\u00e9 neznaj\u00ed oni, a j\u00edzdu vlevo, nejv\u00fdrazn\u011bj\u0161\u00ed pro m\u011b byla nejsp\u00ed\u0161 r\u016fznorodost, kter\u00e1 tam prostupovala (styl obl\u00e9k\u00e1n\u00ed, n\u00e1rodnost\u2026). Samoz\u0159ejm\u011b jsem nav\u0161t\u00edvila jen malou \u010d\u00e1st Anglie, tak\u017ee nem\u016f\u017eu sv\u011bd\u010dit, zda to tak je v\u0161ude, r\u00e1da bych si, ale myslela, \u017ee ano.<\/p>\n<p><strong>11) Va\u0161e nejobl\u00edben\u011bj\u0161\u00ed postava z rom\u00e1n\u016f &#8220;City Means&#8221;?<\/strong><\/p>\n<p>To je o\u0161emetn\u00e1 ot\u00e1zka, ka\u017ed\u00e1 s postav m\u011bla n\u011bco do sebe, sympatick\u00e1 mi byla nap\u0159\u00edklad Elke, svoj\u00ed dobrotou. Nejv\u00edce mi ale k srdci asi p\u0159irost Kristi\u00e1n, to, \u017ee chce za\u017e\u00edt n\u011bco kouzeln\u00e9ho neust\u00e1le objevovat (pokud se spr\u00e1vn\u011b pamatuji), mi p\u0159ipom\u00edn\u00e1 moje vlastn\u00ed p\u0159edstavy o napln\u011bn\u00ed magick\u00e9ho \u017eivota.<\/p>\n<div class=\"fcbkbttn_buttons_block\" id=\"fcbkbttn_left\"><div class=\"fcbkbttn_button\">\n                            <a href=\"https:\/\/www.facebook.com\/tom.patrick.509\" target=\"_blank\">\n                                <img decoding=\"async\" src=\"https:\/\/eldar.cz\/tompatrick\/wp-content\/plugins\/facebook-button-plugin\/images\/large-facebook-ico.png\" alt=\"Fb-Button\" \/>\n                            <\/a>\n                        <\/div><div class=\"fcbkbttn_like fcbkbttn_large_button\"><fb:like href=\"https:\/\/eldar.cz\/tompatrick\/zpravodaj\/rozhovor-s-annou-wolfovou-ilustratorkou-serie-city-means\" action=\"like\" colorscheme=\"light\" layout=\"standard\"  width=\"225px\" size=\"large\"><\/fb:like><\/div><div class=\"fb-share-button fcbkbttn_large_button \" data-href=\"https:\/\/eldar.cz\/tompatrick\/zpravodaj\/rozhovor-s-annou-wolfovou-ilustratorkou-serie-city-means\" data-type=\"button_count\" data-size=\"large\"><\/div><\/div>","protected":false},"excerpt":{"rendered":"<p>1) Kdy jste poc\u00edtila impulz vytv\u00e1\u0159et n\u011bco kreativn\u00edho? P\u0159esn\u00e9 datum V\u00e1m nejsp\u00ed\u0161 ned\u00e1m, ale nejsp\u00ed\u0161 u\u017e od \u00fatl\u00e9ho v\u011bku. Od prvn\u00ed t\u0159\u00eddy nav\u0161t\u011bvuji ZU\u0160, v\u00fdtvarn\u00fd obor pro up\u0159esn\u011bn\u00ed, tak\u017ee jsem k tomu byla vedena prakticky od doby, co si jen &hellip; <a href=\"https:\/\/eldar.cz\/tompatrick\/zpravodaj\/rozhovor-s-annou-wolfovou-ilustratorkou-serie-city-means\">Cel\u00fd p\u0159\u00edsp\u011bvek <span class=\"meta-nav\">&rarr;<\/span><\/a><\/p>\n","protected":false},"author":2,"featured_media":0,"comment_status":"open","ping_status":"open","sticky":false,"template":"","format":"standard","meta":{"_s2mail":"yes","footnotes":""},"categories":[16],"tags":[],"class_list":["post-3822","post","type-post","status-publish","format-standard","hentry","category-zpravodaj"],"_links":{"self":[{"href":"https:\/\/eldar.cz\/tompatrick\/wp-json\/wp\/v2\/posts\/3822","targetHints":{"allow":["GET"]}}],"collection":[{"href":"https:\/\/eldar.cz\/tompatrick\/wp-json\/wp\/v2\/posts"}],"about":[{"href":"https:\/\/eldar.cz\/tompatrick\/wp-json\/wp\/v2\/types\/post"}],"author":[{"embeddable":true,"href":"https:\/\/eldar.cz\/tompatrick\/wp-json\/wp\/v2\/users\/2"}],"replies":[{"embeddable":true,"href":"https:\/\/eldar.cz\/tompatrick\/wp-json\/wp\/v2\/comments?post=3822"}],"version-history":[{"count":1,"href":"https:\/\/eldar.cz\/tompatrick\/wp-json\/wp\/v2\/posts\/3822\/revisions"}],"predecessor-version":[{"id":3823,"href":"https:\/\/eldar.cz\/tompatrick\/wp-json\/wp\/v2\/posts\/3822\/revisions\/3823"}],"wp:attachment":[{"href":"https:\/\/eldar.cz\/tompatrick\/wp-json\/wp\/v2\/media?parent=3822"}],"wp:term":[{"taxonomy":"category","embeddable":true,"href":"https:\/\/eldar.cz\/tompatrick\/wp-json\/wp\/v2\/categories?post=3822"},{"taxonomy":"post_tag","embeddable":true,"href":"https:\/\/eldar.cz\/tompatrick\/wp-json\/wp\/v2\/tags?post=3822"}],"curies":[{"name":"wp","href":"https:\/\/api.w.org\/{rel}","templated":true}]}}