{"id":3762,"date":"2023-03-06T09:00:00","date_gmt":"2023-03-06T07:00:00","guid":{"rendered":"https:\/\/eldar.cz\/tompatrick\/?p=3762"},"modified":"2022-10-02T11:07:40","modified_gmt":"2022-10-02T09:07:40","slug":"kapitola-58-obraz-jenz-maloval-mraz","status":"publish","type":"post","link":"https:\/\/eldar.cz\/tompatrick\/citymeans\/city-means-i-mesto-plne-navratu\/kapitola-58-obraz-jenz-maloval-mraz","title":{"rendered":"Kapitola 58 &#8211; Obraz, jen\u017e maloval mr\u00e1z"},"content":{"rendered":"<div class=\"fcbkbttn_buttons_block\" id=\"fcbkbttn_left\"><div class=\"fcbkbttn_button\">\n                            <a href=\"https:\/\/www.facebook.com\/tom.patrick.509\" target=\"_blank\">\n                                <img decoding=\"async\" src=\"https:\/\/eldar.cz\/tompatrick\/wp-content\/plugins\/facebook-button-plugin\/images\/large-facebook-ico.png\" alt=\"Fb-Button\" \/>\n                            <\/a>\n                        <\/div><div class=\"fcbkbttn_like fcbkbttn_large_button\"><fb:like href=\"https:\/\/eldar.cz\/tompatrick\/citymeans\/city-means-i-mesto-plne-navratu\/kapitola-58-obraz-jenz-maloval-mraz\" action=\"like\" colorscheme=\"light\" layout=\"standard\"  width=\"225px\" size=\"large\"><\/fb:like><\/div><div class=\"fb-share-button fcbkbttn_large_button \" data-href=\"https:\/\/eldar.cz\/tompatrick\/citymeans\/city-means-i-mesto-plne-navratu\/kapitola-58-obraz-jenz-maloval-mraz\" data-type=\"button_count\" data-size=\"large\"><\/div><\/div>\n<p><\/p>\n\n\n<p class=\"western\" align=\"left\">\u201e<span style=\"font-family: Times New Roman, serif;\"><i>N\u00e1hle se ozvalo klep\u00e1n\u00ed na dve\u0159e. J\u00e1 procitla a p\u0159itom myslela na nejhor\u0161\u00ed. Klep\u00e1n\u00ed toti\u017e neust\u00e1valo, nad\u00e1le se rozl\u00e9halo po m\u00e9m kolejn\u00edm pokoji.\u201c<\/i><\/span><\/p>\n<p class=\"western\" align=\"left\">\u201e<span style=\"font-family: Times New Roman, serif;\">No nazdar, to si ur\u010dit\u011b zas pro ni jde policie,\u201c zhrozil se Martin. Sotva te\u010f dok\u00e1zal poz\u0159\u00edt<\/span><i> <\/i><span style=\"font-family: Times New Roman, serif;\">dal\u0161\u00ed chutn\u00fd rohl\u00ed\u010dek a zap\u00edt jej \u010dajem, jak ho ta nervy dr\u00e1saj\u00edc\u00ed atmosf\u00e9ra uv\u00e1d\u011bla do \u010d\u00edm d\u00e1l v\u011bt\u0161\u00edch rozpak\u016f. Nola Martina tentokr\u00e1t nenapomenula, sama toti\u017e p\u0159em\u00edtala, kdo se Lanu asi rozhodl nav\u0161t\u00edvit. Tak\u00e9 ona nyn\u00ed nedok\u00e1zala pln\u011b skr\u00fdt jist\u00e9 obavy z nadch\u00e1zej\u00edc\u00edch okam\u017eik\u016f. Jedin\u011b Kristi\u00e1n i nad\u00e1le disponoval neproniknuteln\u00fdm pohledem, \u010d\u00edm\u017e op\u011btovn\u011b prok\u00e1zal, \u017ee m\u00e1 ze v\u0161ech t\u0159\u00ed nejodoln\u011bj\u0161\u00ed nervy.<\/span><\/p>\n<p class=\"western\" align=\"left\">\u201e<span style=\"font-family: Times New Roman, serif;\"><i>Ve dve\u0159\u00edch se zjevila d\u00edv\u010d\u00ed postava. Jej\u00ed pronikav\u00e9 modr\u00e9 o\u010di mi nev\u00fdslovn\u011b zaimponovaly a \u2013 co\u017e bylo zvl\u00e1\u0161tn\u00ed \u2013 i navodily p\u0159ekvapiv\u00fd pocit klidu. Jako by se dostavila i \u00faleva, jako by doty\u010dn\u00e1 vzkazovala: ,Zapome\u0148 na v\u0161echny sv\u00e9 dosavadn\u00ed t\u011b\u017ekosti, je\u017e ti do cesty postavil nevyzpytateln\u00fd osud.\u00b4\u201c<\/i><\/span><\/p>\n<p class=\"western\" align=\"left\">\u201e<span style=\"font-family: Times New Roman, serif;\">Dobr\u00fd ve\u010der, mohu vstoupit?\u201c ot\u00e1zala se d\u00edvka. Lana se tv\u00e1\u0159ila, jako by k n\u011b\u010demu takov\u00e9mu ji\u017e p\u0159edem svolila.<\/span><\/p>\n<p class=\"western\" align=\"left\"><span style=\"font-family: Times New Roman, serif;\">D\u00edvka tedy zav\u0159ela dve\u0159e, shodila pl\u00e1\u0161\u0165 a jej\u00ed \u0161t\u00edhl\u00e1 postava a dlouh\u00e1 blond h\u0159\u00edva ihned nabyly na pat\u0159i\u010dn\u00e9 kr\u00e1se. \u201eCo kdybychom se na moment posadily? Mysl\u00edm, \u017ee si ob\u011b m\u00e1me co \u0159\u00edci. Ne\u017e s t\u00edm v\u0161ak zapo\u010dneme, je nutn\u00e9 si p\u0159ipomenout jedno nesm\u00edrn\u011b d\u016fle\u017eit\u00e9: dne\u0161n\u00edmi dny nic nekon\u010d\u00ed, jejich prost\u0159ednictv\u00edm n\u011bco nov\u00e9ho za\u010d\u00edn\u00e1 a to <\/span><span style=\"font-family: Times New Roman, serif;\"><i>n\u011bco <\/i><\/span><span style=\"font-family: Times New Roman, serif;\">v sob\u011b bude m\u00edt pozitivn\u00ed n\u00e1dech.\u201c<\/span><\/p>\n<p align=\"left\">\u00a0<\/p>\n<p align=\"left\">\u00a0<\/p>\n<p align=\"left\"><img loading=\"lazy\" decoding=\"async\" class=\"\" src=\"https:\/\/eldar.cz\/tompatrick\/wp-content\/uploads\/2022\/10\/7.-Setkani-Anny-a-Lany.jpg\" width=\"545\" height=\"443\" \/><\/p>\n<p align=\"left\">\u00a0<\/p>\n<p align=\"left\">\u00a0<\/p>\n<p class=\"western\" align=\"left\">\u201e<span style=\"font-family: Times New Roman, serif;\">Ty tedy o t\u00e9 zran\u011bn\u00e9 d\u00edvce na n\u00e1m\u011bst\u00ed v\u00ed\u0161?\u201c odv\u00e1\u017eila se Lana kone\u010dn\u011b otev\u0159en\u011b promluvit.<\/span><\/p>\n<p class=\"western\" align=\"left\">\u201e<span style=\"font-family: Times New Roman, serif;\">Ano, v\u00edm o tomto, o policejn\u00edm v\u00fdslechu jako\u017eto o tv\u00e9 p\u0159ede\u0161l\u00e9 h\u00e1dce s p\u0159\u00edtelem,\u201c odv\u011btila p\u0159\u00edv\u011btiv\u011b d\u00edvka. \u201eDovol, abych se ti p\u0159edstavila, Lano: jmenuji se Anna.\u201c<\/span><\/p>\n<p class=\"western\" align=\"left\">\u201e<span style=\"font-family: Times New Roman, serif;\"><i>Ten a\u017e nadpozemsky zdvo\u0159il\u00fd sametov\u00fd hlas znovu navozuje \u00fat\u011bchu. Najednou mi p\u0159i\u0161lo, jako by po m\u00e9 pravici sed\u011bla sestra, kterou jsem dlouh\u00e1 l\u00e9ta nevid\u011bla. Ta p\u0159edstava je dosti zvl\u00e1\u0161tn\u00ed, nem\u00e1m toti\u017e \u017e\u00e1dn\u00e9 sourozence a zejm\u00e9na proto se sna\u017e\u00edm v\u00e1\u017eit si ka\u017ed\u00e9 vl\u00eddn\u00e9 tv\u00e1\u0159e, j\u00ed\u017e m\u00e1m mo\u017enost potkat. P\u0159esn\u011b to byl p\u0159\u00edpad Anny.\u201c<\/i><\/span><\/p>\n<p class=\"western\" align=\"left\">\u201e<span style=\"font-family: Times New Roman, serif;\">V\u00ed\u0161 co? Projdeme se rad\u0161i po m\u011bst\u011b. Venku je p\u0159\u00edjemn\u00fd letn\u00ed ve\u010der, nem\u00e1 cenu z\u016fst\u00e1vat v uzav\u0159en\u00e9m prost\u0159ed\u00ed,\u201c navrhla posl\u00e9ze Anna. <\/span><\/p>\n<p class=\"western\" align=\"left\"><span style=\"font-family: Times New Roman, serif;\">Martin, Nola i Kristi\u00e1n te\u010f byli zv\u011bdav\u00ed, jak se Lana k v\u00fdzv\u011b postav\u00ed. A vskutku\u2026<\/span><\/p>\n<p class=\"western\" align=\"left\">\u201e<span style=\"font-family: Times New Roman, serif;\"><i>Nebr\u00e1nila jsem se tomu. S Annou jako bych se c\u00edtila \u010d\u00edm d\u00e1l bezpe\u010dn\u011bji. Vych\u00e1z\u00edme spole\u010dn\u011b ven p\u0159ed kolej a vyd\u00e1v\u00e1me se do ulic. Postupn\u011b sp\u011bjeme a\u017e do prostranstv\u00ed pas\u00e1\u017e\u00ed. Poci\u0165uji v\u0161udyp\u0159\u00edtomn\u00fd klid a harmonii na du\u0161i.\u201c<\/i><\/span><\/p>\n<p class=\"western\" align=\"left\">\u201e<span style=\"font-family: Times New Roman, serif;\">T\u0159eba ta Anna um\u00ed ovl\u00e1dat lidskou mysl,\u201c zamyslel se Kristi\u00e1n, kdy\u017e Martin s Nolou znovu nasadili udiven\u00e9 kuku\u010de. \u201eKdy\u017e v Rajon\u00e1d\u011b dok\u00e1zala umem sob\u011b vlastn\u00edm p\u0159edv\u00e1d\u011bt tak skvostn\u00fd triky, tak ovl\u00e1dnout \u010dlov\u011bka pro ni prost\u011b nen\u00ed \u017e\u00e1dn\u00fd probl\u00e9m.\u201c<\/span><\/p>\n<p class=\"western\" align=\"left\">\u201e<span style=\"font-family: Times New Roman, serif;\">A byla to tam v\u00e1\u017en\u011b Anna? Co kdy\u017e\u2026\u201c<\/span><\/p>\n<p class=\"western\" align=\"left\">\u201e<span style=\"font-family: Times New Roman, serif;\">Psst,\u201c p\u0159eru\u0161ila Martina znovu Nola. Ten se na ni op\u011btovn\u011b k\u00e1rav\u011b pod\u00edval. \u201ePromi\u0148, ale Lana pokra\u010duje v pov\u00edd\u00e1n\u00ed a j\u00e1 bych to nerada prop\u00e1sla,\u201c ohradila se.<\/span><\/p>\n<p class=\"western\" align=\"left\">\u201e<span style=\"font-family: Times New Roman, serif;\"><i>Anna m\u011b zav\u00e1d\u00ed do obchodu s parf\u00e9my. Uvnit\u0159 v\u0161e na prvn\u00ed pohled vypad\u00e1 jinak \u2013 vedle nich se v n\u011bm vyskytuj\u00ed v\u0161emo\u017en\u011b barevn\u00e9 sv\u00edce a po st\u011bn\u00e1ch jsou rozv\u011b\u0161en\u00e9 ojedin\u011bl\u00e9 zar\u00e1movan\u00e9 obrazy.\u201c<\/i><\/span><\/p>\n<p class=\"western\" align=\"left\">\u201e<span style=\"font-family: Times New Roman, serif;\">Kdo toto vytv\u00e1\u0159el?\u201c zeptala se Lana, kdy\u017e k jednomu z obraz\u016f p\u0159istoupila bl\u00ed\u017e.\u201c<\/span><\/p>\n<p class=\"western\" align=\"left\">\u201e<span style=\"font-family: Times New Roman, serif;\">Kdo? No p\u0159ece ten, jemu\u017e tento um pr\u00e1vem po stalet\u00ed n\u00e1le\u017e\u00ed,\u201c odpov\u011bd\u011bla j\u00ed pohotov\u011b Anna.<\/span><\/p>\n<p class=\"western\" align=\"left\">\u201e<span style=\"font-family: Times New Roman, serif;\">Po\u010dkej, to chce\u0161 v\u00e1\u017en\u011b \u0159\u00edct, \u017ee tohle m\u00e1 na sv\u011bdom\u00ed\u2026\u201c<\/span><\/p>\n<p class=\"western\" align=\"left\">\u201e<span style=\"font-family: Times New Roman, serif;\">Ano, tak jest, mr\u00e1z&#8230; i kdy\u017e tentokr\u00e1t za p\u0159isp\u011bn\u00ed lidsk\u00fdch rukou.\u201c<\/span><\/p>\n<p align=\"left\">\u00a0<\/p>\n<p align=\"left\">\u00a0<\/p>\n<p align=\"left\"><img loading=\"lazy\" decoding=\"async\" class=\"\" src=\"https:\/\/naposedu.cz\/wp-content\/uploads\/2018\/08\/mochna-lino.jpg\" width=\"567\" height=\"378\" \/><\/p>\n<p align=\"left\">\u00a0<\/p>\n<p align=\"left\">\u00a0<\/p>\n<p class=\"western\" align=\"left\"><span style=\"font-family: Times New Roman, serif;\">Anna otev\u0159ela jednu z p\u0159ihr\u00e1dek stolu a z n\u00ed vyndala b\u00edlou desku. Tu pak polo\u017eila na st\u016fl, zasedla za n\u011bj a za\u010dala si procvi\u010dovat prsty u rukou.<\/span><\/p>\n<p class=\"western\" align=\"left\">\u201e<span style=\"font-family: Times New Roman, serif;\">Co chce\u0161 te\u010f\u2026\u201c<\/span><\/p>\n<p class=\"western\" align=\"left\">\u201e<span style=\"font-family: Times New Roman, serif;\"><i>Zadrh\u00e1v\u00e1m se uprost\u0159ed v\u011bty. V t\u00e9to chv\u00edli si v\u016fbec nedok\u00e1\u017eu vysv\u011btlit, jak je n\u011bco takov\u00e9ho mo\u017en\u00e9. Anna p\u0159ed m\u00fdmi zraky ladn\u00fdmi pohyby rukou na b\u00edl\u00e9 desce doslova \u010daruje jako ten nejmocn\u011bj\u0161\u00ed mr\u00e1z. Bravurn\u011b tvaruje cosi, co z\u00e1hy v\u011brohodn\u011b p\u0159ipomene labu\u0165. K n\u00ed zanedlouho je\u0161t\u011b p\u0159ib\u00fdvaj\u00ed st\u0159echy dom\u016f a \u0159eka.\u201c<\/i><\/span><\/p>\n<p align=\"left\">\u00a0<\/p>\n<p align=\"left\">\u00a0<\/p>\n<p align=\"left\"><img loading=\"lazy\" decoding=\"async\" class=\"\" src=\"https:\/\/eldar.cz\/tompatrick\/wp-content\/uploads\/2022\/10\/6.-Obraz-jenz-maloval-mraz.jpg\" width=\"573\" height=\"513\" \/><\/p>\n<p align=\"left\">\u00a0<\/p>\n<p align=\"left\">\u00a0<\/p>\n<p class=\"western\" align=\"left\">\u201e<span style=\"font-family: Times New Roman, serif;\">To je n\u011bco naprosto \u00fa\u017easn\u00e9ho!\u201c Lana na to udiven\u011b z\u00edrala s otev\u0159enou pusou zrovna tak jako jej\u00ed t\u0159i div\u00e1ci v Jebortov\u011b ulici.<\/span><\/p>\n<p class=\"western\" align=\"left\">\u201e<span style=\"font-family: Times New Roman, serif;\">Chce\u0161 si to sama vyzkou\u0161et?\u201c nab\u00edzela Lan\u011b Anna.<\/span><\/p>\n<p class=\"western\" align=\"left\">\u201e<span style=\"font-family: Times New Roman, serif;\">R\u00e1da bych.\u201c<\/span><\/p>\n<p class=\"western\" align=\"left\">\u201e<span style=\"font-family: Times New Roman, serif;\">Tak pros\u00edm.\u201c<\/span><\/p>\n<p class=\"western\" align=\"left\">\u201e<span style=\"font-family: Times New Roman, serif;\"><i>V on\u011bm\u011bn\u00ed zased\u00e1m za st\u016fl a procvi\u010duji si prsty tak jako p\u0159ede mnou Anna. Pak opatrn\u011b zasouv\u00e1m nehet ukazov\u00e1\u010dku do b\u00edl\u00e9 desky a poprv\u00e9 se pokou\u0161\u00edm o ur\u010dit\u00fd tvar. Le\u010d v desce se tvo\u0159\u00ed hlubok\u00e1 r\u00fdha.\u201c<\/i><\/span><\/p>\n<p class=\"western\" align=\"left\">\u201e<span style=\"font-family: Times New Roman, serif;\">Poj\u010f, zkus\u00edme to spole\u010dn\u011b.\u201c <\/span><\/p>\n<p class=\"western\" align=\"left\">\u201e<span style=\"font-family: Times New Roman, serif;\"><i>Anna jemn\u011b bere moji pravou ruku a vede ji po desce. Tvary zam\u00fd\u0161len\u00fdch br\u00fdl\u00ed se za\u010d\u00ednaj\u00ed postupn\u011b r\u00fdsovat, i kdy\u017e ve v\u00fdsledn\u00e9 f\u00e1zi ani zdaleka nep\u0159ipom\u00ednaj\u00ed um v\u0161estrann\u00e9ho mrazu. Z Annin\u00fdch o\u010d\u00ed se v\u0161ak d\u00e1 vy\u010d\u00edst jin\u00e1 odpov\u011b\u010f, j\u00ed\u017e \u010dlov\u011bk hnedle spr\u00e1vn\u011b odtu\u0161\u00ed, a sice \u017ee nic nejde hned napoprv\u00e9, \u017ee v\u0161e m\u00e1 sv\u016fj \u010das.\u201c<\/i><\/span><\/p>\n<p class=\"western\" align=\"left\">\u201e<span style=\"font-family: Times New Roman, serif;\">V\u0161e m\u00e1 sv\u016fj \u010das, Lano,\u201c potvrdila z\u00e1hy Laninu domn\u011bnku Anna. \u201eJ\u00e1 v\u0161ak v\u00edm, \u017ee jednou i ty dok\u00e1\u017ee\u0161 um\u011bn\u00ed mrazu konkurovat. M\u00e1\u0161 v sob\u011b cosi v\u00fdjime\u010dn\u00e9ho a to n\u011bco by rozhodn\u011b nem\u011blo z\u016fstat nete\u010dn\u00fdm.\u201c<\/span><\/p>\n<p class=\"western\" align=\"left\">\u201e<span style=\"font-family: Times New Roman, serif;\"><i>Annin\u011b pozn\u00e1mce okam\u017eit\u011b v\u011bnuji dostate\u010dnou pozornost. Je\u0161t\u011b nikdy jsem od nikoho jin\u00e9ho nic podobn\u00e9ho nezaslechla, ani od Martina. Ihned se zaj\u00edm\u00e1m, co t\u00edm Anna vlastn\u011b nyn\u00ed m\u00e1 na mysli.\u201c<\/i><\/span><\/p>\n<p class=\"western\" align=\"left\">\u201e<span style=\"font-family: Times New Roman, serif;\">Opravdu jsem to myslela naprosto v\u00e1\u017en\u011b, Lano. Jak jist\u011b sama dob\u0159e v\u00ed\u0161, v tv\u00e9m \u017eivot\u011b je zapot\u0159eb\u00ed napravit dv\u011b z\u00e1va\u017en\u00e9 ud\u00e1losti, je\u017e t\u011b st\u00e1le t\u00ed\u017e\u00ed a t\u00ed\u017eit nep\u0159estanou, dokud se zd\u00e1rn\u011b nevy\u0159e\u0161\u00ed.\u201c<\/span><\/p>\n<p class=\"western\" align=\"left\">\u201e<span style=\"font-family: Times New Roman, serif;\"><i>V\u00edm, o \u010dem te\u010f Anna mluv\u00ed, na co m\u011b upozor\u0148uje. I tak jsem pln\u00e1 obav. Onu d\u00edvku se sice zav\u010das poda\u0159ilo odv\u00e9st do nemocnice, jej\u00ed stav v\u0161ak byl pom\u011brn\u011b v\u00e1\u017en\u00fd. Nav\u00edc do toho ona policie, s n\u00ed\u017e to rozhodn\u011b je\u0161t\u011b neskon\u010dilo. A Martin, pom\u00fd\u0161l\u00edm z\u00e1hy, kde tomu je asi konec?\u201c<\/i><\/span><\/p>\n<p class=\"western\" align=\"left\">\u201e<span style=\"font-family: Times New Roman, serif;\">V\u0161e se naprav\u00ed, pokud o to bude\u0161 usilovn\u011b st\u00e1t, Lano,\u201c ozvala se z\u00e1hy op\u011btovn\u011b vl\u00eddn\u011b Anna. \u201eM\u00e1m jist\u00e9 neklamn\u00e9 tu\u0161en\u00ed, \u017ee tu d\u00edvku \u2013 Adrianu \u2013 brzy propust\u00ed z nemocnice dom\u016f. Co kdybys ji pak zkusila nav\u0161t\u00edvit a trochu se ji pokusila rozpt\u00fdlit? Konej\u0161iv\u00e1 p\u0159\u00e1telsk\u00e1 slova dok\u00e1\u017eou d\u011blat u\u010din\u011bn\u00e9 z\u00e1zraky.\u201c<\/span><\/p>\n<p class=\"western\" align=\"left\">\u201e<span style=\"font-family: Times New Roman, serif;\">Nev\u00edm,\u201c p\u0159ipustila okam\u017eit\u011b v\u00e1hav\u011b Lana. \u201eM\u00e1m obavy, aby se t\u00edm cel\u00e1 situace t\u0159eba je\u0161t\u011b v\u00edce nevyhrotila.\u201c<\/span><\/p>\n<p class=\"western\" align=\"left\">\u201e<span style=\"font-family: Times New Roman, serif;\">Ty to zvl\u00e1dne\u0161, mus\u00ed\u0161 si jen o trochu v\u00edce d\u016fv\u011b\u0159ovat. T\u0159eba ti pom\u016f\u017ee toto.\u201c<\/span><\/p>\n<p class=\"western\" align=\"left\">\u201e<span style=\"font-family: Times New Roman, serif;\"><i>Anna mi pod\u00e1v\u00e1 ta\u0161ku, kterou u sebe m\u011bla ji\u017e ve chv\u00edli, kdy m\u011b nav\u0161t\u00edvila na koleji. V n\u00ed se zm\u00edtaj\u00ed rud\u011b karm\u00ednov\u00e9 r\u016f\u017ee, je\u017e omamn\u011b von\u00ed.\u201c<\/i><\/span><\/p>\n<p class=\"western\" align=\"left\">\u201e<span style=\"font-family: Times New Roman, serif;\">Pamatuj, Lano, na ka\u017edou bolestivou du\u0161i \u010di m\u00edsto existuje l\u00e9k, jen je d\u016fle\u017eit\u00e9 ho um\u011bt vyu\u017e\u00edt ve spr\u00e1vn\u00fd okam\u017eik.\u201c<\/span><\/p>\n<p class=\"western\" align=\"left\">\u201e<span style=\"font-family: Times New Roman, serif;\"><i>Lou\u010d\u00edm se s Annou a odch\u00e1z\u00edm zp\u011bt na kolej. Na cest\u011b horliv\u011b p\u0159em\u00edt\u00e1m o jej\u00edch posledn\u00edch slovech. Kdy\u017e otev\u00edr\u00e1m dve\u0159e sv\u00e9ho kolejn\u00edho pokoje, p\u0159ijde mi na okam\u017eik na mysl, \u017ee podlehnu zase nehostinn\u00e9 samot\u011b, le\u010d v\u016fn\u011b kv\u011btin jako by navracela pozitivn\u00ed my\u0161len\u00ed. Jako\u017eto onen zimn\u00ed obraz vytvo\u0159en\u00fd Annou, jen\u017e mi doty\u010dn\u00e1 p\u0159ed odchodem z obchodu darovala.\u201c<\/i><\/span><\/p><div class=\"fcbkbttn_buttons_block\" id=\"fcbkbttn_left\"><div class=\"fcbkbttn_button\">\n                            <a href=\"https:\/\/www.facebook.com\/tom.patrick.509\" target=\"_blank\">\n                                <img decoding=\"async\" src=\"https:\/\/eldar.cz\/tompatrick\/wp-content\/plugins\/facebook-button-plugin\/images\/large-facebook-ico.png\" alt=\"Fb-Button\" \/>\n                            <\/a>\n                        <\/div><div class=\"fcbkbttn_like fcbkbttn_large_button\"><fb:like href=\"https:\/\/eldar.cz\/tompatrick\/citymeans\/city-means-i-mesto-plne-navratu\/kapitola-58-obraz-jenz-maloval-mraz\" action=\"like\" colorscheme=\"light\" layout=\"standard\"  width=\"225px\" size=\"large\"><\/fb:like><\/div><div class=\"fb-share-button fcbkbttn_large_button \" data-href=\"https:\/\/eldar.cz\/tompatrick\/citymeans\/city-means-i-mesto-plne-navratu\/kapitola-58-obraz-jenz-maloval-mraz\" data-type=\"button_count\" data-size=\"large\"><\/div><\/div>","protected":false},"excerpt":{"rendered":"<p>\u201eN\u00e1hle se ozvalo klep\u00e1n\u00ed na dve\u0159e. J\u00e1 procitla a p\u0159itom myslela na nejhor\u0161\u00ed. Klep\u00e1n\u00ed toti\u017e neust\u00e1valo, nad\u00e1le se rozl\u00e9halo po m\u00e9m kolejn\u00edm pokoji.\u201c \u201eNo nazdar, to si ur\u010dit\u011b zas pro ni jde policie,\u201c zhrozil se Martin. Sotva te\u010f dok\u00e1zal poz\u0159\u00edt &hellip; <a href=\"https:\/\/eldar.cz\/tompatrick\/citymeans\/city-means-i-mesto-plne-navratu\/kapitola-58-obraz-jenz-maloval-mraz\">Cel\u00fd p\u0159\u00edsp\u011bvek <span class=\"meta-nav\">&rarr;<\/span><\/a><\/p>\n","protected":false},"author":2,"featured_media":0,"comment_status":"open","ping_status":"open","sticky":false,"template":"","format":"standard","meta":{"_s2mail":"yes","footnotes":""},"categories":[33],"tags":[],"class_list":["post-3762","post","type-post","status-publish","format-standard","hentry","category-city-means-i-mesto-plne-navratu"],"_links":{"self":[{"href":"https:\/\/eldar.cz\/tompatrick\/wp-json\/wp\/v2\/posts\/3762","targetHints":{"allow":["GET"]}}],"collection":[{"href":"https:\/\/eldar.cz\/tompatrick\/wp-json\/wp\/v2\/posts"}],"about":[{"href":"https:\/\/eldar.cz\/tompatrick\/wp-json\/wp\/v2\/types\/post"}],"author":[{"embeddable":true,"href":"https:\/\/eldar.cz\/tompatrick\/wp-json\/wp\/v2\/users\/2"}],"replies":[{"embeddable":true,"href":"https:\/\/eldar.cz\/tompatrick\/wp-json\/wp\/v2\/comments?post=3762"}],"version-history":[{"count":4,"href":"https:\/\/eldar.cz\/tompatrick\/wp-json\/wp\/v2\/posts\/3762\/revisions"}],"predecessor-version":[{"id":3793,"href":"https:\/\/eldar.cz\/tompatrick\/wp-json\/wp\/v2\/posts\/3762\/revisions\/3793"}],"wp:attachment":[{"href":"https:\/\/eldar.cz\/tompatrick\/wp-json\/wp\/v2\/media?parent=3762"}],"wp:term":[{"taxonomy":"category","embeddable":true,"href":"https:\/\/eldar.cz\/tompatrick\/wp-json\/wp\/v2\/categories?post=3762"},{"taxonomy":"post_tag","embeddable":true,"href":"https:\/\/eldar.cz\/tompatrick\/wp-json\/wp\/v2\/tags?post=3762"}],"curies":[{"name":"wp","href":"https:\/\/api.w.org\/{rel}","templated":true}]}}