{"id":3683,"date":"2022-11-14T09:00:00","date_gmt":"2022-11-14T07:00:00","guid":{"rendered":"https:\/\/eldar.cz\/tompatrick\/?p=3683"},"modified":"2022-07-16T11:43:03","modified_gmt":"2022-07-16T09:43:03","slug":"kapitola-46-v-dobrem-i-spatnem-rozpolozeni","status":"publish","type":"post","link":"https:\/\/eldar.cz\/tompatrick\/citymeans\/city-means-i-mesto-plne-navratu\/kapitola-46-v-dobrem-i-spatnem-rozpolozeni","title":{"rendered":"Kapitola 46 &#8211; V dobr\u00e9m i \u0161patn\u00e9m rozpolo\u017een\u00ed"},"content":{"rendered":"<div class=\"fcbkbttn_buttons_block\" id=\"fcbkbttn_left\"><div class=\"fcbkbttn_button\">\n                            <a href=\"https:\/\/www.facebook.com\/tom.patrick.509\" target=\"_blank\">\n                                <img decoding=\"async\" src=\"https:\/\/eldar.cz\/tompatrick\/wp-content\/plugins\/facebook-button-plugin\/images\/large-facebook-ico.png\" alt=\"Fb-Button\" \/>\n                            <\/a>\n                        <\/div><div class=\"fcbkbttn_like fcbkbttn_large_button\"><fb:like href=\"https:\/\/eldar.cz\/tompatrick\/citymeans\/city-means-i-mesto-plne-navratu\/kapitola-46-v-dobrem-i-spatnem-rozpolozeni\" action=\"like\" colorscheme=\"light\" layout=\"standard\"  width=\"225px\" size=\"large\"><\/fb:like><\/div><div class=\"fb-share-button fcbkbttn_large_button \" data-href=\"https:\/\/eldar.cz\/tompatrick\/citymeans\/city-means-i-mesto-plne-navratu\/kapitola-46-v-dobrem-i-spatnem-rozpolozeni\" data-type=\"button_count\" data-size=\"large\"><\/div><\/div><p class=\"western\">\u201eV\u00e1\u017en\u011b\u2026 v\u00e1\u017en\u011b tam ten ostrov je?\u201c No tak to je senza\u010dn\u00ed!\u201c poulil na Nolu udiven\u011b o\u010di Martin, kdy\u017e mu o tom ne\u010dekan\u00e9m objevu pov\u011bd\u011bla. Bylo pozdn\u00ed odpoledne a v\u0161ichni t\u0159i (tedy i Kristi\u00e1n) sm\u011b\u0159ovali na men\u0161\u00ed h\u0159i\u0161t\u011b, co se nach\u00e1zelo hned za m\u011bstem u Labe. Pr\u00e1v\u011b tam m\u011bly sraz jejich kmenov\u00e9 t\u0159\u00eddy. Ne\u010dekan\u00e1 se\u0161lost se konala na po\u010dest odchodu Dany Moronov\u00e9 ze \u0161koly a z\u00e1rove\u0148 byla oslavou p\u0159\u00edchodu sympatick\u00e9 Lady, d\u00edky n\u00ed\u017e se u mnoh\u00fdch student\u016f dostavily t\u00e9m\u011b\u0159 okam\u017eit\u011b ne\u010dekan\u011b velmi dobr\u00e9 v\u00fdsledky v oblasti fyzik\u00e1ln\u00ed, co\u017e byl v dlouhodob\u00e9 historii mochnick\u00e9ho gymn\u00e1zia vskutku nev\u00eddan\u00fd jev. Na h\u0159i\u0161ti se tou dobou odv\u00edjel dost ru\u0161n\u00fd fotb\u00e1lek, zaj\u00edmav\u00fd rovn\u011b\u017e t\u00edm, \u017ee jej hr\u00e1li dohromady kluci s holkami, tak\u017ee tam nejednou nast\u00e1valy dosti kuri\u00f3zn\u00ed situace. Nola s Martinem dokonce na moment p\u0159eru\u0161ili hovor a zpovzd\u00e1l\u00ed se kochali man\u00fdry sv\u00fdch t\u0159\u00eddn\u00edch koleg\u016f.<\/p>\n<p><img loading=\"lazy\" decoding=\"async\" class=\"\" src=\"https:\/\/eldar.cz\/tompatrick\/wp-content\/uploads\/2022\/07\/18.-Studenti-pri-radovankach-1024x701.jpg\" width=\"589\" height=\"403\" \/><\/p>\n<p class=\"western\">\u201eAnno, \u0161mankote,\u201c bylo sly\u0161et Teodora, \u201ekam ten m\u00ed\u010d kope\u0161?\u201c J\u00e1 jsem p\u0159ece brank\u00e1\u0159em na\u0161eho mu\u017estva! M\u011b neprov\u011b\u0159uj, vem si na pa\u0161k\u00e1l ty druh\u00fd!\u201c Takto volal, kdy\u017e k n\u011bmu jmenovan\u00e1 d\u00edvka z bezprost\u0159edn\u00ed bl\u00edzkosti vyslala m\u00ed\u010dovou bombu, kterou na posledn\u00ed chv\u00edli jako z\u00e1zrakem chytil.<\/p>\n<p class=\"western\">\u201eJ\u00e9, Teodorku, promi\u0148,\u201c omlouvala se mu, \u201eale my jsme se s Martou p\u0159ed chvili\u010dkou prohodily, v\u00ed\u0161?\u201c<\/p>\n<p class=\"western\">\u201eJo, tak takhle vy na m\u011b, furiantky? Tak j\u00e1 zas toto!\u201c A Teodor se pleskl do kolenou, vyb\u011bhl z br\u00e1ny jako rozzu\u0159en\u00fd b\u00fdk, nen\u00e1padn\u011b se k Ann\u011b p\u0159ito\u010dil zezadu a kulichem ji zakryl hlavu, tak\u017ee najednou nic nevid\u011bla.<\/p>\n<p class=\"western\">\u201ePom\u00f3\u00f3\u00f3c, vra\u017ed\u00e1\u00e1\u00e1, Ted\u00edk m\u011b chce vy\u0161achovat ze hry!\u201c k\u0159i\u010dela na cel\u00e9 kolo jakoby nafoukl\u00e1 h\u00e9liem a hned nato se zakuck\u00e1vala sm\u00edchy.<\/p>\n<p class=\"western\">\u201eCo ty tady m\u00e1\u0161 co vyk\u0159ikovat, co? No to by teda takhle ne\u0161lo, to mus\u00edme l\u00e9\u010dit!\u201c I on m\u011bl co d\u011blat, aby se naplno nerozesm\u00e1l.<\/p>\n<p class=\"western\">\u201eTeodorku, no t\u00e1\u00e1\u00e1k, s\u00ed\u00ed\u00edm,\u201c \u017eadonila Anna, nechej m\u00e9ho kul\u00ed\u0161ka na pokoj\u00ed\u00ed\u00ed!\u201c na\u010de\u017e st\u00e1le marn\u011b odol\u00e1vala jeho sp\u00e1r\u016fm.<\/p>\n<p class=\"western\">\u201eJ\u00e1 ti d\u00e1m kul\u00ed\u0161ka, tohle z tv\u00e9 strany byla p\u011bkn\u00e1 kuli\u0161\u00e1rna, ty jedna u\u0159van\u00e1 \u0161eptando!\u201c \u0161k\u00e1dlil Teodor svou ob\u011b\u0165 nemilosrdn\u011b d\u00e1l, pro zm\u011bnu lecht\u00e1n\u00edm na z\u00e1dech.<\/p>\n<p class=\"western\">\u201eHele, to \u0161krt\u00ed, KRT\u00cd!\u201c reptala Anna v z\u00e1palu nov\u00e9ho sm\u00edchu.<\/p>\n<p class=\"western\">\u201ePrdlajs, chr\u010d\u00ed chrti, snad p\u011bkn\u011b lochte, ty jedno popleto! Zd\u00e1 se, \u017ee ti n\u011bjak napr\u00e1zdno p\u0159eska-ka-ku-j\u00ed ventily! Z\u00e1kon rezonance zjevn\u011b nabral na ru\u0161iv\u00fdch elementech!\u201c<\/p>\n<p class=\"western\">\u201eJ\u00e1 ti d\u00e1m z\u00e1kon element\u016f!\u201c zakuck\u00e1vala se Anna. Jejich vz\u00e1jemn\u00e9 \u0161k\u00e1dlen\u00ed te\u010f u\u017e \u010dist\u011b p\u0159ipom\u00ednalo opi\u010d\u00ed tanec. \u201eNemysli si, kdy\u017e je Moronka ze \u0161koly pry\u010d, \u017ee ji nedok\u00e1\u017eu p\u0159ivolat zp\u00e1tky! Tak pus\u0165!\u201c<\/p>\n<p class=\"western\">\u201eNepust\u00edm! T\u0159\u00edf\u00e1zov\u00e1 gravitace je\u0161t\u011b nedosp\u011bla do f\u00e1ze vrcholov\u00e9ho vybou\u0159en\u00ed!\u201c liboval si Teodor v dal\u0161\u00edch fyzik\u00e1ln\u00edch smy\u0161lenin\u00e1ch.<\/p>\n<p class=\"western\">\u201eS\u00ed\u00ed\u00edm, pus\u0165 mne, plos\u00edm! Marto, aj mne nechl\u00e1, domluv mu laspo\u0148 ty, kdy\u017e mne nehodl\u00e1l\u00e1l\u00e1 poslouch\u00e1\u00e1\u00e1t, vyhul jeden!\u201c<\/p>\n<p class=\"western\">\u201eJo, tak vykuk!\u201c<\/p>\n<p class=\"western\">\u201eTeodore, nechte Annu na pokoji!\u201c parodovala te\u010f Marta Moronino v\u00fdhru\u017en\u00e9 prstov\u00e9 gesto.<\/p>\n<p class=\"western\">Teodor jej\u00edmu p\u0159\u00e1n\u00ed vyhov\u011bl a na opl\u00e1tku Mart\u011b p\u0159edvedl Moroninu r\u00e1znou ch\u016fzi mezi lavicemi se v\u0161emi jej\u00edmi o\u010dn\u00edmi posu\u0148ky, za co\u017e si vyslou\u017eil p\u0159\u00edzvisko <i>unaven\u00e9ho samuraje po trojit\u00e9 magnetick\u00e9 rezonanci<\/i>.<\/p>\n<p class=\"western\">\u201eJO, TAK TOHLE O MN\u011a SOUD\u00cdTE, VL\u00c1MSK\u00c1?! TAK TO BY TEDA NE\u0160LO! M\u00c1TE KOULI, SARDEL, VL\u00c1MSK\u00c1!\u201c za\u010dal Teodor obstojn\u011b p\u0159edv\u00e1d\u011bt profesor\u010dino sup\u011bn\u00ed.<\/p>\n<p class=\"western\">\u201eA je tam g\u00f3l, chlapcod\u00edvko Tendrl\u00edku!\u201c zak\u0159i\u010del v re\u017eii Josefa Humlera, u\u010ditele t\u011blocviku, Lekener.<\/p>\n<p class=\"western\">Lekn\u00e1 chlapcod\u00edvko, v\u017edy\u0165 vy hrajete p\u0159ece se mnou!\u201c<\/p>\n<p class=\"western\">\u201eHmm, u\u017e nejsp\u00ed\u0161 taky ne.\u201c A ne\u017e se Teodor sta\u010dil vzpamatovat, Lekener zavelel: V\u0160ICHNI NA N\u011aJ!\u201c<\/p>\n<p class=\"western\">Teodor m\u011bl co d\u011blat, aby \u201erozv\u00e1\u0161n\u011bn\u00e9mu davu\u201c v\u016fbec unikl. \u201eJen po\u010dkejte, na p\u0159\u00ed\u0161t\u00ed hodin\u011b fyziky uvid\u00edte! V\u0161em v\u00e1m na z\u00e1da p\u0159imontuju elektromagnet o s\u00edle p\u011btseti volt\u016f za jednu kybernetsekundu a to budete \u010du\u010det , jak to s v\u00e1ma p\u011bkn\u011b zato\u010d\u00ed!\u201c vyk\u0159ikoval jako spr\u00e1vn\u011b ujet\u00e1 Dana Moronov\u00e1, kdy\u017e ho dav v \u010dele s Lekenerem proh\u00e1n\u011bl v\u0161ude mo\u017en\u011b po h\u0159i\u0161ti. Pron\u00e1sledovatel\u00e9 se na jeho p\u0159\u00edkaz rozd\u011blili na dv\u011b skupinky a Teodora obkl\u00ed\u010dili z obou stran. Kdy\u017e ho dostihli, povalili ho na zem a na n\u00ed ho pak je\u0161t\u011b n\u011bjakou tu minutku mu\u010dili t\u00edm, \u010d\u00edm on je: lecht\u00e1n\u00edm a fyzik\u00e1ln\u00edmi hl\u00e1\u0161kami. Pot\u00e9, co se dostate\u010dn\u011b vy\u0159\u00e1dili, se navr\u00e1tili zp\u011bt k fotbalu.<\/p>\n<p class=\"western\">\u201eTi ho ale prohnali, co?\u201c Konstatovala dob\u0159e se bav\u00edc\u00ed Nola. \u201eZejm\u00e9na ten Lekener. Ostatn\u011b jsem zv\u011bdav\u00e1, jak se bude tv\u00e1\u0159it, a\u017e se dozv\u00ed o t\u00e9 \u010dty\u0159ce z angli\u010dtiny, kterou dostal za ty sv\u00e9 hudebn\u00ed v\u00fdjevy.\u201c<\/p>\n<p class=\"western\">\u201eNo co, jak? Jako poka\u017ed\u00e9: zase bude r\u00e1d, \u017ee je st\u0159edem pozornosti, trhloun jeden,\u201c vyj\u00e1d\u0159il se k tomu hned vla\u017en\u011b Martin.<\/p>\n<p class=\"western\">\u201e\u0160koda, \u017ee u sebe nem\u00e1m fo\u0165\u00e1k, byly by to v\u00e1\u017en\u011b dost dobr\u00fd sn\u00edmky,\u201c okomentoval si to \u010dist\u011b po sv\u00e9m Kristi\u00e1n.<\/p>\n<p class=\"western\">\u201ePche,\u201c dal Martin ve zkratce jasn\u011b najevo, co si o jeho v\u00fdroku mysl\u00ed.<\/p>\n<p class=\"western\">\u201ePoj\u010fte, uk\u00e1\u017eu v\u00e1m v mapce ten ostrov,\u201c sto\u010dila Nola hovor z\u00e1m\u011brn\u011b jinam, kdy\u017e vid\u011bla, \u017ee s Martinem zase nen\u00ed kloudn\u00e1 \u0159e\u010d.<\/p>\n<p class=\"western\">\u201eTamhle na to bude klid,\u201c k\u00fdvl Kristi\u00e1n sm\u011brem k sousedn\u00edmu basketbalov\u00e9mu h\u0159i\u0161ti, kde nikdo nebyl. V\u0161ichni t\u0159i tam tedy zam\u00ed\u0159ili a usadili se na lavi\u010dku.<\/p>\n<p class=\"western\">\u201eJ\u00e1 t\u011b, Martine, nech\u00e1pu,\u201c nedalo to p\u0159eci jen Nole.<\/p>\n<p class=\"western\">\u201eA v \u010dem zas?\u201c zeptal se pohor\u0161en\u011b.<\/p>\n<p class=\"western\">\u201eNo, abych p\u0159iznala,\u201c v\u00e1hala na moment, ale pak to stejn\u011b vyslovila nahlas, \u201etak moment\u00e1ln\u011b v t\u00e9 tv\u00e9 p\u0159ehnan\u00e9 n\u00e1ladovosti. Co ti te\u010f na Lekenorovi tak vadilo? P\u0159ece neprov\u00e1d\u011bl nic stra\u0161n\u00e9ho, jen s Teodorem bavili lidi kolem sebe. Nic osobn\u00edho, co ur\u00e1\u017e\u00ed, v tom ani n\u00e1znakem nebylo.\u201c<\/p>\n<p class=\"western\">\u201eNebu\u010f bl\u00e1hov\u00e1. Cht\u011bl se na Teodorov\u011b v\u00fdstupu sv\u00e9zt a holk\u00e1m zas jen dok\u00e1zat, jak\u00fd je to fr\u00e1ja. A j\u00e1 nejsem n\u00e1ladov\u00fd, n\u00e1hodou si um\u00edm druh\u00fdch v\u0161\u00edmat.\u201c<\/p>\n<p class=\"western\">\u201eNo, j\u00e1 jsem nap\u0159\u00edklad vypozoroval,\u201c vstoupil do hovoru Kristi\u00e1n, \u201ejak je ta na\u0161e i va\u0161e t\u0159\u00edda naprosto skv\u011bl\u00e1.\u201c<\/p>\n<p class=\"western\">\u201eP\u0159esn\u011b tak,\u201c nav\u00e1zala Nola. \u201eNeb\u00fdt dne\u0161n\u00edho n\u00e1hodn\u00e9ho setk\u00e1n\u00ed, mo\u017en\u00e1 bychom se v\u0161ichni donekone\u010dna jen m\u00edjeli na \u0161koln\u00edch chodb\u00e1ch.\u201c<\/p>\n<p class=\"western\">A Kristi\u00e1n k tomu p\u0159ipojil: \u201eP\u0159esn\u011b tak. Po pololetk\u00e1ch se jede na ly\u017ee, m\u016f\u017eem na n\u011b vyrazit komplet spole\u010dn\u011b a Humler n\u00e1s tam bude dirigovat \u2013 co p\u0159\u00e1t si v\u00edc, snad je\u0161t\u011b trochu toho sn\u011bhu, a bude to dokonal\u00fd.\u201c<\/p>\n<p class=\"western\">\u201eV\u00e1\u017en\u011b \u0161t\u011bst\u00ed,\u201c vzala si zase slovo Nola, \u201e\u017ee n\u00e1m m\u00edsto vzteklounky Moronky dali jako n\u00e1hradu pr\u00e1v\u011b Ladu.\u201c<\/p>\n<p class=\"western\">\u201eJo, jasn\u011b, Lada je fajn, nemohli jsme si p\u0159\u00e1t nikoho lep\u0161\u00edho,\u201c souhlasil Martin, kter\u00fd te\u010f roztr\u017eit\u011b t\u011bkal z jednoho na druh\u00e9ho.<\/p>\n<p class=\"western\">\u201eNo, tak vid\u00ed\u0161\u2026\u201c<\/p>\n<p class=\"western\">\u201eJen\u017ee to je\u0161t\u011b neznamen\u00e1, \u017ee se d\u00edky propojen\u00ed obou t\u0159\u00edd \u2013 tedy moj\u00ed a va\u0161\u00ed \u2013 Lekener \u00fapln\u011b zm\u011bn\u00ed. A kdy\u017e pozoruju, jak na Lad\u011bnce v jednom kuse vis\u00ed t\u011bma sv\u00fdma modr\u00fdma kukadlama\u2026\u201c<\/p>\n<p class=\"western\">\u201eTy jsi na tom byl v p\u0159\u00edtomnosti Alexandry ale stejn\u011b, a nezamlouvej to, j\u00e1 s Kristi\u00e1nem jsme toho byli sv\u011bdky!\u201c Tentokr\u00e1t se Nole kone\u010dn\u011b poda\u0159ilo Martinovu v\u011btu zd\u00e1rn\u011b p\u0159eru\u0161it.<\/p>\n<p class=\"western\">\u201eJo, byl,\u201c p\u0159ipustil vcelku ochotn\u011b Martin, \u201ejen\u017ee j\u00e1 jsem p\u0159ed n\u00ed rozhodn\u011b nic nep\u0159edst\u00edral, to vlastn\u011b ani v\u016fbec ne\u0161lo.\u201c<\/p>\n<p class=\"western\">\u201eAle j\u00e1 si stejn\u011b mysl\u00edm, a Nola se mnou ur\u010dit\u011b bude souhlasit,\u201c vlo\u017eil se do debaty okam\u017eit\u011b nanovo Kristi\u00e1n, aby zabr\u00e1nil Martinovi v rozpov\u00eddan\u00ed se o tom, jak\u00fd je jeho sok \u2013 tedy Lekener \u2013 nehor\u00e1zn\u00fd proutn\u00edk, \u201e\u017ee ten Lekener tam te\u010f fakticky nic nehr\u00e1l. Byl prost\u011b r\u00e1d, \u017ee se v\u0161ichni dob\u0159e bavjej. \u0160ikanoval snad n\u011bkoho? Ne\u0161ikanoval. Zmaloval n\u011bkomu cifern\u00edk? Nezmaloval. Tak\u017ee j\u00e1 bych v tom \u017e\u00e1dnou hroznou v\u011bdu rozhodn\u011b nehledal.\u201c<\/p>\n<p class=\"western\">\u201eNo jo, ty a Nola zkr\u00e1tka v\u017edycky mus\u00edte t\u00e1hnout za jeden provaz, pokud jde o jednotu n\u00e1zoru! To se uvid\u00ed a\u017e tehdy,\u201c dodal Martin honem, kdy\u017e oba jeho kamar\u00e1di dali najevo ubl\u00ed\u017een\u00e9 kuku\u010de, \u201ea\u017e za mnou Lekener s\u00e1m od sebe p\u0159ijde a v\u0161e si pak vy\u0159\u00edk\u00e1me p\u011bkn\u011b z o\u010d\u00ed do o\u010d\u00ed.\u201c<\/p>\n<p class=\"western\">\u201eTak to se ti m\u016f\u017ee brzo splnit, pan dlouh\u00e1n se toti\u017e d\u00edv\u00e1 p\u0159\u00edmo sem k n\u00e1m,\u201c upozornila Martina Nola. Ten se okam\u017eit\u011b prudce oto\u010dil, Lekener po nich nejen \u0161ilhal o\u010dima, dokonce i vyvol\u00e1val Martinovo jm\u00e9no.<\/p>\n<p class=\"western\">\u201eMartine, jde\u0161 taky hr\u00e1t?\u201c<\/p>\n<p class=\"western\">\u201eNa po\u010d\u00e1te\u010dn\u00ed usm\u00ed\u0159en\u00ed vcelku uspokojiv\u00e1 lichotka, co ty na to?\u201c soudil Kristi\u00e1n.<\/p>\n<p class=\"western\">\u201eTo ho ur\u010dit\u011b navedl Teodor!\u201c dal v\u00fdbojn\u011b najevo Martin za\u0165atou p\u011bst\u00ed.<\/p>\n<p class=\"western\">\u201eFajn, tak zat\u00edm!\u201c vysv\u011btlil si to Lekener \u010dist\u011b po sv\u00e9m, ve smyslu vzkazu, \u017ee fotbalov\u00e9 mu\u017estvo co nevid\u011bt z\u00edsk\u00e1 \u010derstvou posilu, a znovu zab\u0159edl do hry.<\/p>\n<p class=\"western\">\u201eTak b\u011b\u017e, statn\u00fd brachu a uka\u017e Lekenerovi, za\u010d je toho tv\u016fj usmi\u0159ovac\u00ed loket,\u201c dod\u00e1val Martinovi pot\u0159ebn\u00e9 sebev\u011bdom\u00ed Kristi\u00e1n.<\/p>\n<p class=\"western\">\u201eHmm, tak to bude muset jinoch je\u0161t\u011b n\u011bjakou tu minutku po\u010dkat,\u201c \u0159ekl to Martin, jako by dan\u00fd spor u\u017e p\u0159edem vyhr\u00e1l. \u201eNejprve toti\u017e mus\u00edme vy\u0159e\u0161it na\u0161e osobn\u00ed z\u00e1le\u017eitosti.<\/p>\n<p class=\"western\">Martin a Nola jeho rozumov\u00e9 hl\u00e1\u0161ky u\u017e rad\u0161i nijak nekomentovali a vy\u0161li mu ochotn\u011b vst\u0159\u00edc.<\/p>\n<div class=\"fcbkbttn_buttons_block\" id=\"fcbkbttn_left\"><div class=\"fcbkbttn_button\">\n                            <a href=\"https:\/\/www.facebook.com\/tom.patrick.509\" target=\"_blank\">\n                                <img decoding=\"async\" src=\"https:\/\/eldar.cz\/tompatrick\/wp-content\/plugins\/facebook-button-plugin\/images\/large-facebook-ico.png\" alt=\"Fb-Button\" \/>\n                            <\/a>\n                        <\/div><div class=\"fcbkbttn_like fcbkbttn_large_button\"><fb:like href=\"https:\/\/eldar.cz\/tompatrick\/citymeans\/city-means-i-mesto-plne-navratu\/kapitola-46-v-dobrem-i-spatnem-rozpolozeni\" action=\"like\" colorscheme=\"light\" layout=\"standard\"  width=\"225px\" size=\"large\"><\/fb:like><\/div><div class=\"fb-share-button fcbkbttn_large_button \" data-href=\"https:\/\/eldar.cz\/tompatrick\/citymeans\/city-means-i-mesto-plne-navratu\/kapitola-46-v-dobrem-i-spatnem-rozpolozeni\" data-type=\"button_count\" data-size=\"large\"><\/div><\/div>","protected":false},"excerpt":{"rendered":"<p>\u201eV\u00e1\u017en\u011b\u2026 v\u00e1\u017en\u011b tam ten ostrov je?\u201c No tak to je senza\u010dn\u00ed!\u201c poulil na Nolu udiven\u011b o\u010di Martin, kdy\u017e mu o tom ne\u010dekan\u00e9m objevu pov\u011bd\u011bla. Bylo pozdn\u00ed odpoledne a v\u0161ichni t\u0159i (tedy i Kristi\u00e1n) sm\u011b\u0159ovali na men\u0161\u00ed h\u0159i\u0161t\u011b, co se nach\u00e1zelo &hellip; <a href=\"https:\/\/eldar.cz\/tompatrick\/citymeans\/city-means-i-mesto-plne-navratu\/kapitola-46-v-dobrem-i-spatnem-rozpolozeni\">Cel\u00fd p\u0159\u00edsp\u011bvek <span class=\"meta-nav\">&rarr;<\/span><\/a><\/p>\n","protected":false},"author":2,"featured_media":0,"comment_status":"open","ping_status":"open","sticky":false,"template":"","format":"standard","meta":{"_s2mail":"yes","footnotes":""},"categories":[33],"tags":[],"class_list":["post-3683","post","type-post","status-publish","format-standard","hentry","category-city-means-i-mesto-plne-navratu"],"_links":{"self":[{"href":"https:\/\/eldar.cz\/tompatrick\/wp-json\/wp\/v2\/posts\/3683","targetHints":{"allow":["GET"]}}],"collection":[{"href":"https:\/\/eldar.cz\/tompatrick\/wp-json\/wp\/v2\/posts"}],"about":[{"href":"https:\/\/eldar.cz\/tompatrick\/wp-json\/wp\/v2\/types\/post"}],"author":[{"embeddable":true,"href":"https:\/\/eldar.cz\/tompatrick\/wp-json\/wp\/v2\/users\/2"}],"replies":[{"embeddable":true,"href":"https:\/\/eldar.cz\/tompatrick\/wp-json\/wp\/v2\/comments?post=3683"}],"version-history":[{"count":2,"href":"https:\/\/eldar.cz\/tompatrick\/wp-json\/wp\/v2\/posts\/3683\/revisions"}],"predecessor-version":[{"id":3704,"href":"https:\/\/eldar.cz\/tompatrick\/wp-json\/wp\/v2\/posts\/3683\/revisions\/3704"}],"wp:attachment":[{"href":"https:\/\/eldar.cz\/tompatrick\/wp-json\/wp\/v2\/media?parent=3683"}],"wp:term":[{"taxonomy":"category","embeddable":true,"href":"https:\/\/eldar.cz\/tompatrick\/wp-json\/wp\/v2\/categories?post=3683"},{"taxonomy":"post_tag","embeddable":true,"href":"https:\/\/eldar.cz\/tompatrick\/wp-json\/wp\/v2\/tags?post=3683"}],"curies":[{"name":"wp","href":"https:\/\/api.w.org\/{rel}","templated":true}]}}