{"id":3438,"date":"2022-09-26T09:00:00","date_gmt":"2022-09-26T07:00:00","guid":{"rendered":"https:\/\/eldar.cz\/tompatrick\/?p=3438"},"modified":"2022-07-02T15:51:10","modified_gmt":"2022-07-02T13:51:10","slug":"kapitola-39-vantelbooklist-v-praxi","status":"publish","type":"post","link":"https:\/\/eldar.cz\/tompatrick\/citymeans\/city-means-i-mesto-plne-navratu\/kapitola-39-vantelbooklist-v-praxi","title":{"rendered":"Kapitola 39 &#8211; Vantelbooklist v praxi"},"content":{"rendered":"<div class=\"fcbkbttn_buttons_block\" id=\"fcbkbttn_left\"><div class=\"fcbkbttn_button\">\n                            <a href=\"https:\/\/www.facebook.com\/tom.patrick.509\" target=\"_blank\">\n                                <img decoding=\"async\" src=\"https:\/\/eldar.cz\/tompatrick\/wp-content\/plugins\/facebook-button-plugin\/images\/large-facebook-ico.png\" alt=\"Fb-Button\" \/>\n                            <\/a>\n                        <\/div><div class=\"fcbkbttn_like fcbkbttn_large_button\"><fb:like href=\"https:\/\/eldar.cz\/tompatrick\/citymeans\/city-means-i-mesto-plne-navratu\/kapitola-39-vantelbooklist-v-praxi\" action=\"like\" colorscheme=\"light\" layout=\"standard\"  width=\"225px\" size=\"large\"><\/fb:like><\/div><div class=\"fb-share-button fcbkbttn_large_button \" data-href=\"https:\/\/eldar.cz\/tompatrick\/citymeans\/city-means-i-mesto-plne-navratu\/kapitola-39-vantelbooklist-v-praxi\" data-type=\"button_count\" data-size=\"large\"><\/div><\/div><p><span style=\"font-family: Times New Roman CE, serif;\">Pr\u00e1v\u011b Nolina nanovo obnoven\u00e1 zm\u00ednka o cestov\u00e1n\u00ed zap\u0159\u00ed\u010dinila, \u017ee se hovor znovu sto\u010dil na Rolla a ostrov nedaleko b\u0159eh\u016f ji\u017en\u00ed Afriky, a na po\u0159ad dne se tak vr\u00e1til Alexand\u0159in booklist a s n\u00edm spojen\u00fd p\u0159\u00edb\u011bh o Helmutovi a Helen\u011b.<\/span><\/p>\n<p>\u201eJo, fajn, tak se do toho tedy d\u00e1me,\u201d uvolila se nakonec Nola, kdy\u017e vi<span style=\"font-family: Times New Roman CE, serif;\">d\u011bla, \u017ee <\/span>beztak <span style=\"font-family: Times New Roman CE, serif;\">nem\u00e1 p\u0159\u00edli\u0161 moc na v\u00fdb\u011br.<\/span><\/p>\n<p><span style=\"font-family: Times New Roman CE, serif;\">Martin se jej\u00edch slov okam\u017eit\u011b chyt<\/span>il, pol<span style=\"font-family: Times New Roman CE, serif;\">o\u017eil se\u0161it na mal\u00fd stolek, kolem kter\u00e9ho se v\u0161ichni r\u00e1zem shlukli, a p\u0159ipravil si modr\u00fd fix. \u201eP\u016fj\u010dila bys mi n\u011bjakou Rollovu fotografii? po\u017e\u00e1dal Nolu dodate\u010dn\u011b. \u201eV\u00ed\u0161, chci, aby to vypadalo co nejv\u011brohodn\u011bji, tak v tom pros\u00edm nehledej n\u011bco jako nar\u00e1\u017eku na tv\u016fj sou\u010dasn\u00fd stav.\u201d<\/span><\/p>\n<p>\u201e<span style=\"font-family: Times New Roman CE, serif;\">Neboj, nebudu,\u201d ubezpe\u010dila ho Nola a k jeho p\u0159ekvapen\u00ed na st\u016fl polo\u017eila fotku asi tak sedmn\u00e1ctilet\u00e9ho \u010derno\u0161sk\u00e9ho chlapce. Martin pak se\u0161it otev\u0159el, vzal si ji a p\u0159ilo\u017eil doprost\u0159ed prvn\u00ed strany. Pak tak trochu zapochyboval, ale nakonec se k tomu p\u0159eci jen pokusil odhodlat.<\/span><\/p>\n<p>\u201e<span style=\"font-family: Times New Roman CE, serif;\">Mohl bych si ji alespo\u0148 pro te\u010f na tuhle stranu nalepit? Jen tak nalehko,\u201d dodal sp\u011b\u0161n\u011b, kdy\u017e spat\u0159il Nolin p\u0159ekvapen\u00fd v\u00fdraz v o\u010d\u00edch. \u201eSta\u010dil by mi k tomu jen jeden nepatrn\u00fd prou\u017eek izolepy, pak fotku Rolla zase opatrn\u011b odejmu. Nepo\u0161kod\u00edm ji, neboj.\u201d<\/span><\/p>\n<p>\u201e<span style=\"font-family: Times New Roman CE, serif;\">Tak dob\u0159e, ud\u011bl\u00e1m to ale sama, kdy\u017e dovol\u00ed\u0161.\u201d<\/span><\/p>\n<p><span style=\"font-family: Times New Roman CE, serif;\">Opatrn\u011b ji jedn\u00edm prou\u017ekem izolepy nalepila do m\u00edst, kam ukazoval Martin\u016fv prst. \u201eTak a je\u0161t\u011b pod n\u00ed t\u00edmhle fixem p\u0159ipi\u0161 jeho jm\u00e9no, klidn\u011b<\/span>, jak sama uzn\u00e1\u0161 za vhodn\u00e9. Je<span style=\"font-family: Times New Roman CE, serif;\"> to p\u0159ece tv\u016fj vyvolen\u00fd \u010dlov\u011bk, <\/span>a jen ty m\u00e1\u0161 pr\u00e1vo rozhodnout, jak\u00fd druh p\u00edsma si zvol\u00ed\u0161.\u201d<\/p>\n<p>Nola <span style=\"font-family: Times New Roman CE, serif;\">pod fotku \u010diteln\u00fdm psac\u00edm p\u00edsmem p\u0159ipsala <\/span><i>Rollo<\/i><span style=\"font-family: Times New Roman CE, serif;\">. Prvn\u00ed strana v se\u0161itu tak nyn\u00ed ji\u017e skute\u010dn\u011b v n\u00e1stinu vystihovala n\u011bco podobn\u00e9ho, co Alexand\u0159ina slo\u017eka, jen s t\u00edm nepatrn\u00fdm rozd\u00edlem, \u017ee Rollova fotografie byla v porovn\u00e1n\u00ed s tou Heleninou pouhou po\u0161tovn\u00ed zn\u00e1mkou. .<\/span><\/p>\n<p>\u201e<span style=\"font-family: Times New Roman CE, serif;\">Hmm, vypad\u00e1 to opravdu vkusn\u011b a rozhodn\u011b to u\u017e o n\u011b\u010dem v\u00fdjime\u010dn\u00fdm vypov\u00edd\u00e1,\u201d podotkl Kristi\u00e1n, kdy\u017e si celou stranu pon\u011bkolik\u00e1t\u00e9 prohl\u00e9dl. \u201ePro\u010d se tohle v\u0161echno ale nach\u00e1z\u00ed a\u017e tady<\/span>,<span style=\"font-family: Times New Roman CE, serif;\"> a ne p\u0159\u00edmo u\u017e na t\u00e9 hlavn\u00ed \u010derven\u00fd se\u0161itov\u00fd desce?\u201d<\/span><\/p>\n<p>\u201eNo, <span style=\"font-family: Times New Roman CE, serif;\">to proto, \u017ee tak je tomu i v p\u0159\u00edpad\u011b t\u00e9 Heleniny slo\u017eky. P\u0159edn\u00ed a zadn\u00ed \u010derven\u00e1 deska tohoto se\u0161itu m\u00e1 p\u0159edstavovat pr\u00e1v\u011b ony pevn\u00e9 \u0161anony, do nich\u017e jsou jednotliv\u00e9 pap\u00edry vkl\u00e1dan\u00e9, a teprve tam se to v\u0161e za\u010d\u00edn\u00e1 odehr\u00e1vat.\u201d<\/span><\/p>\n<p>\u201e<span style=\"font-family: Times New Roman CE, serif;\">Jo, tak\u017ee se v na\u0161em p\u0159\u00edpad\u011b jedn\u00e1 jen o takov\u00fd p\u0159ipodobn\u011bn\u00ed.\u201d<\/span><\/p>\n<p>\u201e<span style=\"font-family: Times New Roman CE, serif;\">Jo, o takov\u00fd herb\u00e1\u0159 s jinou v\u00fdpln\u00ed a v trochu jin\u00e9m proveden\u00ed,\u201d pokusil se to Martin je\u0161t\u011b jednou obdobn\u011b vystihnout.<\/span><\/p>\n<p>\u201eJasn\u00fd a co d\u00e1l?\u201d<\/p>\n<p>\u201e<span style=\"font-family: Times New Roman CE, serif;\">No pak u\u017e n\u00e1sleduje onen rozhovor mezi dv\u011bma osobami &#8211; n\u00e1mi a na\u0161\u00edm vysn\u011bn\u00fdm jedincem &#8211; v na\u0161em p\u0159\u00edpad\u011b tedy mezi Nolou a Rollem,\u201d ujal se slova op\u011bt Martin a od Kristi\u00e1na p\u0159ejel o\u010dima na jmenovanou. \u201eOpravdu z\u00e1le\u017e\u00ed jen na pisateli, jak\u00e9 t\u00e9ma si k hovoru zvol\u00ed &#8211; na jeho fantazii, na jeho skryt\u00fdch touh\u00e1ch, pocitech.\u201d<\/span><\/p>\n<p>\u201e<span style=\"font-family: Times New Roman CE, serif;\">No dob\u0159e, tak j\u00e1 se o to pokus\u00edm.\u201d<\/span><\/p>\n<p><img loading=\"lazy\" decoding=\"async\" class=\"\" src=\"https:\/\/eldar.cz\/tompatrick\/wp-content\/uploads\/2022\/07\/5.-Nola-si-cvici-Vantelbooklistovy-pribeh-1024x852.jpg\" width=\"539\" height=\"448\" \/><\/p>\n<p><span style=\"font-family: Times New Roman CE, serif;\">Nola tedy oto\u010dila list, na Martinovo p\u0159\u00e1n\u00ed si p\u0159ipravila modrou propisku, kter\u00e1 m\u011bla v n\u00e1sledn\u00e9m textu symbolizovat jej\u00ed osobu, na\u010de\u017e modr\u00fd fix pak byl ur\u010den zase Rollov\u00fdm p\u0159\u00edpadn\u00fdm slov\u016fm. Zap\u00e1lila p\u00e1r vonn\u00fdch sv\u00ed\u010dek a dala se do psan\u00ed. Zpo\u010d\u00e1tku ani po\u0159\u00e1dn\u011b nev\u011bd\u011bla, o \u010dem by si m\u011bla se sv\u00fdm vzd\u00e1len\u00fdch kamar\u00e1dem pov\u00eddat, a tak za\u010dala se zcela prostink\u00fdmi v\u011btami. V se\u0161itu se tedy n\u00e1sledn\u011b objevilo:<\/span><\/p>\n<p>Ahoj, tady Nola, jak se ti <span style=\"font-family: Times New Roman CE, serif;\">da\u0159\u00ed? U\u017e dlouho jsme si spolu nem\u011bli mo\u017enost popov\u00eddat.<\/span><\/p>\n<p><span style=\"font-family: Times New Roman CE, serif;\"><i>Promi\u0148, je mi to, Nolo, stra\u0161n\u011b moc l\u00edto, ale bohu\u017eel jsem byl zna\u010dn\u011b zanepr\u00e1zdn\u011bn\u00fd, nebo\u0165 jsem hodn\u011b cestoval po sv\u011bt\u011b, tak\u017ee mi na to nezbyl v\u016fbec \u010das<\/i><\/span>.<\/p>\n<p><span style=\"font-family: Times New Roman CE, serif;\">Tak to m\u011b moc mrz\u00ed. No tak se snad spolu setk\u00e1me n\u011bkdy p\u0159\u00ed\u0161t\u011b. Nikdy p\u0159ece nen\u00ed pozd\u011b.<\/span><\/p>\n<p><span style=\"font-family: Times New Roman CE, serif;\"><i>Ur\u010dit\u011b. Jsem \u00fapln\u011b stejn\u00e9ho n\u00e1zoru. Zat\u00edm bohu\u017eel k tomu ale nen\u00ed vhodn\u00e1 p\u0159\u00edle\u017eitost. Tak snad mo\u017en\u00e1 n\u011bkdy p\u0159\u00ed\u0161t\u011b.<\/i><\/span><\/p>\n<p><span style=\"font-family: Times New Roman CE, serif;\">Jo, snad to vyjde. Budu se t\u011b\u0161it.<\/span><\/p>\n<p><span style=\"font-family: Times New Roman CE, serif;\">Po n\u011bkolika v\u011bt\u00e1ch tohoto typu ale Nola pochopila, \u017ee Rollo tu m\u00e1 b\u00fdt p\u0159edev\u0161\u00edm proto, aby si s n\u00ed pov\u00eddal jen o sam\u00fdch p\u011bkn\u00fdch v\u011bcech, a tud\u00ed\u017e \u017ee nem\u00e1 cenu kv\u016fli n\u011bmu jen donekone\u010dna truchlit, a tak negativn\u00edho smutn\u011bn\u00ed zanechala a vz\u00e1jemn\u00fdm dialog\u016fm r\u00e1zem p\u0159i\u0159kla v\u00fdhradn\u011b pozitivn\u00ed n\u00e1dech. V textu se tak z\u010distajasna objevilo:<\/span><\/p>\n<p><span style=\"font-family: Times New Roman CE, serif;\">Jak se ti tady u m\u011b doma l\u00edb\u00ed? Jsi tady dnes p\u0159eci jen \u00fapln\u011b poprv\u00e9. Douf\u00e1m, \u017ee tu nen\u00ed p\u0159\u00edli\u0161 velk\u00fd nepo\u0159\u00e1dek. Nesta\u010dila jsem tu moc uklidit.<\/span><\/p>\n<p><span style=\"font-family: Times New Roman CE, serif;\"><i>Je to tu prima. V\u00e1\u017en\u011b, jsem nesm\u00edrn\u011b nad\u0161en. Tv\u016fj pokoj je velmi vkusn\u011b za\u0159\u00edzen. Jinak, \u010cesk\u00e1 republika jako takov\u00e1 je v mnoh\u00e9m jin\u00e1 ne\u017e zem\u011b, z n\u00ed\u017e poch\u00e1z\u00edm.<\/i><\/span><\/p>\n<p><span style=\"font-family: Times New Roman CE, serif;\">A \u0159ekl bys mi o <\/span>sv\u00e9 zemi <span style=\"font-family: Times New Roman CE, serif;\">n\u011bco bli\u017e\u0161\u00edho? Zat\u00edm jsem m\u011bla mo\u017enost o n\u00ed sl\u00fdch\u00e1vat pouze z tv\u00fdch dopis\u016f. Nest\u016fj, klidn\u011b se posa\u010f. Jsi p\u0159ece m\u00fdm hostem.<\/span><\/p>\n<p><span style=\"font-family: Times New Roman CE, serif;\"><i>D\u011bkuji, r\u00e1d. Jak ji\u017e dob\u0159e v\u00ed\u0161, Nolo, m\u016fj rodn\u00fd domov, ze kter\u00e9ho poch\u00e1z\u00edm, nese n\u00e1zev Jamatanga. Je to takov\u00fd men\u0161\u00ed nen\u00e1padn\u00fd ostr\u016fvek, kter\u00fd le\u017e\u00ed v u b\u0159eh\u016f Afriky. Lid\u00e9 na n\u011bm jsou nesm\u00edrn\u011b p\u0159\u00edv\u011btiv\u00ed a k sob\u011b velkoryse vst\u0159\u00edcn\u00ed. Pro v\u00e1lku \u010di rozbroje tu nen\u00ed m\u00edsto, mo\u0159e je lidem rovnocenn\u00fdm partnerem a sna\u017e\u00ed se jim v\u017edy vyj\u00edt vst\u0159\u00edc. Prost\u011b r\u00e1j na zemi.<\/i><\/span><\/p>\n<p><span style=\"font-family: Times New Roman CE, serif;\">To m\u011b t\u011b\u0161\u00ed, \u017ee o sv\u00e9 rodn\u00e9 zemi tak p\u011bkn\u011b rozmlouv\u00e1\u0161. To o na\u0161em m\u011bst\u011b se to sam\u00e9 v\u017edy tvrdit ned\u00e1, i kdy\u017e mu nelze up\u0159\u00edt jist\u00e9 zvl\u00e1\u0161tnosti a magick\u00e9 kouty, to kdy\u017e \u010dlov\u011bk projde p\u0159es n\u00e1m\u011bst\u00ed do prostranstv\u00ed pas\u00e1\u017e\u00ed.<\/span><\/p>\n<p><span style=\"font-family: Times New Roman CE, serif;\"><i>To zn\u00ed vcelku l\u00e1kav\u011b. Do t\u011bch m\u00edst bych se r\u00e1d n\u011bkdy za\u0161el pod\u00edvat.<\/i><\/span><\/p>\n<p><span style=\"font-family: Times New Roman CE, serif;\">Ur\u010dit\u011b bys nelitoval. Nach\u00e1z\u00ed se tam spousta rozmanit\u00fdch obch\u016fdk\u016f a je tam mo\u017en\u00e9 narazit na mnoho zaj\u00edmav\u00fdch lidi\u010dek. Klidn\u011b se tam m\u016f\u017eeme dnes odpoledne vypravit, pokud bude\u0161 cht\u00edt.<\/span><\/p>\n<p><i>Jo, to bych moc r\u00e1d.<\/i><\/p>\n<p><img loading=\"lazy\" decoding=\"async\" class=\"\" src=\"https:\/\/eldar.cz\/tompatrick\/wp-content\/uploads\/2022\/07\/6.-Vonne-svicky-na-stole-1024x745.jpg\" width=\"545\" height=\"396\" \/><\/p>\n<p><span style=\"font-family: Times New Roman CE, serif;\">P\u0159i sepisov\u00e1n\u00ed t\u011bchto v\u011bt u\u017e Nolou za\u010daly h\u00fdbat zna\u010dn\u00e9 emoce (i ony p\u0159idru\u017een\u00e9 v\u016fn\u011b u toho sehr\u00e1ly sv\u00e9). D\u00e1le to umocnila i skute\u010dnost, \u017ee nyn\u00ed u\u017e nad t\u00edm, co psala, v\u00edce p\u0159em\u00fd\u0161lela a zva\u017eovala, jak v\u011brohodn\u011b pokra\u010dovat d\u00e1l, p\u0159i\u010dem\u017e tomu pod\u0159\u00eddila i v\u00fdm\u011bnu modr\u00e9 propisky za zelen\u00fd fix, aby to l\u00e9pe kontrastovalo s t\u00edm modr\u00fdm, jen\u017e pomysln\u011b n\u00e1le\u017eel Rollovi. D\u00edv\u010diny emoce se bleskov\u011b nav\u00fd\u0161ily v moment\u011b, kdy se rozhodla do voln\u00fdch roh\u016f<\/span> jednotliv\u00fdch str\u00e1nek<span style=\"font-family: Times New Roman CE, serif;\">, je\u017e text vlivem krat\u0161\u00edch v\u011bt nesta\u010dil zaplnit, nalepit dal\u0161\u00ed Rollovy fotky &#8211; na popud Martina pokud mo\u017eno zejm\u00e9na ty, kter\u00e9 s jej\u00edmi proslovy v jist\u00e9m n\u00e1znaku \u0161ly alespo\u0148 \u010d\u00e1ste\u010dn\u011b spojit. <\/span><\/p>\n<p><span style=\"font-family: Times New Roman CE, serif;\">Takto pracn\u011b Nola dok\u00e1zala zaplnit cel\u00e9 dv\u011b strany se\u0161itu. Kdy\u017e s t\u00edm byla hotov\u00e1, je\u0161t\u011b jednou si v\u0161e po sob\u011b p\u0159e\u010detla a sama od sebe nakonec up\u0159\u00edmn\u011b p\u0159ipustila, \u017ee to navenek n\u011bco \u201e\u017eiv\u00e9ho\u201d skute\u010dn\u011b vykazuje. Jako by Rollo byl tu v pokoji skute\u010dn\u011b p\u0159\u00edtomen.<\/span><\/p>\n<div class=\"fcbkbttn_buttons_block\" id=\"fcbkbttn_left\"><div class=\"fcbkbttn_button\">\n                            <a href=\"https:\/\/www.facebook.com\/tom.patrick.509\" target=\"_blank\">\n                                <img decoding=\"async\" src=\"https:\/\/eldar.cz\/tompatrick\/wp-content\/plugins\/facebook-button-plugin\/images\/large-facebook-ico.png\" alt=\"Fb-Button\" \/>\n                            <\/a>\n                        <\/div><div class=\"fcbkbttn_like fcbkbttn_large_button\"><fb:like href=\"https:\/\/eldar.cz\/tompatrick\/citymeans\/city-means-i-mesto-plne-navratu\/kapitola-39-vantelbooklist-v-praxi\" action=\"like\" colorscheme=\"light\" layout=\"standard\"  width=\"225px\" size=\"large\"><\/fb:like><\/div><div class=\"fb-share-button fcbkbttn_large_button \" data-href=\"https:\/\/eldar.cz\/tompatrick\/citymeans\/city-means-i-mesto-plne-navratu\/kapitola-39-vantelbooklist-v-praxi\" data-type=\"button_count\" data-size=\"large\"><\/div><\/div>","protected":false},"excerpt":{"rendered":"<p>Pr\u00e1v\u011b Nolina nanovo obnoven\u00e1 zm\u00ednka o cestov\u00e1n\u00ed zap\u0159\u00ed\u010dinila, \u017ee se hovor znovu sto\u010dil na Rolla a ostrov nedaleko b\u0159eh\u016f ji\u017en\u00ed Afriky, a na po\u0159ad dne se tak vr\u00e1til Alexand\u0159in booklist a s n\u00edm spojen\u00fd p\u0159\u00edb\u011bh o Helmutovi a Helen\u011b. \u201eJo, &hellip; <a href=\"https:\/\/eldar.cz\/tompatrick\/citymeans\/city-means-i-mesto-plne-navratu\/kapitola-39-vantelbooklist-v-praxi\">Cel\u00fd p\u0159\u00edsp\u011bvek <span class=\"meta-nav\">&rarr;<\/span><\/a><\/p>\n","protected":false},"author":2,"featured_media":0,"comment_status":"open","ping_status":"open","sticky":false,"template":"","format":"standard","meta":{"_s2mail":"yes","footnotes":""},"categories":[33],"tags":[],"class_list":["post-3438","post","type-post","status-publish","format-standard","hentry","category-city-means-i-mesto-plne-navratu"],"_links":{"self":[{"href":"https:\/\/eldar.cz\/tompatrick\/wp-json\/wp\/v2\/posts\/3438","targetHints":{"allow":["GET"]}}],"collection":[{"href":"https:\/\/eldar.cz\/tompatrick\/wp-json\/wp\/v2\/posts"}],"about":[{"href":"https:\/\/eldar.cz\/tompatrick\/wp-json\/wp\/v2\/types\/post"}],"author":[{"embeddable":true,"href":"https:\/\/eldar.cz\/tompatrick\/wp-json\/wp\/v2\/users\/2"}],"replies":[{"embeddable":true,"href":"https:\/\/eldar.cz\/tompatrick\/wp-json\/wp\/v2\/comments?post=3438"}],"version-history":[{"count":3,"href":"https:\/\/eldar.cz\/tompatrick\/wp-json\/wp\/v2\/posts\/3438\/revisions"}],"predecessor-version":[{"id":3659,"href":"https:\/\/eldar.cz\/tompatrick\/wp-json\/wp\/v2\/posts\/3438\/revisions\/3659"}],"wp:attachment":[{"href":"https:\/\/eldar.cz\/tompatrick\/wp-json\/wp\/v2\/media?parent=3438"}],"wp:term":[{"taxonomy":"category","embeddable":true,"href":"https:\/\/eldar.cz\/tompatrick\/wp-json\/wp\/v2\/categories?post=3438"},{"taxonomy":"post_tag","embeddable":true,"href":"https:\/\/eldar.cz\/tompatrick\/wp-json\/wp\/v2\/tags?post=3438"}],"curies":[{"name":"wp","href":"https:\/\/api.w.org\/{rel}","templated":true}]}}