{"id":3430,"date":"2022-08-29T09:00:00","date_gmt":"2022-08-29T07:00:00","guid":{"rendered":"https:\/\/eldar.cz\/tompatrick\/?p=3430"},"modified":"2022-07-09T15:10:52","modified_gmt":"2022-07-09T13:10:52","slug":"kapitola-35-procitnuti","status":"publish","type":"post","link":"https:\/\/eldar.cz\/tompatrick\/citymeans\/city-means-i-mesto-plne-navratu\/kapitola-35-procitnuti","title":{"rendered":"Kapitola 35 &#8211; Procitnut\u00ed"},"content":{"rendered":"<div class=\"fcbkbttn_buttons_block\" id=\"fcbkbttn_left\"><div class=\"fcbkbttn_button\">\n                            <a href=\"https:\/\/www.facebook.com\/tom.patrick.509\" target=\"_blank\">\n                                <img decoding=\"async\" src=\"https:\/\/eldar.cz\/tompatrick\/wp-content\/plugins\/facebook-button-plugin\/images\/large-facebook-ico.png\" alt=\"Fb-Button\" \/>\n                            <\/a>\n                        <\/div><div class=\"fcbkbttn_like fcbkbttn_large_button\"><fb:like href=\"https:\/\/eldar.cz\/tompatrick\/citymeans\/city-means-i-mesto-plne-navratu\/kapitola-35-procitnuti\" action=\"like\" colorscheme=\"light\" layout=\"standard\"  width=\"225px\" size=\"large\"><\/fb:like><\/div><div class=\"fb-share-button fcbkbttn_large_button \" data-href=\"https:\/\/eldar.cz\/tompatrick\/citymeans\/city-means-i-mesto-plne-navratu\/kapitola-35-procitnuti\" data-type=\"button_count\" data-size=\"large\"><\/div><\/div><p><span style=\"font-family: Times New Roman CE, serif;\">Martin o t\u011bch vl\u00eddn\u00fdch slovech za\u010dal hned p\u0159em\u00edtat. R\u00e1zem mu do\u0161lo, \u017ee na n\u011bj Alexandra vlastn\u011b nijak netla\u010d\u00ed, aby se z n\u011bj hned stal v\u00fd\u0159e\u010dn\u00fd samomluvka<\/span>. Byl r\u00e1d, \u017ee tomu nech\u00e1v\u00e1 voln\u00fd pr\u016fb\u011bh a<span style=\"font-family: Times New Roman CE, serif;\"> \u017ee j\u00ed je sympatick\u00fd takov\u00fd, jak\u00e9ho ho na druh\u00e9m b\u0159ehu Labe poznala. Jeliko\u017e Martin s\u00e1m tu\u0161il, \u017ee v odbour\u00e1v\u00e1n\u00ed nepr\u016fbojnosti a mluvy bude m\u00edt v Alexand\u0159in\u011b p\u0159\u00edtomnosti i nad\u00e1le probl\u00e9my, nyn\u00ed ji\u017e alespo\u0148 najisto v\u011bd\u011bl, \u017ee d\u00edvka si na to velmi r\u00e1da po\u010dk\u00e1 a u\u017e jen kv\u016fli tomu se bude zasazovat o to, aby s n\u00ed za\u010dal tr\u00e1vit pokud mo\u017eno co nejv\u00edc \u010dasu. <\/span><\/p>\n<p>\u201e<span style=\"font-family: Times New Roman CE, serif;\">Jo, ty i n\u011bkte\u0159\u00ed ostatn\u00ed v tomhle m\u00e1te vlastn\u011b pravdu. N\u011bkdy to asi skute\u010dn\u011b <\/span>s to<span style=\"font-family: Times New Roman CE, serif;\">u v\u00e1\u017enost\u00ed p\u0159eh\u00e1n\u00edm, a pr\u00e1v\u011b mo\u017en\u00e1 te\u010f nastal u\u017e kone\u010dn\u011b ten spr\u00e1vn\u00fd \u010das, abych p\u0159iznal, \u017ee jsi velmi mil\u00e9 d\u011bv\u010de, kter\u00e9 by byl h\u0159\u00edch jen tak pustit k vod\u011b a tak nechat napospas samot\u011b, t\u0159eba jen proto, \u017ee ti nedok\u00e1\u017eu vyznat sv\u00e9 skryt\u00e9 city navenek v pln\u00e9 m\u00ed\u0159e. A kdy\u017e tob\u011b samotn\u00e9 m\u00e1 nyn\u011bj\u0161\u00ed p\u0159\u00edtomnost n\u011bco pozitivn\u00edho p\u0159inese, tak t\u00edm l\u00edp pro n\u00e1s oba.\u201d<\/span><\/p>\n<p>\u201eJsem r\u00e1da, \u017ee mi dok\u00e1\u017ee\u0161 nasl<span style=\"font-family: Times New Roman CE, serif;\">ouchat,\u201d dala Alexandra Martinovi najevo v\u00fdsti\u017en\u00fdm \u00fasm\u011bvem. \u201eAni ten pohled do m\u00fdch o\u010d\u00ed ti u\u017e &#8211; jak se zd\u00e1 &#8211; takov\u00e9 probl\u00e9my ne\u010din\u00ed. I to je velk\u00fd pokrok.\u201d<\/span><\/p>\n<p><span style=\"font-family: Times New Roman CE, serif;\">Martin se rovn\u011b\u017e pousm\u00e1l a dokonce i Jeremi\u00e1\u0161 te\u010f cosi radostn\u00e9ho povzbudiv\u00fdm \u0161t\u011bknut\u00edm hl\u00e1sal. Martinovu n\u00e1ladu v\u0161ak z\u00e1hy nabouraly nov\u00e9 strachy, to kdy\u017e si op\u011btovn\u011b vybavil onen nezn\u00e1m\u00fd d\u00edv\u010d\u00ed hlas v b\u00fdval\u00e9 hasi\u010d\u00e1rn\u011b.<\/span><\/p>\n<p>\u201e<span style=\"font-family: Times New Roman CE, serif;\">Po\u0159\u00e1d t\u011b ale n\u011bco tr\u00e1p\u00ed,\u201d v\u0161\u00edmala si pozorn\u00e1 Alexandra.<\/span><\/p>\n<p><img loading=\"lazy\" decoding=\"async\" class=\"\" src=\"https:\/\/eldar.cz\/tompatrick\/wp-content\/uploads\/2022\/04\/15-Alexandra-uklidnuje-Martina-1024x927.jpg\" width=\"557\" height=\"504\" \/><\/p>\n<p><span style=\"font-family: Times New Roman CE, serif;\">Martin u\u017e to v sob\u011b dusit nedok\u00e1zal a tak j\u00ed te\u010f dopodrobna povypr\u00e1v\u011bl o podivn\u00e9 p\u0159\u00edhod\u011b se semaforem a jeho morseovkou. Nav\u00edc ho v mysli st\u00e1le mu\u010dil ten d\u00edv\u010d\u00ed hlas z bed\u00fdnky, jen\u017e j\u00ed byl do jist\u00e9 m\u00edry podobn\u00fd.<\/span><\/p>\n<p><span style=\"font-family: Times New Roman CE, serif;\">Alexandra na Martina tentokr\u00e1t hled\u011bla s obzvl\u00e1\u0161\u0165 velk\u00fdm z\u00e1jmem.<\/span><\/p>\n<p>\u201e<span style=\"font-family: Times New Roman CE, serif;\">J\u00e1 o tomhle nic nev\u00edm, Martine. Jak jsem ti ji\u017e pov\u011bd\u011bla a tvrdit ti to budu i nad\u00e1le, pokud o to bude\u0161 st\u00e1t, rozhodla jsem se s tebou sej\u00edt, proto\u017ee m\u011b upoutal tv\u016fj inzer\u00e1t. Na tom, \u017ee jsem t\u011b k sob\u011b pozvala na v\u00edkend, tak\u00e9 nen\u00ed nic neobvykl\u00e9ho. Je to doba volna, \u010das, kter\u00fd si chce ka\u017ed\u00fd mlad\u00fd \u010dlov\u011bk n\u00e1le\u017eit\u011b u\u017e\u00edt po sv\u00e9m. A z \u017e\u00e1dn\u00e9 bed\u00fdnky jsem k tob\u011b a k tv\u00fdm kamar\u00e1d\u016fm rovn\u011b\u017e nepromlouvala.\u201d<\/span><\/p>\n<p>\u201e<span style=\"font-family: Times New Roman CE, serif;\">Jo, jasn\u011b, promi\u0148, necht\u011bl jsem se t\u011b t\u00edm n\u011bjak dotknout. U\u017e o tom nebudu mluvit,\u201d omluvil se Martin.<\/span><\/p>\n<p>\u201e<span style=\"font-family: Times New Roman CE, serif;\">Je ale rovn\u011b\u017e mo\u017en\u00e9, \u017ee v\u00e1s na ten kufr ten \u017eensk\u00fd hlas upozornil z\u00e1m\u011brn\u011b. T\u0159eba tob\u011b a tv\u00fdm kamar\u00e1d\u016fm cht\u011bl jen dop\u0159\u00e1t kousek \u017eivotn\u00edho \u0161t\u011bst\u00ed, kdy\u017e je uvnit\u0159 ulo\u017een tak vz\u00e1cn\u00fd legend\u00e1rn\u00ed kousek. I tak se to d\u00e1 prost\u011b a jednodu\u0161e vysv\u011btlit, co \u0159\u00edk\u00e1\u0161? A \u017ee to ta doty\u010dn\u00e1 v\u0161e zahalila do jemn\u011b poutav\u00e9ho dobrodru\u017estv\u00ed a hned na po\u010d\u00e1tku umocnila problik\u00e1vaj\u00edc\u00edm pouli\u010dn\u00edm sv\u011btlem, kter\u00e9 na to m\u011blo upozornit, to jen sv\u011bd\u010d\u00ed o tom, jak moc si p\u0159\u00e1la, aby to nevyzn\u011blo p\u0159\u00edli\u0161 f\u00e1dn\u011b a oby\u010dejn\u011b. To je tedy m\u016fj osobn\u00ed n\u00e1zor.\u201d<\/span><\/p>\n<p>\u201e<span style=\"font-family: Times New Roman CE, serif;\">I tak mi to cel\u00e9 ale po\u0159\u00e1d vrt\u00e1 hlavou. To Nolino n\u00e1hle podivn\u00e9 chov\u00e1n\u00ed, jej\u00ed n\u00e1sledn\u00e9 bleskov\u00e9 zorientov\u00e1n\u00ed, pak ten na prvn\u00ed dobrou pr\u00e1zdn\u00fd objekt, v n\u011bm z\u010distajasna rozsv\u00edcen\u00e9 sv\u011btlo, ten proc\u00edt\u011bn\u011b promlouvaj\u00edc\u00ed hlas&#8230; v\u00ed\u0161, po\u0159\u00e1d to na m\u011b dol\u00e9h\u00e1, a nejen to, p\u0159edt\u00edm je\u0161t\u011b ty \u00fakazy ve \u0161kole&#8230;\u201d<\/span><\/p>\n<p>\u201e<span style=\"font-family: Times New Roman CE, serif;\">Nejlep\u0161\u00ed rozhodn\u011b bude, kdy\u017e se na to s Kristi\u00e1nem p\u0159ept\u00e1te p\u0159\u00edmo t\u00e9 Noly. Ur\u010dit\u011b do toho vnese v\u00edce sv\u011btla a ty se tak kone\u010dn\u011b zbav\u00ed\u0161 zbyte\u010dn\u00fdch spekulac\u00ed,\u201d usoudila rozhodn\u011b Alexandra a podrbala Jeremi\u00e1\u0161e tam, kde to m\u011bl nejrad\u0161i. Ten j\u00ed z\u00e1hy proklouzl mezi prsty, odb\u011bhl ke dve\u0159\u00edm, zastavil se u nich a prosebn\u011b se od nich oto\u010dil zp\u011bt ke sv\u00e9 majitelce.<\/span><\/p>\n<p>\u201e<span style=\"font-family: Times New Roman CE, serif;\">Jo, tohle s Kristi\u00e1nem m\u00e1me napl\u00e1novan\u00e9 hnedka na pond\u011blek. Jsme dohodnut\u00ed, \u017ee se oba u Noly stav\u00edme, p\u0159ept\u00e1me se j\u00ed na to, a on n\u00e1m pak \u0159ekne, jak se rozhodl d\u00e1l ohledn\u011b toho kufru,\u201d vzpomn\u011bl si te\u010f v rychlosti Martin. \u201eNezahrajeme si n\u011bjakou hru, kdy\u017e u\u017e tu takhle posed\u00e1v\u00e1me a bav\u00edme se spolu? Ute\u010de n\u00e1m tak rychleji \u010das a donut\u00ed n\u00e1s to zase p\u0159em\u00fd\u0161let o n\u011b\u010dem jin\u00e9m ne\u017e jen o v\u011b\u010dn\u00e9m tajemnu, z n\u011bho\u017e a\u017e m\u00edsty mraz<\/span>\u00ed.\u201d<\/p>\n<p><span style=\"font-family: Times New Roman CE, serif;\">Alexandra a jej\u00ed \u010dty\u0159noh\u00fd p\u0159\u00edtel te\u010f byli ale o\u010dividn\u011b trochu jin\u00e9ho m\u00edn\u011bn\u00ed. Jeremi\u00e1\u0161 k n\u00ed toti\u017e ji\u017e n\u011bkolikr\u00e1t ode dve\u0159\u00ed s\u00e1m od sebe p\u0159icupital a v\u017edy do n\u00ed lehounce ducnul. A kdy\u017e se k tomu napot\u0159et\u00ed je\u0161t\u011b p\u0159idalo vod\u00edtko, kter\u00e9 k d\u00edv\u010din\u00fdm noh\u00e1m l\u00e1skypln\u011b polo\u017eil, bylo to ji\u017e na pov\u00e1\u017eenou.<\/span><\/p>\n<p>\u201e<span style=\"font-family: Times New Roman CE, serif;\">Nenech\u00e1me to t\u0159eba a\u017e na pozd\u011bji? Jeremi\u00e1\u0161 je v tuhle ve\u010dern\u00ed hodinu toti\u017e zvykl\u00fd se mnou chodit na proch\u00e1zku. Tak\u017ee jestli proti tomu nic nenam\u00edtne\u0161, tak bych s n\u00edm na ni hned te\u010f vyrazila. No a tak\u00e9 bych samoz\u0159ejm\u011b byla velice r\u00e1da, kdybys n\u00e1m d\u011blal doprovod.\u201d<\/span><\/p>\n<p><img loading=\"lazy\" decoding=\"async\" class=\"\" src=\"https:\/\/eldar.cz\/tompatrick\/wp-content\/uploads\/2022\/07\/Dokument-3_117-950x1024.jpg\" width=\"543\" height=\"585\" \/><\/p>\n<p>\u201e<span style=\"font-family: Times New Roman CE, serif;\">Ale jo, pro\u010d ne? Je tam docela hezky. Hlavn\u011b \u017ee nepr\u0161\u00ed,\u201d p\u0159ipojil se bez zbyte\u010dn\u00fdch protest\u016f Martin.<\/span><\/p>\n<p>\u201e<span style=\"font-family: Times New Roman CE, serif;\">Tak fajn, vyr\u00e1\u017e\u00edme.\u201d Alexandra spokojen\u011b tleskla, vstala, pomohla Martinovi na nohy a v hrav\u00e9m \u017eertu k tomu p\u0159ihodila: \u201eNeboj, j\u00e1 t\u011b neukousnu a ani t\u011b nep\u0159edhod\u00edm \u017e\u00e1dn\u00fdm la\u010dn\u00fdm tajemn\u00fdm viz\u00edm.\u201d<\/span><\/p>\n<p><span style=\"font-family: Times New Roman CE, serif;\">Je\u0161t\u011b jednou se tomu spole\u010dn\u011b zasm\u00e1li a pak u\u017e najisto s Jeremi\u00e1\u0161em vy\u0161li p\u0159ed d\u016fm.<\/span><\/p>\n<div class=\"fcbkbttn_buttons_block\" id=\"fcbkbttn_left\"><div class=\"fcbkbttn_button\">\n                            <a href=\"https:\/\/www.facebook.com\/tom.patrick.509\" target=\"_blank\">\n                                <img decoding=\"async\" src=\"https:\/\/eldar.cz\/tompatrick\/wp-content\/plugins\/facebook-button-plugin\/images\/large-facebook-ico.png\" alt=\"Fb-Button\" \/>\n                            <\/a>\n                        <\/div><div class=\"fcbkbttn_like fcbkbttn_large_button\"><fb:like href=\"https:\/\/eldar.cz\/tompatrick\/citymeans\/city-means-i-mesto-plne-navratu\/kapitola-35-procitnuti\" action=\"like\" colorscheme=\"light\" layout=\"standard\"  width=\"225px\" size=\"large\"><\/fb:like><\/div><div class=\"fb-share-button fcbkbttn_large_button \" data-href=\"https:\/\/eldar.cz\/tompatrick\/citymeans\/city-means-i-mesto-plne-navratu\/kapitola-35-procitnuti\" data-type=\"button_count\" data-size=\"large\"><\/div><\/div>","protected":false},"excerpt":{"rendered":"<p>Martin o t\u011bch vl\u00eddn\u00fdch slovech za\u010dal hned p\u0159em\u00edtat. R\u00e1zem mu do\u0161lo, \u017ee na n\u011bj Alexandra vlastn\u011b nijak netla\u010d\u00ed, aby se z n\u011bj hned stal v\u00fd\u0159e\u010dn\u00fd samomluvka. Byl r\u00e1d, \u017ee tomu nech\u00e1v\u00e1 voln\u00fd pr\u016fb\u011bh a \u017ee j\u00ed je sympatick\u00fd takov\u00fd, jak\u00e9ho &hellip; <a href=\"https:\/\/eldar.cz\/tompatrick\/citymeans\/city-means-i-mesto-plne-navratu\/kapitola-35-procitnuti\">Cel\u00fd p\u0159\u00edsp\u011bvek <span class=\"meta-nav\">&rarr;<\/span><\/a><\/p>\n","protected":false},"author":2,"featured_media":0,"comment_status":"open","ping_status":"open","sticky":false,"template":"","format":"standard","meta":{"_s2mail":"yes","footnotes":""},"categories":[33],"tags":[],"class_list":["post-3430","post","type-post","status-publish","format-standard","hentry","category-city-means-i-mesto-plne-navratu"],"_links":{"self":[{"href":"https:\/\/eldar.cz\/tompatrick\/wp-json\/wp\/v2\/posts\/3430","targetHints":{"allow":["GET"]}}],"collection":[{"href":"https:\/\/eldar.cz\/tompatrick\/wp-json\/wp\/v2\/posts"}],"about":[{"href":"https:\/\/eldar.cz\/tompatrick\/wp-json\/wp\/v2\/types\/post"}],"author":[{"embeddable":true,"href":"https:\/\/eldar.cz\/tompatrick\/wp-json\/wp\/v2\/users\/2"}],"replies":[{"embeddable":true,"href":"https:\/\/eldar.cz\/tompatrick\/wp-json\/wp\/v2\/comments?post=3430"}],"version-history":[{"count":4,"href":"https:\/\/eldar.cz\/tompatrick\/wp-json\/wp\/v2\/posts\/3430\/revisions"}],"predecessor-version":[{"id":3677,"href":"https:\/\/eldar.cz\/tompatrick\/wp-json\/wp\/v2\/posts\/3430\/revisions\/3677"}],"wp:attachment":[{"href":"https:\/\/eldar.cz\/tompatrick\/wp-json\/wp\/v2\/media?parent=3430"}],"wp:term":[{"taxonomy":"category","embeddable":true,"href":"https:\/\/eldar.cz\/tompatrick\/wp-json\/wp\/v2\/categories?post=3430"},{"taxonomy":"post_tag","embeddable":true,"href":"https:\/\/eldar.cz\/tompatrick\/wp-json\/wp\/v2\/tags?post=3430"}],"curies":[{"name":"wp","href":"https:\/\/api.w.org\/{rel}","templated":true}]}}