{"id":3384,"date":"2022-06-27T09:00:00","date_gmt":"2022-06-27T07:00:00","guid":{"rendered":"https:\/\/eldar.cz\/tompatrick\/?p=3384"},"modified":"2022-04-24T10:49:56","modified_gmt":"2022-04-24T08:49:56","slug":"kapitola-26-svetlo-na-vratech","status":"publish","type":"post","link":"https:\/\/eldar.cz\/tompatrick\/citymeans\/city-means-i-mesto-plne-navratu\/kapitola-26-svetlo-na-vratech","title":{"rendered":"Kapitola 26 &#8211; Sv\u011btlo na vratech"},"content":{"rendered":"<div class=\"fcbkbttn_buttons_block\" id=\"fcbkbttn_left\"><div class=\"fcbkbttn_button\">\n                            <a href=\"https:\/\/www.facebook.com\/tom.patrick.509\" target=\"_blank\">\n                                <img decoding=\"async\" src=\"https:\/\/eldar.cz\/tompatrick\/wp-content\/plugins\/facebook-button-plugin\/images\/large-facebook-ico.png\" alt=\"Fb-Button\" \/>\n                            <\/a>\n                        <\/div><div class=\"fcbkbttn_like fcbkbttn_large_button\"><fb:like href=\"https:\/\/eldar.cz\/tompatrick\/citymeans\/city-means-i-mesto-plne-navratu\/kapitola-26-svetlo-na-vratech\" action=\"like\" colorscheme=\"light\" layout=\"standard\"  width=\"225px\" size=\"large\"><\/fb:like><\/div><div class=\"fb-share-button fcbkbttn_large_button \" data-href=\"https:\/\/eldar.cz\/tompatrick\/citymeans\/city-means-i-mesto-plne-navratu\/kapitola-26-svetlo-na-vratech\" data-type=\"button_count\" data-size=\"large\"><\/div><\/div><p><span style=\"font-family: Times New Roman CE, serif;\">Trp\u011blivost se jim vyplatila. Hned nato se uprost\u0159ed otev\u0159en\u00fdch vrat zjevilo zelen\u00e9 sv\u011btlo. Za doprovodu zp\u011bvn\u00e9ho hl\u00e1sku, jen\u017e v\u0161e st\u00e1le doprov\u00e1zel<\/span> coby podp\u016frn\u00fd v\u011brn\u00fd slu\u017eebn\u00edk, se <span style=\"font-family: Times New Roman CE, serif;\">postupn\u011b mihotalo nahoru a zase dol\u016f, pozd\u011bji p\u0159ech\u00e1zelo zleva doprava, a\u017e se nakonec samo vytratilo.<\/span><\/p>\n<p><img loading=\"lazy\" decoding=\"async\" class=\"\" src=\"https:\/\/eldar.cz\/tompatrick\/wp-content\/uploads\/2022\/04\/4-Svetlo-na-vratech-917x1024.jpg\" width=\"531\" height=\"593\" \/><\/p>\n<p>\u201eTak se zd\u00e1, \u017ee mo\u017en\u00e1 ten film ani nestihneme rozkoukat, co?\u201d vy\u0161lo <span style=\"font-family: Times New Roman CE, serif;\">necht\u011bn\u011b \u0161karohl\u00eddsky z Martinov\u00fdch \u00fast.<\/span><\/p>\n<p>\u201e<span style=\"font-family: Times New Roman CE, serif;\">To te\u010f, mysl\u00edm, nen\u00ed zas a\u017e tak <\/span>podstatn\u00fd. M<span style=\"font-family: Times New Roman CE, serif;\">\u011b osobn\u011b taky docela zaj\u00edm\u00e1, co se bude d\u00edt d\u00e1l. Na ten film beztak m\u016f\u017eu klidn\u011b zaj\u00edt je\u0161t\u011b z\u00edtra.\u201d<\/span><\/p>\n<p><span style=\"font-family: Times New Roman CE, serif;\">Martina Kristi\u00e1nova v\u00fdpov\u011b\u010f dost p\u0159ekvapila. Sp\u00ed\u0161 \u010dekal, \u017ee jeho kamar\u00e1d za\u010dne protestovat, \u017ee si vz\u00e1cn\u00fd asijsk\u00fd kousek rozhodn\u011b nenech\u00e1 uj\u00edt kv\u016fli n\u011bjak\u00e9mu hloup\u00e9mu \u017eertu nezn\u00e1m\u00e9ho vtip\u00e1lka. Jak vidno, zm\u00fdlil se. U Kristi\u00e1na u\u017e zase panovala p\u016fvodn\u00ed vesel\u00e1 n\u00e1lada a touha po pro\u017eit\u00ed nov\u00e9ho nepoznan\u00e9ho dobrodru\u017estv\u00ed.<\/span><\/p>\n<p>\u201e<span style=\"font-family: Times New Roman CE, serif;\">Tak\u017ee jak to te\u010f ud\u011bl\u00e1me? P\u016fjdeme ve stop\u00e1ch toho nezn\u00e1m\u00e9ho r\u00e1dce?\u201d zeptala se kamar\u00e1d\u016f Nola. <\/span><\/p>\n<p>\u201eJo, riskneme to,\u201d k\u00fdvl se souhlasn\u00fdm gestem Kristi\u00e1n. Martin se u\u017e o nic podobn\u00e9ho ani pokou\u0161e<span style=\"font-family: Times New Roman CE, serif;\">t nemusel. Na vratech se toti\u017e v tu chv\u00edli podruh\u00e9 rozblikalo n\u00e1padn\u00e9 sv\u011btlo, kter\u00e9 v\u0161echny t\u0159i najisto p\u0159im\u011blo jednat.<\/span><\/p>\n<p><span style=\"font-family: Times New Roman CE, serif;\">Nola, Kristi\u00e1n a Martin tedy vstoupili do dvora. Cel\u00fd ten rozlehl\u00fd prostor p\u016fsobil zna\u010dn\u011b opu\u0161t\u011bn\u011b. P<\/span>ostr\u00e1dal i hl\u00eddac\u00edho psa.<\/p>\n<p><img loading=\"lazy\" decoding=\"async\" class=\"\" src=\"https:\/\/eldar.cz\/tompatrick\/wp-content\/uploads\/2022\/04\/5-Opusteny-hasicsky-objekt-1024x511.jpg\" width=\"626\" height=\"312\" \/><\/p>\n<p>\u201e<span style=\"font-family: Times New Roman CE, serif;\">A co te\u010f? Mysl\u00edte, \u017ee n\u00e1m n\u011bkdo zase d\u00e1 znamen\u00ed?\u201d odv\u00e1\u017eil se jako prvn\u00ed netradi\u010dn\u011b promluvit Martin.<\/span><\/p>\n<p>\u201e<span style=\"font-family: Times New Roman CE, serif;\">Prozat\u00edm se tu m\u016f\u017eeme jen tak nez\u00e1vazn\u011b porozhl\u00e9dnout, co \u0159\u00edk\u00e1te?\u201d pronesla tentokr\u00e1t vcelku nevzru\u0161en\u011b Nola, co\u017e Martina p\u0159im\u011blo okam\u017eit\u011b jednat.<\/span><\/p>\n<p>\u201e<span style=\"font-family: Times New Roman CE, serif;\">No n\u00e9, ty ses se v\u0161\u00edm najednou dok\u00e1zala n\u011bjak obez\u0159etn\u011b vyrovnat! Co se to d\u011bje? Kde jsou tv\u00e9 p\u0159edchoz\u00ed zbrkl\u00e9 reakce, p\u0159i nich\u017e mimo jin\u00e9 m\u00e1lem do\u0161lo i k men\u0161\u00ed dopravn\u00ed nehod\u011b?\u201d<\/span><\/p>\n<p>\u201e<span style=\"font-family: Times New Roman CE, serif;\">Ale, Martine, to<\/span><span style=\"font-family: Times New Roman CE, serif;\"><i> ty <\/i><\/span><span style=\"font-family: Times New Roman CE, serif;\">to v\u0161echno po\u0159\u00e1d bere\u0161 stra\u0161n\u011b v\u00e1\u017en\u011b, ne j\u00e1,\u201d za\u010dala mu Nola opl\u00e1cet. \u201eHele, ned\u00edvej se na m\u011b takhle. V\u017edy\u0165 je to pravda. Ano,\u201d dodala sp\u011b\u0161n\u011b, kdy\u017e spat\u0159ila jeho <\/span><\/p>\n<p><span style=\"font-family: Times New Roman CE, serif;\">na\u0161pulen\u00e1 \u00fasta, \u201ep\u0159izn\u00e1v\u00e1m, \u017ee to, co se mi te\u010f p\u0159ihodilo, tak\u00e9 nepova\u017euji za n\u011bco \u00fapln\u011b norm\u00e1ln\u00edho. Jen\u017ee z\u00e1rove\u0148 s t\u00edm si rovn\u011b\u017e \u0159\u00edk\u00e1m, jestli to cel\u00e9 n\u00e1hodou t\u0159eba nem\u00e1 jist\u00fd konkr\u00e9tn\u00ed v\u00fdznam.\u201d<\/span><\/p>\n<p>\u201e<span style=\"font-family: Times New Roman CE, serif;\">Tak podle tebe je tedy nakonec docela norm\u00e1ln\u00ed, \u017ee ti n\u011bkdo jen tak sv\u011btlem m\u00ed\u0159\u00ed do o\u010d\u00ed, a semafor ovl\u00e1d\u00e1 cosi, \u010demu se \u0159\u00edk\u00e1 morseovka? To najednou n\u011bjak p\u0159est\u00e1v\u00e1m ch\u00e1pat! Tam venku u kina tv\u00e1 n\u00e1lada vypov\u00eddala \u00fapln\u011b o n\u011b\u010dem jin\u00e9m, jestli jsem teda n\u00e1hodou nem\u011bl vidiny!\u201c civ\u011bl na Nolu st\u00e1le nech\u00e1pav\u011b Martin. Kristi\u00e1n u\u017e zv\u00eddav\u011b bloumal o\u010dima po objektu a nechal oba kamar\u00e1dy, aby si to v klidu spolu vy\u0159\u00edkali mezi \u010dty\u0159ma o\u010dima.<\/span><\/p>\n<p>\u201e<span style=\"font-family: Times New Roman CE, serif;\">Ano, nepop\u00edr\u00e1m, \u017ee je podivn\u00e9, kdy\u017e ti za\u010dne sv\u011btlo bl\u00fdskat prudce do o\u010d\u00ed,\u201d chopila se Nola mnohem r\u00e1zn\u011bj\u0161\u00ed odpov\u011bdi, aby ud\u011blala Martinovi radost. Pro jistotu si ho k sob\u011b p\u0159it\u00e1hla, aby ho n\u00e1hodou nenapadlo uh\u00fdbat o\u010dima do stran, \u201eAle n\u011bco mi to zkr\u00e1tka p\u0159ipom\u00edn\u00e1. No co j\u00e1 v\u00edm, t\u0159eba&#8230; t\u0159eba tam na n\u00e1s bude \u010dekat velk\u00e9 p\u0159ekvapen\u00ed, po kter\u00e9m z cel\u00e9ho srdce ji\u017e dlouho sami tou\u017e\u00edme. Stejn\u011b jako na tebe na druh\u00e9m b\u0159ehu \u010dekala ta tv\u00e1 Alexandra.\u201d<\/span><\/p>\n<p><span style=\"font-family: Times New Roman CE, serif;\">Martina v\u0161ak Nolino zd\u016fvodn\u011bn\u00ed p\u0159\u00edli\u0161 nevzru\u0161ilo. \u017de zrovna pr\u00e1v\u011b jeho &#8211; jak se neust\u00e1le domn\u00edval &#8211; mnoz\u00ed brali za jak\u00e9hosi t\u0159\u00eddn\u00edho podiv\u00edna, na to si u\u017e tak n\u011bjak \u010dasem celkem zvykl. Ale \u017ee by se n\u011bco podobn\u00e9ho nyn\u00ed pokou\u0161elo i o Nolu, to mu p\u0159ipadalo vskutku zvl\u00e1\u0161tn\u00ed, Samoz\u0159ejm\u011b v\u011bd\u011bl o zeb\u0159\u00edm klobouku, kter\u00fd si s sebou neopomn\u011bla vz\u00edt ani dnes.<\/span><\/p>\n<p>Z pochmurn\u00fdch n\u00e1lad v\u0161ak Martina z\u00e1hy vyve<span style=\"font-family: Times New Roman CE, serif;\">dl nov\u00fd ne\u010dekan\u00fd \u00fakaz, kter\u00fd n\u00e1hle spat\u0159il p\u0159es Nolina ramena. I ona se za sebe v ten moment prudce oto\u010dila a vypoulila o\u010di. Pohled v\u0161ech t\u0159\u00ed nyn\u00ed sm\u011b\u0159oval do p\u0159\u00edzem\u00ed rozlehl\u00e9 opu\u0161t\u011bn\u00e9 budovy. To se n\u00e1hle cel\u00e9 postupn\u011b rozsv\u00edtilo.<\/span><\/p>\n<p><span style=\"font-family: Times New Roman CE, serif;\">Nola s Martinem zanechali spor\u016f a Kristi\u00e1n b\u00e1d\u00e1n\u00ed. V ten moment jim bylo jasn\u00e9, \u017ee pr\u00e1v\u011b tam by m\u011bla sm\u011b\u0159ovat jejich dal\u0161\u00ed spole\u010dn\u00e1 cesta. A s postupn\u00fdmi kroky trojice tomu d\u00e1val zapravdu i onen p\u0159\u00edjemn\u011b se linouc\u00ed nen\u00e1siln\u00fd zp\u011bv.<\/span><\/p>\n<p>\u201e<span style=\"font-family: Times New Roman CE, serif;\">P\u0159edstavte si, ty dve\u0159e skute\u010dn\u011b nejsou v\u016fbec zam\u010den\u00fd,\u201d informoval Kristi\u00e1n. Zkou\u0161el kliku dve\u0159\u00ed. Vzal za ni, ale neve\u0161el dovnit\u0159, jenom je slab\u011b otev\u0159el a pak zase zav\u0159el.<\/span><\/p>\n<p>\u201e<span style=\"font-family: Times New Roman CE, serif;\">Tak\u017ee tam nakonec p\u016fjdeme?\u201d \u0161pitl v obav\u00e1ch Martin. Okam\u017eit\u011b ode dve\u0159\u00ed odkro\u010dil kousek stranou a za\u010dal p\u0159es rozbit\u00e9 kachl\u00ed\u010dky nahl\u00ed\u017eet dovnit\u0159. \u201eNikdo tam, zd\u00e1 se, takhle toti\u017e v\u016fbec nen\u00ed.\u201d<\/span><\/p>\n<p>\u201e<span style=\"font-family: Times New Roman CE, serif;\">V\u00edte co? Ud\u011bl\u00e1me to v\u0161ichni spole\u010dn\u011b,\u201d rozhodla se t\u00e9m\u011b\u0159 okam\u017eit\u011b Nola a vyzvala Martina, aby se k nim p\u0159ipojil. Ten po krat\u0161\u00edm v\u00e1h\u00e1n\u00ed jej\u00ed v\u00fdzv\u011b nakonec vyhov\u011bl.<\/span><\/p>\n<div class=\"fcbkbttn_buttons_block\" id=\"fcbkbttn_left\"><div class=\"fcbkbttn_button\">\n                            <a href=\"https:\/\/www.facebook.com\/tom.patrick.509\" target=\"_blank\">\n                                <img decoding=\"async\" src=\"https:\/\/eldar.cz\/tompatrick\/wp-content\/plugins\/facebook-button-plugin\/images\/large-facebook-ico.png\" alt=\"Fb-Button\" \/>\n                            <\/a>\n                        <\/div><div class=\"fcbkbttn_like fcbkbttn_large_button\"><fb:like href=\"https:\/\/eldar.cz\/tompatrick\/citymeans\/city-means-i-mesto-plne-navratu\/kapitola-26-svetlo-na-vratech\" action=\"like\" colorscheme=\"light\" layout=\"standard\"  width=\"225px\" size=\"large\"><\/fb:like><\/div><div class=\"fb-share-button fcbkbttn_large_button \" data-href=\"https:\/\/eldar.cz\/tompatrick\/citymeans\/city-means-i-mesto-plne-navratu\/kapitola-26-svetlo-na-vratech\" data-type=\"button_count\" data-size=\"large\"><\/div><\/div>","protected":false},"excerpt":{"rendered":"<p>Trp\u011blivost se jim vyplatila. Hned nato se uprost\u0159ed otev\u0159en\u00fdch vrat zjevilo zelen\u00e9 sv\u011btlo. Za doprovodu zp\u011bvn\u00e9ho hl\u00e1sku, jen\u017e v\u0161e st\u00e1le doprov\u00e1zel coby podp\u016frn\u00fd v\u011brn\u00fd slu\u017eebn\u00edk, se postupn\u011b mihotalo nahoru a zase dol\u016f, pozd\u011bji p\u0159ech\u00e1zelo zleva doprava, a\u017e se nakonec samo &hellip; <a href=\"https:\/\/eldar.cz\/tompatrick\/citymeans\/city-means-i-mesto-plne-navratu\/kapitola-26-svetlo-na-vratech\">Cel\u00fd p\u0159\u00edsp\u011bvek <span class=\"meta-nav\">&rarr;<\/span><\/a><\/p>\n","protected":false},"author":2,"featured_media":0,"comment_status":"open","ping_status":"open","sticky":false,"template":"","format":"standard","meta":{"_s2mail":"yes","footnotes":""},"categories":[33],"tags":[],"class_list":["post-3384","post","type-post","status-publish","format-standard","hentry","category-city-means-i-mesto-plne-navratu"],"_links":{"self":[{"href":"https:\/\/eldar.cz\/tompatrick\/wp-json\/wp\/v2\/posts\/3384","targetHints":{"allow":["GET"]}}],"collection":[{"href":"https:\/\/eldar.cz\/tompatrick\/wp-json\/wp\/v2\/posts"}],"about":[{"href":"https:\/\/eldar.cz\/tompatrick\/wp-json\/wp\/v2\/types\/post"}],"author":[{"embeddable":true,"href":"https:\/\/eldar.cz\/tompatrick\/wp-json\/wp\/v2\/users\/2"}],"replies":[{"embeddable":true,"href":"https:\/\/eldar.cz\/tompatrick\/wp-json\/wp\/v2\/comments?post=3384"}],"version-history":[{"count":3,"href":"https:\/\/eldar.cz\/tompatrick\/wp-json\/wp\/v2\/posts\/3384\/revisions"}],"predecessor-version":[{"id":3598,"href":"https:\/\/eldar.cz\/tompatrick\/wp-json\/wp\/v2\/posts\/3384\/revisions\/3598"}],"wp:attachment":[{"href":"https:\/\/eldar.cz\/tompatrick\/wp-json\/wp\/v2\/media?parent=3384"}],"wp:term":[{"taxonomy":"category","embeddable":true,"href":"https:\/\/eldar.cz\/tompatrick\/wp-json\/wp\/v2\/categories?post=3384"},{"taxonomy":"post_tag","embeddable":true,"href":"https:\/\/eldar.cz\/tompatrick\/wp-json\/wp\/v2\/tags?post=3384"}],"curies":[{"name":"wp","href":"https:\/\/api.w.org\/{rel}","templated":true}]}}