{"id":3336,"date":"2022-05-02T09:00:00","date_gmt":"2022-05-02T07:00:00","guid":{"rendered":"https:\/\/eldar.cz\/tompatrick\/?p=3336"},"modified":"2022-03-13T11:31:31","modified_gmt":"2022-03-13T09:31:31","slug":"cast-18-na-vyprave","status":"publish","type":"post","link":"https:\/\/eldar.cz\/tompatrick\/citymeans\/city-means-i-mesto-plne-navratu\/cast-18-na-vyprave","title":{"rendered":"Kapitola 18 &#8211; Na v\u00fdprav\u011b"},"content":{"rendered":"<div class=\"fcbkbttn_buttons_block\" id=\"fcbkbttn_left\"><div class=\"fcbkbttn_button\">\n                            <a href=\"https:\/\/www.facebook.com\/tom.patrick.509\" target=\"_blank\">\n                                <img decoding=\"async\" src=\"https:\/\/eldar.cz\/tompatrick\/wp-content\/plugins\/facebook-button-plugin\/images\/large-facebook-ico.png\" alt=\"Fb-Button\" \/>\n                            <\/a>\n                        <\/div><div class=\"fcbkbttn_like fcbkbttn_large_button\"><fb:like href=\"https:\/\/eldar.cz\/tompatrick\/citymeans\/city-means-i-mesto-plne-navratu\/cast-18-na-vyprave\" action=\"like\" colorscheme=\"light\" layout=\"standard\"  width=\"225px\" size=\"large\"><\/fb:like><\/div><div class=\"fb-share-button fcbkbttn_large_button \" data-href=\"https:\/\/eldar.cz\/tompatrick\/citymeans\/city-means-i-mesto-plne-navratu\/cast-18-na-vyprave\" data-type=\"button_count\" data-size=\"large\"><\/div><\/div>\n<p><\/p>\n\n\n<p>Pochmurn\u00e1 n\u00e1lada Martina prov\u00e1zela i odpoledne, kdy\u017e se s Nolou a Kristi\u00e1n<span style=\"font-family: Times New Roman CE, serif;\">em se\u0161li p\u0159ed \u0161kolou. <\/span> Z<span style=\"font-family: Times New Roman CE, serif;\">am\u00ed\u0159ili <\/span>pak <span style=\"font-family: Times New Roman CE, serif;\">za m\u011bsto a n\u00e1sledn\u011b p\u0159es most p\u0159e<\/span>\u0161li<span style=\"font-family: Times New Roman CE, serif;\"> na druh\u00fd b\u0159eh Labe. <\/span><\/p>\n<p>\u00a0<\/p>\n<p><img loading=\"lazy\" decoding=\"async\" class=\"\" src=\"https:\/\/eldar.cz\/tompatrick\/wp-content\/uploads\/2022\/03\/7-Most-nad-Labe-150x150.jpg\" width=\"514\" height=\"514\" \/><\/p>\n<p>\u00a0<\/p>\n<p><span style=\"font-family: Times New Roman CE, serif;\">Tam se <\/span>rozkl\u00e1dal<span style=\"font-family: Times New Roman CE, serif;\"> les s vy\u0161lapanou cestou. Do t\u011bch m\u00edst Martin hned zam\u00ed\u0159il. Nola s Kristi\u00e1nem rad\u0161i nic ne\u0159\u00edkali a ml\u010dky ho n\u00e1sledovali. Netrvalo v\u0161ak dlouh<\/span>o a z lesa vy\u0161li na pole.<\/p>\n<p>\u201eTady to <span style=\"font-family: Times New Roman CE, serif;\">je\u0161t\u011b nen\u00ed, mus\u00edme j\u00edt je\u0161t\u011b kousek d\u00e1<\/span>l,\u201d informoval kamar\u00e1dy Martin. Ti se v\u0161ak <span style=\"font-family: Times New Roman CE, serif;\">n\u00e1hle zastavili a za\u010dali pozorovat krajinu kolem sebe. Po prav\u00e9 stran\u011b se st\u00e1le rozprost\u00edral rozlehl\u00fd les, ale Kristi\u00e1na jako by sp\u00ed\u0161 <\/span>zaujalo cosi <span style=\"font-family: Times New Roman CE, serif;\">po jeho levici. Nebylo to v\u0161ak ani tak pole, jako sp\u00ed\u0161 osam\u011bl\u00fd strom ty\u010d\u00edc\u00ed se na n\u011bm v povzd\u00e1l\u00ed.<\/span><\/p>\n<p>\u201eTyjo! P<span style=\"font-family: Times New Roman CE, serif;\">ar\u00e1da! To si hnedka vyfot\u00edm,\u201d vc\u00edtil se okam\u017eit\u011b do nov\u00e9 atmosf\u00e9ry Kristi\u00e1n, vyndal si z bra\u0161ny fotoapar\u00e1t a v\u0161emo\u017en\u011b ho za\u010dal \u0161telovat tak, aby doc\u00edlil pokud mo\u017eno <\/span>co <span style=\"font-family: Times New Roman CE, serif;\">nejp\u0159ijateln\u011bj\u0161\u00ed z\u00e1b\u011br<\/span>.<\/p>\n<p>\u201e<span style=\"font-family: Times New Roman CE, serif;\">A a\u017e s t\u00edm stromem bude\u0161 hotovej, tak si klidn\u011b m\u016f\u017ee\u0161 vz\u00edt do par\u00e1dy dr\u00e1ty elektrick\u00e9ho nap\u011bt\u00ed. Ty <\/span>jsou<span style=\"font-family: Times New Roman CE, serif;\"> vid\u011bt tamhle o kus d\u00e1l,\u201d chytla se Kristi\u00e1nov\u00fdch experiment\u016f okam\u017eit\u011b Nola, t\u00edm v\u0161ak ne\u010dekan\u011b nahr\u00e1la sp\u00ed\u0161<\/span>e Martinovi.<\/p>\n<p>\u201e<span style=\"font-family: Times New Roman CE, serif;\">Pr\u00e1v\u011b do t\u011bch m\u00edst v\u00e1s chci zav\u00e9st. Tak poj\u010fte p\u0159ece! Ten strom s t\u00edm druh\u00fdm si m\u016f\u017ee\u0161 vyblesknout klidn\u011b<\/span>, a\u017e se odtud budeme vracet.\u201d<\/p>\n<p>\u201eHmm, to u\u017e nebude ono. S<span style=\"font-family: Times New Roman CE, serif;\">v\u011btlo u\u017e bude jinde, te\u010f je to p\u0159esn\u011b tak, jak to chci m\u00edt.\u201d A tak Kristi\u00e1n sn\u00edmek nakonec p\u0159eci jen po\u0159\u00eddil. Pak se je\u0161t\u011b v kr\u00e1tkosti pozastavil nad t\u00edm, co mu radila Nola. \u201eTy sloupy s elektrick\u00fdm veden\u00edm za moc nestoj\u00ed, nemaj\u00ed pro m\u011b tu pravou poetickou hloubku.\u201d<\/span><\/p>\n<p>\u00a0<\/p>\n<p>\u00a0<\/p>\n<p>\u00a0<\/p>\n<p><img loading=\"lazy\" decoding=\"async\" class=\"\" src=\"https:\/\/eldar.cz\/tompatrick\/wp-content\/uploads\/2022\/03\/8-Strom-na-poli-150x150.jpg\" width=\"538\" height=\"538\" \/><\/p>\n<p>\u00a0<\/p>\n<p>\u00a0<\/p>\n<p><span style=\"font-family: Times New Roman CE, serif;\">V\u0161ichni zase o n\u011bco p\u0159idali do kroku. A jak se tak pomalu k onomu m\u00edstu p\u0159ibli\u017eovali, za\u010dala Martina p\u0159epadat zase je<\/span>ho ne\u00fastupn\u00e1 pesimistick\u00e1 n\u00e1lada.<\/p>\n<p>\u201e<span style=\"font-family: Times New Roman CE, serif;\">Ach jo, takov\u00e1 sm\u016fla, dovedete si to p\u0159edstavit? Nap\u0159ed ke mn\u011b zni\u010dehonic sama p\u0159ijde a nav\u00e1\u017ee se mnou hovor, b\u00e1sn\u00ed o tom, \u017ee mi nic nebr\u00e1nilo v tom, abych se k n\u00ed \u0161el posadit do \u010dajov<\/span>\u00e9ho stanu, dokonce se mi z\u00e1hy <span style=\"font-family: Times New Roman CE, serif;\">p\u0159edstav\u00ed a vyzv\u00edd\u00e1 m\u00e9 jm\u00e9no a odkud jsem, a pak n\u00e1hle oto\u010d\u00ed a za\u010dne mluvit o sv\u00e9m p\u0159\u00edteli<\/span>, <span style=\"font-family: Times New Roman CE, serif;\">a \u017ee studuje skoro cel\u00fd rok v cizin\u011b! No nezn\u00ed to jako \u0161patn\u00fd vtip? Jako by se v tu chv\u00edli do toho p\u0159im\u00edchal <\/span>zlomysln\u00fd <span style=\"font-family: Times New Roman CE, serif;\">\u0161otek a naschv\u00e1l to cel\u00e9 p\u0159ekroutil v m\u016fj vlastn\u00ed neprosp\u011bch!\u201d<\/span><\/p>\n<p>\u201e<span style=\"font-family: Times New Roman CE, serif;\">Jo, v tom t\u011b naprosto ch\u00e1pu,\u201d vm\u00edsil se do toho hned Kristi\u00e1n, \u201eale j\u00e1 jsem te\u010f na tom \u00fapln\u011b stejn\u011b. Kv\u016fli Ivanovi jsem u m\u00edstn\u00edch novin tohle odpoledne definitivn\u011b skon\u010dil. A \u017ee by m\u011b to n\u011bjak t\u011b\u0161ilo? Ani n\u00e1hodou! Pracoval jsem pro n\u011b skoro dva roky a kv\u016fli Ivanovi tam u\u017e nejsem. A p\u0159itom to m\u011bla na sv\u011bdom\u00ed v podstat\u011b \u00fapln\u00e1 prkotina: zap\u016fj\u010den\u00ed fotek \u010dlov\u011bku, kter\u00fdmu jsem jinak bezmezn\u011b d\u016fv\u011b\u0159oval.\u201d<\/span><\/p>\n<p>\u201e<span style=\"font-family: Times New Roman CE, serif;\">No jo, o tom mi tak n\u011bco pov\u00eddej,\u201d sykl nevra\u017eiv\u011b Martin. \u201eJen\u017ee ty se\u0161 na tom p\u0159ece <\/span>mnohem<span style=\"font-family: Times New Roman CE, serif;\"> l\u00edp, s\u00e1m jsi n\u00e1m p\u0159ece p\u0159ed \u0161kolou \u0159\u00edkal, <\/span>\u017ee <span style=\"font-family: Times New Roman CE, serif;\">o tebe mo\u017en\u00e1 projevil z\u00e1jem n\u011bkdo jin\u00fd.\u201d<\/span><\/p>\n<p>\u201e<span style=\"font-family: Times New Roman CE, serif;\">No pr\u00e1v\u011b, to slov\u00ed\u010dko <\/span><i>mo\u017en\u00e1 <\/i>v tom sehr\u00e1v\u00e1 docela podstatnou roli,\u201d oponoval Kristi\u00e1n.<\/p>\n<p>\u201eA nav\u00edc,\u201d vstoupila do debaty do <span style=\"font-family: Times New Roman CE, serif;\">t\u0159etice Nola, \u201ej\u00e1 se k v\u00e1m mohu rovn\u011b\u017e \u0161\u0165astn\u011b p\u0159idat. Po druh\u00e9 vyu\u010dovac\u00ed hodin\u011b si m\u011b odchytil \u0160troch a za\u010dal se m\u011b vypt\u00e1vat na Rolla. Jak asi mysl\u00edte, \u017ee mi v t\u00e9 chv\u00edli bylo? Taky ne moc do \u0159e\u010di.\u201d<\/span><\/p>\n<p>\u201e<span style=\"font-family: Times New Roman CE, serif;\">No jo, m\u00e1me to holt v\u0161ichni po\u0159\u00e1d n\u011bjakou sm\u016flu,\u201d po<\/span>znamenal stroze Martin.<\/p>\n<p>\u201e<span style=\"font-family: Times New Roman CE, serif;\">J\u00e1 bych to zas tak \u010dern\u011b nevid\u011bl, ty to zkr\u00e1tka moc pro\u017e\u00edv\u00e1\u0161,\u201d usoudil znovu k Martinov\u011b nelibosti Kristi\u00e1n.<\/span><\/p>\n<p>\u201e<span style=\"font-family: Times New Roman CE, serif;\">To se div\u00edm,\u201d upnul se na to dle o\u010dek\u00e1v\u00e1n\u00ed hned Martin, \u201e\u017ee to \u0159\u00edk\u00e1\u0161 zrovna <\/span><i>ty<\/i><span style=\"font-family: Times New Roman CE, serif;\">, kter\u00fd by m\u011bl horkokrevn\u011b p\u0159em\u00edtat o ne\u010dekan\u00e9m z\u00e1zraku v samotn\u00e9m z\u00e1v\u011bru <\/span><span style=\"font-family: Times New Roman CE, serif;\"><i>Mochnick\u00e9ho katalov\u011bn\u00ed<\/i><\/span>.\u201d<\/p>\n<p><span style=\"font-family: Times New Roman CE, serif;\">Kristi\u00e1n p\u0159i Martinov\u011b op\u011btovn\u00e9 v\u00fdtce znejist\u011bl a ob\u0161\u0165astnil ho matn\u00fdm pohrdav\u00fdm pohledem.<\/span><\/p>\n<p>\u201eNo tak<span style=\"font-family: Times New Roman CE, serif;\"> mi na tu ot\u00e1zku p\u0159ece odpov\u011bz! Taky ses mezi ty ostatn\u00ed p\u0159ipletl a \u0161el <\/span>jsi hled<span style=\"font-family: Times New Roman CE, serif;\">at toho nezn\u00e1m\u00e9ho notuj\u00edc\u00edho bubnova\u010de, ani\u017e bys dok\u00e1zal vysv\u011btlit, pro\u010d. Podob\u00e1\u0161 se t\u011bm ostatn\u00edm. <\/span>Nikdo z v\u00e1s to nedo&#8230;\u201d<\/p>\n<p>\u201e<span style=\"font-family: Times New Roman CE, serif;\">To, co se tam ud\u00e1lo, ale s \u017e\u00e1dn\u00fdm p\u0159evratn\u00fdm z\u00e1zrakem nem\u011blo nic moc spole\u010dn\u00fdho,\u201d vstoupil Martinovi do hovoru r\u00e1zn\u011b Kristi\u00e1n. \u201eN\u00e1s v\u0161echny, kdo jsme v t\u00fd chv\u00edli sed\u011bli u ohni\u0161t\u011b, to bubnov\u00e1n\u00ed a p\u0159\u00edjemn\u00fd zp\u011bv prost\u011b zaujaly, a <\/span>proto jsme se toho<span style=\"font-family: Times New Roman CE, serif;\"> doty\u010dn\u00e9ho prost\u011b vydali hledat<\/span>, <span style=\"font-family: Times New Roman CE, serif;\">proto\u017ee nikdo z n\u00e1s v\u016fbec netu\u0161il, o koho \u017ee se to jedn\u00e1. Nav\u00edc se m\u011blo za to, \u017ee v\u0161ic<\/span>hni <span style=\"font-family: Times New Roman CE, serif;\">\u00fa\u010dastn\u00edci setk\u00e1n\u00ed sed\u00ed pohromad\u011b &#8211; samoz\u0159ejm\u011b s <\/span>v\u00fdjimkou tebe.\u201d<\/p>\n<p><span style=\"font-family: Times New Roman CE, serif;\">Te\u010f n\u011bkolik vte\u0159in t\u00e1pal zase Martin. I jemu se ale poda\u0159ilo naj\u00edt p\u00e1r dal\u0161\u00edch odzbrojuj\u00edc\u00edch argument\u016f. \u201eTo si podle m\u011b s\u00e1m sob\u011b sna\u017e\u00ed\u0161 jen namluvit! Tvoje vnit\u0159n\u00ed sv\u011bdom\u00ed se ti to sna\u017e\u00ed jen nakukat, aby pop\u0159elo ve\u0161kerou moji pravdu! Tak tomu toti\u017e poka\u017ed\u00e9 p\u0159i na\u0161ich spole\u010dn\u00fdch hovorech b\u00fdv\u00e1, a jak se tak zd\u00e1, tak se na tom do budoucna i nic m\u011bnit nebude!\u201d<\/span><\/p>\n<p><span style=\"font-family: Times New Roman CE, serif;\">Kristi\u00e1n na\u0161t\u011bst\u00ed nepat\u0159il k t\u011bm lidem, kte\u0159\u00ed se pod vlivem jak\u00e9hokoli obvin\u011bn\u00ed uchyluj\u00ed k tvrd\u00e9 h\u00e1dav\u00e9 odplat\u011b nebo dokonce n\u00e1sil\u00ed. Op\u011bt si zachoval svoji vyrovnanou tv\u00e1\u0159: \u201eJ\u00e1 si rozhodn\u011b nemysl\u00edm, \u017ee by se ke mn\u011b moje vlastn\u00ed sv\u011bdom\u00ed chovalo n\u011bjak fale\u0161n\u011b. Prost\u011b ka\u017ed\u00fdho, kdo tam byl, ten ne\u010dekanej fam\u00f3zn\u00ed v\u00fdstup nezn\u00e1m\u00fdho hr\u00e1\u010de a p\u011bvce zaujal a chytl za srdce. No<\/span>,<span style=\"font-family: Times New Roman CE, serif;\"> a odprad\u00e1vna, co je sv\u011bt sv\u011btem, je p\u0159ece zcela z\u0159ejm\u00e9, \u017ee <\/span>hudba m\u00e1 <span style=\"font-family: Times New Roman CE, serif;\">z\u00e1zra\u010dn\u00e9 \u00fa\u010dinky &#8211; obzvl\u00e1\u0161\u0165 ta medita\u010dn\u00ed.\u201d<\/span><\/p>\n<p>\u201e<span style=\"font-family: Times New Roman CE, serif;\">Jo, to ur\u010dit\u011b!\u201d zaklel ti\u0161e pohrdav\u011b Martin, kdy\u017e si tu Kristi\u00e1novu hl\u00e1\u0161ku o hudb\u011b dal do spojitosti s Ivanov\u00fdmi \u0161amansk\u00fdmi gr\u00e1dy a Lekenerovou nejapnou zp\u011bvnou hl\u00e1\u0161kou. \u201eJen\u017ee co pak m\u011bl symbolizovat ten n\u00e1hl\u00fd p\u0159ekvapuj\u00edc\u00ed p\u0159\u00edchod t\u00e9 m\u00e9 vysn\u011bn\u00e9 d\u00edvky? K tomu p\u0159ece nemohlo doj\u00edt jen tak! A co potom ten p\u0159\u00edlet \u010dern\u00fdch vran? V\u017edy\u0165 ani jedno z toho se ned\u00e1 rozumn\u011b vysv\u011btlit! Tady mus\u00ed hlavn\u00ed roli sehr\u00e1vat n\u011bjak\u00e9 nadp\u0159irozen\u00e9 s\u00edly, kter\u00e9 n\u00e1s pron\u00e1sleduj\u00ed a sna\u017e\u00ed se n\u00e1m sd\u011blit jak\u00e9si prozat\u00edm nezn\u00e1m\u00e9 poselstv\u00ed &#8211; je\u017e se n\u00e1s t\u0159<\/span>\u00ed<span style=\"font-family: Times New Roman CE, serif;\"> bezprost\u0159edn\u011b t\u00fdk\u00e1!\u201d<\/span><\/p>\n<p>\u201e<span style=\"font-family: Times New Roman CE, serif;\">Na to bohu\u017eel nedok\u00e1\u017eu kloudn\u011b odpov\u011bd\u011bt, sv\u011bt n\u00e1m prost\u011b v jednom kuse p\u0159ipravuje p\u0159ek\u00e1\u017eky. P\u0159es n\u011b se mus\u00edme n\u011bjak p\u0159en\u00e9st a nad\u00e1le \u010delit nov\u00fdm v\u00fdzv\u00e1m osudu &#8211; m\u00e1m-li to koncipovat jako rozen\u00fd psycholog, promlouvaj\u00edc\u00ed ke student\u016fm v r\u00e1mci z\u00e1klad\u016f spole\u010densk\u00fdch v\u011bd,\u201d chopil se <\/span>slova <span style=\"font-family: Times New Roman CE, serif;\">zdatn\u011b Kristi\u00e1n, \u010d\u00edm\u017e Martina znovu donutil nad \u010d\u00edmsi p\u0159em\u00edtat.<\/span><\/p>\n<p>\u201e<span style=\"font-family: Times New Roman CE, serif;\">No jo, to je pravda, n\u00e1strahy osudu \u010d\u00edhaj\u00ed opravdu kdekoli,\u201c p\u0159ipustil sm\u00edrn\u011b. \u201e\u010clov\u011bk se<\/span> sna\u017e\u00ed d\u00e1vat si<span style=\"font-family: Times New Roman CE, serif;\"> pe\u010dliv\u011b<\/span> pozor na ka\u017ed\u00e9m kroku, je neust\u00e1le vystavov\u00e1n vlastn\u00ed sebekontrole<span style=\"font-family: Times New Roman CE, serif;\">, ale ani to mu mnohdy nepom\u016f\u017ee. \u017divotn\u00ed k\u0159i\u017eovatky si ho v\u017edycky najdou a rozehraj\u00ed s n\u00edm nesmlouvavou psychologickou hru.\u201d<\/span><\/p>\n<p><span style=\"font-family: Times New Roman CE, serif;\">Martin si nyn\u011bj\u0161\u00edm proslovem, ani\u017e by to p\u0159edem o\u010dek\u00e1val, znovu z\u00edskal obdivuhodn\u00e9 sympatie obou kamar\u00e1d\u016f.<\/span><\/p><div class=\"fcbkbttn_buttons_block\" id=\"fcbkbttn_left\"><div class=\"fcbkbttn_button\">\n                            <a href=\"https:\/\/www.facebook.com\/tom.patrick.509\" target=\"_blank\">\n                                <img decoding=\"async\" src=\"https:\/\/eldar.cz\/tompatrick\/wp-content\/plugins\/facebook-button-plugin\/images\/large-facebook-ico.png\" alt=\"Fb-Button\" \/>\n                            <\/a>\n                        <\/div><div class=\"fcbkbttn_like fcbkbttn_large_button\"><fb:like href=\"https:\/\/eldar.cz\/tompatrick\/citymeans\/city-means-i-mesto-plne-navratu\/cast-18-na-vyprave\" action=\"like\" colorscheme=\"light\" layout=\"standard\"  width=\"225px\" size=\"large\"><\/fb:like><\/div><div class=\"fb-share-button fcbkbttn_large_button \" data-href=\"https:\/\/eldar.cz\/tompatrick\/citymeans\/city-means-i-mesto-plne-navratu\/cast-18-na-vyprave\" data-type=\"button_count\" data-size=\"large\"><\/div><\/div>","protected":false},"excerpt":{"rendered":"<p>Pochmurn\u00e1 n\u00e1lada Martina prov\u00e1zela i odpoledne, kdy\u017e se s Nolou a Kristi\u00e1nem se\u0161li p\u0159ed \u0161kolou. Zam\u00ed\u0159ili pak za m\u011bsto a n\u00e1sledn\u011b p\u0159es most p\u0159e\u0161li na druh\u00fd b\u0159eh Labe. \u00a0 \u00a0 Tam se rozkl\u00e1dal les s vy\u0161lapanou cestou. Do t\u011bch m\u00edst &hellip; <a href=\"https:\/\/eldar.cz\/tompatrick\/citymeans\/city-means-i-mesto-plne-navratu\/cast-18-na-vyprave\">Cel\u00fd p\u0159\u00edsp\u011bvek <span class=\"meta-nav\">&rarr;<\/span><\/a><\/p>\n","protected":false},"author":2,"featured_media":0,"comment_status":"open","ping_status":"open","sticky":false,"template":"","format":"standard","meta":{"_s2mail":"yes","footnotes":""},"categories":[33],"tags":[],"class_list":["post-3336","post","type-post","status-publish","format-standard","hentry","category-city-means-i-mesto-plne-navratu"],"_links":{"self":[{"href":"https:\/\/eldar.cz\/tompatrick\/wp-json\/wp\/v2\/posts\/3336","targetHints":{"allow":["GET"]}}],"collection":[{"href":"https:\/\/eldar.cz\/tompatrick\/wp-json\/wp\/v2\/posts"}],"about":[{"href":"https:\/\/eldar.cz\/tompatrick\/wp-json\/wp\/v2\/types\/post"}],"author":[{"embeddable":true,"href":"https:\/\/eldar.cz\/tompatrick\/wp-json\/wp\/v2\/users\/2"}],"replies":[{"embeddable":true,"href":"https:\/\/eldar.cz\/tompatrick\/wp-json\/wp\/v2\/comments?post=3336"}],"version-history":[{"count":4,"href":"https:\/\/eldar.cz\/tompatrick\/wp-json\/wp\/v2\/posts\/3336\/revisions"}],"predecessor-version":[{"id":3534,"href":"https:\/\/eldar.cz\/tompatrick\/wp-json\/wp\/v2\/posts\/3336\/revisions\/3534"}],"wp:attachment":[{"href":"https:\/\/eldar.cz\/tompatrick\/wp-json\/wp\/v2\/media?parent=3336"}],"wp:term":[{"taxonomy":"category","embeddable":true,"href":"https:\/\/eldar.cz\/tompatrick\/wp-json\/wp\/v2\/categories?post=3336"},{"taxonomy":"post_tag","embeddable":true,"href":"https:\/\/eldar.cz\/tompatrick\/wp-json\/wp\/v2\/tags?post=3336"}],"curies":[{"name":"wp","href":"https:\/\/api.w.org\/{rel}","templated":true}]}}