{"id":3314,"date":"2022-02-28T09:00:00","date_gmt":"2022-02-28T07:00:00","guid":{"rendered":"https:\/\/eldar.cz\/tompatrick\/?p=3314"},"modified":"2022-02-01T15:57:12","modified_gmt":"2022-02-01T13:57:12","slug":"cast-9-helino-poutave-vypraveni","status":"publish","type":"post","link":"https:\/\/eldar.cz\/tompatrick\/citymeans\/city-means-i-mesto-plne-navratu\/cast-9-helino-poutave-vypraveni","title":{"rendered":"Kapitola 9 &#8211; Helino poutav\u00e9 vypr\u00e1v\u011bn\u00ed"},"content":{"rendered":"<div class=\"fcbkbttn_buttons_block\" id=\"fcbkbttn_left\"><div class=\"fcbkbttn_button\">\n                            <a href=\"https:\/\/www.facebook.com\/tom.patrick.509\" target=\"_blank\">\n                                <img decoding=\"async\" src=\"https:\/\/eldar.cz\/tompatrick\/wp-content\/plugins\/facebook-button-plugin\/images\/large-facebook-ico.png\" alt=\"Fb-Button\" \/>\n                            <\/a>\n                        <\/div><div class=\"fcbkbttn_like fcbkbttn_large_button\"><fb:like href=\"https:\/\/eldar.cz\/tompatrick\/citymeans\/city-means-i-mesto-plne-navratu\/cast-9-helino-poutave-vypraveni\" action=\"like\" colorscheme=\"light\" layout=\"standard\"  width=\"225px\" size=\"large\"><\/fb:like><\/div><div class=\"fb-share-button fcbkbttn_large_button \" data-href=\"https:\/\/eldar.cz\/tompatrick\/citymeans\/city-means-i-mesto-plne-navratu\/cast-9-helino-poutave-vypraveni\" data-type=\"button_count\" data-size=\"large\"><\/div><\/div><p>V cel\u00e9m stanu to vypadalo velmi impozantn\u011b. Martin si tu pomalu za\u010d\u00ednal p\u0159ipadat jako v cirkuse. V\u0161ichni z\u00e1jemci byli vyzv\u00e1ni, aby se usadili na pohodln\u00e9 lavi\u010dky, zab\u00edraj\u00edc\u00ed dobrou polovinu stanu. Tu druhou vypl\u0148ovalo pl\u00e1tno s prom\u00edta\u010dkou. Menor k n\u00ed je\u0161t\u011b p\u0159istavil magnetofon a zap\u00e1lil vonn\u00e9 ty\u010dinky. Pak zm\u00e1\u010dknul <i>play <\/i>a z bed\u00fdnek se za\u010dala linout p\u0159\u00edjemn\u00e1 relaxa\u010dn\u00ed hudba. Menor p\u00e1sku nechal nejprve rozjet a teprve pak zasedl do lev\u00e9ho zadn\u00edho rohu, aby nest\u00ednil, a za\u010dal promlouvat k obecenstvu.<\/p>\n<p>\u201eTak\u017ee je\u0161t\u011b jednou v\u00e1s tu v\u0161echny srde\u010dn\u011b v\u00edt\u00e1m, pokud jsem to nestihl p\u0159ipomenout hned na za\u010d\u00e1tku, kdy\u017e jste na tento pozemek vstupovali,\u201d spustil trochu netradi\u010dn\u011b s humornou nads\u00e1zkou, nikdo mu to ale nevy\u010d\u00edtal, naopak v\u0161ichni se tomu od srdce zasm\u00e1li. \u201eCo dnes uvid\u00edte&#8230; no zajist\u00e9 mnoho kvalitn\u00edch uvol\u0148uj\u00edc\u00edch sn\u00edme\u010dk\u016f.\u201d<\/p>\n<p>Menor za n\u00e1sledn\u00e9ho potlesku vstal, uklonil se a pohledem zam\u00ed\u0159il hned do prvn\u00ed \u0159ady na asi tak patn\u00e1ctiletou d\u00edvku s hn\u011bd\u00fdmi vlasy spleten\u00fdmi do cop\u00e1nk\u016f. \u201eNu\u017ee, Helo, je to tvoje,\u201d vyzval ji.<\/p>\n<p>D\u00edvka vstala, p\u0159istoupila k prom\u00edta\u010dce, vsunula do p\u0159ehr\u00e1va\u010de sv\u016fj film a pitvo\u0159iv\u011b se na v\u0161echny zahih\u0148ala.<\/p>\n<p><img loading=\"lazy\" decoding=\"async\" class=\"\" src=\"https:\/\/eldar.cz\/tompatrick\/wp-content\/uploads\/2022\/02\/IMG_20201028_101826-150x150.jpg\" width=\"429\" height=\"429\" \/><\/p>\n<p>\u201eTak\u017ee dobr\u00fd ve\u010der,\u201d spustila v duchu hostitele, \u201ejmenuji se Helena a cht\u011bla bych se s v\u00e1mi pod\u011blit o sv\u016fj filma\u0159sk\u00fd po\u010din, kter\u00fd jsem nat\u00e1\u010dela po cel\u00fd p\u0159edchoz\u00ed rok. Douf\u00e1m, \u017ee se v\u00e1m bude l\u00edbit.\u201d Je\u0161t\u011b jednou se na osazenstvo stydliv\u011b zaculila, usadila se na druhou volnou \u017eidli, rozev\u0159ela na kl\u00edn\u011b jak\u00fdsi z\u00e1pisn\u00ed\u010dek a k\u00fdvnut\u00edm dala Menorovi svolen\u00ed, \u017ee se m\u016f\u017ee za\u010d\u00edt. Na pl\u00e1tn\u011b se z\u00e1hy rozjel poutav\u00fd obraz p\u0159\u00edrodn\u00ed krajiny.<\/p>\n<p>\u201eTaky tady budou prom\u00edtat m\u016fj film,\u201d \u0161eptl Martinovi do ucha Kristi\u00e1n.<\/p>\n<p>\u201eV\u00e1\u017en\u011b?\u201d<\/p>\n<p>\u201eJo, nev\u00edm, kdy p\u0159ijdu na \u0159adu, ale stoprocentn\u011b se ho tady dneska do\u010dk\u00e1\u0161,\u201d doplnil Kristi\u00e1n. Nola o tom musela v\u011bd\u011bt, proto\u017ee se jen mile pousm\u00e1la a prstem nazna\u010dila, a\u0165 oba jej\u00ed kamar\u00e1di ztichnou, proto\u017ee Helina prezentace pr\u00e1v\u011b za\u010d\u00ednala.<\/p>\n<p>\u201eV\u0161e vypuklo jednoho kouzeln\u00e9ho r\u00e1na v kv\u011btnu, kdy jsem se probudila a procitla do nov\u00e9ho dne.\u201c Na pl\u00e1tn\u011b se za\u010dal odv\u00edjet film. \u201eVe\u010der p\u0159edt\u00edm sice oblohou svi\u0161t\u011bly blesky, toto r\u00e1no se ale zd\u00e1lo b\u00fdt ji\u017e klidn\u00e9, nespoutan\u011b harmonick\u00e9. Ona v\u010derej\u0161\u00ed bou\u0159kov\u00e1 n\u00e1lada jako by okoln\u00ed p\u0159\u00edrod\u011b, do n\u00ed\u017e sp\u011bly m\u00e9 kroky, dodala novou s\u00edlu a v\u016fni. Vzduch se zd\u00e1l b\u00fdt na dech p\u0159\u00edjemn\u00fd a p\u0159\u00edv\u011btiv\u011b mi vanul do vlas\u016f.<\/p>\n<p>Tu jsem si n\u00e1hle pov\u0161imla srnky a jej\u00edho po\u010detn\u00e9ho st\u00e1da, je\u017e z krmelce vyj\u00eddalo lahodn\u00e9 plody p\u0159\u00edrodn\u00edho l\u00e9na.<\/p>\n<p>\u00a0<\/p>\n<p>\u00a0<\/p>\n<p>\u00a0<\/p>\n<p><img loading=\"lazy\" decoding=\"async\" class=\"\" src=\"https:\/\/eldar.cz\/tompatrick\/wp-content\/uploads\/2022\/02\/Dokument-4_17-150x150.jpg\" width=\"447\" height=\"447\" \/><\/p>\n<p>\u00a0<\/p>\n<p>\u00a0<\/p>\n<p>Pokusila jsem se k nim p\u0159istoupit pokud mo\u017eno co nejbl\u00ed\u017ee, v nad\u011bji, \u017ee je nepopla\u0161\u00edm. Jen\u017ee v tu chv\u00edli se obloha najednou zat\u00e1hla a za\u010dal z n\u00ed na zem popad\u00e1vat drobn\u00fd sn\u00ed\u017eek, co\u017e st\u00e1do polekalo, a tak se ukrylo zp\u011bt do stromov\u00fdch porost\u016f, kde se jeho \u0161um nen\u00e1vratn\u011b ztratil. To m\u011b p\u0159ivedlo v\u00a0\u00fadiv. M\u016fj rodn\u00fd d\u016fm se n\u00e1hle ztratil v hust\u011b popad\u00e1vaj\u00edc\u00ed b\u00edl\u00e9 mlze a m\u011b za\u010daly z\u00e1bst bos\u00e9 no\u017eky. Vydala jsem se tedy do m\u00edst, v nich\u017e zmizelo srn\u010d\u00ed st\u00e1do. Kdy\u017e jsem pro\u0161la les\u00edkem, poc\u00edtila jsem na sob\u011b zm\u011bnu: bos\u00e9 nohy se obuly do zimn\u00edch bot a t\u011blo zahalilo blaho svetr\u016f a kab\u00e1t\u016f.<\/p>\n<p>Najednou jsem m\u011bla pocit, \u017ee dok\u00e1\u017eu \u010dinit z\u00e1zraky, \u017ee um\u00edm l\u00e9tat jako pt\u00e1ci, \u017ee um\u00edm p\u0159im\u011bt led, aby rozt\u00e1l. Jakmile jsem se ho dotkla, skute\u010dn\u011b k onomu z\u00e1zraku do\u0161lo; led se najednou do\u010dista rozm\u011blnil a v \u0159\u00ed\u010dce se k \u017eivotu n\u00e1hle probudil zcela nov\u00fd sv\u011bt. Daly se v n\u00ed spat\u0159it ryby a malebn\u00e9 kam\u00ednky. Jeden z nich m\u011b obzvl\u00e1\u0161\u0165 zaujal, od t\u011bch ostatn\u00edch se li\u0161il neobvykle rudou z\u00e1\u0159\u00ed. Vzala jsem ho tedy do ruky a tuze si p\u0159\u00e1la, aby se prom\u011bnil v n\u011bco roztomil\u00e9ho. Aby se mi splnilo i toto p\u0159\u00e1n\u00ed, zav\u0159ela jsem pro jistotu o\u010di, a kdy\u017e jsem je znovu rozev\u0159ela, spat\u0159ila jsem ve sv\u00fdch dlan\u00edch n\u00e1dhernou mu\u0161li. P\u0159itiskla jsem si ji k uchu a v tu chv\u00edli jsem zatou\u017eila b\u00fdt n\u011bkde hrozn\u011b daleko.<\/p>\n<p>Znovu jsem zav\u0159ela o\u010di, a kdy\u017e se mi op\u011bt rozev\u0159ela v\u00ed\u010dka, stanula jsem sama na p\u00edse\u010dn\u00e9 pl\u00e1\u017ei p\u0159ed t\u0159pytiv\u00fdm mo\u0159em. Svetr, kab\u00e1t, tepl\u00e9 kalhoty a pohodln\u00e9 boty opustily mou mali\u010dkost. Poc\u00edtila jsem neskonalou volnost a bosa tan\u010dila po on\u00e9 pr\u00e1zdn\u00e9 p\u00edse\u010dn\u00e9 pl\u00e1\u017ei. Jak by tak\u00e9 ne, byl p\u0159ekr\u00e1sn\u00fd tropick\u00fd ve\u010der, mo\u0159e \u0161um\u011blo p\u0159\u00edjemn\u011b do u\u0161\u00ed, z\u00e1\u0159iv\u00e9 slunce pronikalo do o\u010d\u00ed&#8230;<\/p>\n<p>A pak&#8230; ulehla jsem do p\u00edsku, a kdy\u017e jsem znovu procitla, byl to op\u011bt m\u016fj rodn\u00fd d\u016fm, kdo m\u011b v\u00edtal sv\u00fdm p\u0159\u00edst\u0159e\u0161\u00edm. Venku pr\u0161elo, av\u0161ak mn\u011b to nevadilo. Pro\u017eila jsem p\u0159ece jeden rok p\u016fsobiv\u00e9ho \u017eivota &#8211; \u017eivota pln\u00e9ho harmonick\u00e9ho souzn\u011bn\u00ed \u010dlov\u011bka s p\u0159\u00edrodou.\u201d<\/p>\n\n\n<p><\/p>\n<div class=\"fcbkbttn_buttons_block\" id=\"fcbkbttn_left\"><div class=\"fcbkbttn_button\">\n                            <a href=\"https:\/\/www.facebook.com\/tom.patrick.509\" target=\"_blank\">\n                                <img decoding=\"async\" src=\"https:\/\/eldar.cz\/tompatrick\/wp-content\/plugins\/facebook-button-plugin\/images\/large-facebook-ico.png\" alt=\"Fb-Button\" \/>\n                            <\/a>\n                        <\/div><div class=\"fcbkbttn_like fcbkbttn_large_button\"><fb:like href=\"https:\/\/eldar.cz\/tompatrick\/citymeans\/city-means-i-mesto-plne-navratu\/cast-9-helino-poutave-vypraveni\" action=\"like\" colorscheme=\"light\" layout=\"standard\"  width=\"225px\" size=\"large\"><\/fb:like><\/div><div class=\"fb-share-button fcbkbttn_large_button \" data-href=\"https:\/\/eldar.cz\/tompatrick\/citymeans\/city-means-i-mesto-plne-navratu\/cast-9-helino-poutave-vypraveni\" data-type=\"button_count\" data-size=\"large\"><\/div><\/div>","protected":false},"excerpt":{"rendered":"<p>V cel\u00e9m stanu to vypadalo velmi impozantn\u011b. Martin si tu pomalu za\u010d\u00ednal p\u0159ipadat jako v cirkuse. V\u0161ichni z\u00e1jemci byli vyzv\u00e1ni, aby se usadili na pohodln\u00e9 lavi\u010dky, zab\u00edraj\u00edc\u00ed dobrou polovinu stanu. Tu druhou vypl\u0148ovalo pl\u00e1tno s prom\u00edta\u010dkou. Menor k n\u00ed je\u0161t\u011b &hellip; <a href=\"https:\/\/eldar.cz\/tompatrick\/citymeans\/city-means-i-mesto-plne-navratu\/cast-9-helino-poutave-vypraveni\">Cel\u00fd p\u0159\u00edsp\u011bvek <span class=\"meta-nav\">&rarr;<\/span><\/a><\/p>\n","protected":false},"author":2,"featured_media":0,"comment_status":"open","ping_status":"open","sticky":false,"template":"","format":"standard","meta":{"_s2mail":"yes","footnotes":""},"categories":[33],"tags":[],"class_list":["post-3314","post","type-post","status-publish","format-standard","hentry","category-city-means-i-mesto-plne-navratu"],"_links":{"self":[{"href":"https:\/\/eldar.cz\/tompatrick\/wp-json\/wp\/v2\/posts\/3314","targetHints":{"allow":["GET"]}}],"collection":[{"href":"https:\/\/eldar.cz\/tompatrick\/wp-json\/wp\/v2\/posts"}],"about":[{"href":"https:\/\/eldar.cz\/tompatrick\/wp-json\/wp\/v2\/types\/post"}],"author":[{"embeddable":true,"href":"https:\/\/eldar.cz\/tompatrick\/wp-json\/wp\/v2\/users\/2"}],"replies":[{"embeddable":true,"href":"https:\/\/eldar.cz\/tompatrick\/wp-json\/wp\/v2\/comments?post=3314"}],"version-history":[{"count":4,"href":"https:\/\/eldar.cz\/tompatrick\/wp-json\/wp\/v2\/posts\/3314\/revisions"}],"predecessor-version":[{"id":3508,"href":"https:\/\/eldar.cz\/tompatrick\/wp-json\/wp\/v2\/posts\/3314\/revisions\/3508"}],"wp:attachment":[{"href":"https:\/\/eldar.cz\/tompatrick\/wp-json\/wp\/v2\/media?parent=3314"}],"wp:term":[{"taxonomy":"category","embeddable":true,"href":"https:\/\/eldar.cz\/tompatrick\/wp-json\/wp\/v2\/categories?post=3314"},{"taxonomy":"post_tag","embeddable":true,"href":"https:\/\/eldar.cz\/tompatrick\/wp-json\/wp\/v2\/tags?post=3314"}],"curies":[{"name":"wp","href":"https:\/\/api.w.org\/{rel}","templated":true}]}}