{"id":3298,"date":"2022-01-10T09:06:00","date_gmt":"2022-01-10T07:06:00","guid":{"rendered":"https:\/\/eldar.cz\/tompatrick\/?p=3298"},"modified":"2022-04-24T08:53:20","modified_gmt":"2022-04-24T06:53:20","slug":"cast-2-martinovo-uprimne-doznani","status":"publish","type":"post","link":"https:\/\/eldar.cz\/tompatrick\/citymeans\/city-means-i-mesto-plne-navratu\/cast-2-martinovo-uprimne-doznani","title":{"rendered":"Kapitola 2 &#8211; Martinovo up\u0159\u00edmn\u00e9 dozn\u00e1n\u00ed"},"content":{"rendered":"<div class=\"fcbkbttn_buttons_block\" id=\"fcbkbttn_left\"><div class=\"fcbkbttn_button\">\n                            <a href=\"https:\/\/www.facebook.com\/tom.patrick.509\" target=\"_blank\">\n                                <img decoding=\"async\" src=\"https:\/\/eldar.cz\/tompatrick\/wp-content\/plugins\/facebook-button-plugin\/images\/large-facebook-ico.png\" alt=\"Fb-Button\" \/>\n                            <\/a>\n                        <\/div><div class=\"fcbkbttn_like fcbkbttn_large_button\"><fb:like href=\"https:\/\/eldar.cz\/tompatrick\/citymeans\/city-means-i-mesto-plne-navratu\/cast-2-martinovo-uprimne-doznani\" action=\"like\" colorscheme=\"light\" layout=\"standard\"  width=\"225px\" size=\"large\"><\/fb:like><\/div><div class=\"fb-share-button fcbkbttn_large_button \" data-href=\"https:\/\/eldar.cz\/tompatrick\/citymeans\/city-means-i-mesto-plne-navratu\/cast-2-martinovo-uprimne-doznani\" data-type=\"button_count\" data-size=\"large\"><\/div><\/div><p>R\u00e1zem se v\u0161e vr\u00e1tilo do star\u00fdch zab\u011bhnut\u00fdch kolej\u00ed. Nola se Martinovi omluvila, \u017ee se mu kv\u016fli jeho pr\u016fpov\u00eddk\u00e1m sm\u00e1la, na\u010de\u017e mu za\u010dala l\u00ed\u010dit, jak p\u0159i\u0161la k on\u00e9 sv\u00e9 p\u0159ezd\u00edvce. Martina to zaujalo a p\u0159iznal, \u017ee on s\u00e1m by na nic takov\u00e9ho rozhodn\u011b nep\u0159i\u0161el. Te\u010f, kdy\u017e si ale po\u0159\u00e1dn\u011b v\u0161iml toho zeb\u0159\u00edho klobouku, p\u0159ipustil, \u017ee i jemu se to pojmenov\u00e1n\u00ed ur\u010dit\u011b siln\u011b vryje do pam\u011bti a vzpomene si na n\u011bj poka\u017ed\u00e9, kdy s n\u00edm Nolu spat\u0159\u00ed. Kristi\u00e1n te\u010f do jejich hovoru p\u0159\u00edli\u0161 nezasahoval, ob\u010das k tomu jen p\u0159ihodil prot\u00e1hl\u00e9 <i>\u201eaha\u201d <\/i>nebo <i>\u201ehmm\u201d<\/i>, jinak vedle nich kr\u00e1\u010del pokojn\u011b a pozorn\u011b jim naslouchal.<\/p>\n<p>\u201eNo jo, tyhle zm\u011bny fakt n\u011bkdy p\u0159ijdou dost n\u00e1hodn\u011b, zrovna kdy\u017e je \u010dlov\u011bk ne\u010dek\u00e1,\u201d prohodil z\u00e1hy Martin, kdy\u017e mu Nola na z\u00e1v\u011br sv\u00e9ho pov\u00edd\u00e1n\u00ed je\u0161t\u011b jednou p\u0159edvedla \u0159\u00edd\u00edtkovou piruetu. \u201eTo u m\u011b je to trochu n\u011bco jin\u00e9ho. Sp\u00ed\u0161 mi p\u0159ijde, \u017ee m\u011b m\u00ed vrstevn\u00edci ve t\u0159\u00edd\u011b p\u0159ehl\u00ed\u017eej\u00ed. Jako by mi po\u0159\u00e1d dokola p\u0159edhazovali moji klidnou povahu a neust\u00e1le m\u011b m\u011bli za takov\u00e9ho toho outsidera, kter\u00fd se stran\u00ed kolektivu. Jen\u017ee to nen\u00ed v\u016fbec pravda. Pro\u010d bych se m\u011bl na p\u0159\u00e1n\u00ed jednoho klukovsk\u00e9ho intelektu\u00e1la m\u011bnit v jeho prosp\u011bch? V\u017edy\u0165 bych se t\u00edm jen ztrapnil! Nav\u00edc ta jeho vlezl\u00e1 jednop\u00edsmenkov\u00e1 p\u0159ezd\u00edvka <i>Iks <\/i>mi taky u\u017e p\u011bkn\u011b leze na nervy. Jemu to ale zjevn\u011b po roce v\u016fbec nevad\u00ed, ba co v\u00edc, on si ji dokonce dovol\u00ed v pohod\u011b p\u0159i hodin\u011b nahlas zak\u0159i\u010det p\u0159ed Moronovou. Jednou bych mu p\u0159\u00e1l, aby mu to slovo nehor\u00e1zn\u011b ul\u00edtlo p\u0159\u00edmo p\u0159ed n\u00ed u tabule a ona ho p\u0159ed celou t\u0159\u00eddou p\u011bkn\u011b se\u0159vala. N\u011bkdy to jeho chov\u00e1n\u00ed v\u016fbec nech\u00e1pu. Jen\u017ee to nen\u00ed to jedin\u00e9, pro\u010d m\u00e1m v jednom kuse pocit, \u017ee se v cel\u00e9 t\u0159\u00edd\u011b dokola \u0159e\u0161\u00ed jen m\u00e1 zamlklej\u0161\u00ed povaha. Kdy\u017e t\u0159eba ud\u011bl\u00e1m jen jeden nepatrn\u00fd pohyb nebo n\u011bco \u0159eknu, hned se kv\u016fli tomu zvedne pat\u0159i\u010dn\u00fd \u0161um &#8211; jak u spolu\u017e\u00e1k\u016f, tak u profesorsk\u00e9ho sboru, Moronovou samoz\u0159ejm\u011b po\u010d\u00edtaje na prvn\u00edm m\u00edst\u011b.\u201d<\/p>\n<p>\u201eNo, a m\u00e1\u0161 u\u017e pro to n\u011bjak\u00e9 vysv\u011btlen\u00ed? Pro\u010d t\u011b tak tv\u00ed vrstevn\u00edci vlastn\u011b berou? A nesta\u010dilo by t\u0159eba v\u00edc se jim otev\u0159\u00edt, a tak dok\u00e1zat, \u017ee takov\u00fdm \u010dlov\u011bkem, za kter\u00e9ho t\u011b pokl\u00e1daj\u00ed, v\u016fbec ve skute\u010dnosti nejsi?\u201d \u0159ekl posl\u00e9ze sv\u016fj \u00fasudek Kristi\u00e1n a z\u00e1rove\u0148 dal Nole nen\u00e1padn\u00fdm mrknut\u00edm najevo, \u017ee jejich kamar\u00e1d m\u00e1 ur\u010dit\u011b v tom, co pov\u00eddal, pravdu. Nola na to bez p\u0159etv\u00e1\u0159ky souhlasn\u011b p\u0159itakala k\u00fdvnut\u00edm.<\/p>\n<p>\u201eN\u011bjak\u00e9 vysv\u011btlen\u00ed?\u201d za\u010dal p\u0159em\u00edtat Martin a urputn\u011b se pokou\u0161el naj\u00edt n\u011bjak\u00e9 mnohem kloudn\u011bj\u0161\u00ed objasn\u011bn\u00ed ne\u017e to, na kter\u00e9 po celou dobu myslel. Nakonec mu ale nezbylo ne\u017e se<br \/>\nk n\u011bmu pokorn\u011b vr\u00e1tit. \u201eV\u0161echno to p\u0159ikl\u00e1d\u00e1m tomu sv\u00e9mu nep\u0159\u00edli\u0161 charismatick\u00e9mu vzhledu a t\u00e9 sv\u00e9 m\u00e9n\u011b pr\u016fbojn\u00e9 povaze. Jo, j\u00e1 se t\u0159eba pokus\u00edm ob\u010das \u0159\u00edct n\u011bjak\u00fd ten sv\u016fj n\u00e1zor, ale m\u00e1m pocit, jako by ostatn\u00ed v\u016fbec nezaj\u00edmal. Mo\u017en\u00e1 na tom maj\u00ed pod\u00edl i tyhlety br\u00fdle a m\u016fj tak trochu uk\u0148ouranej hlas. Kdy\u017e se sly\u0161\u00edm t\u0159eba na kazet\u011b nebo na videu, rad\u0161i bych se v t\u00e9 chv\u00edli v\u016fbec nevid\u011bl.\u201d<\/p>\n<p><img loading=\"lazy\" decoding=\"async\" class=\"pinkynail\" src=\"https:\/\/eldar.cz\/tompatrick\/wp-content\/uploads\/2021\/12\/Dokument-5_1-150x150.jpg\" alt=\"\" width=\"665\" height=\"665\"><\/p>\n<p>\u201eAle to snad ani ne. J\u00e1 sama si tedy rozhodn\u011b nemysl\u00edm, \u017ee by ten sv\u016fj hlas byl n\u011bjak uk\u0148ouranej, a u\u017e v\u016fbec nezast\u00e1v\u00e1m n\u00e1zor, \u017ee bys byl nezaj\u00edmav\u00fd. A ty br\u00fdle a m\u00edrn\u00e1 povaha &#8211; to je podle m\u011b sp\u00ed\u0161 v\u00fdhra ne\u017e prohra, rozhodn\u011b bych si s t\u00edm na tv\u00e9m m\u00edst\u011b nel\u00e1mala hlavu. A to \u017ee se n\u011bkdo chov\u00e1 zbrkle, to taky nen\u00ed nic ukrutn\u011b stra\u0161n\u00e9ho. Kdo se v dne\u0161n\u00ed usp\u011bchan\u00e9 dob\u011b nechov\u00e1 zbrkle, nerozhodn\u011b? No, \u0159ekni s\u00e1m.\u201d<\/p>\n<p align=\"JUSTIFY\">Ta slova Martina pot\u011b\u0161ila. U\u017e dlouho se mu nestalo, aby mu n\u011bkdo takhle zalichotil. V tu chv\u00edli zalitoval, \u017ee nechod\u00ed do <i>\u00e1\u010dkov\u00e9 <\/i>t\u0159\u00eddy, ale do vedlej\u0161\u00edho <i>b\u00e9\u010dka<\/i>, kde se podle n\u011bj vyskytovalo mnohem v\u00edc podiv\u00edn\u016f, ne\u017e byl \u00fadajn\u011b on s\u00e1m. I letos p\u0159edpokl\u00e1dal, \u017ee se cel\u00fd ro\u010dn\u00edk ponese v tom sam\u00e9m duchu, p\u0159i\u010dem\u017e fyzik\u00e1\u0159ka Moronov\u00e1 bude nejen v jeho, ale i v du\u0161i ostatn\u00edch op\u011bt t\u00edm nej\u017ehav\u011bj\u0161\u00edm adeptem na v\u00edt\u011bzstv\u00ed v kategorii o nejhor\u0161\u00edho mu\u010ditele roku.<\/p>\n<p>\u201eA z Moronov\u00e9 si hlavu ned\u011blej,\u201d konej\u0161ila Martina Nola, jako by mu \u010detla my\u0161lenky. \u201eTa je zl\u00e1 \u00fapln\u011b na ka\u017ed\u00e9ho &#8211; i na sebe. Minul\u00fd rok m\u00e1lem nechala z na\u0161\u00ed t\u0159\u00eddy propadnout hned t\u0159i studenty nar\u00e1z, p\u0159i\u010dem\u017e jeden z nich to skute\u010dn\u011b nakonec odnesl. Jeho rodina dokonce podala na \u0161kolu st\u00ed\u017enost, ale neusp\u011bla. To my si s n\u00ed letos u\u017eijeme daleko v\u00edc srandy ne\u017e va\u0161e t\u0159\u00edda. Bezradn\u00fd pan \u0159editel n\u00e1m ji toti\u017e za odm\u011bnu p\u0159id\u011blil za t\u0159\u00eddn\u00ed.\u201d<\/p>\n<p>\u201eJo, to je pravda,\u201d potvrdil Noliny p\u00e1dn\u00e9 argumenty Kristi\u00e1n, \u201ena\u0161t\u011bst\u00ed je ale teprve za\u010d\u00e1tek \u0161koln\u00edho roku a my ji m\u00e1me a\u017e ve \u010dtvrtek, tak aspo\u0148 od n\u00ed budeme m\u00edt do t\u00e9 doby klid &#8211; pokud n\u00e1s tedy zase nebude pou\u010dovat o tom, jak se maj\u00ed spr\u00e1vn\u011b mazat tabule a ukl\u00e1dat \u0161koln\u00ed pom\u016fcky na stole.\u201d<\/p>\n<p>Tomu se v\u0161ichni zasm\u00e1li.<\/p>\n<div class=\"fcbkbttn_buttons_block\" id=\"fcbkbttn_left\"><div class=\"fcbkbttn_button\">\n                            <a href=\"https:\/\/www.facebook.com\/tom.patrick.509\" target=\"_blank\">\n                                <img decoding=\"async\" src=\"https:\/\/eldar.cz\/tompatrick\/wp-content\/plugins\/facebook-button-plugin\/images\/large-facebook-ico.png\" alt=\"Fb-Button\" \/>\n                            <\/a>\n                        <\/div><div class=\"fcbkbttn_like fcbkbttn_large_button\"><fb:like href=\"https:\/\/eldar.cz\/tompatrick\/citymeans\/city-means-i-mesto-plne-navratu\/cast-2-martinovo-uprimne-doznani\" action=\"like\" colorscheme=\"light\" layout=\"standard\"  width=\"225px\" size=\"large\"><\/fb:like><\/div><div class=\"fb-share-button fcbkbttn_large_button \" data-href=\"https:\/\/eldar.cz\/tompatrick\/citymeans\/city-means-i-mesto-plne-navratu\/cast-2-martinovo-uprimne-doznani\" data-type=\"button_count\" data-size=\"large\"><\/div><\/div>","protected":false},"excerpt":{"rendered":"<p>R\u00e1zem se v\u0161e vr\u00e1tilo do star\u00fdch zab\u011bhnut\u00fdch kolej\u00ed. Nola se Martinovi omluvila, \u017ee se mu kv\u016fli jeho pr\u016fpov\u00eddk\u00e1m sm\u00e1la, na\u010de\u017e mu za\u010dala l\u00ed\u010dit, jak p\u0159i\u0161la k on\u00e9 sv\u00e9 p\u0159ezd\u00edvce. Martina to zaujalo a p\u0159iznal, \u017ee on s\u00e1m by na nic &hellip; <a href=\"https:\/\/eldar.cz\/tompatrick\/citymeans\/city-means-i-mesto-plne-navratu\/cast-2-martinovo-uprimne-doznani\">Cel\u00fd p\u0159\u00edsp\u011bvek <span class=\"meta-nav\">&rarr;<\/span><\/a><\/p>\n","protected":false},"author":2,"featured_media":0,"comment_status":"open","ping_status":"open","sticky":false,"template":"","format":"standard","meta":{"_s2mail":"yes","footnotes":""},"categories":[33],"tags":[],"class_list":["post-3298","post","type-post","status-publish","format-standard","hentry","category-city-means-i-mesto-plne-navratu"],"_links":{"self":[{"href":"https:\/\/eldar.cz\/tompatrick\/wp-json\/wp\/v2\/posts\/3298","targetHints":{"allow":["GET"]}}],"collection":[{"href":"https:\/\/eldar.cz\/tompatrick\/wp-json\/wp\/v2\/posts"}],"about":[{"href":"https:\/\/eldar.cz\/tompatrick\/wp-json\/wp\/v2\/types\/post"}],"author":[{"embeddable":true,"href":"https:\/\/eldar.cz\/tompatrick\/wp-json\/wp\/v2\/users\/2"}],"replies":[{"embeddable":true,"href":"https:\/\/eldar.cz\/tompatrick\/wp-json\/wp\/v2\/comments?post=3298"}],"version-history":[{"count":4,"href":"https:\/\/eldar.cz\/tompatrick\/wp-json\/wp\/v2\/posts\/3298\/revisions"}],"predecessor-version":[{"id":3586,"href":"https:\/\/eldar.cz\/tompatrick\/wp-json\/wp\/v2\/posts\/3298\/revisions\/3586"}],"wp:attachment":[{"href":"https:\/\/eldar.cz\/tompatrick\/wp-json\/wp\/v2\/media?parent=3298"}],"wp:term":[{"taxonomy":"category","embeddable":true,"href":"https:\/\/eldar.cz\/tompatrick\/wp-json\/wp\/v2\/categories?post=3298"},{"taxonomy":"post_tag","embeddable":true,"href":"https:\/\/eldar.cz\/tompatrick\/wp-json\/wp\/v2\/tags?post=3298"}],"curies":[{"name":"wp","href":"https:\/\/api.w.org\/{rel}","templated":true}]}}