{"id":3129,"date":"2021-09-29T09:00:00","date_gmt":"2021-09-29T07:00:00","guid":{"rendered":"https:\/\/eldar.cz\/tompatrick\/?p=3129"},"modified":"2021-04-04T13:57:57","modified_gmt":"2021-04-04T11:57:57","slug":"prehled-basni-21-22","status":"publish","type":"post","link":"https:\/\/eldar.cz\/tompatrick\/jadro-jakosti-martina-jabkenice-uceleny-pribeh\/prehled-basni-21-22","title":{"rendered":"p\u0159ehled b\u00e1sn\u00ed (21-22)"},"content":{"rendered":"<div class=\"fcbkbttn_buttons_block\" id=\"fcbkbttn_left\"><div class=\"fcbkbttn_button\">\n                            <a href=\"https:\/\/www.facebook.com\/tom.patrick.509\" target=\"_blank\">\n                                <img decoding=\"async\" src=\"https:\/\/eldar.cz\/tompatrick\/wp-content\/plugins\/facebook-button-plugin\/images\/large-facebook-ico.png\" alt=\"Fb-Button\" \/>\n                            <\/a>\n                        <\/div><div class=\"fcbkbttn_like fcbkbttn_large_button\"><fb:like href=\"https:\/\/eldar.cz\/tompatrick\/jadro-jakosti-martina-jabkenice-uceleny-pribeh\/prehled-basni-21-22\" action=\"like\" colorscheme=\"light\" layout=\"standard\"  width=\"225px\" size=\"large\"><\/fb:like><\/div><div class=\"fb-share-button fcbkbttn_large_button \" data-href=\"https:\/\/eldar.cz\/tompatrick\/jadro-jakosti-martina-jabkenice-uceleny-pribeh\/prehled-basni-21-22\" data-type=\"button_count\" data-size=\"large\"><\/div><\/div><p><i><b>Ucelen\u00fd p\u0159\u00edb\u011bh (kniha s n\u00e1zvem: J\u00e1dro jakosti Martina Jabkeni\u010de)<\/b><\/i><\/p>\n<p>\u010c\u00c1ST 3<\/p>\n<p><i>V\u00fdhradn\u011b to z\u00e1sadn\u00ed z pevropsk\u00e9 historie: z R\u00e1je do Pekel a nazp\u011bt &#8211; Pevropa (21) \u2013 Den, jen\u017e zm\u011bn\u00ed v\u0161echno (27)<\/i><\/p>\n<p>Pevropa, na rozd\u00edl od Evropy, m\u011bla, od sv\u00e9ho historick\u00e9ho vzniku, ve\u0161ker\u00e9 p\u0159edpoklady st\u00e1t se vzorem pro okoln\u00ed sv\u011bty coby kontinent napln\u011bn\u00fd v\u0161eobecn\u011b platn\u00fdm m\u00edrem pro v\u0161echny z\u00fa\u010dastn\u011bn\u00e9 (21). <strong>Klid a harmonii j\u00ed zaji\u0161\u0165oval z\u00e1konn\u00fd patron pro v\u0161e \u017eiv\u00e9, takzvan\u00e1 Rajka. Ta nad v\u0161\u00edm bd\u011bla a s pomoc\u00ed osazenstva pevropsk\u00e9ho kontinentu dbala na to, aby se dobra, l\u00e1sky a porozum\u011bn\u00ed dostalo opravdu ka\u017ed\u00e9mu (22).<\/strong><\/p>\n<div class=\"fcbkbttn_buttons_block\" id=\"fcbkbttn_left\"><div class=\"fcbkbttn_button\">\n                            <a href=\"https:\/\/www.facebook.com\/tom.patrick.509\" target=\"_blank\">\n                                <img decoding=\"async\" src=\"https:\/\/eldar.cz\/tompatrick\/wp-content\/plugins\/facebook-button-plugin\/images\/large-facebook-ico.png\" alt=\"Fb-Button\" \/>\n                            <\/a>\n                        <\/div><div class=\"fcbkbttn_like fcbkbttn_large_button\"><fb:like href=\"https:\/\/eldar.cz\/tompatrick\/jadro-jakosti-martina-jabkenice-uceleny-pribeh\/prehled-basni-21-22\" action=\"like\" colorscheme=\"light\" layout=\"standard\"  width=\"225px\" size=\"large\"><\/fb:like><\/div><div class=\"fb-share-button fcbkbttn_large_button \" data-href=\"https:\/\/eldar.cz\/tompatrick\/jadro-jakosti-martina-jabkenice-uceleny-pribeh\/prehled-basni-21-22\" data-type=\"button_count\" data-size=\"large\"><\/div><\/div>","protected":false},"excerpt":{"rendered":"<p>Ucelen\u00fd p\u0159\u00edb\u011bh (kniha s n\u00e1zvem: J\u00e1dro jakosti Martina Jabkeni\u010de) \u010c\u00c1ST 3 V\u00fdhradn\u011b to z\u00e1sadn\u00ed z pevropsk\u00e9 historie: z R\u00e1je do Pekel a nazp\u011bt &#8211; Pevropa (21) \u2013 Den, jen\u017e zm\u011bn\u00ed v\u0161echno (27) Pevropa, na rozd\u00edl od Evropy, m\u011bla, od sv\u00e9ho &hellip; <a href=\"https:\/\/eldar.cz\/tompatrick\/jadro-jakosti-martina-jabkenice-uceleny-pribeh\/prehled-basni-21-22\">Cel\u00fd p\u0159\u00edsp\u011bvek <span class=\"meta-nav\">&rarr;<\/span><\/a><\/p>\n","protected":false},"author":2,"featured_media":0,"comment_status":"open","ping_status":"open","sticky":false,"template":"","format":"standard","meta":{"_s2mail":"","footnotes":""},"categories":[31],"tags":[],"class_list":["post-3129","post","type-post","status-publish","format-standard","hentry","category-jadro-jakosti-martina-jabkenice-uceleny-pribeh"],"_links":{"self":[{"href":"https:\/\/eldar.cz\/tompatrick\/wp-json\/wp\/v2\/posts\/3129","targetHints":{"allow":["GET"]}}],"collection":[{"href":"https:\/\/eldar.cz\/tompatrick\/wp-json\/wp\/v2\/posts"}],"about":[{"href":"https:\/\/eldar.cz\/tompatrick\/wp-json\/wp\/v2\/types\/post"}],"author":[{"embeddable":true,"href":"https:\/\/eldar.cz\/tompatrick\/wp-json\/wp\/v2\/users\/2"}],"replies":[{"embeddable":true,"href":"https:\/\/eldar.cz\/tompatrick\/wp-json\/wp\/v2\/comments?post=3129"}],"version-history":[{"count":1,"href":"https:\/\/eldar.cz\/tompatrick\/wp-json\/wp\/v2\/posts\/3129\/revisions"}],"predecessor-version":[{"id":3130,"href":"https:\/\/eldar.cz\/tompatrick\/wp-json\/wp\/v2\/posts\/3129\/revisions\/3130"}],"wp:attachment":[{"href":"https:\/\/eldar.cz\/tompatrick\/wp-json\/wp\/v2\/media?parent=3129"}],"wp:term":[{"taxonomy":"category","embeddable":true,"href":"https:\/\/eldar.cz\/tompatrick\/wp-json\/wp\/v2\/categories?post=3129"},{"taxonomy":"post_tag","embeddable":true,"href":"https:\/\/eldar.cz\/tompatrick\/wp-json\/wp\/v2\/tags?post=3129"}],"curies":[{"name":"wp","href":"https:\/\/api.w.org\/{rel}","templated":true}]}}