{"id":3120,"date":"2021-10-11T09:01:00","date_gmt":"2021-10-11T07:01:00","guid":{"rendered":"https:\/\/eldar.cz\/tompatrick\/?p=3120"},"modified":"2021-04-03T15:06:11","modified_gmt":"2021-04-03T13:06:11","slug":"pribeh-ze-stare-ciny-24","status":"publish","type":"post","link":"https:\/\/eldar.cz\/tompatrick\/jadro-jakosti-martina-jabkenice\/pribeh-ze-stare-ciny-24","title":{"rendered":"P\u0159\u00edb\u011bh ze star\u00e9 \u010c\u00edny (24)"},"content":{"rendered":"<div class=\"fcbkbttn_buttons_block\" id=\"fcbkbttn_left\"><div class=\"fcbkbttn_button\">\n                            <a href=\"https:\/\/www.facebook.com\/tom.patrick.509\" target=\"_blank\">\n                                <img decoding=\"async\" src=\"https:\/\/eldar.cz\/tompatrick\/wp-content\/plugins\/facebook-button-plugin\/images\/large-facebook-ico.png\" alt=\"Fb-Button\" \/>\n                            <\/a>\n                        <\/div><div class=\"fcbkbttn_like fcbkbttn_large_button\"><fb:like href=\"https:\/\/eldar.cz\/tompatrick\/jadro-jakosti-martina-jabkenice\/pribeh-ze-stare-ciny-24\" action=\"like\" colorscheme=\"light\" layout=\"standard\"  width=\"225px\" size=\"large\"><\/fb:like><\/div><div class=\"fb-share-button fcbkbttn_large_button \" data-href=\"https:\/\/eldar.cz\/tompatrick\/jadro-jakosti-martina-jabkenice\/pribeh-ze-stare-ciny-24\" data-type=\"button_count\" data-size=\"large\"><\/div><\/div><p>\u017dil kdysi mlad\u00edk jm\u00e9nem Hugo Mint<\/p>\n<p>jen\u017e post l\u00e9\u010ditele zd\u011bdil po p\u0159edc\u00edch sv\u00fdch<\/p>\n<p>Pr\u00e1v\u011b jich si nesm\u00edrn\u011b v\u00e1\u017eil<\/p>\n<p>py\u0161n\u00fd na to, \u017ee rodinn\u00fd odkaz m\u016f\u017ee d\u00e1le \u0161\u00ed\u0159it<\/p>\n<p>.<\/p>\n<p>Tak Hugo l\u00e9\u010dil a uzdravoval nemocn\u00e9<\/p>\n<p>p\u0159i\u010dem\u017e na srdci m\u011bl v\u017edy jedin\u00e9:<\/p>\n<p>aby ti, kdo\u017e k n\u011bmu zav\u00edtaj\u00ed<\/p>\n<p>ji\u017e nikdy nem\u011bli pot\u00ed\u017ee se zdrav\u00edm<\/p>\n<p>a plnohodnotn\u00e9ho \u017eivota si tak naplno co nejd\u00e9le u\u017eili<\/p>\n<p>.<\/p>\n<p>Dan\u00e9 p\u0159\u00e1n\u00ed plnilo se mlad\u00edkovi do t\u00e9 chv\u00edle<\/p>\n<p>ne\u017e k n\u011bmu s pros\u00edkem p\u0159i\u0161el bohat\u00fdr z vedlej\u0161\u00ed vesnice<\/p>\n<p>j\u00edm\u017e ob\u00e1van\u00fd Hiro Murosawa byl<\/p>\n<p>a s n\u00edm\u017e rozhodn\u011b nevyplatilo se do sporu p\u0159ij\u00edt<\/p>\n<p>.<\/p>\n<p>Jmenovan\u00fd tuze nemocn\u00e9ho syna m\u011bl<\/p>\n<p>p\u0159i\u010dem\u017e nikomu doposud nepoda\u0159ilo se zcela vyl\u00e9\u010diti jej<\/p>\n<p>a to p\u0159esto \u017ee za jeho n\u00e1vrat do b\u011b\u017en\u00e9ho \u017eivota<\/p>\n<p>byla vyps\u00e1na nemal\u00e1 finan\u010dn\u00ed odm\u011bna<\/p>\n<p>.<\/p>\n<p>Pen\u00edze rozhodn\u011b nebyly to hlavn\u00ed<\/p>\n<p>co Hugovi p\u0159id\u011bl\u00e1valo starosti<\/p>\n<p>On s\u00e1m jich m\u011bl dostatek na to<\/p>\n<p>aby vedl \u017eivot po\u010destn\u00fd<\/p>\n<p>.<\/p>\n<p>Mlad\u00edk se nyn\u00ed strachoval p\u0159edev\u0161\u00edm zejm\u00e9na o n\u011bj<\/p>\n<p>nebo\u0165 pokud by s l\u00e9\u010dbou neusp\u011bl<\/p>\n<p>zcela jist\u011b by ho neminul krut\u00fd trest<\/p>\n<p>na n\u011b\u017e si Hiro Murosawa toliko potrp\u011bl<\/p>\n<p>v p\u0159\u00edpad\u011b, kdy\u017e v\u0161e ne\u0161lo tak, jak on s\u00e1m cht\u011bl<\/p>\n<p>.<\/p>\n<p>Nejinak tomu bylo pr\u00e1v\u011b nyn\u00ed<\/p>\n<p>kdy\u017e Hugo dosp\u011bl p\u0159ed jeho honosn\u00e9 s\u00eddlo majest\u00e1tn\u00ed<\/p>\n<p>z n\u011bho\u017e se l\u00e9ka\u0159i a l\u00e9\u010ditele s nepo\u0159\u00edzenou navraceli<\/p>\n<p>s bolav\u00fdmi \u0161r\u00e1my a to jak na t\u011ble tak i na du\u0161i<\/p>\n<p>.<\/p>\n<p>Hugovi v\u0161ak odchod nebyl dop\u0159\u00e1n<\/p>\n<p>a z rozkazu vedouc\u00edho str\u00e1\u017e\u00ed<\/p>\n<p>ihned k l\u016f\u017eku nemocn\u00e9ho putoval<\/p>\n<p>kde ho ji\u017e Hiro Murosawa napjat\u011b o\u010dek\u00e1val<\/p>\n<p>v domn\u011bn\u00ed, \u017ee mlad\u00edk uskute\u010dn\u00ed jeden velik\u00fd l\u00e9\u010ditelsk\u00fd z\u00e1zrak<\/p>\n<p>.<\/p>\n<p>Hugo se sna\u017eil se\u010d mohl<\/p>\n<p>av\u0161ak t\u00e9m\u011b\u0159 okam\u017eit\u011b narazil na odpor<\/p>\n<p>a to temn\u00fdch zl\u00fdch sil<\/p>\n<p>je\u017e naopak t\u00e9 jeho l\u00e9\u010ditelsk\u00e9 ozdravn\u00e9 nep\u0159\u00e1ly<\/p>\n<p>.<\/p>\n<p>Mlad\u00edk p\u0159eci jen pram\u00e1lo \u0161t\u011bst\u00ed m\u011bl<\/p>\n<p>\u017ee na n\u011bm nebyl vykon\u00e1n fyzick\u00fd trest<\/p>\n<p>le\u010d p\u0159\u00edli\u0161 si t\u00edm nepolep\u0161il<\/p>\n<p>nebo\u0165 vz\u00e1p\u011bt\u00ed vsazen byl do v\u011bzen\u00ed<\/p>\n<p>.<\/p>\n<p>Hodnou dobu t\u00e1pal Hugo v nejistot\u011b<\/p>\n<p>co s n\u00edm jen d\u00e1le bude<\/p>\n<p>kdy\u017e tu v\u011bzen\u00ed z\u010distajasna pohltila pronikav\u00e1 z\u00e1\u0159<\/p>\n<p>z n\u00ed\u017e postava and\u011bla nar\u00e1z vy\u0161la<\/p>\n<p>.<\/p>\n<p>Dan\u00e1 persona mlad\u00edkovi zv\u011bstovala sp\u00e1snou novinu<\/p>\n<p>a sice \u017ee jist\u00e1 nad\u011bj by tu byla na z\u00e1chranu<\/p>\n<p>A to rovnou n\u011bkolika \u017eivot\u016f!<\/p>\n<p>Jen nez\u016fstat pouze u slov<\/p>\n<p>a p\u0159ej\u00edt co nejrychleji k \u010din\u016fm<\/p>\n<p>.<\/p>\n<p>Onen and\u011bl pro za\u010d\u00e1tek uk\u00e1zal Hugovi tajnou cestu<\/p>\n<p>je\u017e z v\u011bzen\u00ed vedla oklikou p\u0159\u00edmo do pokoj\u00edku<\/p>\n<p>jen\u017e mlad\u00edkovi byl ji\u017e d\u016fv\u011brn\u011b zn\u00e1m\u00fd<\/p>\n<p>nebo\u0165 v n\u011bm p\u0159eb\u00fdval Hir\u016fv syn<\/p>\n<p>jeho\u017e p\u0159ed necelou hodinou s\u00e1m osobn\u011b l\u00e9\u010dil<\/p>\n<p>.<\/p>\n<p>A tu and\u011bl podruh\u00e9 rozhodl se zas\u00e1hnout<\/p>\n<p>kdy\u017e Hugovi op\u011bt nezada\u0159ilo se s jeho silou l\u00e9\u010divou<\/p>\n<p>Hl\u00e1sal, \u017ee ono l\u016f\u017eko, na n\u011bm\u017e chlapec stonal<\/p>\n<p>zasa\u017eeno jest prokletou \u010dernou magi\u00ed z\u00e1ke\u0159nou<\/p>\n<p>je\u017e opakovan\u011b ma\u0159\u00ed, aby nemocn\u00fd op\u011bt nabyl pln\u00e9ho zdrav\u00ed<\/p>\n<p>.<\/p>\n<p>I vnuklo to mlad\u00edkovi n\u00e1pad<\/p>\n<p>A sice jak nehostinnou \u010dernou magii oklamat<\/p>\n<p>.<\/p>\n<p>S pomoc\u00ed and\u011bla snesl Hugo chlapce z l\u016f\u017eka vedle na zem<\/p>\n<p>a na n\u00ed pak pokra\u010doval v uzdravov\u00e1n\u00ed nemocn\u00e9ho t\u011bla i du\u0161e<\/p>\n<p>.<\/p>\n<p>N\u00e1sledovalo co and\u011bl p\u0159edv\u00eddal<\/p>\n<p>.<\/p>\n<p>Chlapec n\u00e1hle o\u017eil!<\/p>\n<p>Po chvilce kloudn\u00e9ho slova s\u00e1m schopen byl!<\/p>\n<p>.<\/p>\n<p>Po sv\u00e9m otci za\u010dal se ihned sh\u00e1n\u011bt<\/p>\n<p>tak moc tou\u017eil se s n\u00edm op\u011bt vid\u011bt<\/p>\n<p>zat\u00edmco ono l\u016f\u017eko, na n\u011bm\u017e p\u0159edt\u00edm le\u017eel<\/p>\n<p>v prach p\u0159em\u011bnilo se<\/p>\n<p>a ten se pak propadl dol\u016f do horouc\u00edch pekel<\/p>\n<p>.<\/p>\n<p>Kletb\u011b tak byl u\u010din\u011bn nadobro konec<\/p>\n<p>kdy\u017e zem znovu zacelila se<\/p>\n<p>A v\u011bd\u011bl to jak Hugo tak i chlapec<\/p>\n<p>z n\u011bho\u017e nyn\u00ed \u017eivot zase naplno \u010di\u0161el<\/p>\n<p>.<\/p>\n<p>A v tu chv\u00edli and\u011bl usoudil<\/p>\n<p>\u017ee jest na\u010dase se rozlou\u010dit<\/p>\n<p>nebo\u0165 svoji \u00falohu ji\u017e splnil<\/p>\n<p>.<\/p>\n<p>Je\u0161t\u011b ne\u017e v\u0161ak nadobro ode\u0161el<\/p>\n<p>pop\u0159\u00e1l Hugovi a chlapci do \u017eivota jen to p\u011bkn\u00e9<\/p>\n<p>A\u0165 st\u00e1le pamatuj\u00ed na jeho radu<\/p>\n<p>\u017ee ka\u017ed\u00fd jedinec m\u00e1 n\u00e1rok na svoji n\u00e1pravu<\/p>\n<p>.<\/p>\n<p>Pr\u00e1v\u011b tou za\u010dal proch\u00e1zet Hiro Murosawa pot\u00e9<\/p>\n<p>co spat\u0159il sv\u00e9 jedin\u00e9 d\u00edtko zcela zdrav\u00e9<\/p>\n<p>.<\/p>\n<p>Co n\u00e1sledovalo pak<\/p>\n<p>jestlipak to uh\u00e1dnete?<\/p>\n<div class=\"fcbkbttn_buttons_block\" id=\"fcbkbttn_left\"><div class=\"fcbkbttn_button\">\n                            <a href=\"https:\/\/www.facebook.com\/tom.patrick.509\" target=\"_blank\">\n                                <img decoding=\"async\" src=\"https:\/\/eldar.cz\/tompatrick\/wp-content\/plugins\/facebook-button-plugin\/images\/large-facebook-ico.png\" alt=\"Fb-Button\" \/>\n                            <\/a>\n                        <\/div><div class=\"fcbkbttn_like fcbkbttn_large_button\"><fb:like href=\"https:\/\/eldar.cz\/tompatrick\/jadro-jakosti-martina-jabkenice\/pribeh-ze-stare-ciny-24\" action=\"like\" colorscheme=\"light\" layout=\"standard\"  width=\"225px\" size=\"large\"><\/fb:like><\/div><div class=\"fb-share-button fcbkbttn_large_button \" data-href=\"https:\/\/eldar.cz\/tompatrick\/jadro-jakosti-martina-jabkenice\/pribeh-ze-stare-ciny-24\" data-type=\"button_count\" data-size=\"large\"><\/div><\/div>","protected":false},"excerpt":{"rendered":"<p>\u017dil kdysi mlad\u00edk jm\u00e9nem Hugo Mint jen\u017e post l\u00e9\u010ditele zd\u011bdil po p\u0159edc\u00edch sv\u00fdch Pr\u00e1v\u011b jich si nesm\u00edrn\u011b v\u00e1\u017eil py\u0161n\u00fd na to, \u017ee rodinn\u00fd odkaz m\u016f\u017ee d\u00e1le \u0161\u00ed\u0159it . Tak Hugo l\u00e9\u010dil a uzdravoval nemocn\u00e9 p\u0159i\u010dem\u017e na srdci m\u011bl v\u017edy jedin\u00e9: &hellip; <a href=\"https:\/\/eldar.cz\/tompatrick\/jadro-jakosti-martina-jabkenice\/pribeh-ze-stare-ciny-24\">Cel\u00fd p\u0159\u00edsp\u011bvek <span class=\"meta-nav\">&rarr;<\/span><\/a><\/p>\n","protected":false},"author":2,"featured_media":0,"comment_status":"open","ping_status":"open","sticky":false,"template":"","format":"standard","meta":{"_s2mail":"","footnotes":""},"categories":[30],"tags":[],"class_list":["post-3120","post","type-post","status-publish","format-standard","hentry","category-jadro-jakosti-martina-jabkenice"],"_links":{"self":[{"href":"https:\/\/eldar.cz\/tompatrick\/wp-json\/wp\/v2\/posts\/3120","targetHints":{"allow":["GET"]}}],"collection":[{"href":"https:\/\/eldar.cz\/tompatrick\/wp-json\/wp\/v2\/posts"}],"about":[{"href":"https:\/\/eldar.cz\/tompatrick\/wp-json\/wp\/v2\/types\/post"}],"author":[{"embeddable":true,"href":"https:\/\/eldar.cz\/tompatrick\/wp-json\/wp\/v2\/users\/2"}],"replies":[{"embeddable":true,"href":"https:\/\/eldar.cz\/tompatrick\/wp-json\/wp\/v2\/comments?post=3120"}],"version-history":[{"count":1,"href":"https:\/\/eldar.cz\/tompatrick\/wp-json\/wp\/v2\/posts\/3120\/revisions"}],"predecessor-version":[{"id":3121,"href":"https:\/\/eldar.cz\/tompatrick\/wp-json\/wp\/v2\/posts\/3120\/revisions\/3121"}],"wp:attachment":[{"href":"https:\/\/eldar.cz\/tompatrick\/wp-json\/wp\/v2\/media?parent=3120"}],"wp:term":[{"taxonomy":"category","embeddable":true,"href":"https:\/\/eldar.cz\/tompatrick\/wp-json\/wp\/v2\/categories?post=3120"},{"taxonomy":"post_tag","embeddable":true,"href":"https:\/\/eldar.cz\/tompatrick\/wp-json\/wp\/v2\/tags?post=3120"}],"curies":[{"name":"wp","href":"https:\/\/api.w.org\/{rel}","templated":true}]}}