{"id":3091,"date":"2021-04-15T09:00:00","date_gmt":"2021-04-15T07:00:00","guid":{"rendered":"https:\/\/eldar.cz\/tompatrick\/?p=3091"},"modified":"2021-04-02T16:12:03","modified_gmt":"2021-04-02T14:12:03","slug":"rozhovor-toma-patricka-s-autorem-dane-basnicke-sbirky-uvod-pomnik","status":"publish","type":"post","link":"https:\/\/eldar.cz\/tompatrick\/martin-jabkenic-sbirka-nasni-zaverecny-epilog\/rozhovor-toma-patricka-s-autorem-dane-basnicke-sbirky-uvod-pomnik","title":{"rendered":"Rozhovor Toma Patricka s autorem dan\u00e9 b\u00e1snick\u00e9 sb\u00edrky &#8211; \u00davod &#8211; Pomn\u00edk"},"content":{"rendered":"<div class=\"fcbkbttn_buttons_block\" id=\"fcbkbttn_left\"><div class=\"fcbkbttn_button\">\n                            <a href=\"https:\/\/www.facebook.com\/tom.patrick.509\" target=\"_blank\">\n                                <img decoding=\"async\" src=\"https:\/\/eldar.cz\/tompatrick\/wp-content\/plugins\/facebook-button-plugin\/images\/large-facebook-ico.png\" alt=\"Fb-Button\" \/>\n                            <\/a>\n                        <\/div><div class=\"fcbkbttn_like fcbkbttn_large_button\"><fb:like href=\"https:\/\/eldar.cz\/tompatrick\/martin-jabkenic-sbirka-nasni-zaverecny-epilog\/rozhovor-toma-patricka-s-autorem-dane-basnicke-sbirky-uvod-pomnik\" action=\"like\" colorscheme=\"light\" layout=\"standard\"  width=\"225px\" size=\"large\"><\/fb:like><\/div><div class=\"fb-share-button fcbkbttn_large_button \" data-href=\"https:\/\/eldar.cz\/tompatrick\/martin-jabkenic-sbirka-nasni-zaverecny-epilog\/rozhovor-toma-patricka-s-autorem-dane-basnicke-sbirky-uvod-pomnik\" data-type=\"button_count\" data-size=\"large\"><\/div><\/div><p><b>\u00davod <\/b><\/p>\n<p>*Dnes vyr\u00e1\u017e\u00edm ze sv\u00e9ho domu rad\u011bji s men\u0161\u00edm p\u0159edstihem. Jsem r\u00e1d, \u017ee u\u017e nepr\u0161\u00ed. Ostatn\u011b t\u011bch de\u0161\u0165\u016f za posledn\u00edch p\u00e1r t\u00fddn\u016f bylo a\u017ea\u017e. Celkem p\u0159\u00edjemn\u00e1 zm\u011bna, \u0159\u00edk\u00e1m si. A ur\u010dit\u011b v tom nejsem s\u00e1m.<\/p>\n<p>*Na kole se vyd\u00e1v\u00e1m sm\u011brem k Labi a pod\u00e9l n\u011bj pak k mostu coby d\u016fle\u017eit\u00e9 spojnici mezi Pod\u011bbrady a okoln\u00edm sv\u011btem. Kdy\u017e most \u00fasp\u011b\u0161n\u011b zdol\u00e1m, neodbo\u010duji doprava. Kdybych tak u\u010dinil, m\u00edjel bych zanedlouho J\u00edzd\u00e1rnu a z\u00e1hy by m\u011b v\u00edtal Polabec. Kdepak, j\u00e1 pokra\u010duji hezky v j\u00edzd\u011b d\u00e1l po hlavn\u00ed v\u00fdpadovce na Prahu sm\u011brem ke Kluku, ov\u0161em ani ten se nest\u00e1v\u00e1 mou c\u00edlovou zast\u00e1vkou. Jen j\u00edm prosvi\u0161t\u00edm, p\u0159i\u010dem\u017e se na jeho konci na moment zastav\u00edm u jednoho z jezer, abych se pokochal zdej\u0161\u00ed krajinou a nas\u00e1l trochu toho sv\u011b\u017e\u00edho vzduchu.<\/p>\n<p>*A t\u00edm se vlastn\u011b i p\u0159ipravil na nadch\u00e1zej\u00edc\u00ed sch\u016fzku. P\u0159eci jen z n\u00ed trochu obavy m\u00e1m, i kdy\u017e ten, s n\u00edm\u017e ji m\u00e1m smluvenou, si k m\u00e9 mali\u010dkosti je\u0161t\u011b nikdy nic podl\u00e9ho nedovolil. M\u00e9 p\u0159\u00edpadn\u00e9 obavy sp\u00ed\u0161e byly spjaty s jeho tvorbou, je\u017e ve \u010dten\u00e1\u0159i budila zna\u010dn\u00e9 emoce a z jist\u00e9 \u010d\u00e1sti se i dala pova\u017eovat za kontroverzn\u00ed. Pr\u00e1v\u011b tak to nyn\u00ed op\u011btovn\u011b c\u00edt\u00edm, kdy\u017e si znovu proch\u00e1z\u00edm jednotliv\u00e9 b\u00e1sn\u011b.<\/p>\n<p>*Pot\u00e9, co s t\u00edm skon\u010d\u00edm, nased\u00e1m na kolo a od jezera se vyd\u00e1v\u00e1m zp\u011bt na hlavn\u00ed cestu, je\u017e je spojnic\u00ed mezi Klukem a Polansk\u00fdm Chv\u00e1rem. Ano, Polansk\u00fd Chv\u00e1r, pr\u00e1v\u011b to je to m\u011bsto, kam se m\u00e9 j\u00edzdn\u00ed kroky moment\u00e1ln\u011b ub\u00edraj\u00ed, a Martin zas jest jm\u00e9no toho, jeho\u017e tam hodl\u00e1m nav\u0161t\u00edvit. Martin Jabkeni\u010d \u2013 p\u0159esn\u011bji \u0159e\u010deno.<\/p>\n<p>*A tak m\u00e1 cesta pokra\u010duje. M\u00edj\u00edm dal\u0161\u00ed lesn\u00ed prostranstv\u00ed a \u010detn\u00e9 poln\u00ed l\u00e1ny a po zhruba \u010dtvrthodin\u011b m\u011b dan\u00e9 m\u011bsto osobn\u011b ji\u017e v\u00edt\u00e1. Okam\u017eit\u011b v\u00edm, kam m\u00e9 j\u00edzdn\u00ed kroky budou d\u00e1le sm\u011b\u0159ovat. Stejn\u011b jako Kataln\u00e1 Mochna m\u00e1 rovn\u011b\u017e i Polansk\u00fd Chv\u00e1r svoji chloubu, j\u00ed\u017e je t\u0159eba si h\u00fd\u010dkat. Ano, Dubov\u00e1 a v n\u00ed skvostn\u00e1 Dubjenkov\u00e1 restaurace, to jest ono posv\u00e1tn\u00e9 m\u00edste\u010dko, jen\u017e je pro turisty l\u00e1kadlem, stejn\u011b jako pro Pod\u011bbrady promen\u00e1da a tamn\u00ed l\u00e1zn\u011b.<\/p>\n<p>*Le\u010d nedlouho pot\u00e9 dost\u00e1v\u00e1m na mobil zpr\u00e1vu, abych se z Dubov\u00e9 p\u0159esunul do Chmelov\u00e9. Kdysi jsem v n\u00ed celkem pravideln\u011b nav\u0161t\u011bvoval jistou T\u00e1\u0148u, je\u017e se mi sv\u011b\u0159ila se sv\u00fdm nitern\u00edm \u017eivotn\u00edm p\u0159\u00edb\u011bhem. Nyn\u00ed tomu pravd\u011bpodobn\u011b nebude jinak. Jen prost\u011b z hlavn\u00ed Chmelovou neprojedu \u00fapln\u011b a\u017e na jej\u00ed konec, pouze posta\u010d\u00ed, kdy\u017e zastav\u00edm hned u jedn\u00e9 z krajn\u00edch bytovek a zazvon\u00edm na p\u0159\u00edslu\u0161n\u00fd zvonek.<\/p>\n<p>*\u201eAno, u\u017e sch\u00e1z\u00edm dol\u016f!\u201c m\u00e1v\u00e1 na m\u011b ihned z okna pr\u00e1v\u011b ta osoba, s n\u00ed\u017e m\u00e1m na dev\u00e1tou dopoledn\u00ed smluvenou sch\u016fzku.<\/p>\n<p>*\u201eJste p\u0159esn\u00fd jak hodinky,\u201c v\u00edt\u00e1 m\u011b u domovn\u00edch dve\u0159\u00ed zna\u010dn\u011b zad\u00fdchan\u00fd Martin. Dle toho, jak to te\u010f s n\u00e1mahou v hlase vyslovil, musel schody br\u00e1t nejm\u00e9n\u011b po p\u011bti. Ale jinak vypad\u00e1 celkem spokojen\u011b. \u017de by jej pr\u00e1v\u011b pohltila nov\u00e1 inspira\u010dn\u00ed m\u00faza?<\/p>\n<p>*\u201eN\u011bco nov\u00e9ho se r\u00fdsuje,\u201c informuje m\u011b Martin, kdy\u017e stoup\u00e1me do t\u0159et\u00edho poschod\u00ed, kde bydl\u00ed. \u201eNerad bych dan\u00e9 ale v p\u0159edstihu zak\u0159ikl,\u201c obratem k tomu dopl\u0148uje.<\/p>\n<p>*Byt, do n\u011bho\u017e zanedlouho vstupujeme, zd\u00e1 se, \u017e\u00e1dn\u00fdch v\u00fdrazn\u011bj\u0161\u00edch podstatn\u00fdch zm\u011bn od posledn\u011b nedoznal. Kdy\u017e v\u0161ak spole\u010dn\u011b s Martinem vejdu do jeho pokoje, nelze si nov\u011b nepov\u0161imnouti jist\u00fdch svazk\u016f na stole u okna. A Martin se pak okam\u017eit\u011b uj\u00edm\u00e1 v\u00fdkladu:<\/p>\n<p>*\u201eV tomto prvotn\u00edm, jemu\u017e n\u00e1le\u017e\u00ed b\u00e1sn\u011b, je\u017e jsem v\u00e1m zap\u016fj\u010dil k pro\u010dten\u00ed, se krom nich, jak m\u00e1te nyn\u00ed mo\u017enost vid\u011bt, zde budou trvale nach\u00e1zet i tyto tv\u00e1\u0159i\u010dky plus dal\u0161\u00ed v\u00fd\u0148atky v\u011brohodn\u011b imituj\u00edc\u00ed danou atmosf\u00e9ru m\u00e9 pr\u00e1ce po inspirativn\u00ed str\u00e1nce. V\u0161e jest vyst\u0159i\u017eeno z r\u016fzn\u00fdch \u010dasopis\u016f a novin. A v t\u011bchto svazc\u00edch dal\u0161\u00edch,\u201c d\u00e1v\u00e1 mi n\u00e1sledn\u011b nahl\u00e9dnout i do t\u0159ech zbyl\u00fdch, \u201eby tomu m\u011blo b\u00fdt obdobn\u011b.\u201c<\/p>\n<p>*\u201eNesm\u00edrn\u011b pou\u010dn\u011b zaj\u00edmav\u00e9,\u201c skl\u00e1n\u00edm Martinovi okam\u017eitou poklonu. Z\u00e1hy se skl\u00e1n\u00edm i k zemi, abych mu byl ve sb\u011bru jeho b\u00e1snick\u00e9ho umu osobn\u011b n\u00e1pomocen, nebo\u0165 ten se b\u011bhem hovoru odporou\u010del pr\u00e1v\u011b tam.<\/p>\n<p>*\u201e\u010cty\u0159i b\u00e1snick\u00e9 svazky, to u\u017e vypov\u00edd\u00e1 o n\u011b\u010dem ojedin\u011bl\u00e9m,\u201c m\u00edn\u00edm. Martin tentokr\u00e1t jen skromn\u011b letmo p\u0159ik\u00fdvne. Pak se opatrn\u011b zept\u00e1: \u201eCo kdybych s v\u00e1mi te\u010f postupn\u011b pro\u0161el ten prvotn\u00ed?\u201c<\/p>\n<p>*\u201eM\u016f\u017ee b\u00fdt,\u201c nem\u00e1m \u017e\u00e1dn\u00fdch n\u00e1mitek, na\u010de\u017e hostiteli p\u0159ed\u00e1v\u00e1m to, co on p\u0159edt\u00edm mn\u011b. Bez toho by to rozhodn\u011b ne\u0161lo.<\/p>\n<p>*\u201eP\u0159edem se v\u0161ak omlouv\u00e1m za p\u0159\u00edpadnou mo\u017enou ob\u0161\u00edrnost v\u00fdkladu, to\u0165 ono m\u00e9 b\u00e1snick\u00e9 pedantstv\u00ed. V\u0161ak vy v\u00edte.\u201c<\/p>\n<p>*\u201eAno, v\u00edm a v\u016fbec mi to nevad\u00ed,\u201c p\u0159itak\u00e1v\u00e1m bez sebemen\u0161\u00edch zn\u00e1mek odporu.<\/p>\n<p>*Martin dan\u00e9 b\u00e1sn\u011b ji\u017e slavnostn\u011b t\u0159\u00edm\u00e1 v ruce, pln\u011b nat\u011b\u0161en na svoji prezentaci. Vyz\u00fdv\u00e1 m\u011b, a\u0165 se usad\u00edm do pohodln\u00e9ho k\u0159esla, on s\u00e1m pak zasedne na to voln\u00e9 vedle, s prosbou, \u017ee pokud se budu cht\u00edt k n\u011b\u010demu vyj\u00e1d\u0159it, a\u0165 to klidn\u011b ud\u011bl\u00e1m. I to mi ne\u010din\u00ed sebemen\u0161\u00ed probl\u00e9m.<\/p>\n<p>*Nezb\u00fdv\u00e1 tedy ne\u017e-li za\u010d\u00edt.<\/p>\n<p><b>Obraz<\/b><\/p>\n<p>*\u201eLabu\u0165 a p\u0159edev\u0161\u00edm mal\u00ed\u0159, co ji portr\u00e9toval. Tak tedy za\u010d\u00edn\u00e1 ona m\u00e1 novela zahalen\u00e1 do b\u00e1sn\u00ed, je\u017e polo\u017eila z\u00e1klad pozd\u011bj\u0161\u00edmu ucelen\u00e9mu p\u0159\u00edb\u011bhu, pojedn\u00e1vaj\u00edc\u00edho o nelehk\u00fdch strastipln\u00fdch cest\u00e1ch \u017eivotem,\u201c zasnil se takto Martin p\u0159i pohledu na jednu labu\u0165 konkr\u00e9tn\u00ed, pluj\u00edc\u00ed po Labi. Nutno poznamenat, \u017ee na dan\u00e9m obr\u00e1zku j\u00ed d\u011blaly spole\u010dnost i ony v textu zm\u00edn\u011bn\u00e9 labu\u0165enky. \u201eMil\u00e1 vzpom\u00ednka v jinak ka\u017edodenn\u00ed nelehk\u00e9 dob\u011b pln\u00e9 pesimismu.\u201c<\/p>\n<p>*Samoz\u0159ejm\u011b \u017ee mi to okam\u017eit\u011b ned\u00e1 nezeptat se: \u201eCo p\u0159esn\u011b jste m\u00ednil t\u00edmhle posledn\u00edm?\u201c<\/p>\n<p>*\u201eSmutek, jen\u017e je podle skryt za n\u011b\u010d\u00edm, na prvn\u00ed pohled naoko hezk\u00fdm.\u201c V hlase je te\u010f c\u00edtit m\u00edrn\u00e9 podr\u00e1\u017ed\u011bn\u00ed.<\/p>\n<p>*\u201eM\u016f\u017eete b\u00fdt p\u0159eci jen trochu konkr\u00e9tn\u011bj\u0161\u00ed?\u201c vyb\u00edz\u00edm hostitele.<\/p>\n<p>*\u201eZajist\u00e9.\u201c Martin nejprve labu\u0165 i jej\u00ed po\u010detnou rodinku na obr\u00e1zku symbolicky pohlad\u00ed a pak vypov\u00ed: \u201eStejn\u011b jako \u010dlov\u011bk tak i zv\u00ed\u0159ata navenek dok\u00e1\u017e\u00ed projevit emoce, \u010d\u00edm\u017e d\u00e1vaj\u00ed najevo sv\u016fj aktu\u00e1ln\u00ed stav. I ona pro\u017e\u00edvaj\u00ed sv\u00e1 soukrom\u00e1 jako\u017eto ve\u0159ejn\u00e1 dramata a mo\u017en\u00e1 si v dan\u00e9 chv\u00edli \u0159\u00edkaj\u00ed to co my: ,Pro\u010d tomu tak mus\u00ed b\u00fdt? Pro\u010d zrovna j\u00e1?\u00b4 A a\u017e pak si pro n\u011b p\u0159ijde smrt a v\u0161e pro n\u011b skon\u010d\u00ed. Cel\u00e9 tohle pozemsk\u00e9 divad\u00fdlko je z tohoto \u00fahlu pohledu dle m\u011b naprosto absurdn\u00ed. A p\u0159itom pr\u00e1v\u011b toto labut\u00ed foto,\u201c Martin na n\u011bj vz\u00e1p\u011bt\u00ed znovu v\u00fdznamn\u011b pouk\u00e1\u017ee, \u201enem\u011bn\u011b vypov\u00edd\u00e1 o opaku, tedy jako by n\u011bco takov\u00e9ho v\u016fbec neexistovalo a jednalo se o nem\u011bnn\u00e9 pozemsk\u00e9 kr\u00e1sno.\u201c<\/p>\n<p>*\u201eLe\u010d&#8230; tak tomu bohu\u017eel je pouze, jak jste p\u0159ed chvili\u010dkou s\u00e1m \u0159ekl, jen <i>naoko<\/i>,\u201c dovoluji si, tuto hostitelovu navazuj\u00edc\u00ed vpravd\u011b kr\u00e1snou \u0159e\u010d, tak trochu naru\u0161it.<\/p>\n<p>*\u201eAno,\u201c p\u0159ipou\u0161t\u00ed znovu jen velmi nerad Martin, p\u0159i\u010dem\u017e z\u00e1hy sv\u00e9 pozitivn\u00ed poetick\u00e9 \u0159e\u010dn\u011bn\u00ed i on pop\u0159e slovy: \u201eJen\u017ee co s t\u00edm, kdy\u017e i tento obr\u00e1zek postupn\u011b bude napadat rakovina \u010dasu a on jej\u00edm p\u0159i\u010din\u011bn\u00edm zatuchne, nebo se dokonce kompletn\u011b cel\u00fd rozdrol\u00ed na drobn\u00e9 prachov\u00e9 kuli\u010dky, je\u017e n\u00e1sledn\u011b zaniknou v naprost\u00e9 nicot\u011b.\u201c<\/p>\n<p>*Op\u011bt se v duchu mus\u00edm pomysln\u011b poklonit Martinovu b\u00e1snick\u00e9mu talentu, j\u00edm\u017e m\u011b nep\u0159est\u00e1v\u00e1 uchvacovat.\u201c<\/p>\n<p><b>Marie<\/b><\/p>\n<p>*\u201eS Mari\u00ed to nebylo jin\u00e9, i tu mi \u017eivot nedovolil vlastnit. P\u0159esn\u011bji \u0159e\u010deno nechutn\u011b p\u0159etrv\u00e1vaj\u00edc\u00ed vlezl\u00e1 nesm\u011blost mi to neumo\u017enila. A p\u0159itom byla tou \u00fapln\u011b prvn\u00ed, je\u017e mi zlomila srdce.\u201c<\/p>\n<p>*\u201eMarie&#8230; Marie&#8230; Ach ano, u\u017e jsem v obraze, tak se p\u0159ece naz\u00fdv\u00e1 ta druh\u00e1 rom\u00e1nov\u00e1 b\u00e1se\u0148!\u201c<\/p>\n<p>*\u201eKde jen&#8230;? Zatr&#8230; pardon.\u201c<\/p>\n<p>*\u201eDobr\u00fd, u\u017e to bude,\u201c chl\u00e1chol\u00edm Martina.<\/p>\n<p>*Kone\u010dn\u011b jsou b\u00e1sn\u011b, v Martinov\u011b m\u00edrn\u011b nerv\u00f3zn\u00edm podru\u010d\u00ed, se\u0159azeny v tom po\u0159ad\u00ed, jak maj\u00ed spr\u00e1vn\u011b j\u00edt za sebou, tak\u017ee snad u\u017e nic nebude br\u00e1nit mn\u011b a jemu v tom, aby byly v klidu i probr\u00e1ny.<\/p>\n<p>*\u201eByla to m\u00e1 tajn\u00e1 l\u00e1ska za dob studi\u00ed na gymn\u00e1ziu. Kr\u00e1ska, j\u00ed\u017e jsem nikdy nedok\u00e1zal oslovit, i kdy\u017e \u010detn\u00e9 p\u0159\u00edle\u017eitosti k tomu samoz\u0159ejm\u011b byly,\u201c vyzn\u00e1v\u00e1 se, po za\u017eehn\u00e1n\u00ed dal\u0161\u00edch men\u0161\u00edch \u00fatrap, Martin ze sv\u00fdch tu\u017eeb, p\u0159i\u010dem\u017e znovu nasazuje zasn\u011bn\u00fd v\u00fdraz: \u201eTa jej\u00ed \u00fachvatn\u00e1 nepopsateln\u00e1 kr\u00e1sa! Tu ani po zhruba on\u011bch dvaceti letech nelze dostat z mysli! St\u00e1le to ve mn\u011b zamilovan\u011b zajisk\u0159\u00ed, to kdy\u017e mi p\u0159ed o\u010dima vytane jako snov\u00e1 diva! Nav\u00edc&#8230; nezn\u00e1m jej\u00ed skute\u010dn\u00e9 jm\u00e9no, co\u017e ji \u010din\u00ed je\u0161t\u011b mnohem v\u00edce tajemn\u011bj\u0161\u00ed.\u201c Povzdech na z\u00e1v\u011br.<\/p>\n<p>*\u201eAle v b\u00e1sni jste ho uvedl?\u201c p\u0159ipom\u00edn\u00e1m.<\/p>\n<p>*\u201eJedn\u00e1 se pouze o smy\u0161leninu. Jak jsem ji\u017e \u0159\u00edkal, nezn\u00e1m jej. Kdy\u017e jsem ale tu b\u00e1se\u0148 psal, rozhodl jsem se b\u00fdti konkr\u00e9tn\u00ed a vybral pro ni takov\u00e9, kter\u00e9 mi n\u011b\u010d\u00edm zaimponovalo.\u201c<\/p>\n<p>*\u201eDobr\u00e1, ale i p\u0159esto&#8230; to jste si o n\u00ed nezjistil n\u011bco bli\u017e\u0161\u00edho? T\u0159eba kde bydlela, jestli v t\u00e9 dob\u011b m\u011bla p\u0159\u00edtele a tak? Takhle to pro v\u00e1s muselo b\u00fdt na tom gymn\u00e1ziu dosti flustruj\u00edc\u00ed?\u201c<\/p>\n<p>*\u201eJo, to bylo,\u201c p\u0159ipou\u0161t\u00ed s op\u011btovn\u00fdch povzdechem Martin, \u201ele\u010d tehdy to pro m\u011b nebylo jen tak. P\u0159eci jen se to v\u0161echno ud\u00e1lo ve t\u0159et\u00edm ro\u010dn\u00edku, kdy \u010dlov\u011bk m\u00e9ho typu musel \u0159e\u0161it i jin\u00e9 starosti, nap\u0159\u00edklad jak se vyhnout povinn\u00e9 vojensk\u00e9 slu\u017eb\u011b, nebo kam d\u00e1l na \u0161kolu, p\u0159\u00edpadn\u011b co d\u011blat, kdy\u017e se na \u017e\u00e1dnou nedostane, co\u017e v m\u00e9m p\u0159\u00edpad\u011b bylo v\u00edce ne\u017e re\u00e1ln\u00e9. Zkr\u00e1tka,\u201c zakon\u010duje dan\u00e9 Martin, \u201epopravd\u011b jsem nev\u011bd\u011bl, co se sebou d\u011blat.\u201c<\/p>\n<p>*Martin mi alespo\u0148 d\u00e1v\u00e1 znovu nahl\u00e9dnout do slo\u017eky. Na jednom z obr\u00e1zku se tam vyj\u00edm\u00e1 pohledn\u00e1 plavovl\u00e1ska s panenkovsky nevinn\u00fdm obli\u010dejem. N\u00e1sledn\u011b v\u0161ak razantn\u011b oto\u010d\u00ed: \u201eAle m\u00e1m svou Janu, je\u017e mi pozd\u011bji byla a vlastn\u011b st\u00e1le je velkou oporou v nelehk\u00fdch \u017eivotn\u00edch chv\u00edl\u00edch. Ona, kdy\u017e jsme se spolu sbl\u00ed\u017eili, byla z m\u00e9 strany se v\u0161\u00edm pln\u011b srozum\u011bna, tak\u017ee ji nijak nepodv\u00e1d\u00edm &#8211; to uv\u00e1d\u00edm jen tak pro up\u0159esn\u011bn\u00ed, abyste m\u011b n\u00e1hodou neza\u010dal podez\u00edrat z toho, \u017ee jsem snad sv\u00e9 p\u0159\u00edtelkyni nev\u011brn\u00fd.\u201c<\/p>\n<p><b>Nemoc<\/b><\/p>\n<p>*Sna\u017e\u00edm se pochopit Martinovu filozofii i jeho n\u00e1padnou podr\u00e1\u017ed\u011bnost z toho, jak \u201e\u010dlov\u011bk m\u00edn\u00ed a \u017eivot m\u011bn\u00ed\u201c , kdy\u017e z hostitelovy strany p\u0159ich\u00e1z\u00ed \u0159e\u010d na dal\u0161\u00ed z\u00e1va\u017en\u00e1 t\u00e9mata.<\/p>\n<p>*\u201eNemoc a Sen \u2013 tak jsem pojmenoval dal\u0161\u00ed dv\u011b b\u00e1sn\u011b, \u017ee? Zaj\u00edmav\u00e9, na prvn\u00ed pohled dva protiklady, kter\u00e9 rovn\u011b\u017e z\u00e1sadn\u00edm zp\u016fsobem ovliv\u0148uj\u00ed \u017eivot.\u201c<\/p>\n<p>*\u201eMohl byste, pros\u00edm, b\u00fdt op\u011bt konkr\u00e9tn\u011bj\u0161\u00ed? Jakou roli v tom pak sehr\u00e1vaj\u00ed Marie a ta mo\u0159sk\u00e1 panna?\u201c m\u00e1n\u00edm opatrn\u011b odpov\u011b\u010f.<\/p>\n<p>*\u201eVpravd\u011b z\u00e1sadn\u00ed,\u201c odpov\u00edd\u00e1 Martin nejprve neur\u010dit\u011b obecn\u011b, pak se ale rozpov\u00edd\u00e1: \u201eOna zaveden\u00e1 obava ze smrti a jestli \u017eivot m\u00e1 cenu vlastn\u011b \u017e\u00edt, kdy\u017e ona smrt je v\u017edy tak nesnesiteln\u011b krut\u00e1. A pak i dal\u0161\u00ed obava z toho, zdali nadp\u0159irozeno skute\u010dn\u011b pom\u00e1h\u00e1, nebo je to pouhopouh\u00e9 hnut\u00ed lidsk\u00e9 mysli jako takov\u00e9. To v\u0161e jako by se n\u00e1s v\u0161ech t\u00fdkalo mnohem v\u00edce ne\u017e si sami p\u0159ipou\u0161t\u00edme. Moji mali\u010dkost nevyj\u00edmaje.\u201c<\/p>\n<p>*Nevstupuji do Martinova proslovu. V\u00edm, \u017ee v\u0161e podstatn\u00e9 se dozv\u00edm, jakmile m\u016fj hostitel dob\u0159e zv\u00e1\u017e\u00ed sv\u00e1 n\u00e1sledn\u00e1 slova. Nem\u00fdl\u00edm se.<\/p>\n<p>*\u201eS\u00e1m o sob\u011b nev\u00edm, zdali i j\u00e1 jsem s vlastn\u00ed smrt\u00ed sm\u00ed\u0159en. Boj\u00edm se nezn\u00e1m\u00e9ho jako\u017eto p\u0159\u00edpadn\u00fdch posmrtn\u00fdch soud\u016f, nebo\u0165 ani j\u00e1 se za sv\u00e9ho pozemsk\u00e9ho byt\u00ed v\u017edy nechov\u00e1m tak, jak bych spr\u00e1vn\u011b m\u011bl, by\u0165 ta m\u00e1 vnit\u0159n\u00ed <i>tvrdost <\/i>je p\u0159ev\u00e1\u017en\u011b soukrom\u00e9ho my\u0161lenkovit\u00e9ho r\u00e1zu. A s t\u00edm pak souvis\u00ed dan\u00e1 v\u011brohodnost ozdravn\u00e9 so\u0161ky. Nebo\u0165 pokud \u010dlov\u011bk v jej\u00ed moc v\u011b\u0159\u00ed a p\u0159esto se pot\u0159ebn\u00fd \u00fa\u010dinek nedostavuje, m\u016f\u017ee to pak v\u00e1\u017en\u011b po\u0161kodit jeho u\u017e tak dost nalomenou psychiku a dohnat k hr\u016fzn\u00fdm \u010din\u016fm.<\/p>\n<p>*Rovn\u011b\u017e si nejsem jist\u00fd, zda kdybych tenkr\u00e1t tu d\u00edvku oslovil a pak bysme utvo\u0159ili p\u00e1r, bych s n\u00ed byl schopen utvo\u0159it onen vztah klasick\u00fd, se v\u0161\u00edm, co k tomu pat\u0159\u00ed \u2013 tedy i zalo\u017eit rodinu a vychov\u00e1vat potomky. Mysl\u00edm, \u017ee bych na to nem\u011bl, nav\u00edc s t\u011bmi v\u0161emi starostmi, co dan\u00e9 zahrnuje. A kdy\u017e k tomu je\u0161t\u011b p\u0159ipo\u010dtu pr\u00e1v\u011b ty v\u0161emo\u017en\u00e9 n\u00e1strahy osudu v podob\u011b nemoc\u00ed, asi bych si zase p\u0159ipadal obdobn\u011b ztracen\u00fd. Realita je zkr\u00e1tka v mnoh\u00e9m o\u0161idn\u00e1.\u201c<\/p>\n<p>*J\u00e1 osobn\u011b n\u00e1sledn\u011b oce\u0148uji tuto Martinovu up\u0159\u00edmnou zpov\u011b\u010f, na\u010de\u017e si p\u0159i tom nelze nepov\u0161imnouti, jak znovu umn\u011b jmenovan\u00fd dok\u00e1zal nal\u00e9zt spojitost mezi sebou sam\u00fdm a sv\u00fdmi b\u00e1snick\u00fdmi akt\u00e9ry.<\/p>\n<p><b>Sen<\/b><\/p>\n<p>*\u201eAle p\u0159esto, ani v\u00e1mi zm\u00edn\u011bn\u00fd sen se neobe\u0161el bez komplikac\u00ed. I tam jist\u00fd ml\u00e1denec musel bojovat o svou osudovou d\u00edv\u010dinu. Tentokr\u00e1t v\u0161e na\u0161t\u011bst\u00ed skon\u010dilo \u0161\u0165astn\u011b,\u201c dovoluji si pak poznamenat.<\/p>\n<p>*\u201eJak jste v\u0161ak spr\u00e1vn\u011b \u0159ekl: ,dan\u00e9 se rovn\u011b\u017e neobe\u0161lo bez komplikac\u00ed,\u00b4\u201c zcela pohotov\u011b si vypom\u00e1h\u00e1 Martin, na\u010de\u017e v\u0161e zase d\u00e1v\u00e1 do souvislosti se sebou sam\u00fdm. \u201eJeden podobn\u00fd se mi zd\u00e1l, dokonce jsem v n\u011bm hr\u00e1l hlavn\u00ed \u00falohu toho ml\u00e1dence, kdy\u017e jsem se ale pokusil s tou m\u00fazou nav\u00e1zat kontakt \u2013 prsk \u2013 prost\u011b se p\u0159ede mnou rozplynula a n\u00e1sledn\u011b pak i v\u0161e kolem. Tu samou noc na n\u011bj o n\u011bco pozd\u011bji nav\u00e1zal sen zcela jin\u00fd, ten se ale neodehr\u00e1val dle m\u00fdch po\u010d\u00e1te\u010dn\u00edch p\u0159edstav, nato\u017e abych do n\u011bj, by\u0165 jenom n\u00e1znakem, dok\u00e1zal zas\u00e1hnout. Ach jo, pro\u010d i tohle nen\u00ed mo\u017en\u00e9?\u201c<\/p>\n<p>*\u201eDovoluji si v\u00e1s poopravit, nauka sn\u016f mo\u017en\u00e1 je a to jak ve va\u0161em Polansk\u00e9m Chv\u00e1ru, tak i v Kataln\u00e9 Mochn\u011b.\u201c<\/p>\n<p>*\u201eNo vid\u00edte, na to jsem v\u016fbec nepomyslel. A to tu \u017eiju od d\u011btstv\u00ed.\u201c Martin zakrout\u00ed nev\u011b\u0159\u00edcn\u011b hlavou.<\/p>\n<p>*\u201eNic si z toho ned\u011blejte, kdybyste jen tu\u0161il, co j\u00e1 promarnil \u017eivotn\u00edch \u0161anc\u00ed&#8230;\u201c<\/p>\n<p><b>Dopis<\/b><\/p>\n<p>*\u201eJen\u017ee to je pr\u00e1v\u011b to!\u201c Martin n\u00e1hle r\u00e1zn\u011b vysko\u010d\u00ed z k\u0159esla. \u201ePromi\u0148te,\u201c krot\u00ed se a znovu na n\u011bj used\u00e1. \u201eJen jsem cht\u011bl \u0159\u00edct, \u017ee \u010dlov\u011bku pak nezb\u00fdv\u00e1 ne\u017e litovat promarn\u011bn\u00fdch \u0161anc\u00ed, \u017ee m\u00edsto toho, aby je vyu\u017eil, se zab\u00fdv\u00e1 jin\u00fdmi zbyte\u010dnostmi, kter\u00e9 se nakonec beztak obr\u00e1t\u00ed proti n\u011bmu samotn\u00e9mu.\u201c<\/p>\n<p>*\u201eNap\u0159\u00edklad?\u201c<\/p>\n<p>*\u201eNap\u0159\u00edklad, \u017ee m\u00edsto toho, aby oslovil jedno pohledn\u00e9 d\u011bv\u010de, si s\u00e1m pro sebe p\u00ed\u0161e pokusn\u00e1 romantick\u00e1 vyzn\u00e1n\u00ed, kter\u00e1 ale n\u00e1sledn\u011b objev\u00ed p\u0159\u00edbuzn\u00ed, rodi\u010de, spolu\u017e\u00e1ci, no a vlna vypt\u00e1v\u00e1n\u00ed se a posm\u011b\u0161n\u00fdch gest pak u takov\u00e9ho ztroskotance nakonec zp\u016fsob\u00ed jeden velk\u00fd posttraumatick\u00fd \u0161ok.\u201c<\/p>\n<p><b>D\u016fm<\/b><\/p>\n<p>*\u201eAle to snad trochu p\u0159eh\u00e1n\u00edte&#8230;\u201c<\/p>\n<p>*\u201eA s odstupem \u010dasu,\u201c pokra\u010duje v \u0159e\u010dn\u011bn\u00ed d\u00e1l Martin, jako by moji nar\u00e1\u017eku v\u016fbec nezaregistroval, i kdy\u017e j\u00e1 v\u00edm, \u017ee sp\u00ed\u0161e prav\u00fd opak je pravdou, \u201e s odstupem \u010dasu si takov\u00fd \u010dlov\u011bk pak v\u0161e vy\u010d\u00edt\u00e1, t\u0159eba pro\u010d se p\u0159eci jen v dan\u00e9 dob\u011b nepokusil vyhledat onen rodn\u00fd d\u016fm smysln\u00e9 \u017een\u0161tiny a ne a\u017e o mnoho let pozd\u011bji, znovu pod hrozbou vlastn\u00edch v\u00fd\u010ditek sv\u011bdom\u00ed.\u201c<\/p>\n<p>*\u201eVykl\u00e1d\u00e1m si to tedy spr\u00e1vn\u011b, \u017ee p\u016fvodn\u011b v b\u00e1sni zam\u00fd\u0161len\u00e9 to jeho sesut\u00ed z\u00e1rove\u0148 m\u011blo i symbolizovat nen\u00e1vratnou ztr\u00e1tu va\u0161\u00ed prvn\u00ed osudov\u00e9 l\u00e1sky?\u201c ned\u00e1 mi takto se nezeptat.<\/p>\n<p>*\u201eAno, v jist\u00e9m smyslu m\u00e1te \u010d\u00e1ste\u010dn\u011b pravdu.\u201c<\/p>\n<p>*\u201eI p\u0159esto jste ale d\u016fm, v n\u011bm\u017e Marie pob\u00fdvala, nakonec, coby stavbu, zachoval?\u201c<\/p>\n<p>*\u201eProst\u011b mi ho bylo ,\u201c uv\u00e1d\u00ed soucitn\u011b Martin.<\/p>\n<p><b>Pomn\u00edk<\/b><\/p>\n<p>*\u201eTak tomu v\u0161ak bohu\u017eel u Maru\u0161ky a jej\u00edho mil\u00e9ho nebylo. Oba skonali a t\u00edm p\u00e1dem ji\u017e mezi \u017eiv\u00fdmi nejsou. A zase za to m\u016f\u017ee v\u00e1lka.\u201c<\/p>\n<p>*\u201eNesm\u00edte se kv\u016fli tomu na m\u011b zlobit. V\u00edm, co si mo\u017en\u00e1 mysl\u00edte, \u017ee jsem ten nejv\u011bt\u0161\u00ed necita na sv\u011bt\u011b, av\u0161ak tak to nen\u00ed. Prost\u011b se tak stalo a j\u00e1 to nemohl napsat jinak. Pak je tu i jist\u00e1 n\u00e1vaznost z hlediska samotn\u00e9ho p\u0159\u00edb\u011bhu, kter\u00fd jsem z jednotliv\u00fdch b\u00e1sn\u00ed poskl\u00e1dal,\u201c br\u00e1n\u00ed se p\u0159\u00edpadn\u00e9mu na\u0159\u010den\u00ed z m\u00e9 strany Martin.<\/p>\n<p>*\u201eJ\u00e1 v\u00e1s p\u0159ece tradi\u010dn\u011b z ni\u010deho neobvi\u0148uji, j\u00e1 jen, \u017ee t\u00e9ma v\u00e1lek se v posledn\u00ed dob\u011b objevuje \u2013 jak v knih\u00e1ch, tak ve filmech \u2013 st\u00e1le \u010dast\u011bji,\u201c uv\u00e1d\u00edm v\u0161e na pravou m\u00edru.<\/p>\n<p>*\u201eV prav\u00e9m slova smyslu to nen\u00ed o tom, \u017ee bych doslovn\u011b kop\u00edroval oboje sv\u011btov\u00e9 v\u00e1lky,\u201c pokou\u0161\u00ed se o konkr\u00e9tn\u00ed vysv\u011btlen\u00ed Martin. \u201eNa druhou stranu zase m\u00e1te trochu pravdu v tom, \u017ee dan\u00e9 pou\u017e\u00edv\u00e1m v souladu s holou skute\u010dnost\u00ed, tedy \u017ee t\u00e9ma v\u00e1lky, je dosti \u010dasto prop\u00edr\u00e1no v m\u00e9di\u00edch, a tak se mu neubr\u00e1n\u00edm v b\u00e1sn\u00edch ani j\u00e1 s\u00e1m coby inspirativn\u00ed l\u00e1tce,\u201c souhlas\u00ed.<\/p>\n<p>*\u201eV\u00edte, docela by m\u011b zaj\u00edmalo jm\u00e9no toho voj\u00e1ka. T\u00edm ,Par\u00e9\u00b4, p\u0159edpokl\u00e1d\u00e1m, jste m\u011bl zjevn\u011b na mysli m\u011bsto, odkud doty\u010dn\u00fd poch\u00e1zel, moment\u00e1ln\u011b si v\u0161ak nedok\u00e1\u017eu vybavit rodn\u00e9 m\u011bsto t\u00e9 Marie.\u201c<\/p>\n<p>*\u201eS t\u00edm si, pros\u00edm, ned\u011blejte t\u011b\u017ekou hlavu. Okolnosti tomu prost\u011b tak cht\u011bly a j\u00e1 na tom nehodl\u00e1m nic m\u011bnit. Sv\u00e9 b\u00e1sn\u011b z\u00e1sadn\u011b nep\u0159episuji. V tom je ostatn\u011b jejich kr\u00e1sa, j\u00e1 s\u00e1m tak p\u0159edem nev\u00edm, jak\u00fd p\u0159\u00edb\u011bh se z nich utvo\u0159\u00ed.\u201c Na Martinovi je zn\u00e1t, \u017ee si sv\u00e9ho osobit\u00e9ho liter\u00e1rn\u00edho postupu nesm\u00edrn\u011b cen\u00ed a je na n\u011bj, jak se slu\u0161\u00ed a pat\u0159\u00ed, n\u00e1le\u017eit\u011b py\u0161n\u00fd. I j\u00e1 te\u010f mus\u00edm shodn\u011b uznat hostitelovu v\u00fdjime\u010dnost. A stejn\u011b tak jsem r\u00e1d, \u017ee doty\u010dn\u00fd nakonec Marii a jej\u00edmu mil\u00e9mu dop\u0159\u00e1l spole\u010dn\u00fd posmrtn\u00fd \u017eivot.<\/p>\n<div class=\"fcbkbttn_buttons_block\" id=\"fcbkbttn_left\"><div class=\"fcbkbttn_button\">\n                            <a href=\"https:\/\/www.facebook.com\/tom.patrick.509\" target=\"_blank\">\n                                <img decoding=\"async\" src=\"https:\/\/eldar.cz\/tompatrick\/wp-content\/plugins\/facebook-button-plugin\/images\/large-facebook-ico.png\" alt=\"Fb-Button\" \/>\n                            <\/a>\n                        <\/div><div class=\"fcbkbttn_like fcbkbttn_large_button\"><fb:like href=\"https:\/\/eldar.cz\/tompatrick\/martin-jabkenic-sbirka-nasni-zaverecny-epilog\/rozhovor-toma-patricka-s-autorem-dane-basnicke-sbirky-uvod-pomnik\" action=\"like\" colorscheme=\"light\" layout=\"standard\"  width=\"225px\" size=\"large\"><\/fb:like><\/div><div class=\"fb-share-button fcbkbttn_large_button \" data-href=\"https:\/\/eldar.cz\/tompatrick\/martin-jabkenic-sbirka-nasni-zaverecny-epilog\/rozhovor-toma-patricka-s-autorem-dane-basnicke-sbirky-uvod-pomnik\" data-type=\"button_count\" data-size=\"large\"><\/div><\/div>","protected":false},"excerpt":{"rendered":"<p>\u00davod *Dnes vyr\u00e1\u017e\u00edm ze sv\u00e9ho domu rad\u011bji s men\u0161\u00edm p\u0159edstihem. Jsem r\u00e1d, \u017ee u\u017e nepr\u0161\u00ed. Ostatn\u011b t\u011bch de\u0161\u0165\u016f za posledn\u00edch p\u00e1r t\u00fddn\u016f bylo a\u017ea\u017e. Celkem p\u0159\u00edjemn\u00e1 zm\u011bna, \u0159\u00edk\u00e1m si. A ur\u010dit\u011b v tom nejsem s\u00e1m. *Na kole se vyd\u00e1v\u00e1m sm\u011brem &hellip; <a href=\"https:\/\/eldar.cz\/tompatrick\/martin-jabkenic-sbirka-nasni-zaverecny-epilog\/rozhovor-toma-patricka-s-autorem-dane-basnicke-sbirky-uvod-pomnik\">Cel\u00fd p\u0159\u00edsp\u011bvek <span class=\"meta-nav\">&rarr;<\/span><\/a><\/p>\n","protected":false},"author":2,"featured_media":0,"comment_status":"open","ping_status":"open","sticky":false,"template":"","format":"standard","meta":{"_s2mail":"","footnotes":""},"categories":[29],"tags":[],"class_list":["post-3091","post","type-post","status-publish","format-standard","hentry","category-martin-jabkenic-sbirka-nasni-zaverecny-epilog"],"_links":{"self":[{"href":"https:\/\/eldar.cz\/tompatrick\/wp-json\/wp\/v2\/posts\/3091","targetHints":{"allow":["GET"]}}],"collection":[{"href":"https:\/\/eldar.cz\/tompatrick\/wp-json\/wp\/v2\/posts"}],"about":[{"href":"https:\/\/eldar.cz\/tompatrick\/wp-json\/wp\/v2\/types\/post"}],"author":[{"embeddable":true,"href":"https:\/\/eldar.cz\/tompatrick\/wp-json\/wp\/v2\/users\/2"}],"replies":[{"embeddable":true,"href":"https:\/\/eldar.cz\/tompatrick\/wp-json\/wp\/v2\/comments?post=3091"}],"version-history":[{"count":2,"href":"https:\/\/eldar.cz\/tompatrick\/wp-json\/wp\/v2\/posts\/3091\/revisions"}],"predecessor-version":[{"id":3093,"href":"https:\/\/eldar.cz\/tompatrick\/wp-json\/wp\/v2\/posts\/3091\/revisions\/3093"}],"wp:attachment":[{"href":"https:\/\/eldar.cz\/tompatrick\/wp-json\/wp\/v2\/media?parent=3091"}],"wp:term":[{"taxonomy":"category","embeddable":true,"href":"https:\/\/eldar.cz\/tompatrick\/wp-json\/wp\/v2\/categories?post=3091"},{"taxonomy":"post_tag","embeddable":true,"href":"https:\/\/eldar.cz\/tompatrick\/wp-json\/wp\/v2\/tags?post=3091"}],"curies":[{"name":"wp","href":"https:\/\/api.w.org\/{rel}","templated":true}]}}