{"id":3073,"date":"2021-08-18T09:00:53","date_gmt":"2021-08-18T07:00:53","guid":{"rendered":"https:\/\/eldar.cz\/tompatrick\/?p=3073"},"modified":"2021-02-21T17:20:42","modified_gmt":"2021-02-21T15:20:42","slug":"prehled-basni-11-16","status":"publish","type":"post","link":"https:\/\/eldar.cz\/tompatrick\/jadro-jakosti-martina-jabkenice-uceleny-pribeh\/prehled-basni-11-16","title":{"rendered":"p\u0159ehled b\u00e1sn\u00ed (11-16)"},"content":{"rendered":"<div class=\"fcbkbttn_buttons_block\" id=\"fcbkbttn_left\"><div class=\"fcbkbttn_button\">\n                            <a href=\"https:\/\/www.facebook.com\/tom.patrick.509\" target=\"_blank\">\n                                <img decoding=\"async\" src=\"https:\/\/eldar.cz\/tompatrick\/wp-content\/plugins\/facebook-button-plugin\/images\/large-facebook-ico.png\" alt=\"Fb-Button\" \/>\n                            <\/a>\n                        <\/div><div class=\"fcbkbttn_like fcbkbttn_large_button\"><fb:like href=\"https:\/\/eldar.cz\/tompatrick\/jadro-jakosti-martina-jabkenice-uceleny-pribeh\/prehled-basni-11-16\" action=\"like\" colorscheme=\"light\" layout=\"standard\"  width=\"225px\" size=\"large\"><\/fb:like><\/div><div class=\"fb-share-button fcbkbttn_large_button \" data-href=\"https:\/\/eldar.cz\/tompatrick\/jadro-jakosti-martina-jabkenice-uceleny-pribeh\/prehled-basni-11-16\" data-type=\"button_count\" data-size=\"large\"><\/div><\/div><p><i><b>Ucelen\u00fd p\u0159\u00edb\u011bh (kniha s n\u00e1zvem: J\u00e1dro jakosti Martina Jabkeni\u010de)<\/b><\/i><\/p>\n<p>\u010c\u00c1ST 2<\/p>\n<p><i>Tragika dvou rod\u016f (Jesenick\u00e9ho a \u010cerven\u00edk\u016f) \u2013 Kr\u00e1tk\u00fd tragick\u00fd \u017eivot Heleny Jesenick\u00e9 (11) \u2013 Milostn\u00fd \u010dty\u0159\u00faheln\u00edk (20)<\/i><\/p>\n<p>Helena Jesenick\u00e1, na rozd\u00edl od Lenky, takov\u00e9 \u0161t\u011bst\u00ed v \u017eivot\u011b bohu\u017eel nem\u011bla, nebo\u0165 zem\u0159ela ji\u017e coby \u017ea\u010dka \u0161kolou povinn\u00e1, pot\u00e9, co tragicky skonala v davu \u010d\u00edtaj\u00edc\u00ed rozv\u00e1\u0161n\u011bn\u00e9 fotbalov\u00e9 chulig\u00e1ny. V\u00fdraznou roli v tom rovn\u011b\u017e sehr\u00e1li i Len\u010dini adoptivn\u00ed rodi\u010de, kte\u0159\u00ed, coby p\u011bstouni, v\u016f\u010di n\u00ed mate\u0159skou l\u00e1skou rozhodn\u011b nezaho\u0159eli (11). P\u0159eci jen v\u0161ak Helena p\u00e1r \u0161\u0165astn\u00fdch chvilek ve sv\u00e9m kr\u00e1tk\u00e9m \u017eivot\u011b pro\u017eila. Jako d\u011bv\u010de \u0161kolou povinn\u00e9 se zakoukala do jist\u00e9ho Martina \u010cerven\u00edka, kter\u00fd se pozd\u011bji stal v\u00fdznamn\u00fdm hudebn\u00edm skladatelem. Coby jeho str\u00e1\u017en\u00fd and\u011bl mu alespo\u0148 Helena dala novou nad\u011bji do \u017eivota, kdy Martin upustil od teroristick\u00e9ho \u00fatoku na \u0161kolu, k n\u011bmu\u017e se p\u016fvodn\u011b uch\u00fdlil z d\u016fvodu nar\u00e1\u017eek na jeho hudebn\u00ed talent. Martin v\u0161ak nakonec vyu\u017eije \u0161ance a o n\u011bco pozd\u011bji se z n\u011bj st\u00e1v\u00e1 uzn\u00e1van\u00fd a respektovan\u00fd hudebn\u00edk (12). Jedna z pracovn\u00edch cest Martina zavede i na jeden z pevropsk\u00fdch ostrov\u016f, kde mu \u00fato\u010di\u0161t\u011b nab\u00eddne pr\u00e1v\u011b rodina zesnul\u00e9 Heleny. Otec rodiny vlastn\u00ed dva psy \u2013 retr\u00edvra a kokr\u0161pan\u011bla , kte\u0159\u00ed se spolu r\u00e1di toulaj\u00ed po okol\u00ed. Druh\u00fd jmenovan\u00fd m\u00e1 v\u0161ak nam\u00e1le, kdy\u017e jej sraz\u00ed auto a jeho \u017eivot vis\u00ed na vl\u00e1sku, jako z\u00e1zrakem je v\u0161ak do n\u011bj navr\u00e1cen (13). Ostrov Gertan, kde Jeseni\u010dt\u00ed \u017eij\u00ed, tak op\u011btovn\u011b dost\u00e1v\u00e1 sv\u00e9 pov\u011bstn\u00e9 mysteri\u00f3znosti. I p\u0159es zna\u010dn\u00e9 v\u00fdkyvy po\u010das\u00ed zde sv\u00e9 m\u00edsto m\u00e1 cel\u00e1 \u0159ada pozoruhodn\u00fdch osobnost\u00ed \u2013 v\u00fdrobce keramiky, podnikatel v oboru pohostinstv\u00ed, z\u00e1mo\u017en\u00fd magn\u00e1t, d\u00e1le pak politi\u010dt\u00ed \u010dinitel\u00e9, ale i zcela prost\u00ed farm\u00e1\u0159i (14). Co na tom, \u017ee Jeseni\u010dt\u00ed poch\u00e1z\u00ed z pom\u011br\u016f pr\u00e1v\u011b t\u011bch prost\u0161\u00edch. Nemoc si nevyb\u00edr\u00e1 a kos\u00ed, kohokoliv si zamane, tedy nejen z\u00e1mo\u017en\u00e9. Rodina se v\u0161ak nevzd\u00e1v\u00e1 a kontaktuje m\u00edstn\u00edho l\u00e9\u010ditele, jen\u017e um\u00ed sv\u00fdmi schopnostmi obalamutit krut\u00fd nehostinn\u00fd osud. Otec rodiny si m\u016f\u017ee oddechnout, man\u017eelka i jejich dva potomci jsou zachr\u00e1n\u011bni. Ov\u0161em nehostinn\u00fd osud p\u0159itvrzuje a pokou\u0161\u00ed si p\u0159ivlastnit zdrav\u00ed i onoho l\u00e9\u010ditele, na\u0161t\u011bst\u00ed jej ale jeho oddan\u00ed v\u011brn\u00ed spole\u010dnou modlitbou podr\u017e\u00ed a i on se tak bez \u00fajmy navrac\u00ed do aktivn\u00edho \u017eivota, s je\u0161t\u011b v\u011bt\u0161\u00edm z\u00e1palem a odhodl\u00e1n\u00edm pom\u00e1hat druh\u00fdm (15). <strong>Ov\u0161em smrt se rovn\u011b\u017e nem\u00edn\u00ed vzd\u00e1t a na zau\u010denou za Zem vy\u0161le svoji \u017ea\u010dku Mortu. Ta se rovn\u011b\u017e usad\u00ed na dan\u00e9m pevropsk\u00e9m ostrov\u011b, kde se sna\u017e\u00ed uko\u0159istit \u017eivoty u vybran\u00fdch jedinc\u016f. Usp\u011bje napoprv\u00e9 i napodruh\u00e9, av\u0161ak d\u00edvku, je\u017e d\u00edky tamn\u00edmu l\u00e9\u010diteli p\u0159edt\u00edm vyhr\u00e1la boj se samotnou Smrt\u00ed, ani ona, p\u0159i sv\u00e9m t\u0159et\u00edm pozemsk\u00e9m z\u00e1\u0159ezu, nez\u00edsk\u00e1. Smrt se t\u00edm pou\u010d\u00ed a od t\u00e9 chv\u00edle d\u00e1v\u00e1 pozem\u0161\u0165an\u016fm na v\u00fdb\u011br \u2013 zdali ji budou pokojn\u011b n\u00e1sledovati, nebo budou pro\u017e\u00edvat \u017eivot se sv\u00fdmi nejbli\u017e\u0161\u00edmi (16).<\/strong><\/p>\n\n\n<p><\/p>\n<div class=\"fcbkbttn_buttons_block\" id=\"fcbkbttn_left\"><div class=\"fcbkbttn_button\">\n                            <a href=\"https:\/\/www.facebook.com\/tom.patrick.509\" target=\"_blank\">\n                                <img decoding=\"async\" src=\"https:\/\/eldar.cz\/tompatrick\/wp-content\/plugins\/facebook-button-plugin\/images\/large-facebook-ico.png\" alt=\"Fb-Button\" \/>\n                            <\/a>\n                        <\/div><div class=\"fcbkbttn_like fcbkbttn_large_button\"><fb:like href=\"https:\/\/eldar.cz\/tompatrick\/jadro-jakosti-martina-jabkenice-uceleny-pribeh\/prehled-basni-11-16\" action=\"like\" colorscheme=\"light\" layout=\"standard\"  width=\"225px\" size=\"large\"><\/fb:like><\/div><div class=\"fb-share-button fcbkbttn_large_button \" data-href=\"https:\/\/eldar.cz\/tompatrick\/jadro-jakosti-martina-jabkenice-uceleny-pribeh\/prehled-basni-11-16\" data-type=\"button_count\" data-size=\"large\"><\/div><\/div>","protected":false},"excerpt":{"rendered":"<p>Ucelen\u00fd p\u0159\u00edb\u011bh (kniha s n\u00e1zvem: J\u00e1dro jakosti Martina Jabkeni\u010de) \u010c\u00c1ST 2 Tragika dvou rod\u016f (Jesenick\u00e9ho a \u010cerven\u00edk\u016f) \u2013 Kr\u00e1tk\u00fd tragick\u00fd \u017eivot Heleny Jesenick\u00e9 (11) \u2013 Milostn\u00fd \u010dty\u0159\u00faheln\u00edk (20) Helena Jesenick\u00e1, na rozd\u00edl od Lenky, takov\u00e9 \u0161t\u011bst\u00ed v \u017eivot\u011b bohu\u017eel nem\u011bla, &hellip; <a href=\"https:\/\/eldar.cz\/tompatrick\/jadro-jakosti-martina-jabkenice-uceleny-pribeh\/prehled-basni-11-16\">Cel\u00fd p\u0159\u00edsp\u011bvek <span class=\"meta-nav\">&rarr;<\/span><\/a><\/p>\n","protected":false},"author":2,"featured_media":0,"comment_status":"open","ping_status":"open","sticky":false,"template":"","format":"standard","meta":{"_s2mail":"yes","footnotes":""},"categories":[31],"tags":[],"class_list":["post-3073","post","type-post","status-publish","format-standard","hentry","category-jadro-jakosti-martina-jabkenice-uceleny-pribeh"],"_links":{"self":[{"href":"https:\/\/eldar.cz\/tompatrick\/wp-json\/wp\/v2\/posts\/3073","targetHints":{"allow":["GET"]}}],"collection":[{"href":"https:\/\/eldar.cz\/tompatrick\/wp-json\/wp\/v2\/posts"}],"about":[{"href":"https:\/\/eldar.cz\/tompatrick\/wp-json\/wp\/v2\/types\/post"}],"author":[{"embeddable":true,"href":"https:\/\/eldar.cz\/tompatrick\/wp-json\/wp\/v2\/users\/2"}],"replies":[{"embeddable":true,"href":"https:\/\/eldar.cz\/tompatrick\/wp-json\/wp\/v2\/comments?post=3073"}],"version-history":[{"count":1,"href":"https:\/\/eldar.cz\/tompatrick\/wp-json\/wp\/v2\/posts\/3073\/revisions"}],"predecessor-version":[{"id":3074,"href":"https:\/\/eldar.cz\/tompatrick\/wp-json\/wp\/v2\/posts\/3073\/revisions\/3074"}],"wp:attachment":[{"href":"https:\/\/eldar.cz\/tompatrick\/wp-json\/wp\/v2\/media?parent=3073"}],"wp:term":[{"taxonomy":"category","embeddable":true,"href":"https:\/\/eldar.cz\/tompatrick\/wp-json\/wp\/v2\/categories?post=3073"},{"taxonomy":"post_tag","embeddable":true,"href":"https:\/\/eldar.cz\/tompatrick\/wp-json\/wp\/v2\/tags?post=3073"}],"curies":[{"name":"wp","href":"https:\/\/api.w.org\/{rel}","templated":true}]}}