{"id":3065,"date":"2021-07-28T09:00:12","date_gmt":"2021-07-28T07:00:12","guid":{"rendered":"https:\/\/eldar.cz\/tompatrick\/?p=3065"},"modified":"2021-02-21T17:02:53","modified_gmt":"2021-02-21T15:02:53","slug":"prehled-basni-11-13","status":"publish","type":"post","link":"https:\/\/eldar.cz\/tompatrick\/jadro-jakosti-martina-jabkenice-uceleny-pribeh\/prehled-basni-11-13","title":{"rendered":"p\u0159ehled b\u00e1sn\u00ed (11-13)"},"content":{"rendered":"<div class=\"fcbkbttn_buttons_block\" id=\"fcbkbttn_left\"><div class=\"fcbkbttn_button\">\n                            <a href=\"https:\/\/www.facebook.com\/tom.patrick.509\" target=\"_blank\">\n                                <img decoding=\"async\" src=\"https:\/\/eldar.cz\/tompatrick\/wp-content\/plugins\/facebook-button-plugin\/images\/large-facebook-ico.png\" alt=\"Fb-Button\" \/>\n                            <\/a>\n                        <\/div><div class=\"fcbkbttn_like fcbkbttn_large_button\"><fb:like href=\"https:\/\/eldar.cz\/tompatrick\/jadro-jakosti-martina-jabkenice-uceleny-pribeh\/prehled-basni-11-13\" action=\"like\" colorscheme=\"light\" layout=\"standard\"  width=\"225px\" size=\"large\"><\/fb:like><\/div><div class=\"fb-share-button fcbkbttn_large_button \" data-href=\"https:\/\/eldar.cz\/tompatrick\/jadro-jakosti-martina-jabkenice-uceleny-pribeh\/prehled-basni-11-13\" data-type=\"button_count\" data-size=\"large\"><\/div><\/div><p><i><b>Ucelen\u00fd p\u0159\u00edb\u011bh (kniha s n\u00e1zvem: J\u00e1dro jakosti Martina Jabkeni\u010de)<\/b><\/i><\/p>\n<p>\u010c\u00c1ST 2<\/p>\n<p><i>Tragika dvou rod\u016f (Jesenick\u00e9ho a \u010cerven\u00edk\u016f) \u2013 Kr\u00e1tk\u00fd tragick\u00fd \u017eivot Heleny Jesenick\u00e9 (11) \u2013 Milostn\u00fd \u010dty\u0159\u00faheln\u00edk (20)<\/i><\/p>\n<p>Helena Jesenick\u00e1, na rozd\u00edl od Lenky, takov\u00e9 \u0161t\u011bst\u00ed v \u017eivot\u011b bohu\u017eel nem\u011bla, nebo\u0165 zem\u0159ela ji\u017e coby \u017ea\u010dka \u0161kolou povinn\u00e1, pot\u00e9, co tragicky skonala v davu \u010d\u00edtaj\u00edc\u00ed rozv\u00e1\u0161n\u011bn\u00e9 fotbalov\u00e9 chulig\u00e1ny. V\u00fdraznou roli v tom rovn\u011b\u017e sehr\u00e1li i Len\u010dini adoptivn\u00ed rodi\u010de, kte\u0159\u00ed, coby p\u011bstouni, v\u016f\u010di n\u00ed mate\u0159skou l\u00e1skou rozhodn\u011b nezaho\u0159eli (11). P\u0159eci jen v\u0161ak Helena p\u00e1r \u0161\u0165astn\u00fdch chvilek ve sv\u00e9m kr\u00e1tk\u00e9m \u017eivot\u011b pro\u017eila. Jako d\u011bv\u010de \u0161kolou povinn\u00e9 se zakoukala do jist\u00e9ho Martina \u010cerven\u00edka, kter\u00fd se pozd\u011bji stal v\u00fdznamn\u00fdm hudebn\u00edm skladatelem. Coby jeho str\u00e1\u017en\u00fd and\u011bl mu alespo\u0148 Helena dala novou nad\u011bji do \u017eivota, kdy Martin upustil od teroristick\u00e9ho \u00fatoku na \u0161kolu, k n\u011bmu\u017e se p\u016fvodn\u011b uch\u00fdlil z d\u016fvodu nar\u00e1\u017eek na jeho hudebn\u00ed talent. Martin v\u0161ak nakonec vyu\u017eije \u0161ance a o n\u011bco pozd\u011bji se z n\u011bj st\u00e1v\u00e1 uzn\u00e1van\u00fd a respektovan\u00fd hudebn\u00edk (12). <strong>Jedna z pracovn\u00edch cest Martina zavede i na jeden z pevropsk\u00fdch ostrov\u016f, kde mu \u00fato\u010di\u0161t\u011b nab\u00eddne pr\u00e1v\u011b rodina zesnul\u00e9 Heleny. Otec rodiny vlastn\u00ed dva psy \u2013 retr\u00edvra a kokr\u0161pan\u011bla , kte\u0159\u00ed se spolu r\u00e1di toulaj\u00ed po okol\u00ed. Druh\u00fd jmenovan\u00fd m\u00e1 v\u0161ak nam\u00e1le, kdy\u017e jej sraz\u00ed auto a jeho \u017eivot vis\u00ed na vl\u00e1sku, jako z\u00e1zrakem je v\u0161ak do n\u011bj navr\u00e1cen (13).<\/strong><\/p>\n\n\n<p><\/p>\n<div class=\"fcbkbttn_buttons_block\" id=\"fcbkbttn_left\"><div class=\"fcbkbttn_button\">\n                            <a href=\"https:\/\/www.facebook.com\/tom.patrick.509\" target=\"_blank\">\n                                <img decoding=\"async\" src=\"https:\/\/eldar.cz\/tompatrick\/wp-content\/plugins\/facebook-button-plugin\/images\/large-facebook-ico.png\" alt=\"Fb-Button\" \/>\n                            <\/a>\n                        <\/div><div class=\"fcbkbttn_like fcbkbttn_large_button\"><fb:like href=\"https:\/\/eldar.cz\/tompatrick\/jadro-jakosti-martina-jabkenice-uceleny-pribeh\/prehled-basni-11-13\" action=\"like\" colorscheme=\"light\" layout=\"standard\"  width=\"225px\" size=\"large\"><\/fb:like><\/div><div class=\"fb-share-button fcbkbttn_large_button \" data-href=\"https:\/\/eldar.cz\/tompatrick\/jadro-jakosti-martina-jabkenice-uceleny-pribeh\/prehled-basni-11-13\" data-type=\"button_count\" data-size=\"large\"><\/div><\/div>","protected":false},"excerpt":{"rendered":"<p>Ucelen\u00fd p\u0159\u00edb\u011bh (kniha s n\u00e1zvem: J\u00e1dro jakosti Martina Jabkeni\u010de) \u010c\u00c1ST 2 Tragika dvou rod\u016f (Jesenick\u00e9ho a \u010cerven\u00edk\u016f) \u2013 Kr\u00e1tk\u00fd tragick\u00fd \u017eivot Heleny Jesenick\u00e9 (11) \u2013 Milostn\u00fd \u010dty\u0159\u00faheln\u00edk (20) Helena Jesenick\u00e1, na rozd\u00edl od Lenky, takov\u00e9 \u0161t\u011bst\u00ed v \u017eivot\u011b bohu\u017eel nem\u011bla, &hellip; <a href=\"https:\/\/eldar.cz\/tompatrick\/jadro-jakosti-martina-jabkenice-uceleny-pribeh\/prehled-basni-11-13\">Cel\u00fd p\u0159\u00edsp\u011bvek <span class=\"meta-nav\">&rarr;<\/span><\/a><\/p>\n","protected":false},"author":2,"featured_media":0,"comment_status":"open","ping_status":"open","sticky":false,"template":"","format":"standard","meta":{"_s2mail":"yes","footnotes":""},"categories":[31],"tags":[],"class_list":["post-3065","post","type-post","status-publish","format-standard","hentry","category-jadro-jakosti-martina-jabkenice-uceleny-pribeh"],"_links":{"self":[{"href":"https:\/\/eldar.cz\/tompatrick\/wp-json\/wp\/v2\/posts\/3065","targetHints":{"allow":["GET"]}}],"collection":[{"href":"https:\/\/eldar.cz\/tompatrick\/wp-json\/wp\/v2\/posts"}],"about":[{"href":"https:\/\/eldar.cz\/tompatrick\/wp-json\/wp\/v2\/types\/post"}],"author":[{"embeddable":true,"href":"https:\/\/eldar.cz\/tompatrick\/wp-json\/wp\/v2\/users\/2"}],"replies":[{"embeddable":true,"href":"https:\/\/eldar.cz\/tompatrick\/wp-json\/wp\/v2\/comments?post=3065"}],"version-history":[{"count":1,"href":"https:\/\/eldar.cz\/tompatrick\/wp-json\/wp\/v2\/posts\/3065\/revisions"}],"predecessor-version":[{"id":3066,"href":"https:\/\/eldar.cz\/tompatrick\/wp-json\/wp\/v2\/posts\/3065\/revisions\/3066"}],"wp:attachment":[{"href":"https:\/\/eldar.cz\/tompatrick\/wp-json\/wp\/v2\/media?parent=3065"}],"wp:term":[{"taxonomy":"category","embeddable":true,"href":"https:\/\/eldar.cz\/tompatrick\/wp-json\/wp\/v2\/categories?post=3065"},{"taxonomy":"post_tag","embeddable":true,"href":"https:\/\/eldar.cz\/tompatrick\/wp-json\/wp\/v2\/tags?post=3065"}],"curies":[{"name":"wp","href":"https:\/\/api.w.org\/{rel}","templated":true}]}}