{"id":3041,"date":"2021-05-05T09:00:56","date_gmt":"2021-05-05T07:00:56","guid":{"rendered":"https:\/\/eldar.cz\/tompatrick\/?p=3041"},"modified":"2021-02-21T14:55:08","modified_gmt":"2021-02-21T12:55:08","slug":"prehled-basni-1","status":"publish","type":"post","link":"https:\/\/eldar.cz\/tompatrick\/jadro-jakosti-martina-jabkenice-uceleny-pribeh\/prehled-basni-1","title":{"rendered":"p\u0159ehled b\u00e1sn\u00ed (1)"},"content":{"rendered":"<div class=\"fcbkbttn_buttons_block\" id=\"fcbkbttn_left\"><div class=\"fcbkbttn_button\">\n                            <a href=\"https:\/\/www.facebook.com\/tom.patrick.509\" target=\"_blank\">\n                                <img decoding=\"async\" src=\"https:\/\/eldar.cz\/tompatrick\/wp-content\/plugins\/facebook-button-plugin\/images\/large-facebook-ico.png\" alt=\"Fb-Button\" \/>\n                            <\/a>\n                        <\/div><div class=\"fcbkbttn_like fcbkbttn_large_button\"><fb:like href=\"https:\/\/eldar.cz\/tompatrick\/jadro-jakosti-martina-jabkenice-uceleny-pribeh\/prehled-basni-1\" action=\"like\" colorscheme=\"light\" layout=\"standard\"  width=\"225px\" size=\"large\"><\/fb:like><\/div><div class=\"fb-share-button fcbkbttn_large_button \" data-href=\"https:\/\/eldar.cz\/tompatrick\/jadro-jakosti-martina-jabkenice-uceleny-pribeh\/prehled-basni-1\" data-type=\"button_count\" data-size=\"large\"><\/div><\/div><p><i><b>Ucelen\u00fd p\u0159\u00edb\u011bh (kniha s n\u00e1zvem: J\u00e1dro jakosti Martina Jabkeni\u010de)<\/b><\/i><\/p>\n<p>\u010c\u00c1ST 1<\/p>\n<p><i>Putov\u00e1n\u00ed Mal\u00e9ho budhy nap\u0159\u00ed\u010d Pevropou &#8211; Rom\u00e1n v\u00fdhradn\u011b lidsk\u00fd (1) \u2013 D\u00edvka a kot\u011b (10)<\/i><\/p>\n<p><strong>Na po\u010d\u00e1tku p\u0159\u00edb\u011bhu doch\u00e1z\u00ed k sezn\u00e1men\u00ed dvou d\u016fle\u017eit\u00fdch person: ost\u00fdchav\u00e9ho Dami\u00e1na a p\u016fvabn\u00e9 Lenky. Prvn\u011b jmenovan\u00fd je p\u016fvodem rod\u00e1k z africk\u00e9 Angoly, zat\u00edmco druh\u00e1 jmenovan\u00e1 roda\u010dkou ryze \u010deskou. A je to vlastn\u011b a\u017e s podivem, \u017ee k onomu osudn\u00e9mu setk\u00e1n\u00ed v\u016fbec do\u0161lo. Neb\u00fdt kolob\u011bhu, \u010d\u00edtaj\u00edc\u00edho celou \u0159adu n\u00e1hod, kdo v\u00ed, jak by se v\u0161e nakonec odv\u00edjelo. Kdyby Lenka nebyla znovu napadena a Dami\u00e1n se j\u00ed tentokr\u00e1t najisto nerozhodl vydat na pomoc, nikdy by se tak n\u00e1sledn\u011b neodehr\u00e1ly ud\u00e1losti, v nich\u017e d\u016fle\u017eitou, vpravd\u011b z\u00e1sadn\u00ed roli, naopak sehr\u00e1la so\u0161ka Mal\u00e9ho budhy. So\u0161ku Dami\u00e1novi v\u011bnoval pr\u00e1v\u011b otec on\u011bch dvou n\u00e1siln\u00edk\u016f, a pr\u00e1v\u011b ta je rovn\u011b\u017e tou, je\u017e Lence, coby v\u00e1\u0161niv\u00e9 sb\u011bratelce, chyb\u00ed v po\u010detn\u00e9 sb\u00edrce. A zat\u00edmco oba h\u0159\u00ed\u0161n\u00edci skon\u010d\u00ed v policejn\u00edch poutech, Dami\u00e1n a Lenka kone\u010dn\u011b maj\u00ed mo\u017enost osobn\u011b se l\u00e9pe poznat (1).<\/strong><\/p>\n<div class=\"fcbkbttn_buttons_block\" id=\"fcbkbttn_left\"><div class=\"fcbkbttn_button\">\n                            <a href=\"https:\/\/www.facebook.com\/tom.patrick.509\" target=\"_blank\">\n                                <img decoding=\"async\" src=\"https:\/\/eldar.cz\/tompatrick\/wp-content\/plugins\/facebook-button-plugin\/images\/large-facebook-ico.png\" alt=\"Fb-Button\" \/>\n                            <\/a>\n                        <\/div><div class=\"fcbkbttn_like fcbkbttn_large_button\"><fb:like href=\"https:\/\/eldar.cz\/tompatrick\/jadro-jakosti-martina-jabkenice-uceleny-pribeh\/prehled-basni-1\" action=\"like\" colorscheme=\"light\" layout=\"standard\"  width=\"225px\" size=\"large\"><\/fb:like><\/div><div class=\"fb-share-button fcbkbttn_large_button \" data-href=\"https:\/\/eldar.cz\/tompatrick\/jadro-jakosti-martina-jabkenice-uceleny-pribeh\/prehled-basni-1\" data-type=\"button_count\" data-size=\"large\"><\/div><\/div>","protected":false},"excerpt":{"rendered":"<p>Ucelen\u00fd p\u0159\u00edb\u011bh (kniha s n\u00e1zvem: J\u00e1dro jakosti Martina Jabkeni\u010de) \u010c\u00c1ST 1 Putov\u00e1n\u00ed Mal\u00e9ho budhy nap\u0159\u00ed\u010d Pevropou &#8211; Rom\u00e1n v\u00fdhradn\u011b lidsk\u00fd (1) \u2013 D\u00edvka a kot\u011b (10) Na po\u010d\u00e1tku p\u0159\u00edb\u011bhu doch\u00e1z\u00ed k sezn\u00e1men\u00ed dvou d\u016fle\u017eit\u00fdch person: ost\u00fdchav\u00e9ho Dami\u00e1na a p\u016fvabn\u00e9 Lenky. &hellip; <a href=\"https:\/\/eldar.cz\/tompatrick\/jadro-jakosti-martina-jabkenice-uceleny-pribeh\/prehled-basni-1\">Cel\u00fd p\u0159\u00edsp\u011bvek <span class=\"meta-nav\">&rarr;<\/span><\/a><\/p>\n","protected":false},"author":2,"featured_media":0,"comment_status":"open","ping_status":"open","sticky":false,"template":"","format":"standard","meta":{"_s2mail":"yes","footnotes":""},"categories":[31],"tags":[],"class_list":["post-3041","post","type-post","status-publish","format-standard","hentry","category-jadro-jakosti-martina-jabkenice-uceleny-pribeh"],"_links":{"self":[{"href":"https:\/\/eldar.cz\/tompatrick\/wp-json\/wp\/v2\/posts\/3041","targetHints":{"allow":["GET"]}}],"collection":[{"href":"https:\/\/eldar.cz\/tompatrick\/wp-json\/wp\/v2\/posts"}],"about":[{"href":"https:\/\/eldar.cz\/tompatrick\/wp-json\/wp\/v2\/types\/post"}],"author":[{"embeddable":true,"href":"https:\/\/eldar.cz\/tompatrick\/wp-json\/wp\/v2\/users\/2"}],"replies":[{"embeddable":true,"href":"https:\/\/eldar.cz\/tompatrick\/wp-json\/wp\/v2\/comments?post=3041"}],"version-history":[{"count":1,"href":"https:\/\/eldar.cz\/tompatrick\/wp-json\/wp\/v2\/posts\/3041\/revisions"}],"predecessor-version":[{"id":3042,"href":"https:\/\/eldar.cz\/tompatrick\/wp-json\/wp\/v2\/posts\/3041\/revisions\/3042"}],"wp:attachment":[{"href":"https:\/\/eldar.cz\/tompatrick\/wp-json\/wp\/v2\/media?parent=3041"}],"wp:term":[{"taxonomy":"category","embeddable":true,"href":"https:\/\/eldar.cz\/tompatrick\/wp-json\/wp\/v2\/categories?post=3041"},{"taxonomy":"post_tag","embeddable":true,"href":"https:\/\/eldar.cz\/tompatrick\/wp-json\/wp\/v2\/tags?post=3041"}],"curies":[{"name":"wp","href":"https:\/\/api.w.org\/{rel}","templated":true}]}}