{"id":3033,"date":"2021-08-30T09:00:59","date_gmt":"2021-08-30T07:00:59","guid":{"rendered":"https:\/\/eldar.cz\/tompatrick\/?p=3033"},"modified":"2021-02-20T11:32:09","modified_gmt":"2021-02-20T09:32:09","slug":"prusviharovi-eskapady-18","status":"publish","type":"post","link":"https:\/\/eldar.cz\/tompatrick\/jadro-jakosti-martina-jabkenice\/prusviharovi-eskapady-18","title":{"rendered":"Pr\u016f\u0161vih\u00e1\u0159ovy eskap\u00e1dy (18)"},"content":{"rendered":"<div class=\"fcbkbttn_buttons_block\" id=\"fcbkbttn_left\"><div class=\"fcbkbttn_button\">\n                            <a href=\"https:\/\/www.facebook.com\/tom.patrick.509\" target=\"_blank\">\n                                <img decoding=\"async\" src=\"https:\/\/eldar.cz\/tompatrick\/wp-content\/plugins\/facebook-button-plugin\/images\/large-facebook-ico.png\" alt=\"Fb-Button\" \/>\n                            <\/a>\n                        <\/div><div class=\"fcbkbttn_like fcbkbttn_large_button\"><fb:like href=\"https:\/\/eldar.cz\/tompatrick\/jadro-jakosti-martina-jabkenice\/prusviharovi-eskapady-18\" action=\"like\" colorscheme=\"light\" layout=\"standard\"  width=\"225px\" size=\"large\"><\/fb:like><\/div><div class=\"fb-share-button fcbkbttn_large_button \" data-href=\"https:\/\/eldar.cz\/tompatrick\/jadro-jakosti-martina-jabkenice\/prusviharovi-eskapady-18\" data-type=\"button_count\" data-size=\"large\"><\/div><\/div><p>Ve v\u00edsce nesouc\u00ed n\u00e1zev Pl\u00edskanice<\/p>\n<p>\u017eilo n\u011bco m\u00e1lo p\u0159es p\u011bt set obyvatel<\/p>\n<p>mezi nimi\u017e zejm\u00e9na vynikal<\/p>\n<p>Pavel Horda, zvan\u00fd Pr\u016f\u0161vih\u00e1\u0159<\/p>\n<p>\u00a0<\/p>\n<p>Nebylo snad dne v roce<\/p>\n<p>aby o doty\u010dn\u00e9m nepsalo se<\/p>\n<p>v m\u00edstn\u00edch \u010di jin\u00fdch novin\u00e1ch<\/p>\n<p>o jeho proh\u0159e\u0161c\u00edch, mnohdy na hranici z\u00e1kona<\/p>\n<p>\u00a0<\/p>\n<p>Pavel naposledy upoutal pozornost<\/p>\n<p>kdy\u017e op\u011bt zpil se nekontrolovateln\u011b na mol<\/p>\n<p>a pot\u00e9 do traktoru usedl<\/p>\n<p>p\u0159es pole m\u00ed\u0159\u00edc\u00ed si to k jezeru<\/p>\n<p>p\u0159edst\u00edraje, \u017ee pr\u00e1v\u011b zapo\u010dal jarn\u00ed orbu<\/p>\n<p>\u00a0<\/p>\n<p>Pavlova j\u00edzda traktorem<\/p>\n<p>jak jinak &#8211; skon\u010dila velice neslavn\u011b<\/p>\n<p>nebo\u0165 stroj ve vod\u011b utopil<\/p>\n<p>a s\u00e1m m\u011bl pak co d\u011blat<\/p>\n<p>aby zachr\u00e1nil si sv\u016fj vlastn\u00ed \u017eivot hol\u00fd<\/p>\n<p>\u00a0<\/p>\n<p>Dan\u00fd incident byl pro starostu v\u00edsky posledn\u00ed \u00fanosnou kapkou<\/p>\n<p>a tak s\u00e1m zavolal si Pavla<\/p>\n<p>pomyslnou h\u016fl na n\u00edm l\u00e1maje, neskr\u00fdvaje zlost<\/p>\n<p>a to nad v\u0161\u00edm, \u010deho se kdy jmenovan\u00fd dopustil<\/p>\n<p>promlouvaje mu do du\u0161e<\/p>\n<p>a\u0165 okam\u017eit\u011b sebere se<\/p>\n<p>a sv\u00e9 rodi\u0161t\u011b jednou prov\u017edy opust\u00ed<\/p>\n<p>\u00a0<\/p>\n<p>Pr\u00e1zdn\u00e9 m\u00edsto po Pr\u016f\u0161vih\u00e1\u0159i Pavlovi<\/p>\n<p>bylo zapln\u011bno brzy z\u00e1hy<\/p>\n<p>a to ruku v ruce s nadch\u00e1zej\u00edc\u00edmi ud\u00e1lostmi<\/p>\n<p>spojovan\u00fdmi s mimozemskou civilizac\u00ed<\/p>\n<p>\u00a0<\/p>\n<p>\u010cetn\u00e9 nezvratn\u00e9 d\u016fkazy<\/p>\n<p>jednozna\u010dn\u011b potvrzovaly dan\u00e9 dohady<\/p>\n<p>a to pot\u00e9, co oblohou nekone\u010dn\u011b t\u00e1hla se<\/p>\n<p>pr\u016fzra\u010dn\u00e1 oslniv\u00e1, nevysv\u011btliteln\u00e1 nadpozemsk\u00e1 z\u00e1\u0159e<\/p>\n<p>\u00a0<\/p>\n<p>Lid\u00e9 z v\u00edsky chodili se na ten \u00fakaz d\u00edvat<\/p>\n<p>a pak je\u0161t\u011b v\u00edce nadchli se pro n\u011bj<\/p>\n<p>kdy\u017e zachycena byla zpr\u00e1va z oblak<\/p>\n<p>o mo\u017en\u00e9m p\u0159ist\u00e1n\u00ed vesm\u00edrn\u00e9 pos\u00e1dky<\/p>\n<p>k n\u011bmu\u017e m\u011blo doj\u00edt p\u0159esn\u011b za t\u00fdden<\/p>\n<p>\u00faderem jeden\u00e1ct\u00e9 hodiny ve\u010dern\u00ed<\/p>\n<p>na jednom z nedalek\u00fdch pol\u00ed<\/p>\n<p>\u00a0<\/p>\n<p>Ve smluven\u00fd den i hodinu<\/p>\n<p>m\u00ed\u0159\u00ed obyvatel\u00e9 Pl\u00edskanic i po\u010detn\u00fd z\u00e1stup turist\u016f<\/p>\n<p>na m\u00edsto, kde se ka\u017edou chv\u00edli uskute\u010dnit m\u00e1<\/p>\n<p>historick\u00fd okam\u017eik, jen\u017e nav\u017edy zm\u011bn\u00ed chod d\u011bjin pozemsk\u00e9ho lidstva<\/p>\n<p>\u00a0<\/p>\n<p>Fotoapar\u00e1ty z\u00e1\u0159\u00ed blesky<\/p>\n<p>kamery v pohotovosti jsou<\/p>\n<p>kdy\u017e tu n\u00e1hle z nebes k zemi za\u010dne klesat<\/p>\n<p>prazvl\u00e1\u0161tn\u00ed galaktick\u00e9 t\u011bleso<\/p>\n<p>\u00a0<\/p>\n<p>K nesm\u00edrn\u00e9mu p\u0159ekvapen\u00ed i \u0161oku z\u00e1rove\u0148<\/p>\n<p>dav p\u0159ihl\u00ed\u017eej\u00edc\u00edch bezpe\u010dn\u011b pozn\u00e1v\u00e1 Pavla Pr\u016f\u0161vih\u00e1\u0159e<\/p>\n<p>jak vykl\u00e1n\u00ed se z okna sv\u00e9ho vlastn\u00edho v\u00fdtvoru<\/p>\n<p>\u0161kleb\u00edc\u00ed se na v\u0161echny p\u0159\u00edtomn\u00e9 od ucha k uchu<\/p>\n<p>\u00a0<\/p>\n<p>Nyn\u00ed ji\u017e nebylo pochyb o tom<\/p>\n<p>kdo zinscenoval onu vesm\u00edrnou \u0161ou<\/p>\n<p>prost\u0159ednictv\u00edm n\u00ed\u017e se \u0161irok\u00e9 ve\u0159ejnosti op\u011bt p\u0159ipomn\u011bl<\/p>\n<p>m\u00edstn\u00ed podiv\u00edn, poukazuj\u00edc\u00ed na svoji nezni\u010ditelnost<\/p>\n<p>a schopnost za ka\u017edou cenu upoutat n\u00e1le\u017eitou pozornost<\/p>\n<p>\u00a0<\/p>\n<p>Zlobit se op\u011btovn\u011b na Pavla Pr\u016f\u0161vih\u00e1\u0159e<\/p>\n<p>\u010di mu v\u00fdjime\u010dn\u011b vzd\u00e1t \u010destn\u00fd hold?<\/p>\n<p>Toto dilema \u0159e\u0161il starosta Pl\u00edskanic<\/p>\n<p>kdy\u017e na stole se\u0161lo se mu dopis\u016f doslova na tis\u00edc<\/p>\n<p>\u00a0<\/p>\n<p>Jedni pisatel\u00e9 st\u00ed\u017enostmi ne\u0161et\u0159ili<\/p>\n<p>hubuj\u00edc, \u017ee byli podvedeni a o\u0161\u00e1leni<\/p>\n<p>Av\u0161ak ti, kdo\u017e jednozna\u010dn\u011b p\u0159eva\u017eovali<\/p>\n<p>pat\u0159ili do on\u00e9 druh\u00e9, pozitivn\u011b nalad\u011bn\u00e9 skupiny<\/p>\n<p>v dopisech \u017e\u00e1daj\u00edc\u00ed o opakov\u00e1n\u00ed<\/p>\n<p>onoho vesm\u00edrn\u00e9ho ojedin\u011bl\u00e9ho p\u0159edstaven\u00ed<\/p>\n<p>\u00a0<\/p>\n<p>Starosta po pe\u010dliv\u00e9m zv\u00e1\u017een\u00ed nakonec<\/p>\n<p>rozhodl se vyhov\u011bt&#8230;<\/p>\n<p>Pavlov\u00fdm obdivovatel\u016fm, jim\u017e p\u0159isl\u00edbil<\/p>\n<p>zcela nov\u00e9 kulturn\u00ed vy\u017eit\u00ed<\/p>\n<p>\u00a0<\/p>\n<p>A tak zrodil se, z jeho a Pr\u016f\u0161vih\u00e1\u0159ovy iniciativy<\/p>\n<p>vesm\u00edrn\u00fd park Discovery<\/p>\n<p>nadpozemsk\u00fd to r\u00e1j pro v\u0161echny odchovance a vyznava\u010de<\/p>\n<p>prav\u00e9 mimozemsk\u00e9 civilizace<\/p>\n<p>\u00a0<\/p>\n<p>Pavlovi tak bylo odpu\u0161t\u011bno<\/p>\n<p>a v rodn\u00fdch Pl\u00edskanic\u00edch znovu mohl pob\u00fdvat<\/p>\n<p>m\u00edt tu sv\u00e9 z\u00e1zem\u00ed, sv\u00e9 st\u00e1l\u00e9 m\u00edsto<\/p>\n<p>\u00a0<\/p>\n<p>Dokonce i po pracovn\u00ed str\u00e1nce pov\u00fd\u0161il<\/p>\n<p>to kdy\u017e za\u010dal zast\u00e1vat jednu z pr\u016fvodcovsk\u00fdch funkc\u00ed<\/p>\n<p>pr\u00e1v\u011b v onom parku zvu\u010dn\u00e9ho sv\u011btov\u00e9ho jm\u00e9na<\/p>\n<p>jemu\u017e ani britsk\u00e1 panovnice Al\u017eb\u011bta II. neodolala<\/p>\n<p>\u00a0<\/p>\n<p>Tak v\u0161e \u0161\u0165astn\u011b pro Pavla nakonec p\u0159eci jen kon\u010d\u00ed<\/p>\n<p>a my rozhodn\u011b nem\u00e1me v \u00famyslu naru\u0161it<\/p>\n<p>po\u017eitek z jeho sou\u010dasn\u00e9ho nejen pozemsk\u00e9ho byt\u00ed<\/p>\n<p>\u00a0<\/p>\n<p>Proto o dal\u0161\u00edm utopen\u00e9m traktoru rad\u011bji poml\u010d\u00edme<\/p>\n<p>a do budoucna tomuto mu\u017ei jen to dobr\u00e9 pop\u0159ejeme<\/p>\n<p>A\u0165 ho \u017eivot je\u0161t\u011b dlouho bav\u00ed<\/p>\n<p>a vyhnou se mu, pokud mo\u017eno, jak\u00e9koliv dal\u0161\u00ed mal\u00e9ry<\/p>\n<p>\u00a0<\/p>\n<p>To z cel\u00e9ho srdce p\u0159ej\u00ed si<\/p>\n<p>kronik\u00e1\u0159i z dnes ji\u017e slavn\u00fdch Pl\u00edskanic<\/p>\n\n\n<p><\/p>\n<div class=\"fcbkbttn_buttons_block\" id=\"fcbkbttn_left\"><div class=\"fcbkbttn_button\">\n                            <a href=\"https:\/\/www.facebook.com\/tom.patrick.509\" target=\"_blank\">\n                                <img decoding=\"async\" src=\"https:\/\/eldar.cz\/tompatrick\/wp-content\/plugins\/facebook-button-plugin\/images\/large-facebook-ico.png\" alt=\"Fb-Button\" \/>\n                            <\/a>\n                        <\/div><div class=\"fcbkbttn_like fcbkbttn_large_button\"><fb:like href=\"https:\/\/eldar.cz\/tompatrick\/jadro-jakosti-martina-jabkenice\/prusviharovi-eskapady-18\" action=\"like\" colorscheme=\"light\" layout=\"standard\"  width=\"225px\" size=\"large\"><\/fb:like><\/div><div class=\"fb-share-button fcbkbttn_large_button \" data-href=\"https:\/\/eldar.cz\/tompatrick\/jadro-jakosti-martina-jabkenice\/prusviharovi-eskapady-18\" data-type=\"button_count\" data-size=\"large\"><\/div><\/div>","protected":false},"excerpt":{"rendered":"<p>Ve v\u00edsce nesouc\u00ed n\u00e1zev Pl\u00edskanice \u017eilo n\u011bco m\u00e1lo p\u0159es p\u011bt set obyvatel mezi nimi\u017e zejm\u00e9na vynikal Pavel Horda, zvan\u00fd Pr\u016f\u0161vih\u00e1\u0159 \u00a0 Nebylo snad dne v roce aby o doty\u010dn\u00e9m nepsalo se v m\u00edstn\u00edch \u010di jin\u00fdch novin\u00e1ch o jeho proh\u0159e\u0161c\u00edch, mnohdy &hellip; <a href=\"https:\/\/eldar.cz\/tompatrick\/jadro-jakosti-martina-jabkenice\/prusviharovi-eskapady-18\">Cel\u00fd p\u0159\u00edsp\u011bvek <span class=\"meta-nav\">&rarr;<\/span><\/a><\/p>\n","protected":false},"author":2,"featured_media":0,"comment_status":"open","ping_status":"open","sticky":false,"template":"","format":"standard","meta":{"_s2mail":"yes","footnotes":""},"categories":[30],"tags":[],"class_list":["post-3033","post","type-post","status-publish","format-standard","hentry","category-jadro-jakosti-martina-jabkenice"],"_links":{"self":[{"href":"https:\/\/eldar.cz\/tompatrick\/wp-json\/wp\/v2\/posts\/3033","targetHints":{"allow":["GET"]}}],"collection":[{"href":"https:\/\/eldar.cz\/tompatrick\/wp-json\/wp\/v2\/posts"}],"about":[{"href":"https:\/\/eldar.cz\/tompatrick\/wp-json\/wp\/v2\/types\/post"}],"author":[{"embeddable":true,"href":"https:\/\/eldar.cz\/tompatrick\/wp-json\/wp\/v2\/users\/2"}],"replies":[{"embeddable":true,"href":"https:\/\/eldar.cz\/tompatrick\/wp-json\/wp\/v2\/comments?post=3033"}],"version-history":[{"count":2,"href":"https:\/\/eldar.cz\/tompatrick\/wp-json\/wp\/v2\/posts\/3033\/revisions"}],"predecessor-version":[{"id":3039,"href":"https:\/\/eldar.cz\/tompatrick\/wp-json\/wp\/v2\/posts\/3033\/revisions\/3039"}],"wp:attachment":[{"href":"https:\/\/eldar.cz\/tompatrick\/wp-json\/wp\/v2\/media?parent=3033"}],"wp:term":[{"taxonomy":"category","embeddable":true,"href":"https:\/\/eldar.cz\/tompatrick\/wp-json\/wp\/v2\/categories?post=3033"},{"taxonomy":"post_tag","embeddable":true,"href":"https:\/\/eldar.cz\/tompatrick\/wp-json\/wp\/v2\/tags?post=3033"}],"curies":[{"name":"wp","href":"https:\/\/api.w.org\/{rel}","templated":true}]}}