{"id":2946,"date":"2021-03-22T09:00:15","date_gmt":"2021-03-22T07:00:15","guid":{"rendered":"https:\/\/eldar.cz\/tompatrick\/?p=2946"},"modified":"2020-11-16T10:37:40","modified_gmt":"2020-11-16T08:37:40","slug":"proces-32","status":"publish","type":"post","link":"https:\/\/eldar.cz\/tompatrick\/martin-jabkenic-sbirka-basni\/proces-32","title":{"rendered":"Proces (32)"},"content":{"rendered":"<div class=\"fcbkbttn_buttons_block\" id=\"fcbkbttn_left\"><div class=\"fcbkbttn_button\">\n                            <a href=\"https:\/\/www.facebook.com\/tom.patrick.509\" target=\"_blank\">\n                                <img decoding=\"async\" src=\"https:\/\/eldar.cz\/tompatrick\/wp-content\/plugins\/facebook-button-plugin\/images\/large-facebook-ico.png\" alt=\"Fb-Button\" \/>\n                            <\/a>\n                        <\/div><div class=\"fcbkbttn_like fcbkbttn_large_button\"><fb:like href=\"https:\/\/eldar.cz\/tompatrick\/martin-jabkenic-sbirka-basni\/proces-32\" action=\"like\" colorscheme=\"light\" layout=\"standard\"  width=\"225px\" size=\"large\"><\/fb:like><\/div><div class=\"fb-share-button fcbkbttn_large_button \" data-href=\"https:\/\/eldar.cz\/tompatrick\/martin-jabkenic-sbirka-basni\/proces-32\" data-type=\"button_count\" data-size=\"large\"><\/div><\/div><p>Proces zapo\u010dal<\/p>\n<p>Mo\u017en\u00e1 dokonce proces stolet\u00ed!<\/p>\n<p>Se \u017eenou<\/p>\n<p>co zcela osamocena st\u00e1la v jeho pop\u0159ed\u00ed<\/p>\n<p>\u00a0<\/p>\n<p>Jako vra\u017eedkyn\u011b pr\u00fd provinila se<\/p>\n<p>to kdy\u017e ruku vzt\u00e1hla na celou svoji rodinu<\/p>\n<p>kdy popravila ji \u00fadajn\u011b<\/p>\n<p>t\u00edm nejsurov\u011bj\u0161\u00edm mo\u017en\u00fdm zp\u016fsobem<\/p>\n<p>\u00a0<\/p>\n<p>Sv\u011bdci p\u0159edstupuj\u00ed p\u0159ed ctihodn\u00fd to soud<\/p>\n<p>\u0159e\u010d svoji kl\u00ed\u010dovou vypov\u00eddaj\u00ed pod p\u0159\u00edsahou<\/p>\n<p>Bez v\u00fdjimky pozn\u00e1vaj\u00ed jmenovanou<\/p>\n<p>dle oble\u010den\u00ed, je\u017e \u00fadajn\u011b m\u011bla na sob\u011b<\/p>\n<p>v danou dobu inkriminovanou<\/p>\n<p>\u00a0<\/p>\n<p>Ob\u017ealovan\u00e1 zarputile h\u00e1j\u00ed se:<\/p>\n<p><i>Vy v\u0161ichni do jednoho m\u00fdl\u00edte se!<\/i><\/p>\n<p><i>J\u00e1 to nebyla!<\/i><\/p>\n<p>\u00a0<\/p>\n<p>Obm\u011bk\u010d\u00ed nakonec p\u0159eci jen soudn\u00ed tribun\u00e1l?<\/p>\n<p>\u00a0<\/p>\n<p>\u017dena ocit\u00e1 se tak na pokraji zhroucen\u00ed<\/p>\n<p>Uv\u011bdomuje si, \u017ee patrn\u011b nemine ji do\u017eivotn\u00ed v\u011bzen\u00ed!<\/p>\n<p>Jeden velk\u00fd z\u00e1zrak musel by se st\u00e1ti<\/p>\n<p>aby padl kone\u010dn\u00fd osvobozuj\u00edc\u00ed verdikt<\/p>\n<p>\u00a0<\/p>\n<p>A tu advok\u00e1t ob\u017ealovan\u00e9 n\u00e1hle vzpomene si<\/p>\n<p>na cosi, co ob\u011bma mohlo by snad pomoci<\/p>\n<p>zvr\u00e1tit dan\u00fd verdikt v jejich prosp\u011bch<\/p>\n<p>pokud tedy je\u0161t\u011b existuje ona vz\u00e1cn\u00e1 v\u011bc<\/p>\n<p>\u00a0<\/p>\n<p>J\u00ed b\u00e1jn\u00e1 historick\u00e1 harfa jest<\/p>\n<p>jej\u00ed\u017e struny samy od sebe rozezn\u00ed se poka\u017ed\u00e9<\/p>\n<p>to kdy\u017e do jejich sp\u00e1r\u016f<\/p>\n<p>chyt\u00ed se skute\u010dn\u00fd pachatel<\/p>\n<p>\u00a0<\/p>\n<p>\u017de se n\u011bco takov\u00e9ho jev\u00ed jako naprosto nemo\u017en\u00e9?<\/p>\n<p>\u00a0<\/p>\n<p>To dozajista mus\u00ed pop\u0159\u00edt v\u0161ichni ti<\/p>\n<p>jim\u017e pr\u00e1v\u011b dan\u00fd n\u00e1stroj strunn\u00fd \u017eivot zachr\u00e1nil<\/p>\n<p>a oni si ho tak op\u011btovn\u011b znovu mohli pln\u011b u\u017e\u00edvat<\/p>\n<p>a na svobod\u011b tak zcela leg\u00e1ln\u011b pob\u00fdvat<\/p>\n<p>\u00a0<\/p>\n<p><i>Kde v\u0161ak onu b\u00e1jnou harfu hledat?<\/i><\/p>\n<p>Tuto ot\u00e1zku pr\u00e1v\u011b kladl si on\u00e9 \u017eeny advok\u00e1t<\/p>\n<p>\u00a0<\/p>\n<p>Nakonec n\u00e1hoda tomu napomohla<\/p>\n<p>a on natrefil na ni v kav\u00e1rn\u011b U Trofa<\/p>\n<p>kde jako vyslou\u017eil\u00fd exempl\u00e1\u0159 se vyj\u00edmala<\/p>\n<p>a jako by ji\u017e nikoho nezaj\u00edmala<\/p>\n<p>\u00a0<\/p>\n<p>Bylo tomu bezm\u00e1la dvacet let<\/p>\n<p>co sv\u016fj posledn\u00ed proces soudn\u00ed<\/p>\n<p>dovedla do \u00fasp\u011b\u0161n\u00e9ho konce<\/p>\n<p>Bude tedy od t\u00e9 dobroty<\/p>\n<p>a je\u0161t\u011b jednou sv\u00e9 kvality potvrd\u00ed?<\/p>\n<p>\u00a0<\/p>\n<p>Majitel kav\u00e1rny ochotn\u011b b\u00e1jnou harfu zap\u016fj\u010d\u00ed<\/p>\n<p>pod podm\u00ednkou v\u0161ak<\/p>\n<p>\u017ee se dan\u00e9ho procesu osobn\u011b z\u00fa\u010dastn\u00ed<\/p>\n<p>\u00a0<\/p>\n<p>Advok\u00e1t s t\u00edm ochotn\u011b souhlas\u00ed<\/p>\n<p><i>Pro\u010d by ne?<\/i><\/p>\n<p><i>V\u017edy\u0165 to je to nejmen\u0161\u00ed<\/i><\/p>\n<p>\u0159ekne si<\/p>\n<p>\u00a0<\/p>\n<p>Obnoveno bylo tedy soudn\u00ed l\u00ed\u010den\u00ed<\/p>\n<p>na popud onoho, co st\u00e1l na stran\u011b \u017eeny<\/p>\n<p>Ta tvrdo\u0161\u00edjn\u011b trvala na sv\u00e9 nevin\u011b!<\/p>\n<p><i>Uv\u011b\u0159\u00ed mi to v\u0161ichni p\u0159\u00edtomn\u00ed kone\u010dn\u011b?<\/i><\/p>\n<p>modlila se<\/p>\n<p>\u00a0<\/p>\n<p>Sv\u011bdci, jeden po druh\u00e9m, chod\u00ed tedy op\u011bt vypov\u00eddat<\/p>\n<p>le\u010d harfa v\u016f\u010di nim jest nem\u011bn\u011b ml\u010denliv\u00e1<\/p>\n<p>V\u00fd\u010det t\u00e9m\u011b\u0159 kompletn\u00ed<\/p>\n<p>zb\u00fdv\u00e1 u\u017e jen jeden posledn\u00ed<\/p>\n<p>\u00a0<\/p>\n<p>A tu ud\u00e1la se ona nev\u00eddan\u00e1 v\u011bc!<\/p>\n<p>Kdy harfa n\u011b\u017en\u011b rozezvu\u010dila zn\u011bl\u00e9 struny sv\u00e9!<\/p>\n<p><i>Tak n\u00e1hle, tak ne\u010dekan\u011b!<\/i><\/p>\n<p>Celou soudn\u00ed s\u00edn\u00ed za\u0161um\u011blo dan\u00e9 vzru\u0161en\u011b<\/p>\n<p>\u00a0<\/p>\n<p>Ob\u017ealovan\u00e1 pozn\u00e1vala onoho mu\u017ee!<\/p>\n<p>Byl j\u00edm jej\u00ed dlouholet\u00fd soused!<\/p>\n<p>A pr\u00e1v\u011b ten p\u0159izn\u00e1val se nyn\u00ed dobrovoln\u011b<\/p>\n<p>k ohavn\u00e9mu \u010dinu neodpustiteln\u00e9mu<\/p>\n<p>j\u00edm\u017e sna\u017eil se ukojiti sv\u016fj vlastn\u00ed nen\u00e1vistn\u00fd vztek<\/p>\n<p>\u00a0<\/p>\n<p>Toto\u017en\u00e9 oble\u010den\u00ed si po\u0159\u00eddil<\/p>\n<p>a v n\u011bm onoho chladn\u00e9ho \u0159\u00edjnov\u00e9ho ve\u010dera<\/p>\n<p>do domu \u017eeny vstoupil<\/p>\n<p>V ruce t\u0159\u00edmaj\u00edc pln\u011b funk\u010dn\u00ed brokovnici<\/p>\n<p>s n\u00ed\u017e zakr\u00e1tko dovr\u0161il svoji krvavou misi<\/p>\n<p>\u00a0<\/p>\n<p>Mu\u017e, zcela vy\u010derp\u00e1n v\u00fdpov\u011bd\u00ed, n\u00e1sledn\u011b hrout\u00ed se<\/p>\n<p>v obli\u010deji cel\u00fd bled\u00fd<\/p>\n<p>jako kdyby pr\u00e1v\u011b mu\u010den byl<\/p>\n<p>t\u00edm nejhor\u0161\u00edm mo\u017en\u00fdm zp\u016fsobem<\/p>\n<p>Z\u00e1hy policejn\u00ed eskorta v poutech jej odv\u00e1d\u00ed<\/p>\n<p>a ukon\u010deno tak jest zdlouhav\u00e9 soudn\u00ed l\u00ed\u010den\u00ed<\/p>\n<p>je\u017e \u017een\u011b k\u00fd\u017eenou svobodu p\u0159ineslo<\/p>\n<p>\u00a0<\/p>\n<p><i>K \u010demu m\u00ed v\u0161ak bude<\/i><\/p>\n<p><i>kdy\u017e u\u017e nikdy neuvid\u00edm se se svoj\u00ed po\u010detnou to rodinou?<\/i><\/p>\n<p>\u00a0<\/p>\n<p>A tu majitele kav\u00e1rny napadne sp\u00e1sn\u00e9<\/p>\n<p>jak by doty\u010dn\u00e1 alespo\u0148 \u010d\u00e1ste\u010dn\u011b<\/p>\n<p>mohla za\u017eehnati smutek<\/p>\n<p>je\u017e toliko zat\u011b\u017ek\u00e1val jej\u00ed srdce<\/p>\n<p>\u00a0<\/p>\n<p>\u017dena notnou chv\u00edli v\u00e1h\u00e1<\/p>\n<p>do jej\u00edho sou\u010dasn\u00e9ho \u017eivota<\/p>\n<p>v\u0161ak \u010d\u00edm d\u00e1l v\u00edce neut\u011b\u0161iteln\u00e1 samota se vkr\u00e1d\u00e1<\/p>\n<p>A tak silou v\u016fle p\u0159em\u00e1h\u00e1 v\u0161echny negativn\u00ed emoce<\/p>\n<p>d\u00e1 na onu radu a do spole\u010dnosti p\u0159eci jen nakonec vyd\u00e1 se<\/p>\n<p>\u00a0<\/p>\n<p>Poprv\u00e9, podruh\u00e9, pot\u0159et\u00ed!<\/p>\n<p>A netrv\u00e1 to dlouho a \u00fasm\u011bv se j\u00ed na tv\u00e1\u0159i rozn\u011b\u017en\u00ed!<\/p>\n<p>To kdy\u017e pot\u0159ebnou oporu ne\u010dekan\u011b nach\u00e1z\u00ed<\/p>\n<p>v rozv\u011btven\u00e9 rodin\u011b<\/p>\n<p>co do jednoho z tamn\u00edch bar\u016f pravideln\u011b doch\u00e1z\u00ed<\/p>\n<p>\u00a0<\/p>\n<p>Bude tomu v\u0161ak tak ji\u017e napo\u0159\u00e1d?<\/p>\n<p>Zl\u00ed jazykov\u00e9 tvrd\u00ed, \u017ee v dan\u00e9 rodin\u011b<\/p>\n<p>\u00fadajn\u011b p\u0159eb\u00fdv\u00e1 zl\u00fd tch\u00e1n<\/p>\n<p>\u00a0<\/p>\n<p>Kdo v\u00ed, t\u0159eba o tom leccos do budoucna napov\u00ed<\/p>\n<p>zcela nov\u00fd proces soudn\u00ed<\/p>\n<p>\u00a0<\/p>\n<p>Proces, v n\u011bm\u017e ona kdysi vin\u011bn\u00e1<\/p>\n<p>zas bude st\u00e1t v jeho pop\u0159ed\u00ed jako jedin\u00e1<\/p>\n<p>a obdobn\u011b h\u00e1jit se:<i> J\u00e1 jsem zcela nevinn\u00e1!<\/i><\/p>\n<div class=\"fcbkbttn_buttons_block\" id=\"fcbkbttn_left\"><div class=\"fcbkbttn_button\">\n                            <a href=\"https:\/\/www.facebook.com\/tom.patrick.509\" target=\"_blank\">\n                                <img decoding=\"async\" src=\"https:\/\/eldar.cz\/tompatrick\/wp-content\/plugins\/facebook-button-plugin\/images\/large-facebook-ico.png\" alt=\"Fb-Button\" \/>\n                            <\/a>\n                        <\/div><div class=\"fcbkbttn_like fcbkbttn_large_button\"><fb:like href=\"https:\/\/eldar.cz\/tompatrick\/martin-jabkenic-sbirka-basni\/proces-32\" action=\"like\" colorscheme=\"light\" layout=\"standard\"  width=\"225px\" size=\"large\"><\/fb:like><\/div><div class=\"fb-share-button fcbkbttn_large_button \" data-href=\"https:\/\/eldar.cz\/tompatrick\/martin-jabkenic-sbirka-basni\/proces-32\" data-type=\"button_count\" data-size=\"large\"><\/div><\/div>","protected":false},"excerpt":{"rendered":"<p>Proces zapo\u010dal Mo\u017en\u00e1 dokonce proces stolet\u00ed! Se \u017eenou co zcela osamocena st\u00e1la v jeho pop\u0159ed\u00ed \u00a0 Jako vra\u017eedkyn\u011b pr\u00fd provinila se to kdy\u017e ruku vzt\u00e1hla na celou svoji rodinu kdy popravila ji \u00fadajn\u011b t\u00edm nejsurov\u011bj\u0161\u00edm mo\u017en\u00fdm zp\u016fsobem \u00a0 Sv\u011bdci p\u0159edstupuj\u00ed &hellip; <a href=\"https:\/\/eldar.cz\/tompatrick\/martin-jabkenic-sbirka-basni\/proces-32\">Cel\u00fd p\u0159\u00edsp\u011bvek <span class=\"meta-nav\">&rarr;<\/span><\/a><\/p>\n","protected":false},"author":2,"featured_media":0,"comment_status":"open","ping_status":"open","sticky":false,"template":"","format":"standard","meta":{"_s2mail":"yes","footnotes":""},"categories":[27],"tags":[],"class_list":["post-2946","post","type-post","status-publish","format-standard","hentry","category-martin-jabkenic-sbirka-basni"],"_links":{"self":[{"href":"https:\/\/eldar.cz\/tompatrick\/wp-json\/wp\/v2\/posts\/2946","targetHints":{"allow":["GET"]}}],"collection":[{"href":"https:\/\/eldar.cz\/tompatrick\/wp-json\/wp\/v2\/posts"}],"about":[{"href":"https:\/\/eldar.cz\/tompatrick\/wp-json\/wp\/v2\/types\/post"}],"author":[{"embeddable":true,"href":"https:\/\/eldar.cz\/tompatrick\/wp-json\/wp\/v2\/users\/2"}],"replies":[{"embeddable":true,"href":"https:\/\/eldar.cz\/tompatrick\/wp-json\/wp\/v2\/comments?post=2946"}],"version-history":[{"count":1,"href":"https:\/\/eldar.cz\/tompatrick\/wp-json\/wp\/v2\/posts\/2946\/revisions"}],"predecessor-version":[{"id":2947,"href":"https:\/\/eldar.cz\/tompatrick\/wp-json\/wp\/v2\/posts\/2946\/revisions\/2947"}],"wp:attachment":[{"href":"https:\/\/eldar.cz\/tompatrick\/wp-json\/wp\/v2\/media?parent=2946"}],"wp:term":[{"taxonomy":"category","embeddable":true,"href":"https:\/\/eldar.cz\/tompatrick\/wp-json\/wp\/v2\/categories?post=2946"},{"taxonomy":"post_tag","embeddable":true,"href":"https:\/\/eldar.cz\/tompatrick\/wp-json\/wp\/v2\/tags?post=2946"}],"curies":[{"name":"wp","href":"https:\/\/api.w.org\/{rel}","templated":true}]}}