{"id":2942,"date":"2021-03-17T09:00:20","date_gmt":"2021-03-17T07:00:20","guid":{"rendered":"https:\/\/eldar.cz\/tompatrick\/?p=2942"},"modified":"2020-11-15T20:41:59","modified_gmt":"2020-11-15T18:41:59","slug":"basne-29-31","status":"publish","type":"post","link":"https:\/\/eldar.cz\/tompatrick\/martin-jabkenic-sbirka-basni-uceleny-pribeh\/basne-29-31","title":{"rendered":"B\u00e1sn\u011b (29-31)"},"content":{"rendered":"<div class=\"fcbkbttn_buttons_block\" id=\"fcbkbttn_left\"><div class=\"fcbkbttn_button\">\n                            <a href=\"https:\/\/www.facebook.com\/tom.patrick.509\" target=\"_blank\">\n                                <img decoding=\"async\" src=\"https:\/\/eldar.cz\/tompatrick\/wp-content\/plugins\/facebook-button-plugin\/images\/large-facebook-ico.png\" alt=\"Fb-Button\" \/>\n                            <\/a>\n                        <\/div><div class=\"fcbkbttn_like fcbkbttn_large_button\"><fb:like href=\"https:\/\/eldar.cz\/tompatrick\/martin-jabkenic-sbirka-basni-uceleny-pribeh\/basne-29-31\" action=\"like\" colorscheme=\"light\" layout=\"standard\"  width=\"225px\" size=\"large\"><\/fb:like><\/div><div class=\"fb-share-button fcbkbttn_large_button \" data-href=\"https:\/\/eldar.cz\/tompatrick\/martin-jabkenic-sbirka-basni-uceleny-pribeh\/basne-29-31\" data-type=\"button_count\" data-size=\"large\"><\/div><\/div>\n<p><strong>Ucelen\u00fd p\u0159\u00edb\u011bh (kniha s n\u00e1zvem: Martin Jabkeni\u010d \u2013 sb\u00edrka b\u00e1sn\u00ed) <\/strong><\/p>\n\n\n\n<p><\/p>\n\n\n\n<p>\u010c\u00c1ST 2 <\/p>\n\n\n\n<p><em>Rod Habr\u016f a jeho nelehk\u00e1 cesta za \u0161t\u011bst\u00edm &#8211; Nelidsk\u00fd jate\u010dn\u00edk (29) \u2013 Mezi \u017eivotem a smrt\u00ed (34) <\/em><\/p>\n\n\n\n<p>Mal\u00ed\u0159 sice nakonec do\u0161el vykoupen\u00ed z pozemsk\u00fdch utrpen\u00ed, av\u0161ak boj s nehostinn\u00fdm krut\u00fdm Osudem na ni prob\u00edh\u00e1 d\u00e1l. Sv\u011bd\u010d\u00ed o tom jist\u00e1 nelidsk\u00e1 hyena, maj\u00edc\u00ed na sv\u011bdom\u00ed nespo\u010det vra\u017ed z \u0159ad lidsk\u00fdch nezletilc\u016f (29). Jako z\u00e1zrakem je z jej\u00edch osidel propu\u0161t\u011bn a\u017e mal\u00fd Mark, jemu\u017e pomohlo, \u017ee se oddan\u011b staral o sv\u00e9 mal\u00e9 \u0161t\u011bn\u011b. Bohu\u017eel i jeho o n\u011bco pozd\u011bji stihne nemil\u00fd osud. Markova n\u011bkdej\u0161\u00ed p\u0159\u00edtelkyn\u011b jej opust\u00ed kv\u016fli nev\u011b\u0159e. Mark se zpo\u010d\u00e1tku nevzd\u00e1v\u00e1 a za\u010dne po n\u00ed p\u00e1trat, v nad\u011bji, \u017ee se v\u0161e urovn\u00e1. Jedna z cest jej zavede a\u017e do Pa\u0159\u00ed\u017ee, kde nav\u0161t\u00edv\u00ed hotel, kde jeho n\u011bkdej\u0161\u00ed l\u00e1ska m\u00e1 \u00fadajn\u011b moment\u00e1ln\u011b p\u0159eb\u00fdvat. Mark ji v\u0161ak p\u0159istihne s jin\u00fdm. Tedy alespo\u0148 tak si to jmenovan\u00fd vysv\u011btluje. \u017divot pro Marka tak definitivn\u011b ztratil smysl. Nem\u00e1 pro koho by \u017eil, a i kdy\u017e se doty\u010dn\u00fd nev\u011bdomky dopustil omylu, ji\u017e nikdy se nesta\u010d\u00ed dozv\u011bd\u011bt skute\u010dnou pravdu, tedy to o Jelen\u011b a Katje, o jejich n\u00e1hodn\u00e9m setk\u00e1n\u00ed a o noci pln\u00e9 v\u00e1\u0161n\u00ed. Mark tedy dobrovoln\u011b odch\u00e1z\u00ed z tohoto sv\u011bta utonut\u00edm v S\u00e9n\u011b (30). <strong>Rod Habr\u016f smutn\u00ed, pr\u00e1v\u011b p\u0159i\u0161el o jednoho ze sv\u00fdch potomk\u016f. Aby toho ne\u0161t\u011bst\u00ed nebylo m\u00e1lo, tak dan\u00fd rod je nav\u00edc siln\u011b zadlu\u017een\u00fd a to pro svoje neuv\u00e1\u017een\u00e9 investov\u00e1n\u00ed. Mark sice ode\u0161el na v\u011b\u010dnost, jsou tu v\u0161ak jeho dal\u0161\u00ed dva sourozenci, Sandra a Oleg a p\u0159edev\u0161\u00edm pak ob\u011btav\u00fd retr\u00edvr Ben. Je to pr\u00e1v\u011b on, kdo zabr\u00e1n\u00ed hroz\u00edc\u00ed exekuc\u00ed s\u00eddla Habr\u016f! Ba co v\u00edc, pom\u016f\u017ee nejen sv\u00fdm nyn\u011bj\u0161\u00edm majitel\u016fm, ale rovn\u011b\u017e i nevidom\u00e9 d\u00edvce Kl\u00e1\u0159e, j\u00ed\u017e coby slepeck\u00fd pes jinak oddan\u011b vypom\u00e1h\u00e1 a je nepostradatelnou oporou na jejich spole\u010dn\u00fdch proch\u00e1zk\u00e1ch tamn\u00ed p\u0159\u00edrodou (31).<\/strong><\/p>\n<div class=\"fcbkbttn_buttons_block\" id=\"fcbkbttn_left\"><div class=\"fcbkbttn_button\">\n                            <a href=\"https:\/\/www.facebook.com\/tom.patrick.509\" target=\"_blank\">\n                                <img decoding=\"async\" src=\"https:\/\/eldar.cz\/tompatrick\/wp-content\/plugins\/facebook-button-plugin\/images\/large-facebook-ico.png\" alt=\"Fb-Button\" \/>\n                            <\/a>\n                        <\/div><div class=\"fcbkbttn_like fcbkbttn_large_button\"><fb:like href=\"https:\/\/eldar.cz\/tompatrick\/martin-jabkenic-sbirka-basni-uceleny-pribeh\/basne-29-31\" action=\"like\" colorscheme=\"light\" layout=\"standard\"  width=\"225px\" size=\"large\"><\/fb:like><\/div><div class=\"fb-share-button fcbkbttn_large_button \" data-href=\"https:\/\/eldar.cz\/tompatrick\/martin-jabkenic-sbirka-basni-uceleny-pribeh\/basne-29-31\" data-type=\"button_count\" data-size=\"large\"><\/div><\/div>","protected":false},"excerpt":{"rendered":"<p>Ucelen\u00fd p\u0159\u00edb\u011bh (kniha s n\u00e1zvem: Martin Jabkeni\u010d \u2013 sb\u00edrka b\u00e1sn\u00ed) \u010c\u00c1ST 2 Rod Habr\u016f a jeho nelehk\u00e1 cesta za \u0161t\u011bst\u00edm &#8211; Nelidsk\u00fd jate\u010dn\u00edk (29) \u2013 Mezi \u017eivotem a smrt\u00ed (34) Mal\u00ed\u0159 sice nakonec do\u0161el vykoupen\u00ed z pozemsk\u00fdch utrpen\u00ed, av\u0161ak boj &hellip; <a href=\"https:\/\/eldar.cz\/tompatrick\/martin-jabkenic-sbirka-basni-uceleny-pribeh\/basne-29-31\">Cel\u00fd p\u0159\u00edsp\u011bvek <span class=\"meta-nav\">&rarr;<\/span><\/a><\/p>\n","protected":false},"author":2,"featured_media":0,"comment_status":"open","ping_status":"open","sticky":false,"template":"","format":"standard","meta":{"_s2mail":"yes","footnotes":""},"categories":[28],"tags":[],"class_list":["post-2942","post","type-post","status-publish","format-standard","hentry","category-martin-jabkenic-sbirka-basni-uceleny-pribeh"],"_links":{"self":[{"href":"https:\/\/eldar.cz\/tompatrick\/wp-json\/wp\/v2\/posts\/2942","targetHints":{"allow":["GET"]}}],"collection":[{"href":"https:\/\/eldar.cz\/tompatrick\/wp-json\/wp\/v2\/posts"}],"about":[{"href":"https:\/\/eldar.cz\/tompatrick\/wp-json\/wp\/v2\/types\/post"}],"author":[{"embeddable":true,"href":"https:\/\/eldar.cz\/tompatrick\/wp-json\/wp\/v2\/users\/2"}],"replies":[{"embeddable":true,"href":"https:\/\/eldar.cz\/tompatrick\/wp-json\/wp\/v2\/comments?post=2942"}],"version-history":[{"count":3,"href":"https:\/\/eldar.cz\/tompatrick\/wp-json\/wp\/v2\/posts\/2942\/revisions"}],"predecessor-version":[{"id":2945,"href":"https:\/\/eldar.cz\/tompatrick\/wp-json\/wp\/v2\/posts\/2942\/revisions\/2945"}],"wp:attachment":[{"href":"https:\/\/eldar.cz\/tompatrick\/wp-json\/wp\/v2\/media?parent=2942"}],"wp:term":[{"taxonomy":"category","embeddable":true,"href":"https:\/\/eldar.cz\/tompatrick\/wp-json\/wp\/v2\/categories?post=2942"},{"taxonomy":"post_tag","embeddable":true,"href":"https:\/\/eldar.cz\/tompatrick\/wp-json\/wp\/v2\/tags?post=2942"}],"curies":[{"name":"wp","href":"https:\/\/api.w.org\/{rel}","templated":true}]}}