{"id":292,"date":"2024-08-19T09:00:00","date_gmt":"2024-08-19T07:00:00","guid":{"rendered":"http:\/\/eldar.cz\/tompatrick\/?p=292"},"modified":"2023-11-14T11:28:23","modified_gmt":"2023-11-14T09:28:23","slug":"14-dovetek","status":"publish","type":"post","link":"https:\/\/eldar.cz\/tompatrick\/citymeans\/citymeans2\/14-dovetek","title":{"rendered":"Kapitola 20 &#8211; Dov\u011btek (nov\u00e1 restaurovan\u00e1 verze s obr\u00e1zky!)"},"content":{"rendered":"<div class=\"fcbkbttn_buttons_block\" id=\"fcbkbttn_left\"><div class=\"fcbkbttn_button\">\n                            <a href=\"https:\/\/www.facebook.com\/tom.patrick.509\" target=\"_blank\">\n                                <img decoding=\"async\" src=\"https:\/\/eldar.cz\/tompatrick\/wp-content\/plugins\/facebook-button-plugin\/images\/large-facebook-ico.png\" alt=\"Fb-Button\" \/>\n                            <\/a>\n                        <\/div><div class=\"fcbkbttn_like fcbkbttn_large_button\"><fb:like href=\"https:\/\/eldar.cz\/tompatrick\/citymeans\/citymeans2\/14-dovetek\" action=\"like\" colorscheme=\"light\" layout=\"standard\"  width=\"225px\" size=\"large\"><\/fb:like><\/div><div class=\"fb-share-button fcbkbttn_large_button \" data-href=\"https:\/\/eldar.cz\/tompatrick\/citymeans\/citymeans2\/14-dovetek\" data-type=\"button_count\" data-size=\"large\"><\/div><\/div><p><em>Sobotn\u00ed r\u00e1no se zd\u00e1 b\u00fdt po\u0161mourn\u00e9, my si z n\u011bj v\u0161ak pram\u00e1lo d\u011bl\u00e1me. V\u017edy\u0165 jen kr\u00e1pe a slab\u00fd de\u0161t\u00edk p\u0159ece je\u0161t\u011b nutn\u011b nemus\u00ed p\u0159edznamen\u00e1vat krut\u00e9 zlo. V r\u00e1mci p\u0159ipodobn\u011bn\u00ed a p\u0159i tro\u0161e t\u00e9 fantazie se klidn\u011b m\u016f\u017ee st\u00e1t nedoceniteln\u00fdm p\u0159\u00edtelem, jen\u017e n\u00e1m kalu\u017eemi nazna\u010d\u00ed novou cestu, kdy\u017e v r\u00e1mci bezradnosti nev\u00edme, kam se uch\u00fdlit.<\/em><br \/>\n<em>Pozorujeme lidi, jak s tou nejv\u011bt\u0161\u00ed mo\u017enou zarputilou nevra\u017eivost\u00ed rozev\u00edraj\u00ed de\u0161tn\u00edky a lamentuj\u00ed, jak je to leto\u0161n\u00ed po\u010das\u00ed stra\u0161n\u011b nevypo\u010ditateln\u00e9, \u017ee je to a\u017e do nebe volaj\u00edc\u00ed! N\u00e1m osmi ale dod\u00e1v\u00e1 pot\u0159ebnou inspiraci. Pod\u00e1v\u00e1m Petrovi, Dit\u011b a Anton\u00ednovi smajl\u00edky a Elke je zas p\u0159ed\u00e1v\u00e1 Vinckovi, Jan\u011b a Just\u00fdn\u011b. N\u00e1sledn\u011b spole\u010dn\u011b vb\u00edh\u00e1me do rozmrzel\u00e9ho davu a ony samolepky \u0160T\u011aST\u00cd v\u0161em rozd\u00e1v\u00e1me. Zvl\u00e1\u0161tn\u00ed, n\u011bkter\u00fdm kolemjdouc\u00edm se n\u00e1hle zlep\u0161uje n\u00e1lada, nebo\u0165 jim vnucujeme p\u0159edstavu, \u017ee v Kataln\u00e9 Mochn\u011b kdysi d\u00e1vno p\u0159eb\u00fdval \u010dlov\u011bk, co za pomoci t\u011bchto sam\u00fdch \u00fasm\u011bv\u016f na d\u00e1lku l\u00e9\u010dil bolavou du\u0161i. Je a\u017e s p\u0159\u00edjemn\u00fdm podivem, jak v pouh\u00e9m jednom jedin\u00e9m emotivn\u00edm okam\u017eiku lid\u00e9 dok\u00e1\u017e\u00ed sugestivn\u011b pozitivn\u011b zareagovat.<\/em><br \/>\n<em>Tento \u00fasp\u011bch n\u00e1s posouv\u00e1 o kr\u016f\u010dek d\u00e1l a tak d\u00e1v\u00e1 t\u00e9m\u011b\u0159 jistou nad\u011bji, \u017ee se sobotn\u00ed den ponese jen v t\u011bch nejp\u0159\u00edzniv\u011bj\u0161\u00edch ozv\u011bn\u00e1ch. ALE NE! Jana se ve sv\u00fdch my\u0161lenk\u00e1ch p\u0159ece jen zase ne\u010dekan\u011b vyd\u00e1v\u00e1 na nemocni\u010dn\u00ed l\u016f\u017eko ke sv\u00fdm kamar\u00e1d\u016fm, j\u00e1 a ostatn\u00ed se ji tedy op\u011btovn\u011b sna\u017e\u00edme uchl\u00e1cholit t\u00edm, \u017ee se v\u0161e za n\u011bjakou dobu obr\u00e1t\u00ed k lep\u0161\u00edmu.<\/em><br \/>\n<em>Je to ale a\u017e smajl\u00edk, co Jan\u011b dod\u00e1v\u00e1 tolik pot\u0159ebn\u00fd klid, nebo\u0165 mezit\u00edm spat\u0159uje, jak\u00e9 m\u00e1 blahod\u00e1rn\u00e9 \u00fa\u010dinky na okoln\u00ed ciz\u00ed tv\u00e1\u0159e. Ka\u017ed\u00fd z n\u00e1s sedmi (to je p\u0159ece \u0161\u0165astn\u00e9 \u010d\u00edslo odjak\u017eiva!) Jan\u011b do ruky d\u00e1v\u00e1 po\u010detnou hrst nov\u00fdch smajl\u00edk\u016f, a\u0165 jimi sv\u00e9 vrstevn\u00edky v nemocnici spravedliv\u011b podaruje, a\u017e je op\u011bt p\u016fjde nav\u0161t\u00edvit, a neopomene p\u0159i tom pron\u00e9st i kouzelnou formulku &#8211; ,za v\u0161\u00edm zl\u00fdm v\u017edy hledej to hezk\u00e9&#8217;, v r\u00e1mci p\u0159ipodobn\u011bn\u00ed ono lahod\u00edc\u00ed ,\u010d\u00edm v\u00edce \u00fasm\u011bv\u016f, t\u00edm v\u011bt\u0161\u00ed \u0161ance pro brzk\u00e9 uzdraven\u00ed&#8217;.<\/em><\/p>\n<p><img loading=\"lazy\" decoding=\"async\" class=\"\" src=\"https:\/\/eldar.cz\/tompatrick\/wp-content\/uploads\/2023\/06\/33-Mladik-se-potulnym-komediantum-upise-1024x1021.jpg\" width=\"540\" height=\"538\"><\/p>\n<p><em>Nikdo z n\u00e1s nem\u00e1 Jan\u011b p\u0159edchoz\u00ed negativn\u00ed v\u00fdkyvy za zl\u00e9, je pochopiteln\u00e9, \u017ee n\u011bco zl\u00e9ho se ned\u00e1 jen tak smazat. I Anton\u00edn se o to ale pokusil a usp\u011bl. Aby tak\u00e9 ne, kdy\u017e jeho p\u0159\u00edjmen\u00ed je v r\u00e1mci p\u0159ipodobn\u011bn\u00ed n\u00e1chyln\u00e9 k ,nov\u00fdm not\u00e1m&#8217;, je tedy p\u0159\u00edmo jako stvo\u0159en\u00e9 pro zm\u011bny. A j\u00e1 jsem r\u00e1da, \u017ee to tak od \u010dtvrte\u010dn\u00edho dopoledne shodn\u011b vn\u00edm\u00e1 i Dita, \u017ee ona kupa usm\u011bvav\u00fdch samolepkov\u00fdch tv\u00e1\u0159i\u010dek \u0160T\u011aST\u00cd nyn\u00ed n\u011bco podobn\u00e9ho najisto za\u010d\u00edn\u00e1 vzbuzovat nejen v Jan\u011b, kter\u00e1 je op\u011bt v\u00edce n\u00e1chyln\u00e1 k pozitivn\u00edm \u201ehovor\u016fm\u201c, ale i v Anton\u00ednov\u011b p\u0159\u00edtelkyni samotn\u00e9.<\/em><br \/>\n<em>Nadobro tedy zanech\u00e1v\u00e1me smutn\u00fdch radov\u00e1nek a spole\u010dn\u00fdmi silami se sna\u017e\u00edme p\u0159inutit jen k radov\u00e1nk\u00e1m vesel\u00fdm. Co naplat, \u017ee se d\u00e9\u0161\u0165 za\u010d\u00edn\u00e1 nemile snoubit se sn\u011bhem. Inu, jako ka\u017ed\u00fd jin\u00fd rok p\u0159ich\u00e1z\u00ed ta prav\u00e1 zima a na tom \u010dlov\u011bk holt nic nezm\u011bn\u00ed, le\u010d \u00fa\u010dinn\u00e1 pomoc se proti tomu v r\u00e1mci op\u011btovn\u00e9ho p\u0159ipodobn\u011bn\u00ed v\u017edy najde. Proto spole\u010dn\u011b \u010din\u00edme tu nejsnaz\u0161\u00ed v\u011bc: unisono rozev\u00edr\u00e1me smajl\u00ed de\u0161tn\u00edky a pod rou\u0161kou jejich ochrany se sna\u017e\u00edme rozv\u00e9st hovory na rozli\u010dn\u00e1 pozitivn\u00ed t\u00e9mata. A jak vidno, obdobn\u011b \u010din\u00ed i n\u011bkte\u0159\u00ed kolemjdouc\u00ed, kte\u0159\u00ed od n\u00e1s ony usm\u011bvav\u00e9 tv\u00e1\u0159e obdr\u017eeli na samolepce, nebo\u0165 si je lep\u00ed do paraplatov\u00fdch rub\u016f, kdy\u017e jejich l\u00edcn\u00ed kosti tlaku zlobn\u00e9 nebe\u010diny tak snadno podl\u00e9haj\u00ed &#8211; stejn\u011b tak n\u011bkte\u0159\u00ed lid\u00e9 podl\u00e9haj\u00ed na\u0161im hovor\u016fm, kde se \u0159\u00edd\u00edme obehran\u00fdm ale st\u00e1le stejn\u011b d\u016fle\u017eit\u00fdm logem: za v\u0161\u00edm zl\u00fdm v\u017edy hledej n\u011bco hezk\u00e9ho.<\/em><br \/>\n<em>A tak se pozvolna nad\u00e1le uzav\u00edr\u00e1 ona \u0161\u0165astn\u00e1 dev\u00e1t\u00e1 komnata &#8211; ANO, SKUTE\u010cN\u011a! N\u00e1s nejlep\u0161\u00edch p\u0159\u00e1tel je sice osm, av\u0161ak onen JEDEN celek n\u00e1hodn\u00fdch kolemjdouc\u00edch, jen\u017e s n\u00e1mi nyn\u00ed sympatizuje, n\u00e1m pom\u00e1h\u00e1 onu b\u00e1jnou a p\u0159ekr\u00e1sn\u011b usm\u011bvavou DEV\u00cdTKU dovr\u0161it.<\/em><br \/>\n<em>Dev\u00edtkov\u00e1 soustava se najisto uzav\u00edr\u00e1 ve chv\u00edli, kdy se j\u00e1, Petr, Elke, Vincek, Dita, Anton\u00edn, Just\u00fdna a Jana rozhodneme vydat na men\u0161\u00ed okru\u017en\u00ed cestu malebn\u00fdm vl\u00e1\u010dkem. K tomuto rozhodnut\u00ed n\u00e1s p\u0159im\u011blo &#8211; co jin\u00e9ho ne\u017e po\u010das\u00ed, je\u017e n\u00e1m kalu\u017eemi ochotn\u011b vyzna\u010dilo cestu k per\u00f3nu. A n\u011bkolik t\u011bch m\u00e1lo lidi\u010dek, co s n\u00e1mi v na\u0161\u00ed h\u0159e souc\u00edt\u00ed, n\u00e1s skute\u010dn\u011b n\u00e1sleduje!<\/em><br \/>\n<em>V\u0161e se zavr\u0161uje: nastupujeme &#8211; a s n\u00e1mi n\u011bkolik dal\u0161\u00edch turist\u016f &#8211; do vl\u00e1\u010dku, na rozd\u00edl od nich v\u0161ak ponech\u00e1v\u00e1me \u010dist\u011b na panu Osudu, kam n\u00e1s stopy po kolejnici zavedou. Used\u00e1me do osamocen\u00e9ho kup\u00e9 je\u0161t\u011b s jedn\u00edm postar\u0161\u00edm mu\u017eem, m\u00edstn\u00edm knihovn\u00edkem panem Velmanem, a t\u011b\u0161\u00edme se na cestu do nezn\u00e1ma, jakmile se vlakov\u00e1 souprava d\u00e1 do pohybu. Pov\u00edd\u00e1me si (ani onen mu\u017e nen\u00ed skoup\u00fd na slovo a p\u0159id\u00e1v\u00e1 n\u011bco sv\u00e9ho), a kdy\u017e se t\u00e9mata vy\u010derpaj\u00ed, v\u0161ichni se pokou\u0161\u00edme nez\u00e1vazn\u011b sn\u00edt.<\/em><br \/>\n<em>Ze sn\u011bn\u00ed n\u00e1s na mal\u00fd okam\u017eik vytrhne pr\u016fvod\u010d\u00ed, \u017e\u00e1d\u00e1 po n\u00e1s j\u00edzdenky a my se tak r\u00e1zem pln\u011b ocit\u00e1me v pan\u00ed Realit\u011b. Mu\u017e, sed\u00edc\u00ed po Petrov\u011b pravici, n\u00e1m v\u0161ak ne\u010dekan\u011b pod\u00e1v\u00e1 pomocnou ruku: \u201eSnad nyn\u00ed nem\u00e1te v \u00famyslu t\u00e9to nad\u011bjn\u00e9 m\u011bnitelce lidsk\u00fdch osud\u016f pokazit tento sobotn\u00ed den? To by bylo p\u0159evelice nemil\u00e9.\u201c A \u017eena se k p\u0159ekvapen\u00ed n\u00e1s v\u0161ech i pana Velmana rovn\u011b\u017e pousm\u011bje, m\u00edsto zloby n\u00e1m pop\u0159eje hodn\u011b \u0161t\u011bst\u00ed a pak odch\u00e1z\u00ed do dal\u0161\u00edch kup\u00e9.<\/em><br \/>\n<em>A tak se pro n\u00e1s dev\u011bt lidi\u010dek j\u00edzda vl\u00e1\u010dkem st\u00e1v\u00e1 \u00fachvatn\u00fdm z\u00e1\u017eitkem. A stejn\u011b jako v p\u0159\u00edpad\u011b mu\u017ee jm\u00e9nem Kvido, kter\u00fd kone\u010dn\u011b d\u00edky m\u00e9 mali\u010dkosti na\u0161el odvahu vyjevit navenek sv\u00e9 nitern\u00ed city a nam\u00edsto v\u011b\u010dn\u00e9ho po\u0161kozov\u00e1n\u00ed leteck\u00fdch motor\u016f se v jednom letad\u00e9lku poprv\u00e9 v \u017eivot\u011b prolet\u011bl, na\u010de\u017e onen let se pro n\u011bj z\u00e1hy stal t\u00edm NEJ v jeho cel\u00e9m \u017eivot\u011b, se i my pokou\u0161\u00edme znovu v\u017e\u00edt do dev\u00e1t\u00e9 komnaty a mo\u017enost\u00ed, je\u017e n\u00e1m m\u016f\u017ee nab\u00eddnout.<\/em><br \/>\n<em>Pr\u00e1v\u011b vj\u00ed\u017ed\u00edme do tunelu. Co se za n\u00edm asi objev\u00ed? To nikdo netu\u0161\u00ed, nikdo z n\u00e1s onu cestu nepl\u00e1noval, p\u0159i\u0161la k n\u00e1m tak n\u00e1hodn\u011b, za pomoci de\u0161\u0165ov\u00e9 h\u016fry. My v\u0161ak v r\u00e1mci p\u0159ipodobn\u011bn\u00ed douf\u00e1me jen a jen v to nejkr\u00e1sn\u011bj\u0161\u00ed, nebo\u0165 o tom by \u017eivotn\u00ed k\u0159i\u017eovatky pana Osudu m\u011bly b\u00fdt.<\/em><\/p>\n<p><em>Ema Ch.<\/em><\/p>\n<p>KONEC<\/p>\n<div class=\"fcbkbttn_buttons_block\" id=\"fcbkbttn_left\"><div class=\"fcbkbttn_button\">\n                            <a href=\"https:\/\/www.facebook.com\/tom.patrick.509\" target=\"_blank\">\n                                <img decoding=\"async\" src=\"https:\/\/eldar.cz\/tompatrick\/wp-content\/plugins\/facebook-button-plugin\/images\/large-facebook-ico.png\" alt=\"Fb-Button\" \/>\n                            <\/a>\n                        <\/div><div class=\"fcbkbttn_like fcbkbttn_large_button\"><fb:like href=\"https:\/\/eldar.cz\/tompatrick\/citymeans\/citymeans2\/14-dovetek\" action=\"like\" colorscheme=\"light\" layout=\"standard\"  width=\"225px\" size=\"large\"><\/fb:like><\/div><div class=\"fb-share-button fcbkbttn_large_button \" data-href=\"https:\/\/eldar.cz\/tompatrick\/citymeans\/citymeans2\/14-dovetek\" data-type=\"button_count\" data-size=\"large\"><\/div><\/div>","protected":false},"excerpt":{"rendered":"<p>Sobotn\u00ed r\u00e1no se zd\u00e1 b\u00fdt po\u0161mourn\u00e9, my si z n\u011bj v\u0161ak pram\u00e1lo d\u011bl\u00e1me. V\u017edy\u0165 jen kr\u00e1pe a slab\u00fd de\u0161t\u00edk p\u0159ece je\u0161t\u011b nutn\u011b nemus\u00ed p\u0159edznamen\u00e1vat krut\u00e9 zlo. V r\u00e1mci p\u0159ipodobn\u011bn\u00ed a p\u0159i tro\u0161e t\u00e9 fantazie se klidn\u011b m\u016f\u017ee st\u00e1t nedoceniteln\u00fdm p\u0159\u00edtelem, &hellip; <a href=\"https:\/\/eldar.cz\/tompatrick\/citymeans\/citymeans2\/14-dovetek\">Cel\u00fd p\u0159\u00edsp\u011bvek <span class=\"meta-nav\">&rarr;<\/span><\/a><\/p>\n","protected":false},"author":2,"featured_media":0,"comment_status":"open","ping_status":"open","sticky":false,"template":"","format":"standard","meta":{"_s2mail":"yes","footnotes":""},"categories":[3],"tags":[],"class_list":["post-292","post","type-post","status-publish","format-standard","hentry","category-citymeans2"],"_links":{"self":[{"href":"https:\/\/eldar.cz\/tompatrick\/wp-json\/wp\/v2\/posts\/292","targetHints":{"allow":["GET"]}}],"collection":[{"href":"https:\/\/eldar.cz\/tompatrick\/wp-json\/wp\/v2\/posts"}],"about":[{"href":"https:\/\/eldar.cz\/tompatrick\/wp-json\/wp\/v2\/types\/post"}],"author":[{"embeddable":true,"href":"https:\/\/eldar.cz\/tompatrick\/wp-json\/wp\/v2\/users\/2"}],"replies":[{"embeddable":true,"href":"https:\/\/eldar.cz\/tompatrick\/wp-json\/wp\/v2\/comments?post=292"}],"version-history":[{"count":7,"href":"https:\/\/eldar.cz\/tompatrick\/wp-json\/wp\/v2\/posts\/292\/revisions"}],"predecessor-version":[{"id":4530,"href":"https:\/\/eldar.cz\/tompatrick\/wp-json\/wp\/v2\/posts\/292\/revisions\/4530"}],"wp:attachment":[{"href":"https:\/\/eldar.cz\/tompatrick\/wp-json\/wp\/v2\/media?parent=292"}],"wp:term":[{"taxonomy":"category","embeddable":true,"href":"https:\/\/eldar.cz\/tompatrick\/wp-json\/wp\/v2\/categories?post=292"},{"taxonomy":"post_tag","embeddable":true,"href":"https:\/\/eldar.cz\/tompatrick\/wp-json\/wp\/v2\/tags?post=292"}],"curies":[{"name":"wp","href":"https:\/\/api.w.org\/{rel}","templated":true}]}}