{"id":290,"date":"2024-08-12T09:00:00","date_gmt":"2024-08-12T07:00:00","guid":{"rendered":"http:\/\/eldar.cz\/tompatrick\/?p=290"},"modified":"2023-11-14T11:25:57","modified_gmt":"2023-11-14T09:25:57","slug":"13-strasti-slavomira-kromonicka","status":"publish","type":"post","link":"https:\/\/eldar.cz\/tompatrick\/citymeans\/citymeans2\/13-strasti-slavomira-kromonicka","title":{"rendered":"kapitola 19 &#8211; Strasti Slavom\u00edra Kromon\u00ed\u010dka a Ledom\u00edra L\u017ei\u010dky (nov\u00e1 restaurovan\u00e1 verze s obr\u00e1zky!)"},"content":{"rendered":"<div class=\"fcbkbttn_buttons_block\" id=\"fcbkbttn_left\"><div class=\"fcbkbttn_button\">\n                            <a href=\"https:\/\/www.facebook.com\/tom.patrick.509\" target=\"_blank\">\n                                <img decoding=\"async\" src=\"https:\/\/eldar.cz\/tompatrick\/wp-content\/plugins\/facebook-button-plugin\/images\/large-facebook-ico.png\" alt=\"Fb-Button\" \/>\n                            <\/a>\n                        <\/div><div class=\"fcbkbttn_like fcbkbttn_large_button\"><fb:like href=\"https:\/\/eldar.cz\/tompatrick\/citymeans\/citymeans2\/13-strasti-slavomira-kromonicka\" action=\"like\" colorscheme=\"light\" layout=\"standard\"  width=\"225px\" size=\"large\"><\/fb:like><\/div><div class=\"fb-share-button fcbkbttn_large_button \" data-href=\"https:\/\/eldar.cz\/tompatrick\/citymeans\/citymeans2\/13-strasti-slavomira-kromonicka\" data-type=\"button_count\" data-size=\"large\"><\/div><\/div><p>Josef Humler m\u011bl tak velkou radost z n\u00e1vratu na sv\u016fj star\u00fd u\u010ditelsk\u00fd post, \u017ee pova\u017eoval za samoz\u0159ejmost o tom op\u011bt d\u00e1t v\u011bd\u011bt cel\u00e9 \u0161kole. Tentokr\u00e1t se jeho zam\u00fd\u0161lenou ob\u011bt\u00ed stal s\u00e1m pan \u0159editel. Ten kdy\u017e p\u00e1te\u010dn\u00ed r\u00e1no zav\u00edtal na sv\u00e9 pracovi\u0161t\u011b, \u0161koln\u00edk ho pohotov\u011b vyhledal a sd\u011blil mu, \u017ee m\u00e1 velk\u00e9 \u0161t\u011bst\u00ed, \u017ee na n\u011bj zav\u010das natrefil, a poreferoval o \u00faniku plynu. Anton\u00edna Hausera to tak \u0161okovalo, \u017ee v r\u00e1mci bezpe\u010dnosti znovu vyhl\u00e1sil \u0159editelsk\u00e9 volno.<br \/>\nEma samoz\u0159ejm\u011b v\u011bd\u011bla, \u017ee to byla pr\u00e1ce u\u010ditele t\u011blocviku, nebo\u0165 od n\u011bj do t\u0159etice obdr\u017eela zlat\u00fd podnos, a rovn\u011b\u017e se dovt\u00edpila, \u017ee se rozhodn\u011b o prav\u00fd plyn nejednalo. Tentokr\u00e1t se ozvala i Dana Moronov\u00e1, ta st\u00e1le nemohla p\u0159en\u00e9st p\u0159es srdce, \u017ee si Ludmila Kut\u00e1kov\u00e1 bal\u00ed kufry. Jen\u017ee profesorka fyziky se sv\u00fdmi z\u00e1v\u011bry o domn\u011bl\u00e9m pachateli u \u0159editele nepochodila (sama nem\u011bla p\u0159\u00edm\u00e9 d\u016fkazy). Nav\u00edc zm\u00ednka o \u00faniku plynu byla &#8211; v porovn\u00e1n\u00ed s on\u011bmi p\u0159edchoz\u00edmi pachy &#8211; p\u0159eci jen o dost z\u00e1va\u017en\u011bj\u0161\u00ed a tak\u00e9 pom\u011brn\u011b b\u011b\u017enou z\u00e1le\u017eitost\u00ed i v jin\u00fdch kon\u010din\u00e1ch. Moronov\u00e1 se tak musela sm\u00ed\u0159it s t\u00edm, \u017ee v\u0161e z\u016fstane jako na konci minul\u00e9ho t\u00fddne, tud\u00ed\u017e \u017ee si Humler d\u00e1l bude lebedit v profesorsk\u00fdch \u0159ad\u00e1ch.<br \/>\nP\u00e1tek byl v\u016fbec prvn\u00edm&nbsp;dnem, kdy sn\u011b\u017eilo. Just\u00fdna to tedy pr\u00e1vem pova\u017eovala za posv\u00e1tnost, nebo\u0165 sn\u00edh byl p\u0159\u00edhodn\u00fdm poj\u00edtkem s MALOVAMI. Jej\u00ed z\u00e1\u0159iv\u011b modr\u00fd pacient u\u017e na tom byl tak dob\u0159e, \u017ee se mohl vr\u00e1tit mezi sv\u00e9 hejno. Just\u00fdna za to byla nesm\u00edrn\u011b vd\u011b\u010dn\u00e1, stejn\u011b jako za novou zn\u00e1most v podob\u011b Jany, kter\u00e1 p\u0159ijala Eminu a Petrovu nab\u00eddku zaj\u00edt do Oborov\u011bnky spole\u010dn\u011b s ostatn\u00edmi: po boku jim kr\u00e1\u010deli dal\u0161\u00ed dva p\u00e1ry &#8211; Elke s Vinckem a Dita s Anton\u00ednem. Vincek shodil svou dlouhou neohrabanou h\u0159\u00edvu a vlasy si nechal decentn\u011b zast\u0159ihnout, jak se na rozumn\u011b vychovan\u00e9ho a dosp\u011bl\u00e9ho mlad\u00edka slu\u0161\u00ed a pat\u0159\u00ed (to\u0165 ono Vinckovo slibovan\u00e9 p\u0159ekvapen\u00ed), zat\u00edmco Anton\u00edn s Ditou navenek h\u00fd\u0159ili nefal\u0161ovanou l\u00e1skou.<br \/>\nPo n\u00e1le\u017eit\u00e9m sbl\u00ed\u017een\u00ed se pak od Just\u00fdny \u0161lo k jedn\u00e9 z mo\u017en\u00fdch ka\u0161en, ty se nach\u00e1zely po cel\u00e9 Oborov\u011bnce, byly tam zbudov\u00e1ny pr\u00e1v\u011b pro u\u017eivatelsk\u00e9 MALOV\u00cd pot\u0159eby. Ani tato nep\u0159i\u0161la zkr\u00e1tka, spole\u010dnost ze zv\u00ed\u0159ec\u00ed \u0159\u00ed\u0161e j\u00ed d\u011blal Pajdo\u0161ek, onen jezev\u010d\u00edk, co sly\u0161el na tolik ps\u00edch povel\u016f neboli povel\u00e1k\u016f, jak to charakterizovala ve sv\u00e9 JUSTYPUNKOV\u00c9 terminologii Just\u00fdna. Jan\u011b se jej\u00ed vyjad\u0159ovac\u00ed schopnosti velice zamlouvaly, ona sama psa vlastnila, byl j\u00edm oha\u0159 a jmenoval se stylov\u011b Ohar.<br \/>\nNetrvalo to dlouho a ocitli se na po\u017eadovan\u00e9m m\u00edst\u011b. U ka\u0161ny nikdo z lidsk\u00e9 ani zv\u00ed\u0159ec\u00ed \u0159\u00ed\u0161e nebyl p\u0159\u00edtomen. Pro\u010d by tu tak\u00e9 n\u011bkdo marnil \u010das? Co by tu asi tak na\u0161el zaj\u00edmav\u00e9ho? Ka\u0161na krom\u011b kal\u016f nic jin\u00e9ho ke kouk\u00e1n\u00ed nenab\u00edzela, Just\u00fdna ale v\u011bd\u011bla, jak doc\u00edlit prav\u00e9ho opaku, zase do pohotovosti povolala sv\u00e9 hbit\u00e9 prst\u00edky a Jana tak poprv\u00e9 v \u017eivot\u011b spat\u0159ila novou ojedin\u011blost. A nejen ona, tak\u00e9 Vincek, Dita a Anton\u00edn. Onen posledn\u011b jmenovan\u00fd te\u010f na Emu povzbudiv\u011b zamrkal a ta pochopila, co se j\u00ed t\u00edm sna\u017e\u00ed sd\u011blit, \u017ee pr\u00e1v\u011b na\u0161li ony karkulinky, co \u017eilou pou\u0161t\u00ed jen ty nejozdravn\u011bj\u0161\u00ed chemotrpasl\u00edky pln\u00e9 \u017eivota.<br \/>\nN\u011bco z toho vytu\u0161il i MALOVSK\u00dd MO\u0158SK\u00dd TVOR, nebo\u0165 o\u017eil do nejz\u00e1\u0159iv\u011bj\u0161\u00edho mo\u017en\u00e9ho zbarven\u00ed, to pot\u00e9, co se z ka\u0161ny napil a do zob\u00e1\u010dku nabral i p\u00e1r sn\u011bhov\u00fdch \u017emolk\u016f. A n\u00e1sledn\u011b ud\u011blal n\u011bco naprosto \u00fa\u017easn\u00e9ho: oblet\u011bl v\u0161ech osm lidsk\u00fdch postav i Pajdo\u0161ka, u ka\u017ed\u00e9ho zvl\u00e1\u0161\u0165 se vte\u0159inku pozdr\u017eel a up\u0159\u00edmn\u011b mu pohl\u00e9dl do o\u010d\u00ed, tak\u017ee se dalo spat\u0159it cosi na zp\u016fsob \u00fasm\u011bvu. Jen\u017ee vrchol MALOV\u00cdHO p\u0159edstaven\u00ed m\u011bl teprve p\u0159ij\u00edt a to v podob\u011b slzy, kterou modr\u00fd tvore\u010dek u\u0161t\u011bd\u0159il op\u011bt ka\u017ed\u00e9mu zvl\u00e1\u0161\u0165. Ona slza ale brzy po sv\u00e9m vypu\u0161t\u011bn\u00ed doznala poetick\u00e9 zm\u011bny v podob\u011b pr\u016fzra\u010dn\u00e9ho barevn\u00e9ho skl\u00ed\u010dka. Jako by v MALOV\u011a p\u0159eb\u00fdval dobrotiv\u00fd duch Marty Vodochodsk\u00e9, jen\u017e takto d\u011bkoval za to, \u017ee onen posmutn\u011bl\u00fd p\u0159\u00edb\u011bh v Emin\u011b podru\u010d\u00ed do\u0161el p\u0159\u00edzniv\u00e9mu napln\u011bn\u00ed. Kdo se v\u0161ak alespo\u0148 o n\u011bco v\u00edce zaj\u00edmal o Katalnou Mochnu a jej\u00ed historii, tak v\u011bd\u011bl, \u017ee tento na prvn\u00ed pohled zvl\u00e1\u0161tn\u00ed jev m\u00e1 sv\u00e9 opodstatn\u011bn\u00ed v mati\u010dce p\u0159\u00edrod\u011b.<br \/>\n\u201eTak a je pry\u010d,\u201c konstatovala Ema, kdy\u017e MALOVSK\u00dd MO\u0158SK\u00dd TVOR ukon\u010dil sv\u016fj ritu\u00e1l, naposledy nad v\u0161emi zakrou\u017eil a vydal se do korun strom\u016f.<\/p>\n<p><img loading=\"lazy\" decoding=\"async\" class=\"\" src=\"https:\/\/eldar.cz\/tompatrick\/wp-content\/uploads\/2023\/08\/15-Malovsky-morsky-tvor.jpg\" width=\"636\" height=\"448\"><\/p>\n<p>Jen\u017ee to netrvalo dlouho a dol\u016f na zem se z nich sneslo cel\u00e9 MALOV\u00cd hejno; tentokr\u00e1t se v\u0161e opakovalo v mnohem intenzivn\u011bj\u0161\u00ed m\u00ed\u0159e a lidsk\u00e9 osazenstvo i zv\u00ed\u0159ec\u00ed tvore\u010dek tak byli zasyp\u00e1ni doslova sprchou slz mo\u0159sk\u00fdch pan. Just\u00fdna v\u0161ak nepromarnila svou ojedin\u011blou \u0161anci a po\u0159\u00eddila n\u011bkolik \u00fachvatn\u00fdch fotografi\u00ed (i kdy\u017e je tady nutno poznamenat, \u017ee tak\u0159ka na posledn\u00ed chv\u00edli, nebo\u0165 z toho \u00fakazu tak\u00e9 byla cel\u00e1 paf. P\u0159eci jen se n\u011bco takov\u00e9ho nevid\u011blo ka\u017ed\u00fd den).<br \/>\nKdy\u017e MALOV\u00cd rej nadobro ustal, Ema a ostatn\u00ed zam\u00ed\u0159ili k Slep\u00e9mu ostr\u016fvku. Tam je \u010dekal je\u0161t\u011b jeden \u00fakaz, v porovn\u00e1n\u00ed s on\u00edm p\u0159edchoz\u00edm se ale bohu\u017eel nedal po\u010d\u00edtat mezi ty lichotiv\u00e9.<br \/>\n\u201eTen v\u0161iv\u00e1k. No po\u010dkej.\u201c<br \/>\nEma sebrala ze zem\u011b klacek, skryla ho do bundy a za\u010dala jednat.<br \/>\n\u201eNe, nest\u0159\u00edlejte, jsem jen oby\u010dejn\u00fdm d\u016fchodcem,\u201c lekl se sta\u0159\u00edk a upustil pytel. V n\u011bm tentokr\u00e1t nev\u011bzela ko\u0165ata, ale i tak byl narvan\u00fd k prasknut\u00ed. \u201eTo nen\u00ed kraden\u00e9, to v\u0161echno pat\u0159\u00ed mn\u011b, jen nev\u00edm, co s t\u00edm, tak to voz\u00edm sem,\u201c br\u00e1nil se.<br \/>\n\u201eJ\u00e1 bych v\u00e1m mo\u017en\u00e1 dok\u00e1zala pomoct,\u201c napadlo Janu.<br \/>\nA netrvalo to dlouho a kola vozu brzdila p\u0159ed obchodem nesouc\u00edm n\u00e1zev L\u017dI\u010cKOVO ANTIQARUM (NE)POT\u0158EBNICTV\u00cd. Ten vlastnil jist\u00fd Ledom\u00edr L\u017ei\u010dka a nutno poznamenat, \u017ee byl z nov\u00e9ho z\u00e1kazn\u00edka pat\u0159i\u010dn\u011b une\u0161en.<br \/>\n\u201eKde jste v\u0161echno to kvalitn\u00ed haramp\u00e1d\u00ed pobral, \u010dlov\u011b\u010de? Co s t\u00edm v\u0161\u00edm j\u00e1 tady?\u201c nev\u011b\u0159il Ledom\u00edr L\u017ei\u010dka sv\u00fdm o\u010d\u00edm, kdy\u017e mu Slavom\u00edr Kromon\u00ed\u010dek na pracovn\u00ed st\u016fl vysypal obsah sv\u00e9ho p\u011bkn\u011b nadit\u00e9ho saku.<br \/>\n\u201eProst\u011b se zbavuju nepot\u0159ebn\u00fdch z\u00e1sob,\u201c poznamenal skromn\u011b Slavom\u00edr.<br \/>\n\u201eZbavuju z\u00e1sob? A co tahle funk\u010dn\u00ed stoln\u00ed lampa, ta se v\u00e1m v\u00e1\u017en\u011b nikam nehod\u00ed? Tu by bylo \u0161koda vyhodit,\u201c okomentoval to v\u00fdznamn\u011b po n\u00e1le\u017eit\u00e9m prozkoum\u00e1n\u00ed Ledom\u00edr L\u017ei\u010dka.<br \/>\n\u201eCo\u017ee? Ho&#8230; hodit? Kam a na co?\u201c p\u0159em\u00edtal zmaten\u011b Slavom\u00edr.<br \/>\n\u201eJak kam a na co? Na stolov\u00e1n\u00ed a sv\u00edcen\u00ed p\u0159ece,\u201c odpov\u011bd\u011bl pohotov\u011b Ledom\u00edr L\u017ei\u010dka a dal najevo nech\u00e1pav\u00fd v\u00fdraz.<br \/>\n\u201eNo j\u00e1 nev\u00edm, jsem p\u0159eci jen u\u017e d\u016fchodce, tak\u017ee se toho rad\u0161i zbavuju,\u201c mlel si d\u00e1l svou Slavom\u00edr Kromon\u00ed\u010dek. \u201eTo nen\u00ed kraden\u00e9, p\u0159\u00edsah\u00e1m, to v\u0161echno je moje, j\u00e1 jen nev\u00edm, co s t\u00edm, tak se toho zbavuju,\u201c zopakoval chv\u011bjiv\u011b, kdy\u017e zahl\u00e9dl podr\u00e1\u017ed\u011bn\u00fd v\u00fdraz majitele obchodu.<br \/>\n\u201e\u010clov\u011b\u010de, j\u00e1 se z v\u00e1s snad zbl\u00e1zn\u00edm. Nebo chcete tady na m\u00edst\u011b p\u0159\u00edmo za\u0161krtit?\u201c<br \/>\n\u201eJen to ne, pros\u00edm,\u201c hrklo ve Slavom\u00edrovi. \u201e\u017dena mi sice u\u017e zem\u0159ela a d\u011bti jsme spolu nem\u011bli, i tak si chci \u017eivota je\u0161t\u011b pln\u011b u\u017e\u00edvat a nep\u0159ech\u00e1zet na druh\u00fd b\u0159eh.\u201c<br \/>\n\u201eA copak v\u00e1m snad v tom n\u011bkdo br\u00e1n\u00ed?\u201c vyl\u00e9zaly majiteli obchodu mocn\u011b o\u010di z podbr\u00fdl\u00ed.<br \/>\n\u201eNo&#8230; no vy p\u0159ece.\u201c Tentokr\u00e1t to Slavom\u00edr Kromon\u00ed\u010dek ze strachu pouze zadrmolil a od Ledom\u00edra L\u017ei\u010dky najisto poodstoupil.<br \/>\nEma v\u011bd\u011bla, \u017ee mus\u00ed n\u011bjak \u0161etrn\u011b zas\u00e1hnout. Sice to, co oba p\u00e1nov\u00e9 pr\u00e1v\u011b p\u0159edv\u00e1d\u011bli, navenek vypadalo jako jedna velk\u00e1 z\u00e1bava, Ema ale moc dob\u0159e tu\u0161ila, \u017ee Slavom\u00edr Kromon\u00ed\u010dek se nechov\u00e1 zbrkle proto, aby v\u0161em uk\u00e1zal, jak\u00fdm je rozen\u00fdm komediantem. I tento mu\u017e m\u011bl z\u0159ejm\u011b, i kdy\u017e to prvn\u011b p\u0159\u00edli\u0161 jasn\u011b nebylo zn\u00e1t, mnoho spole\u010dn\u00e9ho s Radovavem Litevsk\u00fdm, i on se dosti tr\u00e1pil t\u00edm, \u017ee mus\u00ed \u017e\u00edt s\u00e1m. Pr\u00e1v\u011b proto se na n\u011bm projevovala ona nevypo\u010ditatelnost, kdy kolikr\u00e1t d\u011blal to, co vlastn\u011b ani d\u011blat necht\u011bl. Kdy\u017e te\u010f Ema Slavom\u00edra l\u00e9pe pozn\u00e1vala, skute\u010dn\u011b j\u00ed nep\u0159i\u0161el jako n\u011bkdo, kdo si libuje v topen\u00ed ko\u0165at a vykr\u00e1d\u00e1n\u00ed muze\u00ed, sp\u00ed\u0161 naopak od lid\u00ed hodn\u011b dar\u016f p\u0159ij\u00edmal, aby si jimi nahradil svou n\u011bkdej\u0161\u00ed \u017eenu a jemu ostatn\u00ed bl\u00edzk\u00e9, ov\u0161em to nepom\u00e1halo a tak se darovan\u00fdch v\u011bc\u00ed zase ne\u0161etrn\u011b zbavoval. Ema u\u017e s podobn\u00fdmi p\u0159\u00edpady m\u011bla sv\u00e9 zku\u0161enosti, proto na z\u00e1klad\u011b logick\u00e9 \u00favahy ob\u011bma mu\u017e\u016fm navrhla vz\u00e1jemn\u00e9 p\u0159\u00edm\u011b\u0159\u00ed a p\u0159\u00e1telsk\u00e9 sbl\u00ed\u017een\u00ed.<br \/>\n\u201eNo tak teda jo,\u201c p\u0159ijal Ledom\u00edr L\u017ei\u010dka ochotn\u011b Eminu nab\u00eddku, \u201eale za p\u0159edpokladu, mlad\u00fd mu\u017ei &#8211; no snad n\u00e1s tak mohu oslovovat, co je to sedmdes\u00e1tka &#8211; \u017ee zanech\u00e1te t\u00e9 sebel\u00edtosti.\u201c<br \/>\n\u201eTak&#8230; tak dob\u0159e,\u201c souhlasil s \u00falevou Slavom\u00edr Kromon\u00ed\u010dek.<br \/>\n\u201e\u017d\u00e1dn\u00fd strachy, p\u0159\u00edteli, to zas bude dobr\u00fd,\u201c konstatoval Ledom\u00edr a oba p\u00e1nov\u00e9 si pot\u0159\u00e1sli rukou.<br \/>\nN\u00e1sledn\u011b se \u0159e\u010d p\u0159enesla na Pajdo\u0161ka, co\u017e zase ud\u011blalo radost Just\u00fdn\u011b, nebo\u0165 ho beztak cht\u011bla v\u011bnovat n\u011bjak\u00fdm hodn\u00fdm lidem a Ledom\u00edr L\u017ei\u010dka do t\u00e9to kategorie viditeln\u011b zapadal, tak\u017ee mu jezev\u010d\u00edka nakonec s pot\u011bchou p\u0159enechala.<br \/>\nA pak u\u017e Em\u011b a jej\u00edm kamar\u00e1d\u016fm nezb\u00fdvalo ne\u017e odej\u00edt &#8211; to co cht\u011bli uskute\u010dnit, uskute\u010dnili. Vr\u00e1tili se na pl\u00e1cek za m\u011bsto, kde se pro tento den spolu hodlali rozlou\u010dit, nebo\u0165 ka\u017ed\u00e1 z dvojic ho m\u011bla v pl\u00e1nu d\u00e1l pro\u017e\u00edvat po sv\u00e9m, av\u0161ak na z\u00edt\u0159ej\u0161\u00ed sobotu byl smluven spole\u010dn\u00fd v\u00fdlet. Dne\u0161n\u00ed rozlu\u010dka rovn\u011b\u017e prob\u00edhala v\u00fdjime\u010dn\u011b, Ema z desek vylovila modr\u00fd v\u00e1\u010dek, z n\u011bj opatrn\u011b vyjmula ono&nbsp;srdce a to pak dev\u011bt rukou spole\u010dnou silou rozdrolilo.<\/p>\n<p><img loading=\"lazy\" decoding=\"async\" class=\"\" src=\"https:\/\/eldar.cz\/tompatrick\/wp-content\/uploads\/2023\/06\/25-na-neveru-s-Robertem-prijde-Annin-pritel-1024x916.jpg\" width=\"539\" height=\"482\"><\/p>\n<p>Ano dev\u011bt! T\u011bch lidsk\u00fdch bylo osm, ona dev\u00e1t\u00e1 pak n\u00e1le\u017eela v\u011btru a pr\u00e1v\u011b ten zap\u0159\u00ed\u010dinil, \u017ee srdce zmizelo \u00fapln\u011b a jeho existence t\u00edm p\u00e1dem nadobro zanikla ve sn\u011bhov\u00fdch radov\u00e1nk\u00e1ch. Jeho nenad\u00e1l\u00e1 nep\u0159\u00edtomnost m\u011bla symbolizovat n\u00e1sleduj\u00edc\u00ed: \u017ee ono smutn\u00e9 je nadobro za\u017eehn\u00e1no, \u017ee v\u0161e bolav\u00e9 je nen\u00e1vratn\u011b nadobro p\u0159ekon\u00e1no a prav\u00e1 srdce v\u0161ech z\u00fa\u010dastn\u011bn\u00fdch v podru\u010d\u00ed Emy pozvolna sp\u011bj\u00ed k pln\u00e9mu uzdraven\u00ed.<br \/>\nEma s Petrem se pak jako jedin\u00ed vydali nazp\u011bt k Slep\u00e9mu ostr\u016fvku. Byla pom\u011brn\u011b velk\u00e1 zima, sn\u00edh se z h\u016fry sn\u00e1\u0161el st\u00e1le intenzivn\u011bji, rozhodn\u011b se nedalo po\u010d\u00edtat s t\u00edm, \u017ee sv\u00fdch vrtoch\u016f jen tak zanech\u00e1. Em\u011b ani Petrovi to ale nevadilo. Pro\u010d by tak\u00e9 m\u011blo? V\u017edy\u0165 jejich kroky beztak sm\u011b\u0159ovaly jen k nedalek\u00e9 vrb\u011b. P\u0159i cest\u011b nepolemizovali o sv\u011bt\u011b, n\u00fdbr\u017e se ve vzpom\u00ednk\u00e1ch je\u0161t\u011b jednou vraceli k d\u0159\u00edv\u011bj\u0161\u00edm novink\u00e1m, kter\u00e9 odsunul do pozad\u00ed MALOV\u00cd n\u00e1vrat mezi sv\u00e9 vrstevn\u00edky: jak Elke byla nakonec hrozn\u011b moc p\u0159ekvapen\u00e1, kdy\u017e se od Emy vr\u00e1tila dom\u016f a tam pak p\u0159i\u0161la na to, \u017ee dva obrazy, co jej\u00ed otec ned\u00e1vno zakoupil, skute\u010dn\u011b poch\u00e1zej\u00ed z TAVARESKY a maj\u00ed tedy ty sam\u00e9 vlastnosti, co ony Eminy, jak se pan\u00ed Kernesov\u00e1 zm\u00fdlila ve sv\u00e9 hubnouc\u00ed diet\u011b a omylem si ji prot\u00e1hla o t\u00fdden, jak te\u010f mus\u00ed b\u00fdt Just\u00fdna \u0161\u0165astn\u00e1, \u017ee se zn\u00e1 s Janou, kdy\u017e ji jej\u00ed domn\u011bl\u00fd p\u0159\u00edtel dal kopa\u010dky jen proto, \u017ee na n\u011bj dle \u00famluvy ne\u010dekala u sebe v Oborov\u011bnce, jak je fajn, \u017ee spolu rodi\u010de Emy zase norm\u00e1ln\u011b vych\u00e1zej\u00ed, a v neposledn\u00ed \u0159ad\u011b se je\u0161t\u011b zavzpom\u00ednalo na Janu Pretonskou a jej\u00ed slib, \u017ee to, o \u010dem Ema v nemocnici hovo\u0159ila, bude dnes ve\u010der odvys\u00edl\u00e1no v televizi &#8211; \u201et\u0159eba to uvid\u00ed i na\u0161e dom\u00e1c\u00ed L\u00e9dov\u00e1, vezme si z toho n\u011bjak\u00e9 moudr\u00e9 ponau\u010den\u00ed a t\u00edm p\u00e1dem se z n\u00ed stane mnohem hodn\u011bj\u0161\u00ed \u010dlov\u011bk,\u201c m\u00ednila z\u00e1v\u011brem Ema.<br \/>\nJakmile dvojice dosp\u011bla na sv\u00e9 posv\u00e1tn\u00e9 m\u00edsto, zanechala i t\u011bchto vzpom\u00ednkov\u00fdch hovor\u016f. Tam pod vrbou Petr Emu vyzval, aby zav\u0159ela o\u010di, a poprv\u00e9 v \u017eivot\u011b ji pol\u00edbil. A tak u\u017e i oni dva byli o \u017eivotn\u00ed kr\u016f\u010dek d\u00e1le: sv\u00e9 p\u0159\u00e1telstv\u00ed pos\u00edlili o l\u00e1sku, o pravou nefal\u0161ovanou l\u00e1sku. N\u011bkdej\u0161\u00ed slova \u010cern\u00e9 pan\u00ed tak do\u0161la pln\u00e9ho napln\u011bn\u00ed.<\/p>\n<div class=\"fcbkbttn_buttons_block\" id=\"fcbkbttn_left\"><div class=\"fcbkbttn_button\">\n                            <a href=\"https:\/\/www.facebook.com\/tom.patrick.509\" target=\"_blank\">\n                                <img decoding=\"async\" src=\"https:\/\/eldar.cz\/tompatrick\/wp-content\/plugins\/facebook-button-plugin\/images\/large-facebook-ico.png\" alt=\"Fb-Button\" \/>\n                            <\/a>\n                        <\/div><div class=\"fcbkbttn_like fcbkbttn_large_button\"><fb:like href=\"https:\/\/eldar.cz\/tompatrick\/citymeans\/citymeans2\/13-strasti-slavomira-kromonicka\" action=\"like\" colorscheme=\"light\" layout=\"standard\"  width=\"225px\" size=\"large\"><\/fb:like><\/div><div class=\"fb-share-button fcbkbttn_large_button \" data-href=\"https:\/\/eldar.cz\/tompatrick\/citymeans\/citymeans2\/13-strasti-slavomira-kromonicka\" data-type=\"button_count\" data-size=\"large\"><\/div><\/div>","protected":false},"excerpt":{"rendered":"<p>Josef Humler m\u011bl tak velkou radost z n\u00e1vratu na sv\u016fj star\u00fd u\u010ditelsk\u00fd post, \u017ee pova\u017eoval za samoz\u0159ejmost o tom op\u011bt d\u00e1t v\u011bd\u011bt cel\u00e9 \u0161kole. Tentokr\u00e1t se jeho zam\u00fd\u0161lenou ob\u011bt\u00ed stal s\u00e1m pan \u0159editel. Ten kdy\u017e p\u00e1te\u010dn\u00ed r\u00e1no zav\u00edtal na sv\u00e9 &hellip; <a href=\"https:\/\/eldar.cz\/tompatrick\/citymeans\/citymeans2\/13-strasti-slavomira-kromonicka\">Cel\u00fd p\u0159\u00edsp\u011bvek <span class=\"meta-nav\">&rarr;<\/span><\/a><\/p>\n","protected":false},"author":2,"featured_media":0,"comment_status":"open","ping_status":"open","sticky":false,"template":"","format":"standard","meta":{"_s2mail":"yes","footnotes":""},"categories":[3],"tags":[13,14,15],"class_list":["post-290","post","type-post","status-publish","format-standard","hentry","category-citymeans2","tag-city-means-2","tag-josef-humler","tag-justyna"],"_links":{"self":[{"href":"https:\/\/eldar.cz\/tompatrick\/wp-json\/wp\/v2\/posts\/290","targetHints":{"allow":["GET"]}}],"collection":[{"href":"https:\/\/eldar.cz\/tompatrick\/wp-json\/wp\/v2\/posts"}],"about":[{"href":"https:\/\/eldar.cz\/tompatrick\/wp-json\/wp\/v2\/types\/post"}],"author":[{"embeddable":true,"href":"https:\/\/eldar.cz\/tompatrick\/wp-json\/wp\/v2\/users\/2"}],"replies":[{"embeddable":true,"href":"https:\/\/eldar.cz\/tompatrick\/wp-json\/wp\/v2\/comments?post=290"}],"version-history":[{"count":14,"href":"https:\/\/eldar.cz\/tompatrick\/wp-json\/wp\/v2\/posts\/290\/revisions"}],"predecessor-version":[{"id":4528,"href":"https:\/\/eldar.cz\/tompatrick\/wp-json\/wp\/v2\/posts\/290\/revisions\/4528"}],"wp:attachment":[{"href":"https:\/\/eldar.cz\/tompatrick\/wp-json\/wp\/v2\/media?parent=290"}],"wp:term":[{"taxonomy":"category","embeddable":true,"href":"https:\/\/eldar.cz\/tompatrick\/wp-json\/wp\/v2\/categories?post=290"},{"taxonomy":"post_tag","embeddable":true,"href":"https:\/\/eldar.cz\/tompatrick\/wp-json\/wp\/v2\/tags?post=290"}],"curies":[{"name":"wp","href":"https:\/\/api.w.org\/{rel}","templated":true}]}}