{"id":2827,"date":"2020-11-30T09:00:05","date_gmt":"2020-11-30T07:00:05","guid":{"rendered":"https:\/\/eldar.cz\/tompatrick\/?p=2827"},"modified":"2020-06-05T18:08:27","modified_gmt":"2020-06-05T16:08:27","slug":"zahradkarska-kolonie-16","status":"publish","type":"post","link":"https:\/\/eldar.cz\/tompatrick\/martin-jabkenic-sbirka-basni\/zahradkarska-kolonie-16","title":{"rendered":"Zahr\u00e1dk\u00e1\u0159sk\u00e1 kolonie (16)"},"content":{"rendered":"<div class=\"fcbkbttn_buttons_block\" id=\"fcbkbttn_left\"><div class=\"fcbkbttn_button\">\n                            <a href=\"https:\/\/www.facebook.com\/tom.patrick.509\" target=\"_blank\">\n                                <img decoding=\"async\" src=\"https:\/\/eldar.cz\/tompatrick\/wp-content\/plugins\/facebook-button-plugin\/images\/large-facebook-ico.png\" alt=\"Fb-Button\" \/>\n                            <\/a>\n                        <\/div><div class=\"fcbkbttn_like fcbkbttn_large_button\"><fb:like href=\"https:\/\/eldar.cz\/tompatrick\/martin-jabkenic-sbirka-basni\/zahradkarska-kolonie-16\" action=\"like\" colorscheme=\"light\" layout=\"standard\"  width=\"225px\" size=\"large\"><\/fb:like><\/div><div class=\"fb-share-button fcbkbttn_large_button \" data-href=\"https:\/\/eldar.cz\/tompatrick\/martin-jabkenic-sbirka-basni\/zahradkarska-kolonie-16\" data-type=\"button_count\" data-size=\"large\"><\/div><\/div>\n<ul class=\"wp-block-list\"><li>Zahr\u00e1dk\u00e1\u0159sk\u00e1 kolonie <\/li><li>a lid\u00e9 s dobr\u00fdm srdcem v n\u00ed <\/li><li>spole\u010dn\u011b obhospoda\u0159uj\u00ed ji s l\u00e1skou a rovn\u011b\u017e s citem <\/li><li>a to ve v\u0161ech ro\u010dn\u00edch obdob\u00edch&nbsp;<\/li><li><\/li><li>Tu sada\u0159 ke\u0159\u00edk zasad\u00ed <\/li><li>a jabloni pot\u00e9 pod\u011bkuje <\/li><li>za to jak \u0161t\u011bdr\u00e1 k n\u011bmu v\u017edy jest <\/li><li>kdy po dlouh\u00e1 pam\u00e1tn\u00e1 l\u00e9ta <\/li><li>lahodn\u00fdmi plody jej z\u00e1sobuje&nbsp;<\/li><li><\/li><li>Nen\u00ed tomu tak d\u00e1vno <\/li><li>zl\u00fd ork\u00e1n m\u011bl se \u010dile k sv\u011btu <\/li><li>a zahr\u00e1dk\u00e1\u0159i tak ze dne na den neo\u010dek\u00e1van\u00e9mu \u010delili <\/li><li>ob\u00e1vaj\u00edce se o svoji p\u011bstitelskou dom\u00e9nu&nbsp;<\/li><li><\/li><li>Spole\u010dnou prac\u00ed pak pustili se do d\u00edla <\/li><li>av\u0161ak nebyli na to sami <\/li><li>ruku k d\u00edlu p\u0159ilo\u017eila i sama p\u0159\u00edroda <\/li><li>je\u017e se tak sna\u017eila od\u010diniti h\u0159\u00edch <\/li><li>kdy krut\u011b zachovala se v\u016f\u010di t\u011bm <\/li><li>pro n\u011b\u017e byla jejich zahrada v\u0161\u00edm<\/li><\/ul>\n\n\n\n<ul class=\"wp-block-list\"><li><\/li><\/ul>\n\n\n\n<ul class=\"wp-block-list\"><li>&nbsp;Pakt p\u0159\u00e1telstv\u00ed tak sjedn\u00e1n nakonec byl <\/li><li>mezi p\u0159\u00edrodou a \u010dlov\u00ed\u010dky&nbsp;dobr\u00fdmi <\/li><li>kte\u0159\u00ed zanedlouho op\u011bt radovati mohli se <\/li><li>ze sv\u00e9 p\u011bstitelsk\u00e9 \u00farody&nbsp;<\/li><li><\/li><li>To Svat\u00fd sada\u0159 se o to p\u0159i\u010dinil <\/li><li>onen posv\u00e1tn\u00fd b\u016f\u017eek v\u0161ech miluj\u00edc\u00edch! <\/li><li>Person uzn\u00e1vaj\u00edc\u00edch v\u016fni strom\u016f a p\u016fdn\u00ed hl\u00edny <\/li><li>a to nejen zde, v malebn\u00e9m Por\u00fdn\u00ed<\/li><\/ul>\n\n\n\n<ul class=\"wp-block-list\"><li>Tak dny, t\u00fddny, m\u011bs\u00edce d\u00e1le ub\u00edhaj\u00ed <\/li><li>a lid\u00e9 v letech \u010di ti o n\u011bco mlad\u0161\u00ed <\/li><li>p\u0159ed\u00e1vaj\u00ed si z generace na generaci <\/li><li>cenn\u00e9 zahradnick\u00e9 rady&nbsp;<\/li><li><\/li><li>\u017de v\u0161e podstatn\u00e9 spo\u010d\u00edv\u00e1 v oddan\u00e9 l\u00e1sce <\/li><li>a ten kdo\u017e uzn\u00e1v\u00e1 ji <\/li><li>zahr\u00e1dk\u00e1\u0159sk\u00fd post pak zvl\u00e1dne hladce&nbsp;<\/li><li><\/li><li>\u017d\u00e1dn\u00e1 v\u011bda to tak nen\u00ed <\/li><li>co\u017e ji\u017e v\u011bd\u00ed nejen p\u011bstitel\u00e9  <\/li><li>v onom malebn\u00e9m Por\u00fdn\u00ed&nbsp;<\/li><li><\/li><li>A tak opatrujte se lid\u00e9 dob\u0159\u00ed <\/li><li>a k\u00e9\u017e v\u00e1s \u0161t\u011bst\u011bna i nad\u00e1le prov\u00e1z\u00ed <\/li><li>V\u017edy\u0165 za co by \u017eivot jinak st\u00e1l <\/li><li>bez kousku t\u00e9 p\u016fdn\u00ed hl\u00edny <\/li><li>symbolizuj\u00edc\u00ed v\u00e1\u0161 um <\/li><li>v\u00e1\u0161 \u00farodn\u00fd zahr\u00e1dk\u00e1\u0159sk\u00fd kraj<\/li><\/ul>\n\n\n\n<p><\/p>\n<div class=\"fcbkbttn_buttons_block\" id=\"fcbkbttn_left\"><div class=\"fcbkbttn_button\">\n                            <a href=\"https:\/\/www.facebook.com\/tom.patrick.509\" target=\"_blank\">\n                                <img decoding=\"async\" src=\"https:\/\/eldar.cz\/tompatrick\/wp-content\/plugins\/facebook-button-plugin\/images\/large-facebook-ico.png\" alt=\"Fb-Button\" \/>\n                            <\/a>\n                        <\/div><div class=\"fcbkbttn_like fcbkbttn_large_button\"><fb:like href=\"https:\/\/eldar.cz\/tompatrick\/martin-jabkenic-sbirka-basni\/zahradkarska-kolonie-16\" action=\"like\" colorscheme=\"light\" layout=\"standard\"  width=\"225px\" size=\"large\"><\/fb:like><\/div><div class=\"fb-share-button fcbkbttn_large_button \" data-href=\"https:\/\/eldar.cz\/tompatrick\/martin-jabkenic-sbirka-basni\/zahradkarska-kolonie-16\" data-type=\"button_count\" data-size=\"large\"><\/div><\/div>","protected":false},"excerpt":{"rendered":"<p>Zahr\u00e1dk\u00e1\u0159sk\u00e1 kolonie a lid\u00e9 s dobr\u00fdm srdcem v n\u00ed spole\u010dn\u011b obhospoda\u0159uj\u00ed ji s l\u00e1skou a rovn\u011b\u017e s citem a to ve v\u0161ech ro\u010dn\u00edch obdob\u00edch&nbsp; Tu sada\u0159 ke\u0159\u00edk zasad\u00ed a jabloni pot\u00e9 pod\u011bkuje za to jak \u0161t\u011bdr\u00e1 k n\u011bmu v\u017edy jest &hellip; <a href=\"https:\/\/eldar.cz\/tompatrick\/martin-jabkenic-sbirka-basni\/zahradkarska-kolonie-16\">Cel\u00fd p\u0159\u00edsp\u011bvek <span class=\"meta-nav\">&rarr;<\/span><\/a><\/p>\n","protected":false},"author":2,"featured_media":0,"comment_status":"open","ping_status":"open","sticky":false,"template":"","format":"standard","meta":{"_s2mail":"yes","footnotes":""},"categories":[27],"tags":[],"class_list":["post-2827","post","type-post","status-publish","format-standard","hentry","category-martin-jabkenic-sbirka-basni"],"_links":{"self":[{"href":"https:\/\/eldar.cz\/tompatrick\/wp-json\/wp\/v2\/posts\/2827","targetHints":{"allow":["GET"]}}],"collection":[{"href":"https:\/\/eldar.cz\/tompatrick\/wp-json\/wp\/v2\/posts"}],"about":[{"href":"https:\/\/eldar.cz\/tompatrick\/wp-json\/wp\/v2\/types\/post"}],"author":[{"embeddable":true,"href":"https:\/\/eldar.cz\/tompatrick\/wp-json\/wp\/v2\/users\/2"}],"replies":[{"embeddable":true,"href":"https:\/\/eldar.cz\/tompatrick\/wp-json\/wp\/v2\/comments?post=2827"}],"version-history":[{"count":2,"href":"https:\/\/eldar.cz\/tompatrick\/wp-json\/wp\/v2\/posts\/2827\/revisions"}],"predecessor-version":[{"id":2829,"href":"https:\/\/eldar.cz\/tompatrick\/wp-json\/wp\/v2\/posts\/2827\/revisions\/2829"}],"wp:attachment":[{"href":"https:\/\/eldar.cz\/tompatrick\/wp-json\/wp\/v2\/media?parent=2827"}],"wp:term":[{"taxonomy":"category","embeddable":true,"href":"https:\/\/eldar.cz\/tompatrick\/wp-json\/wp\/v2\/categories?post=2827"},{"taxonomy":"post_tag","embeddable":true,"href":"https:\/\/eldar.cz\/tompatrick\/wp-json\/wp\/v2\/tags?post=2827"}],"curies":[{"name":"wp","href":"https:\/\/api.w.org\/{rel}","templated":true}]}}