{"id":2806,"date":"2020-10-26T09:00:09","date_gmt":"2020-10-26T07:00:09","guid":{"rendered":"https:\/\/eldar.cz\/tompatrick\/?p=2806"},"modified":"2020-05-29T10:41:20","modified_gmt":"2020-05-29T08:41:20","slug":"srnka-a-vlk-11","status":"publish","type":"post","link":"https:\/\/eldar.cz\/tompatrick\/martin-jabkenic-sbirka-basni\/srnka-a-vlk-11","title":{"rendered":"Srnka a vlk (11)"},"content":{"rendered":"<div class=\"fcbkbttn_buttons_block\" id=\"fcbkbttn_left\"><div class=\"fcbkbttn_button\">\n                            <a href=\"https:\/\/www.facebook.com\/tom.patrick.509\" target=\"_blank\">\n                                <img decoding=\"async\" src=\"https:\/\/eldar.cz\/tompatrick\/wp-content\/plugins\/facebook-button-plugin\/images\/large-facebook-ico.png\" alt=\"Fb-Button\" \/>\n                            <\/a>\n                        <\/div><div class=\"fcbkbttn_like fcbkbttn_large_button\"><fb:like href=\"https:\/\/eldar.cz\/tompatrick\/martin-jabkenic-sbirka-basni\/srnka-a-vlk-11\" action=\"like\" colorscheme=\"light\" layout=\"standard\"  width=\"225px\" size=\"large\"><\/fb:like><\/div><div class=\"fb-share-button fcbkbttn_large_button \" data-href=\"https:\/\/eldar.cz\/tompatrick\/martin-jabkenic-sbirka-basni\/srnka-a-vlk-11\" data-type=\"button_count\" data-size=\"large\"><\/div><\/div>\n<ul class=\"wp-block-list\"><li>I p\u0159i\u0161la srnka k prameni <\/li><li>nap\u00edt se a nabrat pot\u0159ebn\u00fdch sil <\/li><li>V\u011bd\u011bla\u00a0toti\u017e velmi dob\u0159e <\/li><li>\u017ee zima neomyln\u011b klepe na dve\u0159e\u00a0<\/li><li><\/li><li>Opod\u00e1l nesly\u0161n\u011b skryt v hou\u0161t\u00ed  <\/li><li>pred\u00e1tor si zuby la\u010dn\u011b brous\u00ed <\/li><li>na ob\u011b\u0165 chyst\u00e1 se za\u00fato\u010dit <\/li><li>letit\u00e9 znalosti \u0161elmy p\u0159itom z\u00faro\u010dit\u00a0<\/li><li><\/li><li>Stala se v\u00e1m v\u0161ak prazvl\u00e1\u0161tn\u00ed v\u011bc <\/li><li>na bezbrann\u00e9 srnce nebyla prolita krev <\/li><li>vlk toti\u017e stranou v posledn\u00ed chv\u00edli usko\u010dil <\/li><li>a svou zam\u00fd\u0161lenou ob\u011b\u0165 tak nezardousil\u00a0<\/li><li><\/li><li>Kdo se o to p\u0159i\u010dinil?<\/li><li> S\u00e1m B\u016fh \u010di rozmarn\u00e9 h\u0159\u00ed\u010dky p\u0159\u00edrody? <\/li><li><\/li><li>Jedno je v\u0161ak podstatn\u00e9 ji\u017e te\u010f <\/li><li>a sice \u017ee \u017eivot projednou nebyl promarn\u011bn\u00a0<\/li><li><\/li><li>Je to tak spr\u00e1vn\u011b \u010di ne? <\/li><li>Opravdu v\u00fdznam m\u00e1 <\/li><li>kdy\u017e jeden vinou <\/li><li>toho druh\u00e9ho zhyne? <\/li><li><\/li><li>Pro pot\u011bchu \u010di jen proto <\/li><li>aby si prodlou\u017eil \u017eivot?<\/li><\/ul>\n\n\n\n<ul class=\"wp-block-list\"><li>A tak&#8230;\u00a0<\/li><li><\/li><li>Ce\u0148me si p\u0159ed jistou smrt\u00ed uchr\u00e1n\u011bn\u00fdch jedinc\u016f <\/li><li>nebo\u0165 sv\u011bt je jinak pln\u00fd z\u00e1ke\u0159n\u00fdch zl\u00fdch \u010din\u016f <\/li><li>a to nejen v sam\u00e9m srdci zv\u00ed\u0159ec\u00ed \u0159\u00ed\u0161e <\/li><li>n\u00fdbr\u017e i v t\u00e9 nelehk\u00e9 \u0159\u00ed\u0161i lidsk\u00e9\u00a0<\/li><li><\/li><li>A tak&#8230;<\/li><\/ul>\n\n\n\n<p><\/p>\n\n\n\n<ul class=\"wp-block-list\"><li>Srnka a vlk v na\u0161em p\u0159\u00edb\u011bhu p\u0159\u00e1teli se stali <\/li><li>a o m\u00edsto na Zemi ji\u017e v\u00edcero nebojovali\u00a0<\/li><li><\/li><li>Ba co v\u00edc!\u00a0\u00a0<\/li><li><\/li><li>Spole\u010dn\u011b ze stud\u00e1nky pili <\/li><li>aby la\u010dnou \u017e\u00edze\u0148 ukojili\u00a0<\/li><li><\/li><li>Pot\u00e9 zam\u00ed\u0159ili do domov\u016f rodn\u00fdch <\/li><li>srnka k vrstevn\u00edk\u016fm <\/li><li>ob\u00e1van\u00fd pred\u00e1tor zase ke sme\u010dce sv\u00e9 vl\u010d\u00ed\u00a0<\/li><li><\/li><li>Jak\u00e9 z toho plyne ponau\u010den\u00ed?<\/li><\/ul>\n\n\n\n<ul class=\"wp-block-list\"><li>Je prostink\u00e9&#8230;\u00a0<\/li><li><\/li><li>Ve fantazii lidsk\u00e9 mysli v\u0161e spo\u010d\u00edv\u00e1  <\/li><li>nebo\u0165 kdy\u017e \u010dlov\u011bk po ruce pap\u00edr a tu\u017eku m\u00e1 <\/li><li>je na n\u011bj se z\u00e1konitostmi kr\u00e1tk\u00e1 <\/li><li>i sama p\u0159\u00edroda<\/li><\/ul>\n<div class=\"fcbkbttn_buttons_block\" id=\"fcbkbttn_left\"><div class=\"fcbkbttn_button\">\n                            <a href=\"https:\/\/www.facebook.com\/tom.patrick.509\" target=\"_blank\">\n                                <img decoding=\"async\" src=\"https:\/\/eldar.cz\/tompatrick\/wp-content\/plugins\/facebook-button-plugin\/images\/large-facebook-ico.png\" alt=\"Fb-Button\" \/>\n                            <\/a>\n                        <\/div><div class=\"fcbkbttn_like fcbkbttn_large_button\"><fb:like href=\"https:\/\/eldar.cz\/tompatrick\/martin-jabkenic-sbirka-basni\/srnka-a-vlk-11\" action=\"like\" colorscheme=\"light\" layout=\"standard\"  width=\"225px\" size=\"large\"><\/fb:like><\/div><div class=\"fb-share-button fcbkbttn_large_button \" data-href=\"https:\/\/eldar.cz\/tompatrick\/martin-jabkenic-sbirka-basni\/srnka-a-vlk-11\" data-type=\"button_count\" data-size=\"large\"><\/div><\/div>","protected":false},"excerpt":{"rendered":"<p>I p\u0159i\u0161la srnka k prameni nap\u00edt se a nabrat pot\u0159ebn\u00fdch sil V\u011bd\u011bla\u00a0toti\u017e velmi dob\u0159e \u017ee zima neomyln\u011b klepe na dve\u0159e\u00a0 Opod\u00e1l nesly\u0161n\u011b skryt v hou\u0161t\u00ed pred\u00e1tor si zuby la\u010dn\u011b brous\u00ed na ob\u011b\u0165 chyst\u00e1 se za\u00fato\u010dit letit\u00e9 znalosti \u0161elmy p\u0159itom z\u00faro\u010dit\u00a0 &hellip; <a href=\"https:\/\/eldar.cz\/tompatrick\/martin-jabkenic-sbirka-basni\/srnka-a-vlk-11\">Cel\u00fd p\u0159\u00edsp\u011bvek <span class=\"meta-nav\">&rarr;<\/span><\/a><\/p>\n","protected":false},"author":2,"featured_media":0,"comment_status":"open","ping_status":"open","sticky":false,"template":"","format":"standard","meta":{"_s2mail":"yes","footnotes":""},"categories":[27],"tags":[],"class_list":["post-2806","post","type-post","status-publish","format-standard","hentry","category-martin-jabkenic-sbirka-basni"],"_links":{"self":[{"href":"https:\/\/eldar.cz\/tompatrick\/wp-json\/wp\/v2\/posts\/2806","targetHints":{"allow":["GET"]}}],"collection":[{"href":"https:\/\/eldar.cz\/tompatrick\/wp-json\/wp\/v2\/posts"}],"about":[{"href":"https:\/\/eldar.cz\/tompatrick\/wp-json\/wp\/v2\/types\/post"}],"author":[{"embeddable":true,"href":"https:\/\/eldar.cz\/tompatrick\/wp-json\/wp\/v2\/users\/2"}],"replies":[{"embeddable":true,"href":"https:\/\/eldar.cz\/tompatrick\/wp-json\/wp\/v2\/comments?post=2806"}],"version-history":[{"count":1,"href":"https:\/\/eldar.cz\/tompatrick\/wp-json\/wp\/v2\/posts\/2806\/revisions"}],"predecessor-version":[{"id":2807,"href":"https:\/\/eldar.cz\/tompatrick\/wp-json\/wp\/v2\/posts\/2806\/revisions\/2807"}],"wp:attachment":[{"href":"https:\/\/eldar.cz\/tompatrick\/wp-json\/wp\/v2\/media?parent=2806"}],"wp:term":[{"taxonomy":"category","embeddable":true,"href":"https:\/\/eldar.cz\/tompatrick\/wp-json\/wp\/v2\/categories?post=2806"},{"taxonomy":"post_tag","embeddable":true,"href":"https:\/\/eldar.cz\/tompatrick\/wp-json\/wp\/v2\/tags?post=2806"}],"curies":[{"name":"wp","href":"https:\/\/api.w.org\/{rel}","templated":true}]}}