{"id":2789,"date":"2020-09-28T09:00:28","date_gmt":"2020-09-28T07:00:28","guid":{"rendered":"https:\/\/eldar.cz\/tompatrick\/?p=2789"},"modified":"2020-05-23T11:16:14","modified_gmt":"2020-05-23T09:16:14","slug":"pomnik-7","status":"publish","type":"post","link":"https:\/\/eldar.cz\/tompatrick\/martin-jabkenic-sbirka-basni\/pomnik-7","title":{"rendered":"Pomn\u00edk (7)"},"content":{"rendered":"<div class=\"fcbkbttn_buttons_block\" id=\"fcbkbttn_left\"><div class=\"fcbkbttn_button\">\n                            <a href=\"https:\/\/www.facebook.com\/tom.patrick.509\" target=\"_blank\">\n                                <img decoding=\"async\" src=\"https:\/\/eldar.cz\/tompatrick\/wp-content\/plugins\/facebook-button-plugin\/images\/large-facebook-ico.png\" alt=\"Fb-Button\" \/>\n                            <\/a>\n                        <\/div><div class=\"fcbkbttn_like fcbkbttn_large_button\"><fb:like href=\"https:\/\/eldar.cz\/tompatrick\/martin-jabkenic-sbirka-basni\/pomnik-7\" action=\"like\" colorscheme=\"light\" layout=\"standard\"  width=\"225px\" size=\"large\"><\/fb:like><\/div><div class=\"fb-share-button fcbkbttn_large_button \" data-href=\"https:\/\/eldar.cz\/tompatrick\/martin-jabkenic-sbirka-basni\/pomnik-7\" data-type=\"button_count\" data-size=\"large\"><\/div><\/div>\n<ul class=\"wp-block-list\"><li>Na pomn\u00edk kamen\u00edk vytesal <\/li><li>jm\u00e9no slavn\u00e9 persony <\/li><li>rod\u00e1k z Par\u00e9 j\u00ed byl <\/li><li>voj\u00edn neoby\u010dejn\u00fd\u00a0<\/li><li><\/li><li>Bohat\u00fd \u017eivot pro\u017eil <\/li><li>vlasti slou\u017eil dobrovoln\u011b <\/li><li>\u017eivot za ni polo\u017eil <\/li><li>ve v\u00e1lce nehostinn\u00e9\u00a0<\/li><li><\/li><li>Je tomu ji\u017e rok <\/li><li>co opustil tento n\u00e1\u0161 sv\u011bt <\/li><li>do Nebe ode\u0161el <\/li><li>na\u0161el sv\u016fj posmrtn\u00fd klid\u00a0<\/li><li><\/li><li>Na mati\u010dce Zemi ho mnoho nepoznal <\/li><li>st\u00e1le n\u011b\u010d\u00edm zam\u011bstn\u00e1n byl <\/li><li>tu \u0159e\u0161il slo\u017eitosti \u017eivota <\/li><li>v n\u011bm\u017e o dobr\u00e9ho p\u0159\u00edtele p\u0159i\u0161el\u00a0<\/li><li><\/li><li>Voj\u00edn m\u011bl \u017eenu v\u011brnou <\/li><li>neopustila jej ani po jeho skonu <\/li><li>kv\u011btiny k pomn\u00edku mu nos\u00edvala <\/li><li>nevynechaj\u00edc jedin\u00fd den <\/li><li>kdy nepoctila by zesnul\u00e9ho svoj\u00ed n\u00e1v\u0161t\u011bvou\u00a0<\/li><li><\/li><li>Tak moc odd\u00e1na mu byla\u00a0<\/li><li><\/li><li>O tom nerozlu\u010dn\u00e9m p\u00e1ru <\/li><li>pov\u00eddali si m\u00edstn\u00ed i p\u0159espoln\u00ed <\/li><li>obdivuj\u00edce onu vrouc\u00ed l\u00e1sku <\/li><li>l\u00e1sku \u017eiv\u00e9 k mrtv\u00e9mu\u00a0<\/li><li><\/li><li>A pak, kdy\u017e i \u017eena <\/li><li>za sv\u00fdm mil\u00fdm odebrala se <\/li><li>na spole\u010dn\u00fd n\u00e1hrobek p\u0159ips\u00e1no bylo <\/li><li>toto jemn\u00fdm p\u00edsmem:<\/li><\/ul>\n\n\n\n<ul class=\"wp-block-list\"><li><em>Zde le\u017e\u00ed zamilovan\u00fd p\u00e1r <\/em><\/li><li><em>p\u00e1r jen\u017e m\u011bl se tuze r\u00e1d <\/em><\/li><li><em>p\u00e1r jen\u017e p\u0159ekonal nehostinn\u00fd osud <\/em><\/li><li><em>aby tak naplnil slib v\u011brnosti <\/em><\/li><li><em>a t\u00edm splynul v tichosti nav\u011bky\u00a0<\/em><\/li><li><\/li><li><em>Budi\u017e mu tedy nebesa oporou <\/em><\/li><li><em>v\u011b\u010dnou nedot\u010denou svobodou<\/em><\/li><\/ul>\n<div class=\"fcbkbttn_buttons_block\" id=\"fcbkbttn_left\"><div class=\"fcbkbttn_button\">\n                            <a href=\"https:\/\/www.facebook.com\/tom.patrick.509\" target=\"_blank\">\n                                <img decoding=\"async\" src=\"https:\/\/eldar.cz\/tompatrick\/wp-content\/plugins\/facebook-button-plugin\/images\/large-facebook-ico.png\" alt=\"Fb-Button\" \/>\n                            <\/a>\n                        <\/div><div class=\"fcbkbttn_like fcbkbttn_large_button\"><fb:like href=\"https:\/\/eldar.cz\/tompatrick\/martin-jabkenic-sbirka-basni\/pomnik-7\" action=\"like\" colorscheme=\"light\" layout=\"standard\"  width=\"225px\" size=\"large\"><\/fb:like><\/div><div class=\"fb-share-button fcbkbttn_large_button \" data-href=\"https:\/\/eldar.cz\/tompatrick\/martin-jabkenic-sbirka-basni\/pomnik-7\" data-type=\"button_count\" data-size=\"large\"><\/div><\/div>","protected":false},"excerpt":{"rendered":"<p>Na pomn\u00edk kamen\u00edk vytesal jm\u00e9no slavn\u00e9 persony rod\u00e1k z Par\u00e9 j\u00ed byl voj\u00edn neoby\u010dejn\u00fd\u00a0 Bohat\u00fd \u017eivot pro\u017eil vlasti slou\u017eil dobrovoln\u011b \u017eivot za ni polo\u017eil ve v\u00e1lce nehostinn\u00e9\u00a0 Je tomu ji\u017e rok co opustil tento n\u00e1\u0161 sv\u011bt do Nebe ode\u0161el na\u0161el &hellip; <a href=\"https:\/\/eldar.cz\/tompatrick\/martin-jabkenic-sbirka-basni\/pomnik-7\">Cel\u00fd p\u0159\u00edsp\u011bvek <span class=\"meta-nav\">&rarr;<\/span><\/a><\/p>\n","protected":false},"author":2,"featured_media":0,"comment_status":"open","ping_status":"open","sticky":false,"template":"","format":"standard","meta":{"_s2mail":"yes","footnotes":""},"categories":[27],"tags":[],"class_list":["post-2789","post","type-post","status-publish","format-standard","hentry","category-martin-jabkenic-sbirka-basni"],"_links":{"self":[{"href":"https:\/\/eldar.cz\/tompatrick\/wp-json\/wp\/v2\/posts\/2789","targetHints":{"allow":["GET"]}}],"collection":[{"href":"https:\/\/eldar.cz\/tompatrick\/wp-json\/wp\/v2\/posts"}],"about":[{"href":"https:\/\/eldar.cz\/tompatrick\/wp-json\/wp\/v2\/types\/post"}],"author":[{"embeddable":true,"href":"https:\/\/eldar.cz\/tompatrick\/wp-json\/wp\/v2\/users\/2"}],"replies":[{"embeddable":true,"href":"https:\/\/eldar.cz\/tompatrick\/wp-json\/wp\/v2\/comments?post=2789"}],"version-history":[{"count":1,"href":"https:\/\/eldar.cz\/tompatrick\/wp-json\/wp\/v2\/posts\/2789\/revisions"}],"predecessor-version":[{"id":2790,"href":"https:\/\/eldar.cz\/tompatrick\/wp-json\/wp\/v2\/posts\/2789\/revisions\/2790"}],"wp:attachment":[{"href":"https:\/\/eldar.cz\/tompatrick\/wp-json\/wp\/v2\/media?parent=2789"}],"wp:term":[{"taxonomy":"category","embeddable":true,"href":"https:\/\/eldar.cz\/tompatrick\/wp-json\/wp\/v2\/categories?post=2789"},{"taxonomy":"post_tag","embeddable":true,"href":"https:\/\/eldar.cz\/tompatrick\/wp-json\/wp\/v2\/tags?post=2789"}],"curies":[{"name":"wp","href":"https:\/\/api.w.org\/{rel}","templated":true}]}}