{"id":2785,"date":"2020-09-21T09:00:00","date_gmt":"2020-09-21T07:00:00","guid":{"rendered":"https:\/\/eldar.cz\/tompatrick\/?p=2785"},"modified":"2020-05-23T09:42:45","modified_gmt":"2020-05-23T07:42:45","slug":"dum-6","status":"publish","type":"post","link":"https:\/\/eldar.cz\/tompatrick\/martin-jabkenic-sbirka-basni\/dum-6","title":{"rendered":"D\u016fm (6)"},"content":{"rendered":"<div class=\"fcbkbttn_buttons_block\" id=\"fcbkbttn_left\"><div class=\"fcbkbttn_button\">\n                            <a href=\"https:\/\/www.facebook.com\/tom.patrick.509\" target=\"_blank\">\n                                <img decoding=\"async\" src=\"https:\/\/eldar.cz\/tompatrick\/wp-content\/plugins\/facebook-button-plugin\/images\/large-facebook-ico.png\" alt=\"Fb-Button\" \/>\n                            <\/a>\n                        <\/div><div class=\"fcbkbttn_like fcbkbttn_large_button\"><fb:like href=\"https:\/\/eldar.cz\/tompatrick\/martin-jabkenic-sbirka-basni\/dum-6\" action=\"like\" colorscheme=\"light\" layout=\"standard\"  width=\"225px\" size=\"large\"><\/fb:like><\/div><div class=\"fb-share-button fcbkbttn_large_button \" data-href=\"https:\/\/eldar.cz\/tompatrick\/martin-jabkenic-sbirka-basni\/dum-6\" data-type=\"button_count\" data-size=\"large\"><\/div><\/div>\n<ul class=\"wp-block-list\"><li>I vyklizen jest d\u016fm <\/li><li>d\u016fm star\u00fd v\u00edce jak sto let <\/li><li>nyn\u00ed zbour\u00e1n b\u00fdti mus\u00ed <\/li><li>k zemi sesunut\u00a0<\/li><li><\/li><li>I sch\u00e1zej\u00ed se lid\u00e9 <\/li><li>v z\u00e1stupech po\u010detn\u00fdch <\/li><li>plni dojm\u016f a emoc\u00ed <\/li><li>by derni\u00e9ru shl\u00e9dli\u00a0<\/li><li><\/li><li>Vzpom\u00ednky pulzuj\u00ed lidsk\u00fdmi du\u0161emi <\/li><li>neskr\u00fdvaj\u00edce dojmy <\/li><li>hlasit\u00e9, pla\u010d\u00edc\u00ed, nostalgick\u00e9 <\/li><li>u du\u0161\u00ed jen\u017e dan\u00e9mu p\u0159edstaven\u00ed p\u0159ihl\u00ed\u017eej\u00ed\u00a0<\/li><li><\/li><li>Pr\u00e1v\u011b te\u010f!\u00a0<\/li><li><\/li><li>Pak kdosi zdvihne cosi ze zem\u011b <\/li><li>a ono nalezen\u00e9 opr\u00e1\u0161\u00ed <\/li><li>o jak\u00fdsi novinov\u00fd \u00fatr\u017eek jedn\u00e1 se <\/li><li>s domem pr\u00e1v\u011b spojitost lze vytu\u0161it\u00a0<\/li><li><\/li><li>\u00datr\u017eek hl\u00e1s\u00e1 \u017ee kdysi rodiny s d\u011btmi tu \u017eily <\/li><li>v dom\u011b z n\u011bho\u017e pr\u00e1v\u011b se ruina m\u00e1 utvo\u0159it <\/li><li>kdy vlastn\u00ed \u017eivoty polo\u017eily za \u010das\u016f v\u00e1le\u010dn\u00fdch <\/li><li>kdy rukou stran nep\u0159\u00edtele  <\/li><li>z tohoto sv\u011bta potupn\u011b ode\u0161ly\u00a0<\/li><li><\/li><li>Ba co v\u00edce <\/li><li>hrob z\u00e1hy objeven jest na odlehl\u00e9m m\u00edst\u011b! <\/li><li>Co nast\u00e1v\u00e1 &#8211; vytu\u0161\u00edte?\u00a0<\/li><li><\/li><li>Demoli\u010dn\u00ed pr\u00e1ce tak pozastaveny budou <\/li><li>archeologov\u00e9 nastoup\u00ed svoji pr\u00e1ci v\u00fdkopovou <\/li><li>kdy d\u016fm i jeho okol\u00ed tak r\u00e1zem stanou se <\/li><li>pro skupinku badatel\u016f m\u00edstem <\/li><li>kr\u00e1\u010dej\u00edc\u00edch d\u011bjin <\/li><li>m\u00edstem kde taje cenn\u00e9 budou n\u00e1sledn\u011b poodhaleny<\/li><\/ul>\n\n\n\n<ul class=\"wp-block-list\"><li>Tak domu zest\u00e1rl\u00e9mu <\/li><li>\u017eivot prodlou\u017een byl <\/li><li>Osud \u010di n\u00e1hoda? <\/li><li>To posu\u010fte ji\u017e sami<\/li><\/ul>\n<div class=\"fcbkbttn_buttons_block\" id=\"fcbkbttn_left\"><div class=\"fcbkbttn_button\">\n                            <a href=\"https:\/\/www.facebook.com\/tom.patrick.509\" target=\"_blank\">\n                                <img decoding=\"async\" src=\"https:\/\/eldar.cz\/tompatrick\/wp-content\/plugins\/facebook-button-plugin\/images\/large-facebook-ico.png\" alt=\"Fb-Button\" \/>\n                            <\/a>\n                        <\/div><div class=\"fcbkbttn_like fcbkbttn_large_button\"><fb:like href=\"https:\/\/eldar.cz\/tompatrick\/martin-jabkenic-sbirka-basni\/dum-6\" action=\"like\" colorscheme=\"light\" layout=\"standard\"  width=\"225px\" size=\"large\"><\/fb:like><\/div><div class=\"fb-share-button fcbkbttn_large_button \" data-href=\"https:\/\/eldar.cz\/tompatrick\/martin-jabkenic-sbirka-basni\/dum-6\" data-type=\"button_count\" data-size=\"large\"><\/div><\/div>","protected":false},"excerpt":{"rendered":"<p>I vyklizen jest d\u016fm d\u016fm star\u00fd v\u00edce jak sto let nyn\u00ed zbour\u00e1n b\u00fdti mus\u00ed k zemi sesunut\u00a0 I sch\u00e1zej\u00ed se lid\u00e9 v z\u00e1stupech po\u010detn\u00fdch plni dojm\u016f a emoc\u00ed by derni\u00e9ru shl\u00e9dli\u00a0 Vzpom\u00ednky pulzuj\u00ed lidsk\u00fdmi du\u0161emi neskr\u00fdvaj\u00edce dojmy hlasit\u00e9, pla\u010d\u00edc\u00ed, nostalgick\u00e9 &hellip; <a href=\"https:\/\/eldar.cz\/tompatrick\/martin-jabkenic-sbirka-basni\/dum-6\">Cel\u00fd p\u0159\u00edsp\u011bvek <span class=\"meta-nav\">&rarr;<\/span><\/a><\/p>\n","protected":false},"author":2,"featured_media":0,"comment_status":"open","ping_status":"open","sticky":false,"template":"","format":"standard","meta":{"_s2mail":"yes","footnotes":""},"categories":[27],"tags":[],"class_list":["post-2785","post","type-post","status-publish","format-standard","hentry","category-martin-jabkenic-sbirka-basni"],"_links":{"self":[{"href":"https:\/\/eldar.cz\/tompatrick\/wp-json\/wp\/v2\/posts\/2785","targetHints":{"allow":["GET"]}}],"collection":[{"href":"https:\/\/eldar.cz\/tompatrick\/wp-json\/wp\/v2\/posts"}],"about":[{"href":"https:\/\/eldar.cz\/tompatrick\/wp-json\/wp\/v2\/types\/post"}],"author":[{"embeddable":true,"href":"https:\/\/eldar.cz\/tompatrick\/wp-json\/wp\/v2\/users\/2"}],"replies":[{"embeddable":true,"href":"https:\/\/eldar.cz\/tompatrick\/wp-json\/wp\/v2\/comments?post=2785"}],"version-history":[{"count":1,"href":"https:\/\/eldar.cz\/tompatrick\/wp-json\/wp\/v2\/posts\/2785\/revisions"}],"predecessor-version":[{"id":2786,"href":"https:\/\/eldar.cz\/tompatrick\/wp-json\/wp\/v2\/posts\/2785\/revisions\/2786"}],"wp:attachment":[{"href":"https:\/\/eldar.cz\/tompatrick\/wp-json\/wp\/v2\/media?parent=2785"}],"wp:term":[{"taxonomy":"category","embeddable":true,"href":"https:\/\/eldar.cz\/tompatrick\/wp-json\/wp\/v2\/categories?post=2785"},{"taxonomy":"post_tag","embeddable":true,"href":"https:\/\/eldar.cz\/tompatrick\/wp-json\/wp\/v2\/tags?post=2785"}],"curies":[{"name":"wp","href":"https:\/\/api.w.org\/{rel}","templated":true}]}}