{"id":2758,"date":"2020-08-17T09:00:36","date_gmt":"2020-08-17T07:00:36","guid":{"rendered":"https:\/\/eldar.cz\/tompatrick\/?p=2758"},"modified":"2020-05-15T12:22:06","modified_gmt":"2020-05-15T10:22:06","slug":"obraz","status":"publish","type":"post","link":"https:\/\/eldar.cz\/tompatrick\/martin-jabkenic-sbirka-basni\/obraz","title":{"rendered":"Obraz (1)"},"content":{"rendered":"<div class=\"fcbkbttn_buttons_block\" id=\"fcbkbttn_left\"><div class=\"fcbkbttn_button\">\n                            <a href=\"https:\/\/www.facebook.com\/tom.patrick.509\" target=\"_blank\">\n                                <img decoding=\"async\" src=\"https:\/\/eldar.cz\/tompatrick\/wp-content\/plugins\/facebook-button-plugin\/images\/large-facebook-ico.png\" alt=\"Fb-Button\" \/>\n                            <\/a>\n                        <\/div><div class=\"fcbkbttn_like fcbkbttn_large_button\"><fb:like href=\"https:\/\/eldar.cz\/tompatrick\/martin-jabkenic-sbirka-basni\/obraz\" action=\"like\" colorscheme=\"light\" layout=\"standard\"  width=\"225px\" size=\"large\"><\/fb:like><\/div><div class=\"fb-share-button fcbkbttn_large_button \" data-href=\"https:\/\/eldar.cz\/tompatrick\/martin-jabkenic-sbirka-basni\/obraz\" data-type=\"button_count\" data-size=\"large\"><\/div><\/div>\n<ul class=\"wp-block-list\"><li>Mal\u00ed\u0159 s\u0148al pl\u00e1tno <\/li><li>labu\u0165 na n\u011bm procitla&nbsp;<\/li><li><\/li><li>Mal\u00ed\u0159 dal j\u00ed \u017eivot <\/li><li>to nejcenn\u011bj\u0161\u00ed co mohl <\/li><li>tak jen a\u0165 nevyprch\u00e1 <\/li><li>p\u0159\u00e1l si&nbsp;<\/li><li><\/li><li>Mal\u00ed\u0159 d\u00edv\u00e1 se do d\u00e1li <\/li><li>labu\u0165 pozoruj\u00edc <\/li><li>ne\u017e ta vpluje do z\u00e1toky&nbsp;<\/li><li><\/li><li>Dal\u0161\u00ed obraz p\u0159ipravuje <\/li><li>vedle prvotn\u00edho pak stav\u00ed jej <\/li><li>malebn\u00e9 prost\u0159ed\u00ed nov\u011b portr\u00e9tuj\u00edc <\/li><li>aby labu\u0165 neztratila se <\/li><li>z o\u010d\u00ed jeho sniv\u00fdch&nbsp;<\/li><li><\/li><li>Znovu se s labut\u00ed v\u00edd\u00e1 <\/li><li>nov\u011b i s labut\u011bnkami <\/li><li>je\u017e \u0161t\u011btci vy\u010daroval <\/li><li>poetickou vlnou inspirac\u00ed&nbsp;<\/li><li><\/li><li>Cht\u011bl zachytit jen ono kr\u00e1sn\u00e9 <\/li><li>onen mal\u00ed\u0159 co poetikou obest\u0159el <\/li><li>srdce v\u0161ech \u017eiv\u00fdch <\/li><li>zlobou&nbsp;neposkvrn\u011bn\u00fdch&nbsp;<\/li><li><\/li><li>Posv\u011b\u0165me mu tedy jeho posl\u00e1n\u00ed <\/li><li>neb \u017eivot kr\u00e1sn\u00fd b\u00fdti m\u016f\u017ee <\/li><li>kdy\u017e o\u017eije na pl\u00e1tn\u011b v\u0161ech pl\u00e1ten <\/li><li>kde lidsk\u00fd um s p\u0159\u00edrodou se m\u00eds\u00ed&nbsp;<\/li><li><\/li><li>P\u0159\u00edrodou tak nen\u00e1silnou o\u010distnou <\/li><li>v n\u00ed\u017e stoj\u00ed za to b\u00fdti <\/li><li>v n\u00ed\u017e stoj\u00ed za to \u017e\u00edti<\/li><\/ul>\n\n\n\n<p><\/p>\n<div class=\"fcbkbttn_buttons_block\" id=\"fcbkbttn_left\"><div class=\"fcbkbttn_button\">\n                            <a href=\"https:\/\/www.facebook.com\/tom.patrick.509\" target=\"_blank\">\n                                <img decoding=\"async\" src=\"https:\/\/eldar.cz\/tompatrick\/wp-content\/plugins\/facebook-button-plugin\/images\/large-facebook-ico.png\" alt=\"Fb-Button\" \/>\n                            <\/a>\n                        <\/div><div class=\"fcbkbttn_like fcbkbttn_large_button\"><fb:like href=\"https:\/\/eldar.cz\/tompatrick\/martin-jabkenic-sbirka-basni\/obraz\" action=\"like\" colorscheme=\"light\" layout=\"standard\"  width=\"225px\" size=\"large\"><\/fb:like><\/div><div class=\"fb-share-button fcbkbttn_large_button \" data-href=\"https:\/\/eldar.cz\/tompatrick\/martin-jabkenic-sbirka-basni\/obraz\" data-type=\"button_count\" data-size=\"large\"><\/div><\/div>","protected":false},"excerpt":{"rendered":"<p>Mal\u00ed\u0159 s\u0148al pl\u00e1tno labu\u0165 na n\u011bm procitla&nbsp; Mal\u00ed\u0159 dal j\u00ed \u017eivot to nejcenn\u011bj\u0161\u00ed co mohl tak jen a\u0165 nevyprch\u00e1 p\u0159\u00e1l si&nbsp; Mal\u00ed\u0159 d\u00edv\u00e1 se do d\u00e1li labu\u0165 pozoruj\u00edc ne\u017e ta vpluje do z\u00e1toky&nbsp; Dal\u0161\u00ed obraz p\u0159ipravuje vedle prvotn\u00edho pak stav\u00ed &hellip; <a href=\"https:\/\/eldar.cz\/tompatrick\/martin-jabkenic-sbirka-basni\/obraz\">Cel\u00fd p\u0159\u00edsp\u011bvek <span class=\"meta-nav\">&rarr;<\/span><\/a><\/p>\n","protected":false},"author":2,"featured_media":0,"comment_status":"open","ping_status":"open","sticky":false,"template":"","format":"standard","meta":{"_s2mail":"yes","footnotes":""},"categories":[27],"tags":[],"class_list":["post-2758","post","type-post","status-publish","format-standard","hentry","category-martin-jabkenic-sbirka-basni"],"_links":{"self":[{"href":"https:\/\/eldar.cz\/tompatrick\/wp-json\/wp\/v2\/posts\/2758","targetHints":{"allow":["GET"]}}],"collection":[{"href":"https:\/\/eldar.cz\/tompatrick\/wp-json\/wp\/v2\/posts"}],"about":[{"href":"https:\/\/eldar.cz\/tompatrick\/wp-json\/wp\/v2\/types\/post"}],"author":[{"embeddable":true,"href":"https:\/\/eldar.cz\/tompatrick\/wp-json\/wp\/v2\/users\/2"}],"replies":[{"embeddable":true,"href":"https:\/\/eldar.cz\/tompatrick\/wp-json\/wp\/v2\/comments?post=2758"}],"version-history":[{"count":3,"href":"https:\/\/eldar.cz\/tompatrick\/wp-json\/wp\/v2\/posts\/2758\/revisions"}],"predecessor-version":[{"id":2765,"href":"https:\/\/eldar.cz\/tompatrick\/wp-json\/wp\/v2\/posts\/2758\/revisions\/2765"}],"wp:attachment":[{"href":"https:\/\/eldar.cz\/tompatrick\/wp-json\/wp\/v2\/media?parent=2758"}],"wp:term":[{"taxonomy":"category","embeddable":true,"href":"https:\/\/eldar.cz\/tompatrick\/wp-json\/wp\/v2\/categories?post=2758"},{"taxonomy":"post_tag","embeddable":true,"href":"https:\/\/eldar.cz\/tompatrick\/wp-json\/wp\/v2\/tags?post=2758"}],"curies":[{"name":"wp","href":"https:\/\/api.w.org\/{rel}","templated":true}]}}