{"id":2735,"date":"2020-08-12T09:00:27","date_gmt":"2020-08-12T07:00:27","guid":{"rendered":"http:\/\/eldar.cz\/tompatrick\/?p=2735"},"modified":"2020-03-17T16:12:23","modified_gmt":"2020-03-17T14:12:23","slug":"martinuv-zivotopis","status":"publish","type":"post","link":"https:\/\/eldar.cz\/tompatrick\/martin-jabkenic-sbirka-basni\/martinuv-zivotopis","title":{"rendered":"Martin\u016fv \u017eivotopis"},"content":{"rendered":"<div class=\"fcbkbttn_buttons_block\" id=\"fcbkbttn_left\"><div class=\"fcbkbttn_button\">\n                            <a href=\"https:\/\/www.facebook.com\/tom.patrick.509\" target=\"_blank\">\n                                <img decoding=\"async\" src=\"https:\/\/eldar.cz\/tompatrick\/wp-content\/plugins\/facebook-button-plugin\/images\/large-facebook-ico.png\" alt=\"Fb-Button\" \/>\n                            <\/a>\n                        <\/div><div class=\"fcbkbttn_like fcbkbttn_large_button\"><fb:like href=\"https:\/\/eldar.cz\/tompatrick\/martin-jabkenic-sbirka-basni\/martinuv-zivotopis\" action=\"like\" colorscheme=\"light\" layout=\"standard\"  width=\"225px\" size=\"large\"><\/fb:like><\/div><div class=\"fb-share-button fcbkbttn_large_button \" data-href=\"https:\/\/eldar.cz\/tompatrick\/martin-jabkenic-sbirka-basni\/martinuv-zivotopis\" data-type=\"button_count\" data-size=\"large\"><\/div><\/div><p><strong>Martin Jabkeni\u010d<\/strong><\/p>\n<p>*Narozen v Praze, od \u00fatl\u00e9ho ml\u00e1d\u00ed v\u0161ak trvale \u017eije ve st\u0159edn\u00edch \u010cech\u00e1ch<\/p>\n<p>*Po absolvov\u00e1n\u00ed gymn\u00e1zia, jen\u017e \u00fasp\u011b\u0161n\u011b zakon\u010dil maturitou, se ne\u00fasp\u011b\u0161n\u011b pokou\u0161el pokra\u010dovat ve studiu na liter\u00e1rn\u00ed akademii Josefa \u0160kvoreck\u00e9ho \u010di na \u0161kole Jaroslava Je\u017eka, obor p\u00eds\u0148ov\u00fd text<\/p>\n<p>*Vyst\u0159\u00eddal mnoh\u00e1 zam\u011bstn\u00e1n\u00ed, p\u0159i nich\u017e se op\u011btovn\u011b intenzivn\u011b v\u011bnoval psan\u00ed poezie<\/p>\n<p>*I p\u0159es z\u00e1va\u017en\u00e9 onemocn\u011bn\u00ed, jen\u017e mu na dlouh\u00e1 l\u00e9ta znemo\u017enilo norm\u00e1ln\u011b pracovat, se i nad\u00e1le sna\u017eil pokra\u010dovat v psan\u00ed b\u00e1sn\u00ed, jej\u00edch\u017e hlavn\u00edm specifikem a mo\u017enou p\u0159ednost\u00ed se stala konkr\u00e9tn\u00ed rozmanit\u00e1 temati\u010dnost<\/p>\n<p>*Svoji liter\u00e1rn\u00ed tvorbu prezentoval v \u010detn\u00fdch nez\u00e1visl\u00fdch b\u00e1snick\u00fdch sb\u00edrk\u00e1ch, a rovn\u011b\u017e na internetu, ve\u0159ejn\u011b pak nap\u0159\u00edklad na maratonu 24 hodin \u010dten\u00ed konan\u00e9ho v Pod\u011bbradech<\/p>\n<p>*Mezi jeho obl\u00edbenou kn\u00ed\u017eku pat\u0159\u00ed Mal\u00fd princ od Antonie de Saint Exuperyho, jeho\u017e poetika ovlivnila ran\u011b sepsan\u00e1 d\u00edla. Ty postupem \u010dasu p\u0159ech\u00e1zely v mnohem z\u00e1va\u017en\u011bj\u0161\u00ed celky, je\u017e se staly osobitou autorovou zpov\u011bd\u00ed o sv\u011bt\u011b, v n\u011bm\u017e \u017eijeme.<\/p>\n<p>*S p\u0159\u00edtelkyn\u00ed, s n\u00ed\u017e se poznal ji\u017e za studi\u00ed, a je\u017e p\u0159i n\u011bm st\u00e1la v dobr\u00fdch i zl\u00fdch \u010dasech, v dohledn\u00e9 dob\u011b pl\u00e1nuje spole\u010dnou budoucnost<\/p>\n<p>*Vedle psan\u00ed poezie se zaj\u00edm\u00e1 i o sport. Asi nejv\u00edce ho bav\u00ed fotbal, volejbal a ping-pong.<\/p>\n<p>*Ji\u017e t\u00e9m\u011b\u0159 p\u011bt let se intenzivn\u011b v\u011bnuje malb\u011b obr\u00e1zk\u016f, je\u017e jsou voln\u011b inspirov\u00e1ny jeho b\u00e1snickou tvorbou<\/p>\n<p>*V hloubi du\u0161e jej rmout\u00ed krutosti, jimi\u017e disponuje tento n\u00e1\u0161 pozemsk\u00fd sv\u011bt. Pr\u00e1v\u011b toto z velk\u00e9 \u010d\u00e1sti naplno integruje do stylu psan\u00ed dan\u00e9 osobit\u00e9 poezie jako\u017eto jej\u00edho n\u00e1sledn\u00e9ho zpracov\u00e1n\u00ed.<\/p>\n<p>*Trochu ho mrz\u00ed, \u017ee doposud nem\u011bl zp\u011btnou odezvu od \u010dten\u00e1\u0159\u016f na svoji liter\u00e1rn\u00ed tvorbu. Zm\u011bn\u00ed to tedy n\u00e1sledn\u00e1 prezentace na p\u0159\u00edslu\u0161n\u00fdch webov\u00fdch str\u00e1nk\u00e1ch?<\/p>\n<div class=\"fcbkbttn_buttons_block\" id=\"fcbkbttn_left\"><div class=\"fcbkbttn_button\">\n                            <a href=\"https:\/\/www.facebook.com\/tom.patrick.509\" target=\"_blank\">\n                                <img decoding=\"async\" src=\"https:\/\/eldar.cz\/tompatrick\/wp-content\/plugins\/facebook-button-plugin\/images\/large-facebook-ico.png\" alt=\"Fb-Button\" \/>\n                            <\/a>\n                        <\/div><div class=\"fcbkbttn_like fcbkbttn_large_button\"><fb:like href=\"https:\/\/eldar.cz\/tompatrick\/martin-jabkenic-sbirka-basni\/martinuv-zivotopis\" action=\"like\" colorscheme=\"light\" layout=\"standard\"  width=\"225px\" size=\"large\"><\/fb:like><\/div><div class=\"fb-share-button fcbkbttn_large_button \" data-href=\"https:\/\/eldar.cz\/tompatrick\/martin-jabkenic-sbirka-basni\/martinuv-zivotopis\" data-type=\"button_count\" data-size=\"large\"><\/div><\/div>","protected":false},"excerpt":{"rendered":"<p>Martin Jabkeni\u010d *Narozen v Praze, od \u00fatl\u00e9ho ml\u00e1d\u00ed v\u0161ak trvale \u017eije ve st\u0159edn\u00edch \u010cech\u00e1ch *Po absolvov\u00e1n\u00ed gymn\u00e1zia, jen\u017e \u00fasp\u011b\u0161n\u011b zakon\u010dil maturitou, se ne\u00fasp\u011b\u0161n\u011b pokou\u0161el pokra\u010dovat ve studiu na liter\u00e1rn\u00ed akademii Josefa \u0160kvoreck\u00e9ho \u010di na \u0161kole Jaroslava Je\u017eka, obor p\u00eds\u0148ov\u00fd text &hellip; <a href=\"https:\/\/eldar.cz\/tompatrick\/martin-jabkenic-sbirka-basni\/martinuv-zivotopis\">Cel\u00fd p\u0159\u00edsp\u011bvek <span class=\"meta-nav\">&rarr;<\/span><\/a><\/p>\n","protected":false},"author":2,"featured_media":0,"comment_status":"open","ping_status":"open","sticky":false,"template":"","format":"standard","meta":{"_s2mail":"yes","footnotes":""},"categories":[27],"tags":[],"class_list":["post-2735","post","type-post","status-publish","format-standard","hentry","category-martin-jabkenic-sbirka-basni"],"_links":{"self":[{"href":"https:\/\/eldar.cz\/tompatrick\/wp-json\/wp\/v2\/posts\/2735","targetHints":{"allow":["GET"]}}],"collection":[{"href":"https:\/\/eldar.cz\/tompatrick\/wp-json\/wp\/v2\/posts"}],"about":[{"href":"https:\/\/eldar.cz\/tompatrick\/wp-json\/wp\/v2\/types\/post"}],"author":[{"embeddable":true,"href":"https:\/\/eldar.cz\/tompatrick\/wp-json\/wp\/v2\/users\/2"}],"replies":[{"embeddable":true,"href":"https:\/\/eldar.cz\/tompatrick\/wp-json\/wp\/v2\/comments?post=2735"}],"version-history":[{"count":1,"href":"https:\/\/eldar.cz\/tompatrick\/wp-json\/wp\/v2\/posts\/2735\/revisions"}],"predecessor-version":[{"id":2736,"href":"https:\/\/eldar.cz\/tompatrick\/wp-json\/wp\/v2\/posts\/2735\/revisions\/2736"}],"wp:attachment":[{"href":"https:\/\/eldar.cz\/tompatrick\/wp-json\/wp\/v2\/media?parent=2735"}],"wp:term":[{"taxonomy":"category","embeddable":true,"href":"https:\/\/eldar.cz\/tompatrick\/wp-json\/wp\/v2\/categories?post=2735"},{"taxonomy":"post_tag","embeddable":true,"href":"https:\/\/eldar.cz\/tompatrick\/wp-json\/wp\/v2\/tags?post=2735"}],"curies":[{"name":"wp","href":"https:\/\/api.w.org\/{rel}","templated":true}]}}