{"id":270,"date":"2011-08-02T16:19:40","date_gmt":"2011-08-02T14:19:40","guid":{"rendered":"http:\/\/eldar.cz\/tompatrick\/?p=270"},"modified":"2011-08-02T16:20:14","modified_gmt":"2011-08-02T14:20:14","slug":"ohlednuti-za-prvni-casti-tygra-a-podekovani","status":"publish","type":"post","link":"https:\/\/eldar.cz\/tompatrick\/povidky\/tygr\/ohlednuti-za-prvni-casti-tygra-a-podekovani","title":{"rendered":"Ohl\u00e9dnut\u00ed za prvn\u00ed \u010d\u00e1sti &#8220;Tygra&#8221; (a pod\u011bkov\u00e1n\u00ed)"},"content":{"rendered":"<div class=\"fcbkbttn_buttons_block\" id=\"fcbkbttn_left\"><div class=\"fcbkbttn_button\">\n                            <a href=\"https:\/\/www.facebook.com\/tom.patrick.509\" target=\"_blank\">\n                                <img decoding=\"async\" src=\"https:\/\/eldar.cz\/tompatrick\/wp-content\/plugins\/facebook-button-plugin\/images\/large-facebook-ico.png\" alt=\"Fb-Button\" \/>\n                            <\/a>\n                        <\/div><div class=\"fcbkbttn_like fcbkbttn_large_button\"><fb:like href=\"https:\/\/eldar.cz\/tompatrick\/povidky\/tygr\/ohlednuti-za-prvni-casti-tygra-a-podekovani\" action=\"like\" colorscheme=\"light\" layout=\"standard\"  width=\"225px\" size=\"large\"><\/fb:like><\/div><div class=\"fb-share-button fcbkbttn_large_button \" data-href=\"https:\/\/eldar.cz\/tompatrick\/povidky\/tygr\/ohlednuti-za-prvni-casti-tygra-a-podekovani\" data-type=\"button_count\" data-size=\"large\"><\/div><\/div><p>koment\u00e1\u0159 u <em>Tygr nechce b\u00fdt agresivn\u00ed (17)<\/em><\/p>\n<ol>\n<li>\n<div>\n<div><img loading=\"lazy\" decoding=\"async\" src=\"http:\/\/0.gravatar.com\/avatar\/611bcd62604bfb210c47c180a42c6996?s=40&amp;d=http%3A%2F%2F0.gravatar.com%2Favatar%2Fad516503a11cd5ca435acc9bb6523536%3Fs%3D40&amp;r=G\" alt=\"\" width=\"40\" height=\"40\" \/> <cite><a href=\"http:\/\/eldar.cz\/tompatrick\" rel=\"external nofollow\">Tom Patrick<\/a><\/cite> napsal:<\/div>\n<p>&nbsp;<\/p>\n<div><a href=\"http:\/\/eldar.cz\/tompatrick\/blog\/tygr\/tygr-nechce-byt-agresivni-17#comment-140\">2. Srpen, 2011 v 16:15<\/a> <a title=\"Upravit koment\u00e1\u0159\" href=\"http:\/\/eldar.cz\/tompatrick\/wp-admin\/comment.php?action=editcomment&amp;c=140\">(Upravit)<\/a><\/div>\n<p>&nbsp;<\/p>\n<div>\n<p>Pokus o ohl\u00e9dnut\u00ed na p\u0159edchoz\u00edmi \u0161estn\u00e1cti kapitolami. Mo\u017en\u00e1 se pt\u00e1te, pro\u010d jsem z koment\u00e1\u0159\u016f vy\u0159adil postavu pr\u016fvodce Vladim\u00edra. V podstat\u011b mi do\u0161lo, co na k\u0159tu prvn\u00edho City Meansu: tedy \u017ee tzv. \u017eidle pro hosta z\u016fst\u00e1v\u00e1 pr\u00e1zdn\u00e1 a Vladim\u00edr je pro mnoh\u00e9 tud\u00ed\u017e postava neviditeln\u00e1, v na\u0161em p\u0159\u00edpad\u011b tedy pouze mysliteln\u00e1.<br \/>\nO tom, \u017ee se ale pr\u00e1v\u011b Vladim\u00edr stane pomysln\u00fdm pr\u016fvodce \u201eTygrem\u201c se ale rozhodlo d\u00e1vno p\u0159ed t\u00edm, ne\u017e zapo\u010dal tento blok, tud\u00ed\u017e jsem necht\u011bl nic m\u011bnit ani na obsahu, a u toho tedy z\u016fstalo (koment\u00e1\u0159e jinak vznikaj\u00ed v\u017edy spont\u00e1nn\u011b po uve\u0159ejn\u011bn\u00ed ka\u017ed\u00e9 z pov\u00eddek, tud\u00ed\u017e, co se mnou nap\u00ed\u0161e, nam\u00edst\u011b z\u016fst\u00e1v\u00e1 a ji\u017e se ned\u00e1 vr\u00e1tit zp\u00e1tky!)<br \/>\nJak\u00e1 z pov\u00eddek konkr\u00e9tn\u011b m\u011b zaujala: nejsp\u00ed\u0161e ta o Karol\u00edn\u011b Meln\u00e9 a sle\u010dn\u011b Janotov\u00e9, nebo\u0165 vznikla na z\u00e1klad\u011b konkr\u00e9tn\u00edho obrazu zaslan\u00e9ho sle\u010dnou M\u00ed\u0161ou Inkou C\u00e1skovou z Rigy. Druhou konkr\u00e9tn\u00ed bych jmenoval onu s doktorem Gerhardem, nebo\u0165 zast\u00e1v\u00e1m n\u00e1zor, \u017ee pr\u00e1v\u011b jej\u00ed obsah a jeho tzv. \u201euveden\u00ed do \u017eiv\u00e9ho re\u00e1lna\u201c by mnoh\u00fdm poodkrylo cestu k sob\u011b samotn\u00e9mu, kdyby zde byla mo\u017enost tzv. \u201e\u017eiv\u00e9 nefal\u0161ovan\u00e9 p\u0159edstavivosti\u201c.<br \/>\nV pov\u00eddk\u00e1ch se tak odr\u00e1\u017eelo drama, psychologie, n\u011bco m\u00e1lo z komedie, ale byla zde vyhrazena siln\u00e1 linka i pro romantiku a prvky literatury faktu a magick\u00e9ho realismu s p\u0159\u00edchut\u00ed existencionalismu. Pov\u00eddky z\u00e1rove\u0148 fungovaly nejen jako n\u00e1m\u011bty pro filmy, ale z\u00e1rove\u0148 i jako studie prvk\u016f, co se v nich objevily v r\u00e1mci tzv. studie prvk\u016f (viz. zejm\u00e9na onen doktor Gerhard.)<br \/>\nPrvn\u00ed \u010d\u00e1st \u201eTygra\u201c je tedy za n\u00e1mi, kdo chce, m\u016f\u017ee si ji proj\u00edt je\u0161t\u011b jednou a znovu se nad jednotliv\u00fdmi pas\u00e1\u017eemi zam\u00fd\u0161let, druh\u00e1 \u010d\u00e1st (18 \u2013 22 \u2013 prozat\u00edm!) tu tedy bude postupn\u011b publikov\u00e1na od zhruba p\u0159\u00ed\u0161t\u00edho t\u00fddnu, tak\u017ee \u201esnad\u201c op\u011bt bude co \u010d\u00edsti.<\/p>\n<p>Ps: D\u011bkuji v\u0161em, co na str\u00e1nky zav\u00edtali, za p\u0159\u00edze\u0148 a Nargiz z Azerbajd\u017e\u00e1nu na mil\u00fd koment\u00e1\u0159<br \/>\nTom Patrick \u2013 Venda Hrd\u00fd.<br \/>\nPs2 : z\u00e1rove\u0148 i vy zde m\u016f\u017eete p\u0159idat vlastn\u00ed koment\u00e1\u0159 a rovn\u011b\u017e pokra\u010duj\u00ed i \u201eDialogy\u201c s Emou coby rom\u00e1n!<\/p>\n<\/div>\n<\/div>\n<\/li>\n<\/ol>\n<div class=\"fcbkbttn_buttons_block\" id=\"fcbkbttn_left\"><div class=\"fcbkbttn_button\">\n                            <a href=\"https:\/\/www.facebook.com\/tom.patrick.509\" target=\"_blank\">\n                                <img decoding=\"async\" src=\"https:\/\/eldar.cz\/tompatrick\/wp-content\/plugins\/facebook-button-plugin\/images\/large-facebook-ico.png\" alt=\"Fb-Button\" \/>\n                            <\/a>\n                        <\/div><div class=\"fcbkbttn_like fcbkbttn_large_button\"><fb:like href=\"https:\/\/eldar.cz\/tompatrick\/povidky\/tygr\/ohlednuti-za-prvni-casti-tygra-a-podekovani\" action=\"like\" colorscheme=\"light\" layout=\"standard\"  width=\"225px\" size=\"large\"><\/fb:like><\/div><div class=\"fb-share-button fcbkbttn_large_button \" data-href=\"https:\/\/eldar.cz\/tompatrick\/povidky\/tygr\/ohlednuti-za-prvni-casti-tygra-a-podekovani\" data-type=\"button_count\" data-size=\"large\"><\/div><\/div>","protected":false},"excerpt":{"rendered":"<p>koment\u00e1\u0159 u Tygr nechce b\u00fdt agresivn\u00ed (17) Tom Patrick napsal: &nbsp; 2. Srpen, 2011 v 16:15 (Upravit) &nbsp; Pokus o ohl\u00e9dnut\u00ed na p\u0159edchoz\u00edmi \u0161estn\u00e1cti kapitolami. Mo\u017en\u00e1 se pt\u00e1te, pro\u010d jsem z koment\u00e1\u0159\u016f vy\u0159adil postavu pr\u016fvodce Vladim\u00edra. V podstat\u011b mi do\u0161lo, &hellip; <a href=\"https:\/\/eldar.cz\/tompatrick\/povidky\/tygr\/ohlednuti-za-prvni-casti-tygra-a-podekovani\">Cel\u00fd p\u0159\u00edsp\u011bvek <span class=\"meta-nav\">&rarr;<\/span><\/a><\/p>\n","protected":false},"author":2,"featured_media":0,"comment_status":"open","ping_status":"open","sticky":false,"template":"","format":"standard","meta":{"_s2mail":"yes","footnotes":""},"categories":[5],"tags":[],"class_list":["post-270","post","type-post","status-publish","format-standard","hentry","category-tygr"],"_links":{"self":[{"href":"https:\/\/eldar.cz\/tompatrick\/wp-json\/wp\/v2\/posts\/270","targetHints":{"allow":["GET"]}}],"collection":[{"href":"https:\/\/eldar.cz\/tompatrick\/wp-json\/wp\/v2\/posts"}],"about":[{"href":"https:\/\/eldar.cz\/tompatrick\/wp-json\/wp\/v2\/types\/post"}],"author":[{"embeddable":true,"href":"https:\/\/eldar.cz\/tompatrick\/wp-json\/wp\/v2\/users\/2"}],"replies":[{"embeddable":true,"href":"https:\/\/eldar.cz\/tompatrick\/wp-json\/wp\/v2\/comments?post=270"}],"version-history":[{"count":5,"href":"https:\/\/eldar.cz\/tompatrick\/wp-json\/wp\/v2\/posts\/270\/revisions"}],"predecessor-version":[{"id":275,"href":"https:\/\/eldar.cz\/tompatrick\/wp-json\/wp\/v2\/posts\/270\/revisions\/275"}],"wp:attachment":[{"href":"https:\/\/eldar.cz\/tompatrick\/wp-json\/wp\/v2\/media?parent=270"}],"wp:term":[{"taxonomy":"category","embeddable":true,"href":"https:\/\/eldar.cz\/tompatrick\/wp-json\/wp\/v2\/categories?post=270"},{"taxonomy":"post_tag","embeddable":true,"href":"https:\/\/eldar.cz\/tompatrick\/wp-json\/wp\/v2\/tags?post=270"}],"curies":[{"name":"wp","href":"https:\/\/api.w.org\/{rel}","templated":true}]}}