{"id":2668,"date":"2020-04-28T09:00:07","date_gmt":"2020-04-28T07:00:07","guid":{"rendered":"http:\/\/eldar.cz\/tompatrick\/?p=2668"},"modified":"2019-07-17T09:58:28","modified_gmt":"2019-07-17T07:58:28","slug":"vyzva-22","status":"publish","type":"post","link":"https:\/\/eldar.cz\/tompatrick\/vyzvenky-fejetonkove-aneb-zapisnicek-jednoho-autora\/vyzva-22","title":{"rendered":"V\u00fdzva (22)"},"content":{"rendered":"<div class=\"fcbkbttn_buttons_block\" id=\"fcbkbttn_left\"><div class=\"fcbkbttn_button\">\n                            <a href=\"https:\/\/www.facebook.com\/tom.patrick.509\" target=\"_blank\">\n                                <img decoding=\"async\" src=\"https:\/\/eldar.cz\/tompatrick\/wp-content\/plugins\/facebook-button-plugin\/images\/large-facebook-ico.png\" alt=\"Fb-Button\" \/>\n                            <\/a>\n                        <\/div><div class=\"fcbkbttn_like fcbkbttn_large_button\"><fb:like href=\"https:\/\/eldar.cz\/tompatrick\/vyzvenky-fejetonkove-aneb-zapisnicek-jednoho-autora\/vyzva-22\" action=\"like\" colorscheme=\"light\" layout=\"standard\"  width=\"225px\" size=\"large\"><\/fb:like><\/div><div class=\"fb-share-button fcbkbttn_large_button \" data-href=\"https:\/\/eldar.cz\/tompatrick\/vyzvenky-fejetonkove-aneb-zapisnicek-jednoho-autora\/vyzva-22\" data-type=\"button_count\" data-size=\"large\"><\/div><\/div><p><b>V\u00fdzva (22)<\/b><\/p>\n<p>Minule jsem tu ve v\u00fdzv\u011b hovo\u0159il o mu\u017ei, co nezvl\u00e1dal vlastn\u00ed \u017eivot vlivem nep\u0159\u00edzn\u011b osudu. Je to v\u00e1\u017en\u011b zaj\u00edmav\u00e9, jak na n\u011bj, my lid\u00e9, nahl\u00ed\u017e\u00edme a to s ohledem na n\u00e1\u0161 aktu\u00e1ln\u00ed v\u011bk. Zat\u00edmco d\u011bti pov\u011bt\u0161inou r\u00e1dy objevuj\u00ed doposud jim skryt\u00e9 taje a ve sv\u00e9m pozemsk\u00e9m byt\u00ed dok\u00e1\u017e\u00ed pln\u011b rozv\u00edjet svoji bujnou fantazii, dosp\u011bl\u00ed se v n\u011bm pov\u011bt\u0161inou ne\u00fam\u011brn\u011b stresuj\u00ed z p\u0159em\u00edry pracovn\u00edho nasazen\u00ed a z toho, co v\u0161e je je\u0161t\u011b \u010dek\u00e1, co v\u0161e musej\u00ed je\u0161t\u011b stihnout za\u0159\u00eddit.<\/p>\n<p>Ano, jednou prost\u011b ono bezstarostn\u00e9 d\u011btstv\u00ed skon\u010d\u00ed a jedinec jako takov\u00fd bude muset prok\u00e1zati, jak ve sv\u00e9m vlastn\u00edm \u017eivot\u011b n\u00e1sledn\u011b obstoj\u00ed. Kdy pak bojuje o sv\u00e9 pr\u00e1voplatn\u00e9 m\u00edsto v n\u011bm jako\u017eto s n\u00e1strahami osudu a jeho p\u0159ek\u00e1\u017ekami. Takov\u00fd \u010dlov\u011bk o nich leccos ji\u017e v\u00ed a jaksi i po\u010d\u00edt\u00e1, \u017ee jim bude jednou vystaven, jen\u017ee kdy\u017e ony obt\u00ed\u017ee pak nastanou, p\u0159eci jen je t\u00edm v\u0161\u00edm zasko\u010den a \u0159\u00edk\u00e1 si: \u201ePro\u010d zrovna toto muselo nyn\u00ed potkat m\u011b a ne n\u011bkoho jin\u00e9ho?\u201c<\/p>\n<p>Podobn\u011b na tom byla jedna moje kamar\u00e1dka, j\u00ed\u017e se na poko\u017ece ud\u011blal \u010derven\u00fd flek. Jej\u00ed mamince se to nezd\u00e1lo a tak spole\u010dn\u011b nav\u0161t\u00edvily l\u00e9ka\u0159e. Z b\u011b\u017en\u00e9 vyr\u00e1\u017eky se v\u0161ak vyklubal z\u00e1ke\u0159n\u00fd lymfom a tak n\u00e1sledovala nezbytn\u00e1 hospitalizace v nemocnici s nespo\u010dtem oza\u0159ov\u00e1n\u00ed. Dan\u00e1 ud\u00e1lost se pro rodinu nemocn\u00e9 stala t\u011b\u017ekou \u017eivotn\u00ed zkou\u0161kou. Ona m\u00e1 kamar\u00e1dka byla od p\u0159\u00edrody v\u0161ak velkou bojovnic\u00ed a nehodlala se jen tak lehce vzd\u00e1t. J\u00e1 a ostatn\u00ed si tak ze srdce nyn\u00ed p\u0159ejeme to jedin\u00e9: a\u0165 v on\u00e9 snaze nepolev\u00ed a z\u00e1ke\u0159nou zhoubnou nemoc jednou zcela poraz\u00ed.<\/p>\n<p>Abych se v\u00e1m rovnou p\u0159iznal, nem\u00e1m p\u0159\u00edli\u0161 v oblib\u011b obdobn\u00e9 smutn\u00e9 p\u0159\u00edb\u011bhy ze \u017eivota a to ani coby liter\u00e1rn\u00ed n\u00e1m\u011bty jako\u017eto jejich n\u00e1sledn\u00e9 filmov\u00e9 adaptace. Respektive abych to up\u0159esnil, nedok\u00e1zal bych takov\u00e9to surov\u00e9 p\u0159\u00edb\u011bhy pln\u00e9 tragiky osobn\u011b liter\u00e1rn\u011b zpracov\u00e1vat. Ve sv\u00fdch po\u010dinech se jich sna\u017e\u00edm jen zb\u011b\u017en\u011b dot\u00fdkat, jak tomu bylo ji\u017e v prvotn\u00edm City Meansu, v p\u0159\u00edpad\u011b Heleny Kantov\u00e9, zesnul\u00e9 to man\u017eelky Helmuta Florenta. Op\u011bt jsem tu tak uplatnil ono sv\u00e9 zaveden\u00e9, \u017ee kdy\u017e text tu ofici\u00e1ln\u00ed mo\u017enost m\u00e1, m\u016f\u017ee se jeho prost\u0159ednictv\u00edm p\u0159ipomenouti n\u011bco p\u011bkn\u00e9ho, tedy o dan\u00e9 nemoci se pouze v n\u00e1stinu zm\u00edniti. To znamen\u00e1, \u017ee se nevy\u017e\u00edv\u00e1m v ne\u00fanosn\u00fdch bolestech posti\u017een\u00e9 a ta tak na onom kousku pap\u00edru zbyte\u010dn\u011b dlouze netrp\u00ed a v pokoji a v m\u00edru odch\u00e1z\u00ed z tohoto pozemsk\u00e9ho sv\u011bta.<\/p>\n<p>Jistou nad\u011bj na d\u016fstojn\u00fd p\u0159echod, tam na druh\u00fd b\u0159eh, pak d\u00e1v\u00e1 kni\u017en\u00ed trilogie Raymonda Moodyho, j\u00ed\u017e vlastn\u00edm pod n\u00e1zvem <i>\u017divot po \u017eivot\u011b<\/i> coby souborn\u00e9 vyd\u00e1n\u00ed. Jen v m\u00e1lo p\u0159\u00edpadech se st\u00e1v\u00e1 \u2013 uv\u00e1d\u00ed se v n\u00ed &#8211; \u017ee by se p\u0159\u00edznaky pro\u017eitk\u016f bl\u00edzkosti smrti nesly v duchu pekeln\u00fdch z\u00e1\u017eitk\u016f. Ba pr\u00e1v\u011b naopak, mnoz\u00ed z t\u011bch, co je pro\u017eili, na sob\u011b poci\u0165ovali pokoj, klid a m\u00edr a odm\u00edtali se navr\u00e1tit nazp\u011bt do \u017eivota, jak jim tam na onom pomysln\u00e9m druh\u00e9m b\u0159ehu bylo dob\u0159e!<\/p>\n<p>I p\u0159esto, m\u011b osobn\u011b, strach ze smrti neopou\u0161t\u00ed, nebo\u0165 jsem se nechoval k druh\u00fdm v\u017edy slu\u0161n\u011b, a\u0165 ji\u017e p\u0159\u00edmo navenek, \u010di jen v pouh\u00fdch my\u0161lenk\u00e1ch. Ale to v\u0161echno ji\u017e ode m\u011b v\u00edte z minula. Stejn\u011b jako to, \u017ee ka\u017ed\u00fd z n\u00e1s m\u00e1 jak onu stinnou tak i onu dobrou str\u00e1nku, av\u0161ak z\u00e1le\u017e\u00ed \u010dist\u011b na takov\u00e9m \u010dlov\u011bku, pro jakou z nich se nakonec osobn\u011b rozhodne. Proto se rovn\u011b\u017e nesm\u00edte podivovat moj\u00ed \u010dast\u00e9 zm\u00ednce o pr\u016fvodci, takzvan\u00e9m v\u0161ev\u011bdouc\u00edm, jeho\u017e by m\u011bl m\u00edt ka\u017ed\u00fd z n\u00e1s a jen\u017e by poka\u017ed\u00e9 rozhodl v n\u00e1\u0161 prosp\u011bch a nav\u00edc osvobodil ze sp\u00e1r\u016f nehostinn\u00e9ho nep\u0159ej\u00edcn\u00e9ho osudu. Snad tohoto pozn\u00e1n\u00ed ka\u017ed\u00fd z n\u00e1s jednou dojde. A pokud ne p\u0159\u00edmo zde na tomto pozemsk\u00e9m sv\u011bt\u011b tak snad v on\u00e9 \u0159\u00ed\u0161i posmrtn\u00e9. To by m\u011b velice z cel\u00e9ho srdce pot\u011b\u0161ilo.<\/p>\n<p>A jak vzpom\u00edn\u00e1te na sv\u00e9 d\u011btstv\u00ed vy, v\u00e1\u017een\u00ed \u010dten\u00e1\u0159i? Bylo, obdobn\u011b jako v m\u00e9m p\u0159\u00edpad\u011b, p\u0159ev\u00e1\u017en\u011b \u0161\u0165astn\u00e9 nebo jej prov\u00e1zelo ryze to negativn\u00ed? A jak naopak nahl\u00ed\u017e\u00edte na sv\u00e9 dosp\u00edv\u00e1n\u00ed a pozd\u011bj\u0161\u00ed v\u011bk dosp\u011blosti \u010di st\u00e1\u0159\u00ed? Zm\u011bnilo se tam n\u011bco z\u00e1sadn\u00edho oproti onomu v\u011bku d\u011btsk\u00e9mu? Pro\u0161li jste si i vy, osobn\u011b \u010di p\u0159\u00edmo n\u011bkdo z va\u0161\u00ed rodiny \u010di bl\u00edzk\u00fdch p\u0159\u00e1tel, obdobn\u00fdm t\u011b\u017ek\u00fdm obdob\u00edm, do n\u011bho\u017e zas\u00e1hlo zhoubn\u00e9 onemocn\u011bn\u00ed? A co soud\u00edte o m\u00e9m spisovatelsk\u00e9m z\u00e1m\u011bru ps\u00e1t v\u00fdhradn\u011b poeticky, kdy\u017e onen text tu mo\u017enost m\u00e1? Jak na v\u00e1s po \u010detb\u011b prvotn\u00edho City Meansu zap\u016fsobila ona pas\u00e1\u017e o Helen\u011b Kantov\u00e9? A \u010detl n\u011bkdo z v\u00e1s knihy t\u00fdkaj\u00edc\u00ed se pro\u017eitk\u016f bl\u00edzkosti smrti od Raymonda Moodyho? A pokud ano, co jste si z nich vy osobn\u011b moudr\u00e9ho odnesli?<\/p>\n<p>Pros\u00edm, dejte mi v\u011bd\u011bt na tuto moji eldarovou webovou str\u00e1nku \u010di p\u0159\u00edmo do facebookov\u00e9 skupiny \u201eCity Means \u2013 M\u011bsto pln\u00e9 n\u00e1vrat\u016f\u201c. Klidn\u011b mi sem na web napi\u0161te pod smy\u0161lenou emailovou adresou, pokud nechcete uv\u00e9sti z bezpe\u010dnostn\u00edch d\u016fvod\u016f svoji skute\u010dnou. Nikdo se za to na v\u00e1s zlobit nebude.<\/p>\n<p>Tolik autor<\/p>\n<div class=\"fcbkbttn_buttons_block\" id=\"fcbkbttn_left\"><div class=\"fcbkbttn_button\">\n                            <a href=\"https:\/\/www.facebook.com\/tom.patrick.509\" target=\"_blank\">\n                                <img decoding=\"async\" src=\"https:\/\/eldar.cz\/tompatrick\/wp-content\/plugins\/facebook-button-plugin\/images\/large-facebook-ico.png\" alt=\"Fb-Button\" \/>\n                            <\/a>\n                        <\/div><div class=\"fcbkbttn_like fcbkbttn_large_button\"><fb:like href=\"https:\/\/eldar.cz\/tompatrick\/vyzvenky-fejetonkove-aneb-zapisnicek-jednoho-autora\/vyzva-22\" action=\"like\" colorscheme=\"light\" layout=\"standard\"  width=\"225px\" size=\"large\"><\/fb:like><\/div><div class=\"fb-share-button fcbkbttn_large_button \" data-href=\"https:\/\/eldar.cz\/tompatrick\/vyzvenky-fejetonkove-aneb-zapisnicek-jednoho-autora\/vyzva-22\" data-type=\"button_count\" data-size=\"large\"><\/div><\/div>","protected":false},"excerpt":{"rendered":"<p>V\u00fdzva (22) Minule jsem tu ve v\u00fdzv\u011b hovo\u0159il o mu\u017ei, co nezvl\u00e1dal vlastn\u00ed \u017eivot vlivem nep\u0159\u00edzn\u011b osudu. Je to v\u00e1\u017en\u011b zaj\u00edmav\u00e9, jak na n\u011bj, my lid\u00e9, nahl\u00ed\u017e\u00edme a to s ohledem na n\u00e1\u0161 aktu\u00e1ln\u00ed v\u011bk. Zat\u00edmco d\u011bti pov\u011bt\u0161inou r\u00e1dy objevuj\u00ed &hellip; <a href=\"https:\/\/eldar.cz\/tompatrick\/vyzvenky-fejetonkove-aneb-zapisnicek-jednoho-autora\/vyzva-22\">Cel\u00fd p\u0159\u00edsp\u011bvek <span class=\"meta-nav\">&rarr;<\/span><\/a><\/p>\n","protected":false},"author":2,"featured_media":0,"comment_status":"open","ping_status":"open","sticky":false,"template":"","format":"standard","meta":{"_s2mail":"yes","footnotes":""},"categories":[26],"tags":[],"class_list":["post-2668","post","type-post","status-publish","format-standard","hentry","category-vyzvenky-fejetonkove-aneb-zapisnicek-jednoho-autora"],"_links":{"self":[{"href":"https:\/\/eldar.cz\/tompatrick\/wp-json\/wp\/v2\/posts\/2668","targetHints":{"allow":["GET"]}}],"collection":[{"href":"https:\/\/eldar.cz\/tompatrick\/wp-json\/wp\/v2\/posts"}],"about":[{"href":"https:\/\/eldar.cz\/tompatrick\/wp-json\/wp\/v2\/types\/post"}],"author":[{"embeddable":true,"href":"https:\/\/eldar.cz\/tompatrick\/wp-json\/wp\/v2\/users\/2"}],"replies":[{"embeddable":true,"href":"https:\/\/eldar.cz\/tompatrick\/wp-json\/wp\/v2\/comments?post=2668"}],"version-history":[{"count":1,"href":"https:\/\/eldar.cz\/tompatrick\/wp-json\/wp\/v2\/posts\/2668\/revisions"}],"predecessor-version":[{"id":2669,"href":"https:\/\/eldar.cz\/tompatrick\/wp-json\/wp\/v2\/posts\/2668\/revisions\/2669"}],"wp:attachment":[{"href":"https:\/\/eldar.cz\/tompatrick\/wp-json\/wp\/v2\/media?parent=2668"}],"wp:term":[{"taxonomy":"category","embeddable":true,"href":"https:\/\/eldar.cz\/tompatrick\/wp-json\/wp\/v2\/categories?post=2668"},{"taxonomy":"post_tag","embeddable":true,"href":"https:\/\/eldar.cz\/tompatrick\/wp-json\/wp\/v2\/tags?post=2668"}],"curies":[{"name":"wp","href":"https:\/\/api.w.org\/{rel}","templated":true}]}}