{"id":2627,"date":"2019-06-03T09:00:27","date_gmt":"2019-06-03T07:00:27","guid":{"rendered":"http:\/\/eldar.cz\/tompatrick\/?p=2627"},"modified":"2019-06-01T08:11:15","modified_gmt":"2019-06-01T06:11:15","slug":"laska-s-prichuti-opery-autor-martin-jabkenic","status":"publish","type":"post","link":"https:\/\/eldar.cz\/tompatrick\/mix\/laska-s-prichuti-opery-autor-martin-jabkenic","title":{"rendered":"L\u00e1ska s p\u0159\u00edchut\u00ed opery (autor &#8211; Martin Jabkeni\u010d)"},"content":{"rendered":"<div class=\"fcbkbttn_buttons_block\" id=\"fcbkbttn_left\"><div class=\"fcbkbttn_button\">\n                            <a href=\"https:\/\/www.facebook.com\/tom.patrick.509\" target=\"_blank\">\n                                <img decoding=\"async\" src=\"https:\/\/eldar.cz\/tompatrick\/wp-content\/plugins\/facebook-button-plugin\/images\/large-facebook-ico.png\" alt=\"Fb-Button\" \/>\n                            <\/a>\n                        <\/div><div class=\"fcbkbttn_like fcbkbttn_large_button\"><fb:like href=\"https:\/\/eldar.cz\/tompatrick\/mix\/laska-s-prichuti-opery-autor-martin-jabkenic\" action=\"like\" colorscheme=\"light\" layout=\"standard\"  width=\"225px\" size=\"large\"><\/fb:like><\/div><div class=\"fb-share-button fcbkbttn_large_button \" data-href=\"https:\/\/eldar.cz\/tompatrick\/mix\/laska-s-prichuti-opery-autor-martin-jabkenic\" data-type=\"button_count\" data-size=\"large\"><\/div><\/div><p><b>L\u00e1ska s p\u0159\u00edchut\u00ed opery<\/b><\/p>\n<p>S hlavou sv\u011b\u0161enou pozvolna kr\u00e1\u010del<\/p>\n<p>z poh\u0159bu dom\u016f se navracel<\/p>\n<p>Na kraj\u00ed\u010dku slzy m\u011bl<\/p>\n<p>nebo\u0165 o tu jedinou, pro n\u00ed\u017e tu \u017eil<\/p>\n<p>zcela nav\u017edy p\u0159i\u0161el<\/p>\n<p>&nbsp;<\/p>\n<p>V pochmurn\u00e9 n\u00e1lad\u011b odemkl venkovn\u00ed branku<\/p>\n<p>a n\u00e1sledn\u011b usedl do zahradn\u00edho alt\u00e1nku<\/p>\n<p>kde on a jeho mil\u00e1 voln\u00e9 chvilky tr\u00e1vili<\/p>\n<p>se sklenkou v\u00edna a za poslechu opery<\/p>\n<p>&nbsp;<\/p>\n<p>I zavdal si ho vrchovat\u011b<\/p>\n<p>desky z\u00e1hy p\u0159\u00edhodn\u00e9 vyb\u00edraje<\/p>\n<p>co by nejl\u00e9pe vystihly onu zesnulou<\/p>\n<p>onu \u017eivotn\u00ed l\u00e1sku nenahraditelnou<\/p>\n<p>&nbsp;<\/p>\n<p>Verdiho Nabucco za\u010d\u00edn\u00e1 se rozl\u00e9hat alt\u00e1nkem<\/p>\n<p>a stejn\u011b tak jeho dramatick\u00fd n\u00e1p\u011bv<\/p>\n<p>jen\u017e ned\u00e1 zapomenout na spole\u010dn\u00e9 chv\u00edle<\/p>\n<p>kdy oba partne\u0159i na rty l\u00edbali se<\/p>\n<p>&nbsp;<\/p>\n<p>A opod\u00e1l v tu pam\u00e1tnou chv\u00edli<\/p>\n<p>hlava se zni\u010dehonic zhmotn\u00ed<\/p>\n<p>coby jemn\u00fd obl\u00e1zek<\/p>\n<p>jen\u017e z\u00e1hy p\u0159ech\u00e1z\u00ed v jeden skute\u010dn\u00fd re\u00e1ln\u00fd v\u00fdjev<\/p>\n<p>&nbsp;<\/p>\n<p>Verdiho st\u0159\u00edd\u00e1 Berlioz a jeho Cellini<\/p>\n<p>kdy obdobn\u00fd nal\u00e9hav\u00fd n\u00e1p\u011bv zp\u011bvn\u00fd<\/p>\n<p>d\u00e1v\u00e1 prostor k nov\u00e9 vzpom\u00ednkov\u00e9 fantazii<\/p>\n<p>kdy oba partne\u0159i vz\u00e1jemn\u011b hladili se<\/p>\n<p>a jejich doteky byly tak l\u00e1skypln\u011b n\u011b\u017en\u00e9<\/p>\n<p>&nbsp;<\/p>\n<p>A opod\u00e1l v tu pam\u00e1tnou chv\u00edli<\/p>\n<p>ruce se zni\u010dehonic zhmotn\u00ed<\/p>\n<p>coby jemn\u00fd obl\u00e1zek<\/p>\n<p>jen\u017e z\u00e1hy op\u011btovn\u011b p\u0159ech\u00e1z\u00ed v jeden skute\u010dn\u00fd re\u00e1ln\u00fd v\u00fdjev<\/p>\n<p>&nbsp;<\/p>\n<p>Weber nyn\u00ed o\u017e\u00edv\u00e1 pod jehlou desky romantick\u00e9<\/p>\n<p>j\u00ed\u017e dominuje jeho \u010carost\u0159elec<\/p>\n<p>p\u0159i jeho\u017e poslechu oba partne\u0159i<\/p>\n<p>t\u011b\u0161ili se\u00a0oboustrann\u00e9 nehynouc\u00ed v\u00e1\u0161ni<\/p>\n<p>body to body<\/p>\n<p>&nbsp;<\/p>\n<p>A opod\u00e1l v tu pam\u00e1tnou chv\u00edli<\/p>\n<p>t\u011blo se zni\u010dehonic zhmotn\u00ed<\/p>\n<p>coby jemn\u00fd obl\u00e1zek<\/p>\n<p>jen\u017e z\u00e1hy \u2013 ano h\u00e1d\u00e1te spr\u00e1vn\u011b, pokud tipujete \u017ee&#8230;<\/p>\n<p>p\u0159ech\u00e1z\u00ed v jeden skute\u010dn\u00fd re\u00e1ln\u00fd v\u00fdjev<\/p>\n<p>&nbsp;<\/p>\n<p>Rovn\u011b\u017e tu nesm\u00ed b\u00fdti opomenuta opera \u010desk\u00e1<\/p>\n<p>mezi n\u00ed\u017e p\u0159edev\u0161\u00edm vynik\u00e1 Smetanova Prodan\u00e1 nev\u011bsta<\/p>\n<p>D\u00edlo, na kter\u00e9 oba partne\u0159i poprv\u00e9 zav\u00edtali do N\u00e1rodn\u00edho divadla<\/p>\n<p>v dob\u011b, kdy spolu choditi za\u010dali<\/p>\n<p>a nesu\u017eovaly je je\u0161t\u011b t\u011b\u017ekosti \u017eivota<\/p>\n<p>&nbsp;<\/p>\n<p>A opod\u00e1l v tu pam\u00e1tnou chv\u00edli<\/p>\n<p>nohy se zni\u010dehonic zhmotnily<\/p>\n<p>Nejprve coby jemn\u00fd obl\u00e1zek<\/p>\n<p>postupn\u011b p\u0159ech\u00e1zej\u00edc\u00ed v jeden skute\u010dn\u00fd re\u00e1ln\u00fd v\u00fdjev<\/p>\n<p>V\u00fdjev jen\u017e dokonal kompletn\u00ed vzk\u0159\u00ed\u0161en\u00ed on\u00e9 zesnul\u00e9<\/p>\n<p>je\u017e op\u011btovn\u011b byla pasov\u00e1na mezi bytosti zcela \u017eiv\u00e9<\/p>\n<p>&nbsp;<\/p>\n<p>Pak ji\u017e zb\u00fdvalo jedin\u00e9:<\/p>\n<p>p\u0159iv\u00edtat se s t\u00edm<\/p>\n<p>jen\u017e bezmezn\u011b truchlil po l\u00e1sce sv\u00e9 osudov\u00e9<\/p>\n<p>Do alt\u00e1nku za zvuk\u016f opery vstoupit<\/p>\n<p>a vzpom\u00ednky ve skute\u010dnost n\u00e1sledn\u011b prom\u011bnit<\/p>\n<p>&nbsp;<\/p>\n<p>Dost\u00e1lo, ono mnou pr\u00e1v\u011b zm\u00edn\u011bn\u00e9, k\u00fd\u017een\u00e9ho napln\u011bn\u00ed?<\/p>\n<p>&nbsp;<\/p>\n<p>Odpov\u011bd\u00ed budi\u017e slzy \u0161t\u011bst\u00ed a l\u00e1skypln\u00e9 obejmut\u00ed<\/p>\n<p>j\u00edm\u017e oba partne\u0159i\u00a0navz\u00e1jem stvrzovali si<\/p>\n<p>dal\u0161\u00ed roky partnersk\u00e9ho sou\u017eit\u00ed<\/p>\n<p>&nbsp;<\/p>\n<p>Kdy \u017eivot s\u00e1m \u2013 pevn\u011b v tom doufali<\/p>\n<p>svoj\u00ed nem\u011bnnou n\u00e1klonnost\u00ed poct\u00ed je<\/p>\n<p>a nav\u017edy tak u\u0161et\u0159\u00ed on\u011bch nemil\u00fdch tr\u00fdzniv\u00fdch strast\u00ed<\/p>\n<p>na jejich dal\u0161\u00ed spole\u010dn\u00e9 cest\u011b pozemsk\u00e9<\/p>\n<p>&nbsp;<\/p>\n<p>A pokud tomu tak nebude<\/p>\n<p>op\u011btovnou sp\u00e1su pokus\u00ed se naj\u00edt v milovan\u00e9 ope\u0159e<\/p>\n<p>U hudebn\u00ed m\u00fazy, je\u017e je zal\u00e1skovan\u00e9mu p\u00e1ru v\u0161\u00edm<\/p>\n<p>a nikdo a nic na sv\u011bt\u011b to ji\u017e nezm\u011bn\u00ed<\/p>\n<div class=\"fcbkbttn_buttons_block\" id=\"fcbkbttn_left\"><div class=\"fcbkbttn_button\">\n                            <a href=\"https:\/\/www.facebook.com\/tom.patrick.509\" target=\"_blank\">\n                                <img decoding=\"async\" src=\"https:\/\/eldar.cz\/tompatrick\/wp-content\/plugins\/facebook-button-plugin\/images\/large-facebook-ico.png\" alt=\"Fb-Button\" \/>\n                            <\/a>\n                        <\/div><div class=\"fcbkbttn_like fcbkbttn_large_button\"><fb:like href=\"https:\/\/eldar.cz\/tompatrick\/mix\/laska-s-prichuti-opery-autor-martin-jabkenic\" action=\"like\" colorscheme=\"light\" layout=\"standard\"  width=\"225px\" size=\"large\"><\/fb:like><\/div><div class=\"fb-share-button fcbkbttn_large_button \" data-href=\"https:\/\/eldar.cz\/tompatrick\/mix\/laska-s-prichuti-opery-autor-martin-jabkenic\" data-type=\"button_count\" data-size=\"large\"><\/div><\/div>","protected":false},"excerpt":{"rendered":"<p>L\u00e1ska s p\u0159\u00edchut\u00ed opery S hlavou sv\u011b\u0161enou pozvolna kr\u00e1\u010del z poh\u0159bu dom\u016f se navracel Na kraj\u00ed\u010dku slzy m\u011bl nebo\u0165 o tu jedinou, pro n\u00ed\u017e tu \u017eil zcela nav\u017edy p\u0159i\u0161el &nbsp; V pochmurn\u00e9 n\u00e1lad\u011b odemkl venkovn\u00ed branku a n\u00e1sledn\u011b usedl do &hellip; <a href=\"https:\/\/eldar.cz\/tompatrick\/mix\/laska-s-prichuti-opery-autor-martin-jabkenic\">Cel\u00fd p\u0159\u00edsp\u011bvek <span class=\"meta-nav\">&rarr;<\/span><\/a><\/p>\n","protected":false},"author":2,"featured_media":0,"comment_status":"open","ping_status":"open","sticky":false,"template":"","format":"standard","meta":{"_s2mail":"yes","footnotes":""},"categories":[25],"tags":[],"class_list":["post-2627","post","type-post","status-publish","format-standard","hentry","category-mix"],"_links":{"self":[{"href":"https:\/\/eldar.cz\/tompatrick\/wp-json\/wp\/v2\/posts\/2627","targetHints":{"allow":["GET"]}}],"collection":[{"href":"https:\/\/eldar.cz\/tompatrick\/wp-json\/wp\/v2\/posts"}],"about":[{"href":"https:\/\/eldar.cz\/tompatrick\/wp-json\/wp\/v2\/types\/post"}],"author":[{"embeddable":true,"href":"https:\/\/eldar.cz\/tompatrick\/wp-json\/wp\/v2\/users\/2"}],"replies":[{"embeddable":true,"href":"https:\/\/eldar.cz\/tompatrick\/wp-json\/wp\/v2\/comments?post=2627"}],"version-history":[{"count":1,"href":"https:\/\/eldar.cz\/tompatrick\/wp-json\/wp\/v2\/posts\/2627\/revisions"}],"predecessor-version":[{"id":2628,"href":"https:\/\/eldar.cz\/tompatrick\/wp-json\/wp\/v2\/posts\/2627\/revisions\/2628"}],"wp:attachment":[{"href":"https:\/\/eldar.cz\/tompatrick\/wp-json\/wp\/v2\/media?parent=2627"}],"wp:term":[{"taxonomy":"category","embeddable":true,"href":"https:\/\/eldar.cz\/tompatrick\/wp-json\/wp\/v2\/categories?post=2627"},{"taxonomy":"post_tag","embeddable":true,"href":"https:\/\/eldar.cz\/tompatrick\/wp-json\/wp\/v2\/tags?post=2627"}],"curies":[{"name":"wp","href":"https:\/\/api.w.org\/{rel}","templated":true}]}}