{"id":2624,"date":"2020-03-24T09:00:05","date_gmt":"2020-03-24T07:00:05","guid":{"rendered":"http:\/\/eldar.cz\/tompatrick\/?p=2624"},"modified":"2019-05-29T13:05:39","modified_gmt":"2019-05-29T11:05:39","slug":"vyzva-20","status":"publish","type":"post","link":"https:\/\/eldar.cz\/tompatrick\/vyzvenky-fejetonkove-aneb-zapisnicek-jednoho-autora\/vyzva-20","title":{"rendered":"V\u00fdzva (20)"},"content":{"rendered":"<div class=\"fcbkbttn_buttons_block\" id=\"fcbkbttn_left\"><div class=\"fcbkbttn_button\">\n                            <a href=\"https:\/\/www.facebook.com\/tom.patrick.509\" target=\"_blank\">\n                                <img decoding=\"async\" src=\"https:\/\/eldar.cz\/tompatrick\/wp-content\/plugins\/facebook-button-plugin\/images\/large-facebook-ico.png\" alt=\"Fb-Button\" \/>\n                            <\/a>\n                        <\/div><div class=\"fcbkbttn_like fcbkbttn_large_button\"><fb:like href=\"https:\/\/eldar.cz\/tompatrick\/vyzvenky-fejetonkove-aneb-zapisnicek-jednoho-autora\/vyzva-20\" action=\"like\" colorscheme=\"light\" layout=\"standard\"  width=\"225px\" size=\"large\"><\/fb:like><\/div><div class=\"fb-share-button fcbkbttn_large_button \" data-href=\"https:\/\/eldar.cz\/tompatrick\/vyzvenky-fejetonkove-aneb-zapisnicek-jednoho-autora\/vyzva-20\" data-type=\"button_count\" data-size=\"large\"><\/div><\/div><p><b>V\u00fdzva (20)<\/b><\/p>\n<p>Je jen s podivem, kolik \u010dasu mi lid\u00e9 zde na Zemi za \u017eivot promarn\u00edme. Nyn\u00ed mluv\u00edm o talentu, jen\u017e n\u00e1m byl d\u00e1n do v\u00ednku a jen\u017e se u mnoh\u00fdch z n\u00e1s pln\u011b rozvine kolikr\u00e1t a\u017e v\u00a0dosti pokro\u010dil\u00e9m v\u011bku. Toto samoz\u0159ejm\u011b nen\u00ed st\u00e1l\u00fdm pravidlem. Existuje cel\u00e1 \u0159ada z\u00e1zra\u010dn\u00fdch d\u011bt\u00ed, je\u017e usp\u011bly z\u00e1hy pot\u00e9, co se narodily. Za zm\u00ednku nap\u0159\u00edklad stoj\u00ed Wolfgang Amadeus Mozart \u010di \u0161achista Bobby Fischer. O obou takt\u00e9\u017e byly nato\u010deny nem\u00e9n\u011b slavn\u00e9 filmov\u00e9 adaptace.<\/p>\n<p>P\u0159esto mezi n\u00e1mi je p\u0159\u00edtomno\u00a0st\u00e1le v\u00edce\u00a0t\u011bch, u nich\u017e se pr\u00e1v\u011b dan\u00fd talent kolikr\u00e1t rozpozn\u00e1 a\u017e za zenitem dosp\u011blosti. P\u0159\u00edkladem m\u016f\u017ee b\u00fdt americk\u00fd zp\u011bv\u00e1k \u0159\u00edkaj\u00edc\u00ed si Scatman John, jen\u017e svoji hv\u011bzdou dr\u00e1hu pro\u017eil a\u017e po pades\u00e1tce, v druh\u00e9 polovin\u011b devades\u00e1t\u00fdch letech, kdy se po cel\u00e9m sv\u011bt\u011b proslavil takzvan\u00fdm scatem a naplno tak vyu\u017eil svoji vrozenou vadu koktavosti, za n\u00ed\u017e dokonce byl uveden do s\u00edn\u011b sl\u00e1vy koktav\u00fdch lid\u00ed.<\/p>\n<p>Jsou ale mezi n\u00e1mi i tac\u00ed, kte\u0159\u00ed na sob\u011b nic v\u00fdjime\u010dn\u00e9ho po cel\u00fd sv\u016fj \u017eivot nepozoruj\u00ed, i kdy\u017e talent rozhodn\u011b maj\u00ed. Tak tomu bylo u jednoho ml\u00e1dence z USA, jeho\u017e jm\u00e9no si bohu\u017eel ji\u017e nevybavuji. Dan\u00fd mlad\u00edk byl od narozen\u00ed probl\u00e9mov\u00fdm d\u00edt\u011btem, kdy sv\u00fdm rodi\u010d\u016fm a okol\u00ed p\u0159id\u011bl\u00e1val jen sam\u00e9 starosti. Postupn\u011b ho vylou\u010dili ze v\u0161ech mo\u017en\u00fdch \u0161kol, n\u011bkolikr\u00e1t pak dokonce skon\u010dil ve v\u011bzen\u00ed kv\u016fli \u010detn\u00fdm delikt\u016fm. A p\u0159itom doty\u010dn\u00fd mohl pracovat p\u0159\u00edmo pro NASA, kde by\u00a0uplatnil sv\u00e9 nemal\u00e9 vlohy pro matematiku a po\u010d\u00edta\u010de, co\u017e o n\u011bco pozd\u011bji prok\u00e1zaly \u010detn\u00e9 testy od\u00a0promovan\u00fdch psycholog\u016f na slovo vzat\u00fdch. Onen mlad\u00edk v\u0161echny okolo v\u0161ak i nad\u00e1le ignoroval a pokud se nem\u00fdl\u00edm,\u00a0tak moment\u00e1ln\u011b st\u00e1le\u00a0z\u016fst\u00e1v\u00e1 v jednom z n\u00e1pravn\u00fdch za\u0159\u00edzen\u00ed, kde skuhr\u00e1 na cel\u00fd tento n\u00e1\u0161 pozemsk\u00fd sv\u011bt, jak mu v jednom kuse neust\u00e1le ubli\u017euje.<\/p>\n<p>Tak\u00e9 ke mn\u011b byl osud nespravedliv\u00fd a pln\u011b rozvinout vlastn\u00ed potenci\u00e1l mi bylo umo\u017en\u011bno a\u017e na prahu t\u0159ic\u00edtky. Do t\u00e9 doby jsem byl pouze v\u00fdhradn\u011b odk\u00e1z\u00e1n o sv\u00fdch spisovatelsk\u00fdch n\u00e1m\u011btech jen sn\u00edt. Poka\u017ed\u00e9 kdy\u017e jsem na n\u011b by\u0165 jen pomyslel \u010di vzal do ruky tu\u017eku a pap\u00edr a nane\u010disto se n\u011bco pokusil sepsat, zas\u00e1hl proti mn\u011b okam\u017eit\u011b m\u016fj vnit\u0159n\u00ed Dikt\u00e1tor s t\u00edm, \u017ee v\u0161e co vytvo\u0159\u00edm, mus\u00ed b\u00fdti profesion\u00e1ln\u011b upot\u0159ebeno a pokud tomu tak do budoucna nebude, nem\u00e1m z jeho strany d\u00e1le pr\u00e1vo cokoliv dal\u0161\u00edho tvo\u0159it.<\/p>\n<p>Onehdy jsem v\u016f\u010di t\u00e9to sv\u00e9 vnit\u0159n\u00ed slo\u017ece poc\u00edtil zna\u010dnou nevra\u017eivost, le\u010d nebylo mi to nic platn\u00e9. Jakmile jsem n\u011bco z Dikt\u00e1torov\u00fdch z\u00e1sad poru\u0161il, vnit\u0159n\u011b m\u011b pak poni\u017eoval a doslova terorizoval a j\u00e1 tak d\u00e1l trp\u011bl a z dan\u00fdch \u0161ok\u016f se dost\u00e1val s odstupem n\u011bkolika t\u00fddn\u016f a\u017e m\u011bs\u00edc\u016f. Tak z\u00e1va\u017en\u00e9 to se mnou onehdy bylo. A to se teprve psal rok 1995.<\/p>\n<p>O n\u011bco pozd\u011bji, konkr\u00e9tn\u011b v roce 2001, jsem se k psan\u00ed pokusil vr\u00e1tit. Stalo se tak kr\u00e1tce po maturit\u011b na gymn\u00e1ziu, za studi\u00ed n\u011bmeck\u00e9ho jazyka na J. A. Komensk\u00e9ho v Nymburce. Le\u010d ani tehdy to nedopadlo. A\u017e v roce 2004, co mne zradilo studium na Vy\u0161\u0161\u00ed odborn\u00e9 \u0161kole hotelnictv\u00ed a turismu, kdy jsem byl nucen danou \u0161kolu opustit, abych dal\u0161\u00edch sedm let str\u00e1vil na \u00fa\u0159adu pr\u00e1ce, p\u0159eci jen mezi mnou a Dikt\u00e1torem do\u0161lo k jist\u00e9 zlomov\u00e9 dohod\u011b. To kdy\u017e mi Jan \u0160\u00edpek nab\u00eddl, \u017ee jednu z m\u00fdch knih ofici\u00e1ln\u011b vyd\u00e1 na pap\u00ed\u0159e a lid\u00e9 si ji pak budou moci regul\u00e9rn\u011b koupit. Kniha nakonec, po \u010detn\u00fdch komplikac\u00edch s textem, p\u0159eci jen vy\u0161la a to\u00a0o \u0161est let pozd\u011bji, tedy v roce 2010, dal\u0161\u00ed tvorba pak od roku n\u00e1sleduj\u00edc\u00edho jest prezentov\u00e1na zde na t\u011bchto m\u00fdch webov\u00fdch str\u00e1nk\u00e1ch.<\/p>\n<p>S\u00e1m za sebe zast\u00e1v\u00e1m n\u00e1zor, \u017ee jist\u00fdm talentem opl\u00fdv\u00e1m, to bych jinak nesepsal na des\u00edtky liter\u00e1rn\u00edch po\u010din\u016f. Nyn\u00ed tak ji\u017e z\u00e1le\u017e\u00ed \u010dist\u011b na v\u00e1s, v\u00e1\u017een\u00ed \u010dten\u00e1\u0159i, zdali to c\u00edt\u00edte stejn\u011b. Pokud ano, m\u016f\u017ee m\u011b to jen t\u011b\u0161it. Pokud ne, snad si v\u00e1s z\u00edsk\u00e1m svoj\u00ed dal\u0161\u00ed tvorbou.<\/p>\n<p>A jak\u00fdm talentem opl\u00fdv\u00e1te vy, v\u00e1\u017een\u00ed \u010dten\u00e1\u0159i? Jste v n\u011b\u010dem v\u00fdjime\u010dn\u00ed? A pokud tomu tak nen\u00ed, m\u016f\u017eete za sebe doporu\u010dit n\u011bjakou jinou v\u00fdznamnou osobnost, j\u00ed\u017e si vy osobn\u011b v\u00e1\u017e\u00edte? Nach\u00e1z\u00ed se takov\u00fd \u010dlov\u011bk p\u0159\u00edmo ve va\u0161em okol\u00ed \u010di je dokonce sou\u010d\u00e1st\u00ed va\u0161\u00ed rodiny? A pokud ano, v jak\u00e9m odv\u011btv\u00ed zaz\u00e1\u0159il?<\/p>\n<p>Pros\u00edm, dejte mi v\u011bd\u011bt na tuto moji eldarovou webovou str\u00e1nku \u010di p\u0159\u00edmo do facebookov\u00e9 skupiny \u201eCity Means \u2013 M\u011bsto pln\u00e9 n\u00e1vrat\u016f\u201c. Klidn\u011b mi sem na web napi\u0161te pod smy\u0161lenou emailovou adresou, pokud nechcete uv\u00e9sti z bezpe\u010dnostn\u00edch d\u016fvod\u016f svoji skute\u010dnou. Nikdo se za to na v\u00e1s zlobit nebude.<\/p>\n<p>Tolik autor<\/p>\n<div class=\"fcbkbttn_buttons_block\" id=\"fcbkbttn_left\"><div class=\"fcbkbttn_button\">\n                            <a href=\"https:\/\/www.facebook.com\/tom.patrick.509\" target=\"_blank\">\n                                <img decoding=\"async\" src=\"https:\/\/eldar.cz\/tompatrick\/wp-content\/plugins\/facebook-button-plugin\/images\/large-facebook-ico.png\" alt=\"Fb-Button\" \/>\n                            <\/a>\n                        <\/div><div class=\"fcbkbttn_like fcbkbttn_large_button\"><fb:like href=\"https:\/\/eldar.cz\/tompatrick\/vyzvenky-fejetonkove-aneb-zapisnicek-jednoho-autora\/vyzva-20\" action=\"like\" colorscheme=\"light\" layout=\"standard\"  width=\"225px\" size=\"large\"><\/fb:like><\/div><div class=\"fb-share-button fcbkbttn_large_button \" data-href=\"https:\/\/eldar.cz\/tompatrick\/vyzvenky-fejetonkove-aneb-zapisnicek-jednoho-autora\/vyzva-20\" data-type=\"button_count\" data-size=\"large\"><\/div><\/div>","protected":false},"excerpt":{"rendered":"<p>V\u00fdzva (20) Je jen s podivem, kolik \u010dasu mi lid\u00e9 zde na Zemi za \u017eivot promarn\u00edme. Nyn\u00ed mluv\u00edm o talentu, jen\u017e n\u00e1m byl d\u00e1n do v\u00ednku a jen\u017e se u mnoh\u00fdch z n\u00e1s pln\u011b rozvine kolikr\u00e1t a\u017e v\u00a0dosti pokro\u010dil\u00e9m v\u011bku. &hellip; <a href=\"https:\/\/eldar.cz\/tompatrick\/vyzvenky-fejetonkove-aneb-zapisnicek-jednoho-autora\/vyzva-20\">Cel\u00fd p\u0159\u00edsp\u011bvek <span class=\"meta-nav\">&rarr;<\/span><\/a><\/p>\n","protected":false},"author":2,"featured_media":0,"comment_status":"open","ping_status":"open","sticky":false,"template":"","format":"standard","meta":{"_s2mail":"yes","footnotes":""},"categories":[26],"tags":[],"class_list":["post-2624","post","type-post","status-publish","format-standard","hentry","category-vyzvenky-fejetonkove-aneb-zapisnicek-jednoho-autora"],"_links":{"self":[{"href":"https:\/\/eldar.cz\/tompatrick\/wp-json\/wp\/v2\/posts\/2624","targetHints":{"allow":["GET"]}}],"collection":[{"href":"https:\/\/eldar.cz\/tompatrick\/wp-json\/wp\/v2\/posts"}],"about":[{"href":"https:\/\/eldar.cz\/tompatrick\/wp-json\/wp\/v2\/types\/post"}],"author":[{"embeddable":true,"href":"https:\/\/eldar.cz\/tompatrick\/wp-json\/wp\/v2\/users\/2"}],"replies":[{"embeddable":true,"href":"https:\/\/eldar.cz\/tompatrick\/wp-json\/wp\/v2\/comments?post=2624"}],"version-history":[{"count":2,"href":"https:\/\/eldar.cz\/tompatrick\/wp-json\/wp\/v2\/posts\/2624\/revisions"}],"predecessor-version":[{"id":2626,"href":"https:\/\/eldar.cz\/tompatrick\/wp-json\/wp\/v2\/posts\/2624\/revisions\/2626"}],"wp:attachment":[{"href":"https:\/\/eldar.cz\/tompatrick\/wp-json\/wp\/v2\/media?parent=2624"}],"wp:term":[{"taxonomy":"category","embeddable":true,"href":"https:\/\/eldar.cz\/tompatrick\/wp-json\/wp\/v2\/categories?post=2624"},{"taxonomy":"post_tag","embeddable":true,"href":"https:\/\/eldar.cz\/tompatrick\/wp-json\/wp\/v2\/tags?post=2624"}],"curies":[{"name":"wp","href":"https:\/\/api.w.org\/{rel}","templated":true}]}}