{"id":2622,"date":"2020-03-03T09:00:51","date_gmt":"2020-03-03T07:00:51","guid":{"rendered":"http:\/\/eldar.cz\/tompatrick\/?p=2622"},"modified":"2019-05-29T09:24:22","modified_gmt":"2019-05-29T07:24:22","slug":"otec-a-syn-autor-martin-jabkenic","status":"publish","type":"post","link":"https:\/\/eldar.cz\/tompatrick\/mix\/otec-a-syn-autor-martin-jabkenic","title":{"rendered":"Otec a syn (autor &#8211; Martin Jabkeni\u010d)"},"content":{"rendered":"<div class=\"fcbkbttn_buttons_block\" id=\"fcbkbttn_left\"><div class=\"fcbkbttn_button\">\n                            <a href=\"https:\/\/www.facebook.com\/tom.patrick.509\" target=\"_blank\">\n                                <img decoding=\"async\" src=\"https:\/\/eldar.cz\/tompatrick\/wp-content\/plugins\/facebook-button-plugin\/images\/large-facebook-ico.png\" alt=\"Fb-Button\" \/>\n                            <\/a>\n                        <\/div><div class=\"fcbkbttn_like fcbkbttn_large_button\"><fb:like href=\"https:\/\/eldar.cz\/tompatrick\/mix\/otec-a-syn-autor-martin-jabkenic\" action=\"like\" colorscheme=\"light\" layout=\"standard\"  width=\"225px\" size=\"large\"><\/fb:like><\/div><div class=\"fb-share-button fcbkbttn_large_button \" data-href=\"https:\/\/eldar.cz\/tompatrick\/mix\/otec-a-syn-autor-martin-jabkenic\" data-type=\"button_count\" data-size=\"large\"><\/div><\/div><p><b>Otec a syn<\/b><\/p>\n<p>Ladislav bylo jeho ct\u011bn\u00e9 k\u0159estn\u00ed jm\u00e9no<\/p>\n<p>A cel\u00e9 rodn\u00e9 m\u011bsto<\/p>\n<p>k n\u011bmu s nesm\u00edrn\u00fdm obdivem vzhl\u00ed\u017eelo<\/p>\n<p>nebo\u0165 nejednomu z m\u00edstn\u00edch obyvatel sta\u010dil ji\u017e pomoci<\/p>\n<p>coby zku\u0161en\u00fd chirurg na slovo vzat\u00fd<\/p>\n<p>&nbsp;<\/p>\n<p>Ji\u017e \u00factyhodn\u00fdch pades\u00e1t let (!)<\/p>\n<p>p\u016fsobil Ladislav v t\u00e9 sam\u00e9 nemocni\u010dn\u00ed budov\u011b<\/p>\n<p>kde m\u00e9n\u011b \u010di v\u00edce z\u00e1va\u017en\u00e9 operativn\u00ed z\u00e1kroky prov\u00e1d\u011bl<\/p>\n<p>a kdy\u017e zrovinka volno m\u011bl<\/p>\n<p>cel\u00e9 ho v\u011bnoval svoj\u00ed rodin\u011b<\/p>\n<p>&nbsp;<\/p>\n<p>Ladislav jinak mohl v\u00e9sti celkem norm\u00e1ln\u00ed spokojen\u00fd \u017eivot<\/p>\n<p>neb\u00fdt syna Luk\u00e1\u0161e<\/p>\n<p>jen\u017e sv\u00e9mu otci p\u0159id\u011bl\u00e1val nejednu starost<\/p>\n<p>&nbsp;<\/p>\n<p>On\u00edm probl\u00e9mem zejm\u00e9na alkohol se stal<\/p>\n<p>jemu\u017e Luk\u00e1\u0161 zkr\u00e1tka nedok\u00e1zal odolat<\/p>\n<p>a to ji\u017e od dob studi\u00ed na l\u00e9ka\u0159sk\u00e9 fakult\u011b<\/p>\n<p>jeho\u017e tak m\u00e1lem zanechal<\/p>\n<p>&nbsp;<\/p>\n<p>Na\u0161t\u011bst\u00ed pro n\u011bj i pro Ladislava<\/p>\n<p>v\u0161e zl\u00e9 onehdy za\u017eehn\u00e1no bylo<\/p>\n<p>a tak i Luk\u00e1\u0161 nakonec p\u0159eci jen okusil<\/p>\n<p>post chirurga v m\u00edst\u011b<\/p>\n<p>kde jeho otec \u00fasp\u011b\u0161n\u011b zast\u00e1val d\u016fle\u017eit\u00fd post<\/p>\n<p>&nbsp;<\/p>\n<p>Le\u010d z\u00e1vislost je v\u011bc\u00ed v\u011bru zr\u00e1dnou<\/p>\n<p>a tak Luk\u00e1\u0161 do alkoholov\u00e9ho opojen\u00ed<\/p>\n<p>celkem snadno spadl nanovo<\/p>\n<p>&nbsp;<\/p>\n<p>To nakonec vedlo k nekompromisn\u00edmu verdiktu<\/p>\n<p>kdy jmenovan\u00fd na hodinu<\/p>\n<p>musel opustit nemocni\u010dn\u00ed kliniku<\/p>\n<p>&nbsp;<\/p>\n<p>Op\u011btovn\u00fdm slo\u017eit\u00fdm obdob\u00edm proch\u00e1zeli si tak otec se synem<\/p>\n<p>kdy Ladislav na sv\u00e9m kmenov\u00e9m pracovi\u0161ti<\/p>\n<p>cht\u011b necht\u011b musel sn\u00e1\u0161et \u010detn\u00e9 v\u00fdtky nemil\u00e9<\/p>\n<p>ohledn\u011b Luk\u00e1\u0161ovy naprost\u00e9 nespolehlivosti<\/p>\n<p>&nbsp;<\/p>\n<p>A jmenovan\u00fd?<\/p>\n<p>Ten s ve\u0161kerou platnost\u00ed p\u0159elo\u017een byl na obvod<\/p>\n<p>kde, nespokojen, d\u00e1le se jen tr\u00e1pil<\/p>\n<p>co\u017e jeho psychice jako\u017eto sebev\u011bdom\u00ed moc nep\u0159idalo<\/p>\n<p>&nbsp;<\/p>\n<p>Osud Luk\u00e1\u0161e rozhodn\u011b ne\u0161et\u0159il<\/p>\n<p>a dal\u0161\u00ed tvrdou r\u00e1nu mu zasadil<\/p>\n<p>to kdy\u017e po necel\u00e9m roce rozpadlo se mu man\u017eelstv\u00ed<\/p>\n<p>&nbsp;<\/p>\n<p>Pr\u00e1v\u011b tehdy p\u0159ihodilo se mu v\u016fbec to nejhor\u0161\u00ed!<\/p>\n<p>&nbsp;<\/p>\n<p>To se Luk\u00e1\u0161 takhle jednou vracel od rozvodov\u00e9ho \u0159\u00edzen\u00ed<\/p>\n<p>v krvi v\u00edce jak \u010dty\u0159i promile<\/p>\n<p>a pak sta\u010dila chvili\u010dka nepozornosti<\/p>\n<p>a jeho auto nar\u00e1z skon\u010dilo ve svodidlech<\/p>\n<p>&nbsp;<\/p>\n<p>Progn\u00f3za tehdy byla zna\u010dn\u011b nep\u0159\u00edzniv\u00e1<\/p>\n<p>Luk\u00e1\u0161ovi hrozilo celkov\u00e9 ochrnut\u00ed nohou<\/p>\n<p>co\u017e pro n\u011bj coby l\u00e9ka\u0159e<\/p>\n<p>rozhodn\u011b nebyla kdov\u00edjak povzbuzuj\u00edc\u00ed zpr\u00e1va<\/p>\n<p>&nbsp;<\/p>\n<p>Jen v\u010dasn\u00e1 operace mohla zvr\u00e1tit onen nep\u0159\u00edzniv\u00fd verdikt!<\/p>\n<p>P\u0159i\u010dem\u017e se j\u00ed m\u011bl ujmout s\u00e1m Ladislav<\/p>\n<p>se sv\u00fdm t\u00fdmem chirurg\u016f na slovo vzat\u00fdch<\/p>\n<p>&nbsp;<\/p>\n<p>Jmenovan\u00fd k tomu p\u0159istoupil se v\u0161\u00ed profesionalitou<\/p>\n<p>jako by se jednalo o kter\u00e9hokoliv jin\u00e9ho pacienta<\/p>\n<p>jen\u017e dostal se do nep\u0159\u00edzniv\u00e9 \u017eivotn\u00ed situace<\/p>\n<p>a\u0165 u\u017e vinou vlastn\u00ed \u010di naopak n\u011b\u010d\u00ed jinou<\/p>\n<p>&nbsp;<\/p>\n<p>Dan\u00e1 operace \u0159adila se k t\u011bm n\u00e1ro\u010dn\u011bj\u0161\u00edm<\/p>\n<p>a t\u00fdmu chirurg\u016f v \u010dele s Ladislavem<\/p>\n<p>zabrala dlouh\u00e9 t\u0159i hodiny<\/p>\n<p>&nbsp;<\/p>\n<p>A i kdy\u017e m\u00edsty do\u0161lo k n\u011bkolika men\u0161\u00edm komplikac\u00edm<\/p>\n<p>nakonec vypadalo to, \u017ee se onen nej\u010dern\u011bj\u0161\u00ed mo\u017en\u00fd sc\u00e9n\u00e1\u0159<\/p>\n<p>p\u0159eci jen nenapln\u00ed<\/p>\n<p>&nbsp;<\/p>\n<p>I tak Luk\u00e1\u0161 nem\u011bl je\u0161t\u011b zdaleka vyhr\u00e1no<\/p>\n<p>&nbsp;<\/p>\n<p>I kdy\u017e se mu pozvolna navracel cit do nohou<\/p>\n<p>a on zanedlouho dok\u00e1zal pohnouti jak onou levou<\/p>\n<p>tak o n\u011bco pozd\u011bji i tou pravou<\/p>\n<p>bylo zde nasnad\u011b polo\u017eit si ot\u00e1zku vpravd\u011b z\u00e1sadn\u00ed:<\/p>\n<p>zdali zase bude schopen b\u011b\u017en\u00e9 ch\u016fze<\/p>\n<p>a ne se chab\u011b belhat do konce sv\u00e9ho \u017eivota<\/p>\n<p>u\u017e jen pouze v\u00fdhradn\u011b o berl\u00edch<\/p>\n<p>&nbsp;<\/p>\n<p>Luk\u00e1\u0161 ov\u0161em byl odhodl\u00e1n bojovat!<\/p>\n<p>A tentokr\u00e1t sv\u00e9mu otci nikterak neodporoval<\/p>\n<p>kdy\u017e ten mu dojednal rehabilita\u010dn\u00ed hodiny<\/p>\n<p>u zn\u00e1m\u00e9ho &#8211; fyzioterapeuta<\/p>\n<p>jen\u017e p\u0159es n\u011b byl vyhl\u00e1\u0161en\u00fd odborn\u00edk<\/p>\n<p>&nbsp;<\/p>\n<p>Den za dnem, kr\u016f\u010dek po kr\u016f\u010dku<\/p>\n<p>byl Luk\u00e1\u0161 st\u00e1le bl\u00ed\u017ee sv\u00e9mu p\u0159\u00e1n\u00ed, sv\u00e9mu snu<\/p>\n<p>fungovat op\u011bt jako zcela zdrav\u00fd \u010dlov\u011bk<\/p>\n<p>jen\u017e n\u00e1sledn\u00fdm \u017eivotem<\/p>\n<p>bude bez sebemen\u0161\u00ed \u00fajmy<\/p>\n<p>snad ji\u017e kone\u010dn\u011b nast\u00e1lo proch\u00e1zet<\/p>\n<p>&nbsp;<\/p>\n<p>T\u0159i dlouh\u00e9 roky musel Luk\u00e1\u0161 ust\u00e1t<\/p>\n<p>ne\u017e se jeho sen re\u00e1ln\u00fdm stal!<\/p>\n<p>A i kdy\u017e se jeho b\u00fdval\u00e1 \u017eena k n\u011bmu odm\u00edtla vr\u00e1tit<\/p>\n<p>nepokou\u0161el se j\u00ed to zp\u011btn\u011b nijak vy\u010d\u00edtat<\/p>\n<p>&nbsp;<\/p>\n<p>Pln\u011b respektoval n\u011bkdej\u0161\u00ed platn\u00e9 rozhodnut\u00ed soudu<\/p>\n<p>&nbsp;<\/p>\n<p>D\u016fle\u017eit\u00e9 bylo, \u017ee se i nad\u00e1le mohl v\u00eddat se synem<\/p>\n<p>jeho\u017e m\u011bla v p\u00e9\u010di pr\u00e1v\u011b jeho n\u011bkdej\u0161\u00ed dru\u017eka<\/p>\n<p>s n\u00ed\u017e se nakonec \u2013 a to bylo rovn\u011b\u017e podstatn\u00e9 \u2013 usm\u00ed\u0159il<\/p>\n<p>kdy stali se z nich dob\u0159\u00ed p\u0159\u00e1tel\u00e9<\/p>\n<p>&nbsp;<\/p>\n<p>Nakonec i n\u00e1vrat na obvod coby l\u00e9ka\u0159<\/p>\n<p>Luk\u00e1\u0161 s vd\u011b\u010dnost\u00ed uv\u00edtal<\/p>\n<p>V\u017edy\u0165 co na tom, \u017ee to nen\u00ed onen presti\u017en\u00ed post chirurgick\u00fd<\/p>\n<p>co nen\u00ed, to v dohledn\u00e9 budoucnosti je\u0161t\u011b klidn\u011b m\u016f\u017ee b\u00fdt<\/p>\n<p>&nbsp;<\/p>\n<p>Co naplat, \u017eivot je ji\u017e holt prost\u011b takov\u00fd &#8211; nevypo\u010d\u00edtav\u00fd<\/p>\n<p>&nbsp;<\/p>\n<p>V\u017edy v\u0161ak ale existuje \u0159e\u0161en\u00ed<\/p>\n<p>jak si ho n\u00e1le\u017eit\u011b obohatit<\/p>\n<p>&nbsp;<\/p>\n<p>To kdy\u017e \u010dlov\u011bk v\u011b\u0159\u00ed pr\u00e1v\u011b v ony sny<\/p>\n<p>jen\u017e dok\u00e1\u017ee s\u00e1m uskute\u010dnit, naplnit<\/p>\n<p>&nbsp;<\/p>\n<p>Svoj\u00ed snahou, svoj\u00ed hou\u017eevnatost\u00ed, svoj\u00ed nezdolnou p\u00edl\u00ed!<\/p>\n<p>&nbsp;<\/p>\n<p>O tom ostatn\u011b Luk\u00e1\u0161 ji\u017e sv\u00e9 v\u00ed<\/p>\n<p>a ka\u017ed\u00e9mu takto shodn\u011b poka\u017ed\u00e9 odpov\u00ed<\/p>\n<p>kdy\u017e doty\u010dn\u00fd t\u00e1pe a rady si s\u00e1m nev\u00ed<\/p>\n<p>&nbsp;<\/p>\n<p>Ladislava t\u011b\u0161il syn\u016fv optimistick\u00fd p\u0159\u00edstup k \u017eivotu<\/p>\n<p>jako\u017eto i to \u017ee za uplynul\u00e9 t\u0159i roky<\/p>\n<p>nedotkl se alkoholu<\/p>\n<p>&nbsp;<\/p>\n<p>Nav\u00edc pln\u011b dost\u00e1l sv\u00e9mu dal\u0161\u00edmu slibu<\/p>\n<p>a sice \u017ee od on\u00e9 p\u0159\u00edhody<\/p>\n<p>d\u011blal druh\u00fdm jen radost, nikoli ostudu<\/p>\n<p>&nbsp;<\/p>\n<p>Je\u0161t\u011b v\u0161ak jedno p\u0159ekvapen\u00ed m\u011bl osud v z\u00e1loze<\/p>\n<p>jen\u017e nemal\u00e9 pozdvi\u017een\u00ed zp\u016fsobilo v Ladislavov\u011b rodin\u011b<\/p>\n<p>&nbsp;<\/p>\n<p>To kdy\u017e ve sv\u00e9m osobn\u00edm volnu<\/p>\n<p>jmenovan\u00fd dostal se kone\u010dn\u011b ke knize<\/p>\n<p>ji\u017e kdysi zakoupil v antikvari\u00e1tu<\/p>\n<p>s v\u00fd\u0159e\u010dn\u00fdm magick\u00fdm to n\u00e1zvem<\/p>\n<p>&nbsp;<\/p>\n<p>Dan\u00e1 kniha vypr\u00e1v\u011bla p\u0159\u00edb\u011bh otce a syna<\/p>\n<p>jejich\u017e vztah zocelila v\u00e1\u017en\u00e1 dopravn\u00ed nehoda<\/p>\n<p>Kdy syn jej\u00ed ob\u011bt\u00ed se stal<\/p>\n<p>a jeho otec jej pak n\u00e1sledn\u011b s \u00fasp\u011bchem operoval<\/p>\n<p>&nbsp;<\/p>\n<p>Zdalipak uh\u00e1dnete skute\u010dn\u00e1 jm\u00e9na obou hlavn\u00edch postav?<\/p>\n<div class=\"fcbkbttn_buttons_block\" id=\"fcbkbttn_left\"><div class=\"fcbkbttn_button\">\n                            <a href=\"https:\/\/www.facebook.com\/tom.patrick.509\" target=\"_blank\">\n                                <img decoding=\"async\" src=\"https:\/\/eldar.cz\/tompatrick\/wp-content\/plugins\/facebook-button-plugin\/images\/large-facebook-ico.png\" alt=\"Fb-Button\" \/>\n                            <\/a>\n                        <\/div><div class=\"fcbkbttn_like fcbkbttn_large_button\"><fb:like href=\"https:\/\/eldar.cz\/tompatrick\/mix\/otec-a-syn-autor-martin-jabkenic\" action=\"like\" colorscheme=\"light\" layout=\"standard\"  width=\"225px\" size=\"large\"><\/fb:like><\/div><div class=\"fb-share-button fcbkbttn_large_button \" data-href=\"https:\/\/eldar.cz\/tompatrick\/mix\/otec-a-syn-autor-martin-jabkenic\" data-type=\"button_count\" data-size=\"large\"><\/div><\/div>","protected":false},"excerpt":{"rendered":"<p>Otec a syn Ladislav bylo jeho ct\u011bn\u00e9 k\u0159estn\u00ed jm\u00e9no A cel\u00e9 rodn\u00e9 m\u011bsto k n\u011bmu s nesm\u00edrn\u00fdm obdivem vzhl\u00ed\u017eelo nebo\u0165 nejednomu z m\u00edstn\u00edch obyvatel sta\u010dil ji\u017e pomoci coby zku\u0161en\u00fd chirurg na slovo vzat\u00fd &nbsp; Ji\u017e \u00factyhodn\u00fdch pades\u00e1t let (!) p\u016fsobil &hellip; <a href=\"https:\/\/eldar.cz\/tompatrick\/mix\/otec-a-syn-autor-martin-jabkenic\">Cel\u00fd p\u0159\u00edsp\u011bvek <span class=\"meta-nav\">&rarr;<\/span><\/a><\/p>\n","protected":false},"author":2,"featured_media":0,"comment_status":"open","ping_status":"open","sticky":false,"template":"","format":"standard","meta":{"_s2mail":"yes","footnotes":""},"categories":[25],"tags":[],"class_list":["post-2622","post","type-post","status-publish","format-standard","hentry","category-mix"],"_links":{"self":[{"href":"https:\/\/eldar.cz\/tompatrick\/wp-json\/wp\/v2\/posts\/2622","targetHints":{"allow":["GET"]}}],"collection":[{"href":"https:\/\/eldar.cz\/tompatrick\/wp-json\/wp\/v2\/posts"}],"about":[{"href":"https:\/\/eldar.cz\/tompatrick\/wp-json\/wp\/v2\/types\/post"}],"author":[{"embeddable":true,"href":"https:\/\/eldar.cz\/tompatrick\/wp-json\/wp\/v2\/users\/2"}],"replies":[{"embeddable":true,"href":"https:\/\/eldar.cz\/tompatrick\/wp-json\/wp\/v2\/comments?post=2622"}],"version-history":[{"count":1,"href":"https:\/\/eldar.cz\/tompatrick\/wp-json\/wp\/v2\/posts\/2622\/revisions"}],"predecessor-version":[{"id":2623,"href":"https:\/\/eldar.cz\/tompatrick\/wp-json\/wp\/v2\/posts\/2622\/revisions\/2623"}],"wp:attachment":[{"href":"https:\/\/eldar.cz\/tompatrick\/wp-json\/wp\/v2\/media?parent=2622"}],"wp:term":[{"taxonomy":"category","embeddable":true,"href":"https:\/\/eldar.cz\/tompatrick\/wp-json\/wp\/v2\/categories?post=2622"},{"taxonomy":"post_tag","embeddable":true,"href":"https:\/\/eldar.cz\/tompatrick\/wp-json\/wp\/v2\/tags?post=2622"}],"curies":[{"name":"wp","href":"https:\/\/api.w.org\/{rel}","templated":true}]}}