{"id":2619,"date":"2020-03-10T09:00:05","date_gmt":"2020-03-10T07:00:05","guid":{"rendered":"http:\/\/eldar.cz\/tompatrick\/?p=2619"},"modified":"2019-05-28T09:41:14","modified_gmt":"2019-05-28T07:41:14","slug":"vyzva-19","status":"publish","type":"post","link":"https:\/\/eldar.cz\/tompatrick\/vyzvenky-fejetonkove-aneb-zapisnicek-jednoho-autora\/vyzva-19","title":{"rendered":"V\u00fdzva (19)"},"content":{"rendered":"<div class=\"fcbkbttn_buttons_block\" id=\"fcbkbttn_left\"><div class=\"fcbkbttn_button\">\n                            <a href=\"https:\/\/www.facebook.com\/tom.patrick.509\" target=\"_blank\">\n                                <img decoding=\"async\" src=\"https:\/\/eldar.cz\/tompatrick\/wp-content\/plugins\/facebook-button-plugin\/images\/large-facebook-ico.png\" alt=\"Fb-Button\" \/>\n                            <\/a>\n                        <\/div><div class=\"fcbkbttn_like fcbkbttn_large_button\"><fb:like href=\"https:\/\/eldar.cz\/tompatrick\/vyzvenky-fejetonkove-aneb-zapisnicek-jednoho-autora\/vyzva-19\" action=\"like\" colorscheme=\"light\" layout=\"standard\"  width=\"225px\" size=\"large\"><\/fb:like><\/div><div class=\"fb-share-button fcbkbttn_large_button \" data-href=\"https:\/\/eldar.cz\/tompatrick\/vyzvenky-fejetonkove-aneb-zapisnicek-jednoho-autora\/vyzva-19\" data-type=\"button_count\" data-size=\"large\"><\/div><\/div><p><b>V\u00fdzva (19)<\/b><\/p>\n<p>\u0158\u00edk\u00e1 se, \u017ee \u017eivot nen\u00ed to co chceme, ale to co m\u00e1me. Mnoz\u00ed z n\u00e1s se s t\u00edmto v\u0161ak odm\u00edtaj\u00ed sm\u00ed\u0159it, nebo\u0165 jsou se svoj\u00ed sou\u010dasnou \u017eivotn\u00ed situac\u00ed krajn\u011b nespokojeni. Velk\u00fd pod\u00edl na tom maj\u00ed za\u017eit\u00e9 pom\u011bry v r\u016fzn\u00fdch zem\u00edch sv\u011bta. V posledn\u00edch letech je to zejm\u00e9na terorismus, co ovl\u00e1d\u00e1 pozemsk\u00e9 byt\u00ed v tom negativn\u00edm slova smyslu. S t\u00edm souvis\u00ed ona migrace lid\u00ed z po\u0161kozen\u00fdch \u00fazem\u00ed, je\u017e p\u0159id\u011bl\u00e1v\u00e1 starosti nejednomu st\u00e1tu, jeho\u017e se pak citeln\u011b dot\u00fdk\u00e1. Na jednu stranu pro ni m\u00e1me pochopen\u00ed, nebo\u0165 nikdo z n\u00e1s nechce d\u00e9le dobrovoln\u011b setrv\u00e1vat tam, kde se nep\u0159etr\u017eit\u011b mus\u00ed strachovat o sv\u016fj vlastn\u00ed \u017eivot. Na stranu druhou v\u0161ak nev\u00edme, co si s migranty pak m\u00e1me po\u010d\u00edt, kdy\u017e jich v jedn\u00e9 vln\u011b p\u0159ijde najednou klidn\u011b i na tis\u00edc.<\/p>\n<p>Ani j\u00e1 s\u00e1m na migraci jako takovou nem\u00e1m zcela jednotn\u00fd n\u00e1zor. Asi bych se zachoval obdobn\u011b, tedy ohledn\u011b onoho odchodu. Na\u0161t\u011bst\u00ed ale \u017eiji v zemi, kde ozbrojen\u00fd v\u00e1le\u010dn\u00fd konflikt \u201eprozat\u00edm\u201c nehroz\u00ed. Dokonce na\u0161e \u010cesk\u00e1 republika je uv\u00e1d\u011bna jako \u0161est\u00e1 nejbezpe\u010dn\u011bj\u0161\u00ed Zem\u011b na sv\u011bt\u011b a a\u017e za n\u00ed se nach\u00e1z\u00ed t\u0159eba takov\u00e9 \u0160v\u00fdcarsko! Co se n\u00e1rodnostn\u00edch men\u0161in t\u00fd\u010de, sna\u017e\u00edm se na n\u011b ve sv\u00fdch liter\u00e1rn\u00edch po\u010dinech nahl\u00ed\u017eet co mo\u017en\u00e1 nejv\u00edc p\u0159\u00edv\u011btiv\u011b. A tak rod\u00e1k z Afriky Rollo v m\u00e9m pod\u00e1n\u00ed na na\u0161em \u00fazem\u00ed nach\u00e1z\u00ed svoji \u017eivotn\u00ed l\u00e1sku a Fero Joska zase pr\u00e1ci v prosperuj\u00edc\u00ed firm\u011b. Nemluv\u011b o roda\u010dce p\u016fvodem ze Skandin\u00e1vie Elke Jensenov\u00e9 a tolik zmi\u0148ovan\u00e9 Pet\u0159e Lavordov\u00e9, d\u00edvk\u00e1ch, je\u017e zde u n\u00e1s rovn\u011b\u017e na\u0161ly uplatn\u011bn\u00ed a st\u00e1l\u00e9 z\u00e1zem\u00ed.<\/p>\n<p>Nikde nebyl B\u016fh! Takovou hl\u00e1\u0161ku vy\u0159kne nejeden v\u011b\u0159\u00edc\u00ed, jen\u017e ztratil ve\u0161ker\u00e9 ide\u00e1ly o vlastn\u00edm \u0161\u0165astn\u00e9m \u017eivot\u011b. Bohu\u017eel za n\u00e1s \u017eiv\u00e9, jm\u00e9nem \u201eOnoho nejvy\u0161\u0161\u00edho\u201c v obm\u011bn\u011bn\u00fdch tez\u00edch, jednaj\u00ed i ti, kdo\u017e maj\u00ed na sv\u011bdom\u00ed zlo\u010diny nam\u00ed\u0159en\u00e9 proti lidskosti. Ona v\u00fd\u0161e zm\u00edn\u011bn\u00e1 hl\u00e1\u0161ka o Bohu byla takt\u00e9\u017e pou\u017eita v \u010dl\u00e1nku pojedn\u00e1vaj\u00edc\u00edm o Olze Hepnarov\u00e9, posledn\u00ed popraven\u00e9 \u010ce\u0161ce v tehdej\u0161\u00edm \u010ceskoslovensku, maj\u00edc\u00ed na sv\u011bdom\u00ed osm nevinn\u00fdch \u017eivot\u016f. Op\u011bt si tak mus\u00edme polo\u017eit onu z\u00e1sadn\u00ed ot\u00e1zku: pro\u010d B\u016fh p\u0159ed\u010dasn\u011b nezas\u00e1hl a nerozmluvil dan\u00e9 teroristce jej\u00ed trestuhodn\u00e9 po\u010d\u00edn\u00e1n\u00ed? A kdy\u017e u\u017e toto nebylo v jeho moci, pro\u010d alespo\u0148 p\u0159edem nevaroval ty, kdo\u017e pod koly n\u00e1kladn\u00edho vozu, je\u017e Hepnarov\u00e1 \u0159\u00eddila, n\u00e1sledn\u011b na\u0161li p\u0159ed\u010dasnou krutou smrt?<\/p>\n<p>I p\u0159esto&#8230; i kdy\u017e oporu v podob\u011b Boha i j\u00e1 s\u00e1m ve sv\u00e9m \u017eivot\u011b rovn\u011b\u017e postr\u00e1d\u00e1m, sna\u017e\u00edm se alespo\u0148 na sv\u00e9 rom\u00e1nov\u00e9 postavy nahl\u00ed\u017eet pokud mo\u017eno z t\u011bch lep\u0161\u00edch str\u00e1nek. To znamen\u00e1, \u017ee pokud se dan\u00e9 postavy projev\u00ed n\u011bjak zle v\u016f\u010di druh\u00fdm, dost\u00e1vaj\u00ed novou p\u0159\u00edle\u017eitost k n\u00e1prav\u011b. A tak Dana Moronov\u00e1, i p\u0159es svoji za\u017eitou nevra\u017eivost, nach\u00e1z\u00ed sp\u0159\u00edzn\u011bnou du\u0161i v podob\u011b mu\u017ee jm\u00e9nem Lojz\u00edk, zat\u00edmco Leopold Barnet odch\u00e1z\u00ed v poklidu na onen sv\u011bt.<\/p>\n<p>Ve spojitosti s On\u00edm nejvy\u0161\u0161\u00edm, tedy Bohem, bych tu r\u00e1d uvedl je\u0161t\u011b jednu p\u0159\u00edhodu. Jeden m\u016fj kamar\u00e1d mu byl hluboce odd\u00e1n. Vkl\u00e1dal do n\u011bj ve\u0161kerou nad\u011bji na lep\u0161\u00ed \u017eivot. Pot\u00e9 co se nepohodl s rodinou, byl pevn\u011b rozhodnut osamostatnit se a zkusil bydlet s\u00e1m v byt\u011b, jen\u017e vlastnil jeden z jeho p\u0159\u00edbuzn\u00fdch. Ten v n\u011bm v\u0161ak prakticky v\u016fbec nepob\u00fdval a tak nebyl probl\u00e9m p\u0159epsat jej na nov\u00e9ho majitele. Onen m\u016fj kamar\u00e1d si dan\u00fd byt postupn\u011b zvelebil a dodate\u010dn\u011b i po\u0159\u00eddil ps\u00ed spole\u010dn\u00edky, jen\u017e obohacovali jeho \u017eivot. Podnikal s nimi \u010detn\u00e9 v\u00fdlety a zd\u00e1lo se, \u017ee mu je \u017eivot ve v\u0161em naklon\u011bn.<\/p>\n<p>Jen\u017ee pak se doty\u010dn\u00fd za\u010dal povahov\u011b z\u00e1sadn\u011b m\u011bnit. Postupn\u011b se vzdal dob\u0159e placen\u00e9 pr\u00e1ce, sv\u00fdch zv\u00ed\u0159ec\u00edch mazl\u00ed\u010dk\u016f i bytu. Onen kamar\u00e1d podlehl nov\u00e9 duchovn\u00ed v\u00fdzv\u011b a za\u010dal spole\u010dn\u011b \u017e\u00edt s dal\u0161\u00edmi v\u011b\u0159\u00edc\u00edmi, s nimi\u017e se v\u0161ak st\u00e1le \u010dast\u011bji dost\u00e1val do spor\u016f. Nazloben na cel\u00fd sv\u011bt roze\u0161el se se v\u0161emi, je\u017e mu kdysi byli oporou. Pot\u00e9 co najisto opustil byt, se p\u0159est\u011bhoval nazp\u011bt k rodi\u010d\u016fm a dan\u00e1 situace se je\u0161t\u011b v\u00edce vyost\u0159ila. Onen kamar\u00e1d se uzav\u00edral v pokoji, st\u00e1val se \u010d\u00edm d\u00e1l vice hysterick\u00fd. Cht\u011bl b\u00fdt s\u00e1m. P\u0159\u00edbuzn\u00ed podali n\u00e1vrh, aby se \u0161el l\u00e9\u010dit. On to odm\u00edtl. I nad\u00e1le poci\u0165oval nevra\u017eivost v\u016f\u010di samotn\u00e9mu Bohu, jeho\u017e vinil ze v\u0161eho \u0161patn\u00e9ho, co se mu v jeho kr\u00e1tk\u00e9m \u017eivot\u011b p\u0159ihodilo.<\/p>\n<p>To v m\u00e9m pod\u00e1n\u00ed \u201ebo\u017e\u00ed silou\u201c posv\u011bcen\u00fd Winsternsk\u00fd rod \u0159\u00e1du lebonsk\u00fdch lid\u00ed rozhodn\u011b net\u00e1pe a pokud se ji\u017e dostane do jist\u00e9 problematick\u00e9 situace, dok\u00e1\u017ee si v n\u00ed hrav\u011b poradit \u2013 a\u0165 ji\u017e sv\u00fdmi l\u00e9\u010ditelsk\u00fdmi schopnostmi \u010di za p\u0159isp\u011bn\u00ed l\u00e9mansk\u00fdch r\u016f\u017e\u00ed \u010di posv\u00e1tn\u00e9 Winsternsk\u00e9 ko\u010dky, je\u017e l\u00e9\u010d\u00ed r\u016fznorod\u00e9 lidsk\u00e9 nemoci, nemluv\u011b o t\u011bch zhoubn\u00fdch. P\u0159\u00edpadn\u00e9 \u201edary sh\u016fry\u201c tak zde jsou vyu\u017eity v pln\u00e9 m\u00ed\u0159e. A kdo v\u00ed, t\u0159eba ony z\u00e1zra\u010dn\u00e9 r\u016f\u017ee jako\u017eto ony n\u011bm\u00e9 tv\u00e1\u0159e,\u00a0o nich\u017e jsem se tu zm\u00ednil, jsou n\u011bkde skute\u010dn\u011b p\u0159\u00edtomny. To jen mi, oby\u010dejn\u00ed smrteln\u00edci, o nich prozat\u00edm nev\u00edme.<\/p>\n<p>A jak se stav\u00edte k migraci vy, v\u00e1\u017een\u00ed \u010dten\u00e1\u0159i? Jste jej\u00edmi zast\u00e1nci \u010di naopak odp\u016frci? Co soud\u00edte o Olze Hepnarov\u00e9? Odsuzujete v\u00fdhradn\u011b jej\u00ed teroristick\u00fd \u010din \u010di naopak jste toho n\u00e1zoru, \u017ee se stala pouhou ob\u011bt\u00ed nehostinn\u00e9ho osudu? A jak nahl\u00ed\u017e\u00edte na nelehk\u00fd \u00fad\u011bl onoho m\u00e9ho kamar\u00e1da, o n\u011bm\u017e jsem se tu zm\u00ednil? M\u00e1te rovn\u011b\u017e ve sv\u00e9m okol\u00ed n\u011bkoho, kdo si pro\u0161el n\u011b\u010d\u00edm podobn\u00fdm? A pokud ano, jak danou nelehkou \u017eivotn\u00ed situaci n\u00e1sledn\u011b \u0159e\u0161il?<\/p>\n<p>Pros\u00edm, dejte mi v\u011bd\u011bt na tuto moji eldarovou webovou str\u00e1nku \u010di p\u0159\u00edmo do facebookov\u00e9 skupiny \u201eCity Means \u2013 M\u011bsto pln\u00e9 n\u00e1vrat\u016f\u201c. Klidn\u011b mi sem na web napi\u0161te pod smy\u0161lenou emailovou adresou, pokud nechcete uv\u00e9sti z bezpe\u010dnostn\u00edch d\u016fvod\u016f svoji skute\u010dnou. Nikdo se za to na v\u00e1s zlobit nebude.<\/p>\n<p>Tolik autor<\/p>\n<div class=\"fcbkbttn_buttons_block\" id=\"fcbkbttn_left\"><div class=\"fcbkbttn_button\">\n                            <a href=\"https:\/\/www.facebook.com\/tom.patrick.509\" target=\"_blank\">\n                                <img decoding=\"async\" src=\"https:\/\/eldar.cz\/tompatrick\/wp-content\/plugins\/facebook-button-plugin\/images\/large-facebook-ico.png\" alt=\"Fb-Button\" \/>\n                            <\/a>\n                        <\/div><div class=\"fcbkbttn_like fcbkbttn_large_button\"><fb:like href=\"https:\/\/eldar.cz\/tompatrick\/vyzvenky-fejetonkove-aneb-zapisnicek-jednoho-autora\/vyzva-19\" action=\"like\" colorscheme=\"light\" layout=\"standard\"  width=\"225px\" size=\"large\"><\/fb:like><\/div><div class=\"fb-share-button fcbkbttn_large_button \" data-href=\"https:\/\/eldar.cz\/tompatrick\/vyzvenky-fejetonkove-aneb-zapisnicek-jednoho-autora\/vyzva-19\" data-type=\"button_count\" data-size=\"large\"><\/div><\/div>","protected":false},"excerpt":{"rendered":"<p>V\u00fdzva (19) \u0158\u00edk\u00e1 se, \u017ee \u017eivot nen\u00ed to co chceme, ale to co m\u00e1me. Mnoz\u00ed z n\u00e1s se s t\u00edmto v\u0161ak odm\u00edtaj\u00ed sm\u00ed\u0159it, nebo\u0165 jsou se svoj\u00ed sou\u010dasnou \u017eivotn\u00ed situac\u00ed krajn\u011b nespokojeni. Velk\u00fd pod\u00edl na tom maj\u00ed za\u017eit\u00e9 pom\u011bry v &hellip; <a href=\"https:\/\/eldar.cz\/tompatrick\/vyzvenky-fejetonkove-aneb-zapisnicek-jednoho-autora\/vyzva-19\">Cel\u00fd p\u0159\u00edsp\u011bvek <span class=\"meta-nav\">&rarr;<\/span><\/a><\/p>\n","protected":false},"author":2,"featured_media":0,"comment_status":"open","ping_status":"open","sticky":false,"template":"","format":"standard","meta":{"_s2mail":"yes","footnotes":""},"categories":[26],"tags":[],"class_list":["post-2619","post","type-post","status-publish","format-standard","hentry","category-vyzvenky-fejetonkove-aneb-zapisnicek-jednoho-autora"],"_links":{"self":[{"href":"https:\/\/eldar.cz\/tompatrick\/wp-json\/wp\/v2\/posts\/2619","targetHints":{"allow":["GET"]}}],"collection":[{"href":"https:\/\/eldar.cz\/tompatrick\/wp-json\/wp\/v2\/posts"}],"about":[{"href":"https:\/\/eldar.cz\/tompatrick\/wp-json\/wp\/v2\/types\/post"}],"author":[{"embeddable":true,"href":"https:\/\/eldar.cz\/tompatrick\/wp-json\/wp\/v2\/users\/2"}],"replies":[{"embeddable":true,"href":"https:\/\/eldar.cz\/tompatrick\/wp-json\/wp\/v2\/comments?post=2619"}],"version-history":[{"count":2,"href":"https:\/\/eldar.cz\/tompatrick\/wp-json\/wp\/v2\/posts\/2619\/revisions"}],"predecessor-version":[{"id":2621,"href":"https:\/\/eldar.cz\/tompatrick\/wp-json\/wp\/v2\/posts\/2619\/revisions\/2621"}],"wp:attachment":[{"href":"https:\/\/eldar.cz\/tompatrick\/wp-json\/wp\/v2\/media?parent=2619"}],"wp:term":[{"taxonomy":"category","embeddable":true,"href":"https:\/\/eldar.cz\/tompatrick\/wp-json\/wp\/v2\/categories?post=2619"},{"taxonomy":"post_tag","embeddable":true,"href":"https:\/\/eldar.cz\/tompatrick\/wp-json\/wp\/v2\/tags?post=2619"}],"curies":[{"name":"wp","href":"https:\/\/api.w.org\/{rel}","templated":true}]}}