{"id":2613,"date":"2019-05-27T09:06:29","date_gmt":"2019-05-27T07:06:29","guid":{"rendered":"http:\/\/eldar.cz\/tompatrick\/?p=2613"},"modified":"2019-05-25T08:16:22","modified_gmt":"2019-05-25T06:16:22","slug":"13-autor-martin-jabkenic","status":"publish","type":"post","link":"https:\/\/eldar.cz\/tompatrick\/mix\/13-autor-martin-jabkenic","title":{"rendered":"13! (autor &#8211; Martin Jabkeni\u010d)"},"content":{"rendered":"<div class=\"fcbkbttn_buttons_block\" id=\"fcbkbttn_left\"><div class=\"fcbkbttn_button\">\n                            <a href=\"https:\/\/www.facebook.com\/tom.patrick.509\" target=\"_blank\">\n                                <img decoding=\"async\" src=\"https:\/\/eldar.cz\/tompatrick\/wp-content\/plugins\/facebook-button-plugin\/images\/large-facebook-ico.png\" alt=\"Fb-Button\" \/>\n                            <\/a>\n                        <\/div><div class=\"fcbkbttn_like fcbkbttn_large_button\"><fb:like href=\"https:\/\/eldar.cz\/tompatrick\/mix\/13-autor-martin-jabkenic\" action=\"like\" colorscheme=\"light\" layout=\"standard\"  width=\"225px\" size=\"large\"><\/fb:like><\/div><div class=\"fb-share-button fcbkbttn_large_button \" data-href=\"https:\/\/eldar.cz\/tompatrick\/mix\/13-autor-martin-jabkenic\" data-type=\"button_count\" data-size=\"large\"><\/div><\/div><p><b>13!<\/b><\/p>\n<p>T\u00e9 noci spala jsem\u00a0v\u011bru neklidn\u011b<\/p>\n<p>nebo\u0165\u00a0moji mysl zam\u011bstn\u00e1val fakt<\/p>\n<p>\u017ee nic p\u0159\u00edjemn\u00e9ho ne\u010dek\u00e1 mne<\/p>\n<p>&nbsp;<\/p>\n<p>Onoho t\u0159in\u00e1ct\u00e9ho \u0159\u00edjna!<\/p>\n<p>Kdy u soudu budu nucena znovu se zpov\u00eddat!<\/p>\n<p>&nbsp;<\/p>\n<p>Probouz\u00edm se ji\u017e \u010dasn\u011b z r\u00e1na<\/p>\n<p>v hlav\u011b urovn\u00e1vaj\u00edce si mo\u017en\u00e9 odpov\u011bdi na ot\u00e1zky<\/p>\n<p>je\u017e mi tam budou s nejv\u011bt\u0161\u00ed pravd\u011bpodobnost\u00ed kl\u00e1st<\/p>\n<p>&nbsp;<\/p>\n<p>Le\u010d pochybuji o tom, \u017ee sama n\u011bco zm\u016f\u017eu!<\/p>\n<p>V\u017edy\u0165 obvin\u011bna jsem z nejm\u00e9n\u011b t\u0159in\u00e1cti hrdeln\u00edch zlo\u010din\u016f!<\/p>\n<p>&nbsp;<\/p>\n<p>O n\u011bco pozd\u011bji bacha\u0159i kone\u010dn\u011b p\u0159ich\u00e1z\u00ed<\/p>\n<p>a p\u0159in\u00e1\u0161\u00ed tuze ubohou sn\u00eddani<\/p>\n<p>Dva men\u0161\u00ed tousty a k\u00e1vu nevaln\u00e9 kvality<\/p>\n<p>jen\u017e sotva m\u00e9 chu\u0165ov\u00e9 poh\u00e1rky zasyt\u00ed<\/p>\n<p>&nbsp;<\/p>\n<p>Jsem zkr\u00e1tka zvykl\u00e1 na stravu jina\u010d\u00ed<\/p>\n<p>ale o tom p\u0159ed bacha\u0159i rad\u011bji poml\u010d\u00edm<\/p>\n<p>&nbsp;<\/p>\n<p>Proto alespo\u0148 trochu vd\u011b\u010dnosti z\u00e1hy projev\u00edm<\/p>\n<p>to kdy\u017e doch\u00e1z\u00ed na hygienu rann\u00ed<\/p>\n<p>a j\u00e1 \u017ee nemus\u00edm po n\u00ed nazp\u011bt do v\u011bze\u0148sk\u00e9ho mund\u00faru<\/p>\n<p>jen\u017e z cel\u00e9ho srdce nesn\u00e1\u0161\u00edm<\/p>\n<p>&nbsp;<\/p>\n<p>N\u00fdbr\u017e \u017ee mohu obl\u00e9ci se do mnohem pohodln\u011bj\u0161\u00edch \u0161at\u016f<\/p>\n<p>je\u017e nos\u00edvala jsem jinak b\u011b\u017en\u011b v civilu<\/p>\n<p>&nbsp;<\/p>\n<p>A op\u011bt m\u00e1m na p\u0159em\u00fd\u0161len\u00ed dostatek \u010dasu!<\/p>\n<p>Nebo\u0165 pom\u011brn\u011b dlouh\u00e1 cesta \u010dek\u00e1 mne do hlavn\u00edho m\u011bsta k soudu<\/p>\n<p>kde rozhodne se o m\u00e9m budouc\u00edm osudu<\/p>\n<p>&nbsp;<\/p>\n<p>Zdali prok\u00e1\u017ee se m\u00e1 nevina!<\/p>\n<p>Nebo nam\u00edsto toho \u010dek\u00e1 m\u011b do\u017eivotn\u00ed \u017eal\u00e1\u0159!<\/p>\n<p>P\u0159\u00edpadn\u011b ustanoven\u00fd trest smrti!<\/p>\n<p>A s n\u00edm spjat\u00e1 poprava ob\u011b\u0161en\u00edm!<\/p>\n<p>&nbsp;<\/p>\n<p>Tak za doprovodu policejn\u00ed eskorty<\/p>\n<p>pozvolna sp\u011bji na soudn\u00ed proces stolet\u00ed<\/p>\n<p>Ten na t\u0159in\u00e1ctou odpoledn\u00ed napl\u00e1nov\u00e1n jest!<\/p>\n<p>Do v\u0161ech kout\u016f rodn\u00e9 zem\u011b m\u00e9 m\u00e9dii p\u0159en\u00e1\u0161en!<\/p>\n<p>&nbsp;<\/p>\n<p>V\u00e1\u0161niv\u00e9 emoce a p\u00edskot prov\u00e1zej\u00ed m\u016fj p\u0159\u00edjezd<\/p>\n<p>je\u017e nav\u00fd\u0161\u00ed se pot\u00e9<\/p>\n<p>co vystoup\u00edm z policejn\u00edho vozu<\/p>\n<p>a spole\u010dn\u011b s eskortou pak sp\u011bji sm\u011brem k soudn\u00ed budov\u011b<\/p>\n<p>&nbsp;<\/p>\n<p>Nejinak tomu je pak p\u0159\u00edmo uvnit\u0159 n\u00ed<\/p>\n<p>pot\u00e9 co soudce a t\u0159in\u00e1ct porotc\u016f zasednou<\/p>\n<p>a soudn\u00ed l\u00ed\u010den\u00ed tak za dramatick\u00fdch okolnost\u00ed<\/p>\n<p>jest za zah\u00e1jen\u00e9 pova\u017eov\u00e1no<\/p>\n<p>&nbsp;<\/p>\n<p>Hned zkraje podrobena jsem krut\u00e9mu v\u00fdslechu!<\/p>\n<p>P\u0159i\u010dem\u017e neust\u00e1le je mi kladeno za vinu<\/p>\n<p>on\u011bch t\u0159in\u00e1ct hrdeln\u00edch zlo\u010din\u016f!<\/p>\n<p>Jak ze strany soudce<\/p>\n<p>tak on\u011bch t\u0159in\u00e1cti porotc\u016f!<\/p>\n<p>&nbsp;<\/p>\n<p>A j\u00e1 p\u0159itom nem\u011bnn\u011b<\/p>\n<p>naopak trv\u00e1m na sv\u00e9 nevin\u011b!<\/p>\n<p>&nbsp;<\/p>\n<p>Le\u010d je mi to pram\u00e1lo platn\u00e9!<\/p>\n<p>V\u0161ichni stav\u00ed se\u00a0r\u00e1zn\u011b proti mn\u011b!<\/p>\n<p>&nbsp;<\/p>\n<p>Ba co v\u00edc!<\/p>\n<p>Kdosi z p\u0159ihl\u00ed\u017eej\u00edc\u00edch v soudn\u00ed s\u00edni<\/p>\n<p>za\u010d\u00edn\u00e1 \u010dastovat moji mali\u010dkost nar\u00e1\u017ekami nehor\u00e1zn\u00fdmi!<\/p>\n<p>&nbsp;<\/p>\n<p>Na \u0161ibenici n\u00e1sledn\u011b pos\u00edl\u00e1!<\/p>\n<p>A t\u00edm soudu poskytuje z\u00e1minku<\/p>\n<p>aby ten vyhov\u011bl dan\u00e9mu po\u017eadavku<\/p>\n<p>&nbsp;<\/p>\n<p>I na m\u011b je t\u00e9 kritiky ji\u017e p\u0159esp\u0159\u00edli\u0161<\/p>\n<p>a tak i j\u00e1 p\u0159istupuji k r\u00e1zn\u00e9mu jedn\u00e1n\u00ed<\/p>\n<p>kdy doch\u00e1z\u00ed k prom\u011bn\u011b m\u00e9 celkov\u00e9<\/p>\n<p>&nbsp;<\/p>\n<p>O\u0161acen\u00ed z\u00e1hy v prach se p\u0159em\u011bn\u00ed!<\/p>\n<p>Stejn\u011b jako vyz\u00e1bl\u00e1 k\u016f\u017ee, je\u017e viz\u00e1\u017e kostry odhal\u00ed!<\/p>\n<p>Ta pak k v\u0161eobecn\u00e9mu zd\u011b\u0161en\u00ed v\u0161ech v soudn\u00ed s\u00edni<\/p>\n<p>jde si pro skute\u010dn\u00e9ho vin\u00edka on\u011bch t\u0159in\u00e1cti zlo\u010din\u016f hrdeln\u00edch!<\/p>\n<p>&nbsp;<\/p>\n<p>Ano, on\u00edm vin\u00edkem nen\u00ed nikdo jin\u00fd ne\u017eli onen mu\u017e<\/p>\n<p>co p\u0159\u00e1l mi onu \u0161ibeni\u010dn\u00ed opr\u00e1tku!<\/p>\n<p>Ta v\u0161ak nyn\u00ed v\u00fdhradn\u011b kolem jeho krku vis\u00ed!<\/p>\n<p>A to m\u00fdm pohotov\u00fdm p\u0159i\u010din\u011bn\u00edm!<\/p>\n<p>&nbsp;<\/p>\n<p>Pot\u00e9 co ta ho k dozn\u00e1n\u00ed p\u0159im\u011bje<\/p>\n<p>nar\u00e1z oba do pekla propad\u00e1me se<\/p>\n<p>J\u00e1 jako\u017eto jeho v\u011brn\u00fd slu\u017eebn\u00edk<\/p>\n<p>zat\u00edmco onen mu\u017e v\u00fdhradn\u011b coby vin\u00edk<\/p>\n<p>&nbsp;<\/p>\n<p>T\u0159in\u00e1ct t\u0159in\u00e1ct \u2013 to jest ten pam\u00e1tn\u00fd \u010das!<\/p>\n<p>Kdy zase jednou dobro nad zlem zv\u00edt\u011bzilo<\/p>\n<p>jako\u017eto nezvratn\u00fd d\u016fkaz toho<\/p>\n<p>\u017ee i v dne\u0161n\u00ed dob\u011b existuje spravedlnost<\/p>\n<p>&nbsp;<\/p>\n<p>Nebo snad na to m\u00e1te zcela jin\u00fd n\u00e1zor?<\/p>\n<div class=\"fcbkbttn_buttons_block\" id=\"fcbkbttn_left\"><div class=\"fcbkbttn_button\">\n                            <a href=\"https:\/\/www.facebook.com\/tom.patrick.509\" target=\"_blank\">\n                                <img decoding=\"async\" src=\"https:\/\/eldar.cz\/tompatrick\/wp-content\/plugins\/facebook-button-plugin\/images\/large-facebook-ico.png\" alt=\"Fb-Button\" \/>\n                            <\/a>\n                        <\/div><div class=\"fcbkbttn_like fcbkbttn_large_button\"><fb:like href=\"https:\/\/eldar.cz\/tompatrick\/mix\/13-autor-martin-jabkenic\" action=\"like\" colorscheme=\"light\" layout=\"standard\"  width=\"225px\" size=\"large\"><\/fb:like><\/div><div class=\"fb-share-button fcbkbttn_large_button \" data-href=\"https:\/\/eldar.cz\/tompatrick\/mix\/13-autor-martin-jabkenic\" data-type=\"button_count\" data-size=\"large\"><\/div><\/div>","protected":false},"excerpt":{"rendered":"<p>13! T\u00e9 noci spala jsem\u00a0v\u011bru neklidn\u011b nebo\u0165\u00a0moji mysl zam\u011bstn\u00e1val fakt \u017ee nic p\u0159\u00edjemn\u00e9ho ne\u010dek\u00e1 mne &nbsp; Onoho t\u0159in\u00e1ct\u00e9ho \u0159\u00edjna! Kdy u soudu budu nucena znovu se zpov\u00eddat! &nbsp; Probouz\u00edm se ji\u017e \u010dasn\u011b z r\u00e1na v hlav\u011b urovn\u00e1vaj\u00edce si mo\u017en\u00e9 odpov\u011bdi &hellip; <a href=\"https:\/\/eldar.cz\/tompatrick\/mix\/13-autor-martin-jabkenic\">Cel\u00fd p\u0159\u00edsp\u011bvek <span class=\"meta-nav\">&rarr;<\/span><\/a><\/p>\n","protected":false},"author":2,"featured_media":0,"comment_status":"open","ping_status":"open","sticky":false,"template":"","format":"standard","meta":{"_s2mail":"yes","footnotes":""},"categories":[25],"tags":[],"class_list":["post-2613","post","type-post","status-publish","format-standard","hentry","category-mix"],"_links":{"self":[{"href":"https:\/\/eldar.cz\/tompatrick\/wp-json\/wp\/v2\/posts\/2613","targetHints":{"allow":["GET"]}}],"collection":[{"href":"https:\/\/eldar.cz\/tompatrick\/wp-json\/wp\/v2\/posts"}],"about":[{"href":"https:\/\/eldar.cz\/tompatrick\/wp-json\/wp\/v2\/types\/post"}],"author":[{"embeddable":true,"href":"https:\/\/eldar.cz\/tompatrick\/wp-json\/wp\/v2\/users\/2"}],"replies":[{"embeddable":true,"href":"https:\/\/eldar.cz\/tompatrick\/wp-json\/wp\/v2\/comments?post=2613"}],"version-history":[{"count":1,"href":"https:\/\/eldar.cz\/tompatrick\/wp-json\/wp\/v2\/posts\/2613\/revisions"}],"predecessor-version":[{"id":2614,"href":"https:\/\/eldar.cz\/tompatrick\/wp-json\/wp\/v2\/posts\/2613\/revisions\/2614"}],"wp:attachment":[{"href":"https:\/\/eldar.cz\/tompatrick\/wp-json\/wp\/v2\/media?parent=2613"}],"wp:term":[{"taxonomy":"category","embeddable":true,"href":"https:\/\/eldar.cz\/tompatrick\/wp-json\/wp\/v2\/categories?post=2613"},{"taxonomy":"post_tag","embeddable":true,"href":"https:\/\/eldar.cz\/tompatrick\/wp-json\/wp\/v2\/tags?post=2613"}],"curies":[{"name":"wp","href":"https:\/\/api.w.org\/{rel}","templated":true}]}}