{"id":2522,"date":"2019-03-25T09:00:26","date_gmt":"2019-03-25T07:00:26","guid":{"rendered":"http:\/\/eldar.cz\/tompatrick\/?p=2522"},"modified":"2019-03-24T12:31:02","modified_gmt":"2019-03-24T10:31:02","slug":"krajina-lidmi-zaslibena-autor-martin-jabkenic","status":"publish","type":"post","link":"https:\/\/eldar.cz\/tompatrick\/mix\/krajina-lidmi-zaslibena-autor-martin-jabkenic","title":{"rendered":"Krajina lidmi zasl\u00edben\u00e1 (autor &#8211; Martin Jabkeni\u010d)"},"content":{"rendered":"<div class=\"fcbkbttn_buttons_block\" id=\"fcbkbttn_left\"><div class=\"fcbkbttn_button\">\n                            <a href=\"https:\/\/www.facebook.com\/tom.patrick.509\" target=\"_blank\">\n                                <img decoding=\"async\" src=\"https:\/\/eldar.cz\/tompatrick\/wp-content\/plugins\/facebook-button-plugin\/images\/large-facebook-ico.png\" alt=\"Fb-Button\" \/>\n                            <\/a>\n                        <\/div><div class=\"fcbkbttn_like fcbkbttn_large_button\"><fb:like href=\"https:\/\/eldar.cz\/tompatrick\/mix\/krajina-lidmi-zaslibena-autor-martin-jabkenic\" action=\"like\" colorscheme=\"light\" layout=\"standard\"  width=\"225px\" size=\"large\"><\/fb:like><\/div><div class=\"fb-share-button fcbkbttn_large_button \" data-href=\"https:\/\/eldar.cz\/tompatrick\/mix\/krajina-lidmi-zaslibena-autor-martin-jabkenic\" data-type=\"button_count\" data-size=\"large\"><\/div><\/div><p><b>Krajina lidmi zasl\u00edben\u00e1<\/b><\/p>\n<p>Ji\u017e dosti bylo z\u00e1va\u017en\u00fdch t\u00e9mat<\/p>\n<p>je\u017e jsem pro v\u00e1s liter\u00e1rn\u011b zpracov\u00e1val<\/p>\n<p>Ji\u017e dost bylo smutn\u00fdch, nejen lidsk\u00fdch p\u0159\u00edb\u011bh\u016f<\/p>\n<p>jimi\u017e prov\u011b\u0159oval jsem psychickou odolnost<\/p>\n<p>a mermomoc\u00ed pokou\u0161el z\u00edskat si va\u0161i zaslou\u017eenou pozornost<\/p>\n<p>&nbsp;<\/p>\n<p>Nyn\u00ed je na\u010dase zvolnit<\/p>\n<p>a jenom o tom p\u011bkn\u00e9m pohovo\u0159it<\/p>\n<p>bez p\u0159\u00edm\u011bsi jak\u00e9koliv tragiky<\/p>\n<p>je\u017e mnohdy m\u00edv\u00e1 fat\u00e1ln\u00ed n\u00e1sledky<\/p>\n<p>a to jak ve smy\u0161len\u00e9m tak i sv\u011bt\u011b skute\u010dn\u00e9m<\/p>\n<p>kdy doty\u010dn\u00ed pln\u011b ztoto\u017en\u00ed se s interpretovan\u00fdm textem<\/p>\n<p>ve v\u0161ech jeho uveden\u00fdch ne zrovna p\u0159\u00edv\u011btiv\u00fdch bodech<\/p>\n<p>&nbsp;<\/p>\n<p>Proto dovolte abych toto napravil<\/p>\n<p>a pozval v\u00e1s do jedn\u00e9 \u00farodn\u00e9 krajinky<\/p>\n<p>j\u00ed\u017e vl\u00eddn\u00ed, usm\u011bvav\u00ed a celkov\u011b \u0161\u0165astn\u00ed lid\u00e9 ob\u00fdvaj\u00ed<\/p>\n<p>neznaje nemoci, z\u00e1vist a jin\u00e9 pozemsk\u00e9 proh\u0159e\u0161ky<\/p>\n<p>&nbsp;<\/p>\n<p>Na t\u0159e\u0161n\u011b, broskve \u010di meru\u0148ky<\/p>\n<p>specializuje se tam pan Robert P\u0159\u00edbramsk\u00fd<\/p>\n<p>a to s celou svoj\u00ed rodinou<\/p>\n<p>man\u017eelkou Ingrid, synem Mat\u011bjem a dcerou Ilonkou<\/p>\n<p>&nbsp;<\/p>\n<p>Ti v\u0161ichni ka\u017ed\u00fdm dnem<\/p>\n<p>o\u010dek\u00e1vaj\u00ed zcela nov\u00fd p\u0159\u00edr\u016fstek<\/p>\n<p>Zdali to bude d\u00edvka \u010di chlapec<\/p>\n<p>to nen\u00ed zas a\u017e tak podstatn\u00e9<\/p>\n<p>Hlavn\u011b aby rob\u00e1tko bylo zdrav\u00e9<\/p>\n<p>a jen to p\u011bkn\u00e9 prov\u00e1zelo jej n\u00e1sledn\u00fdm \u017eivotem<\/p>\n<p>&nbsp;<\/p>\n<p>Men\u0161\u00ed oslava tak v pl\u00e1nu je<\/p>\n<p>a tud\u00ed\u017e zv\u00e1n jest na ni ka\u017ed\u00fd<\/p>\n<p>kdo srdce m\u00e1 na spr\u00e1vn\u00e9m m\u00edst\u011b<\/p>\n<p>&nbsp;<\/p>\n<p>Ochutn\u00e1te pravou dom\u00e1c\u00ed p\u00e1lenku \u010di bur\u010d\u00e1k<\/p>\n<p>a k tomu nav\u00edc dom\u00e1c\u00ed ovocn\u00fd \u0161tr\u016fdl a kol\u00e1\u010d<\/p>\n<p>A a\u017e toto v\u0161echno zkonzumujete<\/p>\n<p>v\u011b\u0159te tomu, \u017ee tuze blaze v\u00e1m bude<\/p>\n<p>jak na du\u0161i tak i na t\u011ble<\/p>\n<p>&nbsp;<\/p>\n<p>Jen o p\u00e1r dom\u016f d\u00e1le<\/p>\n<p>m\u00e1 sv\u00e9 zahradnictv\u00ed Tonda Op\u00e1lek<\/p>\n<p>R\u016fzn\u00e9 plodiny tam s l\u00e1skou p\u011bstuje<\/p>\n<p>a k tomu je\u0161t\u011b kv\u011btiny rozmanit\u00e9 v\u0161elijak\u00e9<\/p>\n<p>&nbsp;<\/p>\n<p>Jeho \u017eena T\u00e1\u0148a<\/p>\n<p>to v\u0161e pak o v\u00edkendu na jarmarku<\/p>\n<p>sv\u00fdm st\u00e1l\u00fdm i nov\u00fdm z\u00e1kazn\u00edk\u016fm prod\u00e1v\u00e1<\/p>\n<p>se zahradn\u00ed technikou v\u0161eho druhu do po\u010dtu<\/p>\n<p>\u010d\u00edm\u017e nav\u00fd\u0161\u00ed se tr\u017eby v\u017edy o slu\u0161nou pen\u011b\u017eitou sumu<\/p>\n<p>&nbsp;<\/p>\n<p>Man\u017eel\u00e9 Op\u00e1lkovi v\u0161ak nejsou \u017e\u00e1dn\u00ed rozmazlen\u00ed zbohatl\u00edci<\/p>\n<p>a vyd\u011blan\u00e9 pen\u00edze co na trz\u00edch utr\u017e\u00ed nav\u00edc<\/p>\n<p>ty od nich poka\u017ed\u00e9 putuj\u00ed na konta r\u016fzn\u00fdch charit<\/p>\n<p>K t\u011bm jen\u017e to opravdu pot\u0159ebuj\u00ed<\/p>\n<p>K t\u011bm jen\u017e vedou \u017eivot nelehk\u00fd<\/p>\n<p>&nbsp;<\/p>\n<p>To \u017ee se kraji takto dob\u0159e da\u0159\u00ed<\/p>\n<p>je z\u00e1sluha p\u0159edev\u0161\u00edm Svat\u00e9 Jany<\/p>\n<p>patronky, bedliv\u011b dohl\u00ed\u017eej\u00edc\u00ed na sv\u00e9 v\u011brn\u011b oddan\u00e9<\/p>\n<p>jim\u017e pom\u00e1h\u00e1 plnit p\u0159\u00e1n\u00ed nitern\u00e9<\/p>\n<p>&nbsp;<\/p>\n<p>A tak farm\u00e1\u0159 David Pohanka<\/p>\n<p>d\u00edky n\u00ed m\u016f\u017ee svobodn\u011b podnikat<\/p>\n<p>a to v rostlinn\u00e9 i \u017eivo\u010di\u0161n\u00e9 v\u00fdrob\u011b<\/p>\n<p>nejen doma, ale rovn\u011b\u017e i v cizin\u011b<\/p>\n<p>zat\u00edmco Dana Sadovsk\u00e1<\/p>\n<p>vlastn\u00ed keramick\u00e9 v\u00fdrobky sm\u00ed ji\u017e p\u00e1t\u00fdm rokem prod\u00e1vat<\/p>\n<p>a jej\u00ed pracovn\u00ed di\u00e1\u0159 tak<\/p>\n<p>jest pln\u011b z\u00e1kazn\u00edky zapln\u011bn po sebemen\u0161\u00ed okraj<\/p>\n<p>&nbsp;<\/p>\n<p>Snad v\u00e1s tato m\u00e1 pozv\u00e1nka do krajiny lidmi zasl\u00edben\u00e9<\/p>\n<p>alespo\u0148 na mal\u00fd moment<\/p>\n<p>v my\u0161lenk\u00e1ch odpoutala od reality jinak tuze nemil\u00e9<\/p>\n<p>&nbsp;<\/p>\n<p>A pokud tomu tak st\u00e1le nen\u00ed<\/p>\n<p>prost\u0159ednictv\u00edm b\u00e1sn\u011b zcela nov\u00e9 se o to pokus\u00edm<\/p>\n<p>kter\u00e1\u017eto &#8211; douf\u00e1m v to pevn\u011b<\/p>\n<p>kone\u010dn\u011b chytne v\u0161echny str\u00e1daj\u00edc\u00ed pln\u011b za srdce<\/p>\n<p>a n\u00e1sledn\u011b vyt\u011bsn\u00ed z nich v\u0161echno \u0161patn\u00e9, v\u0161echno zl\u00e9<\/p>\n<p>&nbsp;<\/p>\n<p>To\u0165 nitern\u00e9 p\u0159\u00e1n\u00ed \u010dist\u011b m\u00e9<\/p>\n<div class=\"fcbkbttn_buttons_block\" id=\"fcbkbttn_left\"><div class=\"fcbkbttn_button\">\n                            <a href=\"https:\/\/www.facebook.com\/tom.patrick.509\" target=\"_blank\">\n                                <img decoding=\"async\" src=\"https:\/\/eldar.cz\/tompatrick\/wp-content\/plugins\/facebook-button-plugin\/images\/large-facebook-ico.png\" alt=\"Fb-Button\" \/>\n                            <\/a>\n                        <\/div><div class=\"fcbkbttn_like fcbkbttn_large_button\"><fb:like href=\"https:\/\/eldar.cz\/tompatrick\/mix\/krajina-lidmi-zaslibena-autor-martin-jabkenic\" action=\"like\" colorscheme=\"light\" layout=\"standard\"  width=\"225px\" size=\"large\"><\/fb:like><\/div><div class=\"fb-share-button fcbkbttn_large_button \" data-href=\"https:\/\/eldar.cz\/tompatrick\/mix\/krajina-lidmi-zaslibena-autor-martin-jabkenic\" data-type=\"button_count\" data-size=\"large\"><\/div><\/div>","protected":false},"excerpt":{"rendered":"<p>Krajina lidmi zasl\u00edben\u00e1 Ji\u017e dosti bylo z\u00e1va\u017en\u00fdch t\u00e9mat je\u017e jsem pro v\u00e1s liter\u00e1rn\u011b zpracov\u00e1val Ji\u017e dost bylo smutn\u00fdch, nejen lidsk\u00fdch p\u0159\u00edb\u011bh\u016f jimi\u017e prov\u011b\u0159oval jsem psychickou odolnost a mermomoc\u00ed pokou\u0161el z\u00edskat si va\u0161i zaslou\u017eenou pozornost &nbsp; Nyn\u00ed je na\u010dase zvolnit a &hellip; <a href=\"https:\/\/eldar.cz\/tompatrick\/mix\/krajina-lidmi-zaslibena-autor-martin-jabkenic\">Cel\u00fd p\u0159\u00edsp\u011bvek <span class=\"meta-nav\">&rarr;<\/span><\/a><\/p>\n","protected":false},"author":2,"featured_media":0,"comment_status":"open","ping_status":"open","sticky":false,"template":"","format":"standard","meta":{"_s2mail":"yes","footnotes":""},"categories":[25],"tags":[],"class_list":["post-2522","post","type-post","status-publish","format-standard","hentry","category-mix"],"_links":{"self":[{"href":"https:\/\/eldar.cz\/tompatrick\/wp-json\/wp\/v2\/posts\/2522","targetHints":{"allow":["GET"]}}],"collection":[{"href":"https:\/\/eldar.cz\/tompatrick\/wp-json\/wp\/v2\/posts"}],"about":[{"href":"https:\/\/eldar.cz\/tompatrick\/wp-json\/wp\/v2\/types\/post"}],"author":[{"embeddable":true,"href":"https:\/\/eldar.cz\/tompatrick\/wp-json\/wp\/v2\/users\/2"}],"replies":[{"embeddable":true,"href":"https:\/\/eldar.cz\/tompatrick\/wp-json\/wp\/v2\/comments?post=2522"}],"version-history":[{"count":1,"href":"https:\/\/eldar.cz\/tompatrick\/wp-json\/wp\/v2\/posts\/2522\/revisions"}],"predecessor-version":[{"id":2523,"href":"https:\/\/eldar.cz\/tompatrick\/wp-json\/wp\/v2\/posts\/2522\/revisions\/2523"}],"wp:attachment":[{"href":"https:\/\/eldar.cz\/tompatrick\/wp-json\/wp\/v2\/media?parent=2522"}],"wp:term":[{"taxonomy":"category","embeddable":true,"href":"https:\/\/eldar.cz\/tompatrick\/wp-json\/wp\/v2\/categories?post=2522"},{"taxonomy":"post_tag","embeddable":true,"href":"https:\/\/eldar.cz\/tompatrick\/wp-json\/wp\/v2\/tags?post=2522"}],"curies":[{"name":"wp","href":"https:\/\/api.w.org\/{rel}","templated":true}]}}