{"id":2487,"date":"2019-02-18T09:00:13","date_gmt":"2019-02-18T07:00:13","guid":{"rendered":"http:\/\/eldar.cz\/tompatrick\/?p=2487"},"modified":"2019-02-16T15:34:20","modified_gmt":"2019-02-16T13:34:20","slug":"hudebnik-terorista-autor-martin-jabkenic","status":"publish","type":"post","link":"https:\/\/eldar.cz\/tompatrick\/mix\/hudebnik-terorista-autor-martin-jabkenic","title":{"rendered":"Hudebn\u00edk &#8211; terorista (autor &#8211; Martin Jabkeni\u010d)"},"content":{"rendered":"<div class=\"fcbkbttn_buttons_block\" id=\"fcbkbttn_left\"><div class=\"fcbkbttn_button\">\n                            <a href=\"https:\/\/www.facebook.com\/tom.patrick.509\" target=\"_blank\">\n                                <img decoding=\"async\" src=\"https:\/\/eldar.cz\/tompatrick\/wp-content\/plugins\/facebook-button-plugin\/images\/large-facebook-ico.png\" alt=\"Fb-Button\" \/>\n                            <\/a>\n                        <\/div><div class=\"fcbkbttn_like fcbkbttn_large_button\"><fb:like href=\"https:\/\/eldar.cz\/tompatrick\/mix\/hudebnik-terorista-autor-martin-jabkenic\" action=\"like\" colorscheme=\"light\" layout=\"standard\"  width=\"225px\" size=\"large\"><\/fb:like><\/div><div class=\"fb-share-button fcbkbttn_large_button \" data-href=\"https:\/\/eldar.cz\/tompatrick\/mix\/hudebnik-terorista-autor-martin-jabkenic\" data-type=\"button_count\" data-size=\"large\"><\/div><\/div><p><b>Hudebn\u00edk \u2013 terorista<\/b><\/p>\n<p>Martin \u010cerven\u00edk byl mlad\u00fd mu\u017e<\/p>\n<p>v jednom kuse sn\u00edc\u00ed o tom<\/p>\n<p>\u017ee jednou slo\u017e\u00ed slavn\u00fd hudebn\u00ed opus<\/p>\n<p>&nbsp;<\/p>\n<p>Ve\u0161ker\u00fd sv\u016fj \u010das tedy v\u011bnoval pr\u00e1v\u011b hudb\u011b<\/p>\n<p>komponov\u00e1n\u00ed a notov\u00e9 partitu\u0159e<\/p>\n<p>studiu na hudebn\u00edm gymn\u00e1ziu<\/p>\n<p>po jeho\u017e ukon\u010den\u00ed hodlal j\u00edti<\/p>\n<p>ve \u0161l\u00e9p\u011bj\u00edch n\u011bkdej\u0161\u00edch jako\u017eto i sou\u010dasn\u00fdch slavn\u00fdch muzikantsk\u00fdch g\u00e9ni\u016f<\/p>\n<p>&nbsp;<\/p>\n<p>Av\u0161ak z \u0159ad student\u016f a rovn\u011b\u017e kantor\u016f v\u00fdhradn\u011b nepochopen<\/p>\n<p>tr\u00e1pil se Martin sp\u00ed\u0161e na st\u0159edn\u00ed \u0161kole<\/p>\n<p>a po pouh\u00e9m semestru a p\u016fl<\/p>\n<p>nucen byl opustit pr\u00e1v\u011b hudebn\u00ed gymn\u00e1zium<\/p>\n<p>&nbsp;<\/p>\n<p>\u0160patn\u011b ono rozhodnut\u00ed tehdy nesl<\/p>\n<p>nekontrolovateln\u00fd vztek tak zat\u011b\u017ek\u00e1val jeho mysl!<\/p>\n<p>&nbsp;<\/p>\n<p>Martin p\u0159eci jen pokusil se z posledn\u00edch sil vzchopiti<\/p>\n<p>a i bez zkou\u0161ky z dosp\u011blosti d\u00e1le hudbu tvo\u0159iti<\/p>\n<p>le\u010d bohu\u017eel op\u011btovn\u011b narazil na nepochopen\u00ed<\/p>\n<p>s od\u016fvodn\u011bn\u00edm \u017ee pr\u00fd jeho vlastn\u00ed skladby jsou jeden velk\u00fd k\u00fd\u010d<\/p>\n<p>&nbsp;<\/p>\n<p>Posledn\u00edm pomysln\u00fdm h\u0159eb\u00ed\u010dkem do um\u011bleck\u00e9 rakve<\/p>\n<p>stalo se n\u00e1hodn\u00e9 setk\u00e1n\u00ed Martina<\/p>\n<p>s n\u011bkdej\u0161\u00edm gymnazi\u00e1ln\u00edm profesorem<\/p>\n<p>jen\u017e mlad\u00edkovi na rovinu bez obalu sd\u011blil<\/p>\n<p>\u017ee tak neschopn\u00e9ho studenta doposud nem\u011bl mo\u017enost u\u010dit<\/p>\n<p>p\u0159i\u010dem\u017e k Martinov\u011b nevoli<\/p>\n<p>dan\u00fd mu\u017e \u2013 profesor<\/p>\n<p>dal\u0161\u00ed kritikou na jeho adresu ne\u0161et\u0159il<\/p>\n<p>&nbsp;<\/p>\n<p>Tolik \u0161patn\u00e9ho byl mlad\u00edk nucen o sob\u011b vyslechnout si<\/p>\n<p>\u017ee po p\u0159\u00edchodu dom\u016f zu\u0159iv\u00fd amok jej ne\u0161et\u0159il<\/p>\n<p>&nbsp;<\/p>\n<p>A tak nazloben na cel\u00fd muzikantsk\u00fd sv\u011bt<\/p>\n<p>rozhodl se mu Martin stejnou m\u011brou opl\u00e1cet!<\/p>\n<p>&nbsp;<\/p>\n<p>Ze sna\u017eiv\u00e9ho hudebn\u00edka<\/p>\n<p>v dohledn\u00e9 dob\u011b m\u011bl se st\u00e1ti terorista<\/p>\n<p>co nam\u00edsto housl\u00ed do rukou brokovnici vzal<\/p>\n<p>a s n\u00ed na hudebn\u00ed gymn\u00e1zium posp\u00edchal<\/p>\n<p>&nbsp;<\/p>\n<p>Ano, nebude to trvat dlouho<\/p>\n<p>a hrstka vyvolen\u00fdch zaplat\u00ed za poni\u017euj\u00edc\u00ed teror<\/p>\n<p>jen\u017e byl Martin nucen sn\u00e1\u0161et<\/p>\n<p>od v\u0161ech n\u011bkdej\u0161\u00edch student\u016f a kantor\u016f vesm\u011bs<\/p>\n<p>&nbsp;<\/p>\n<p>Na\u0161t\u011bst\u00ed pro n\u011bj<\/p>\n<p>a nane\u0161t\u011bst\u00ed pro ostatn\u00ed<\/p>\n<p>gymn\u00e1zium bylo vzd\u00e1leno pouh\u00fdch p\u011bt set metr\u016f od domu<\/p>\n<p>v n\u011bm\u017e Martin bydlel spole\u010dn\u011b s rodi\u010di<\/p>\n<p>&nbsp;<\/p>\n<p>P\u0159i pomy\u0161len\u00ed na matku s otcem<\/p>\n<p>rozbu\u0161ilo se mlad\u00edkovi n\u00e1hle divoce srdce<\/p>\n<p>V obav\u00e1ch horliv\u011b za\u010dal p\u0159em\u00edtat, co asi \u0159eknou<\/p>\n<p>a\u017e se z \u00fast druh\u00fdch v brzk\u00e9 dob\u011b doslechnou<\/p>\n<p>co jejich jedin\u00fd syn sp\u00e1chal<\/p>\n<p>a jak\u00fd to na um\u011bleckou spole\u010dnost bude m\u00edti z\u00e1sadn\u00ed dopad<\/p>\n<p>&nbsp;<\/p>\n<p>Tak vstoupil Martin do \u0161koly<\/p>\n<p>s pln\u011b funk\u010dn\u00ed brokovnic\u00ed<\/p>\n<p>odhodl\u00e1n naplnit krvav\u00fd slib<\/p>\n<p>ne\u0161et\u0159it na \u017eivot\u011b \u017e\u00e1dnou z potenci\u00e1ln\u00edch ob\u011bt\u00ed<\/p>\n<p>&nbsp;<\/p>\n<p>Le\u010d z\u00e1hy p\u0159ihodilo se ne\u010dekan\u00e9<\/p>\n<p>to kdy\u017e prostory gymn\u00e1zia prostoupila pronikav\u00e1 z\u00e1\u0159e<\/p>\n<p>a v\u0161e kolem nabylo tvaru a barvy nebes<\/p>\n<p>kdy postupn\u011b po\u010dalo vytr\u00e1cet se ono pozemsk\u00e9<\/p>\n<p>&nbsp;<\/p>\n<p>\u017div\u00ed voln\u011b p\u0159ech\u00e1zeli v obl\u00e1\u010dky jemn\u00e9 na dotek<\/p>\n<p>a Martin s\u00e1m sob\u011b nedok\u00e1zal vysv\u011btlit<\/p>\n<p>kde se v n\u011bm n\u00e1hle bere<\/p>\n<p>touha \u010diniti jen to p\u011bkn\u00e9 navenek<\/p>\n<p>&nbsp;<\/p>\n<p>A to pot\u00e9 co jedna z nebesk\u00fdch person k n\u011bmu p\u0159istoupila<\/p>\n<p>a jemn\u011b se jeho srdce dotkla!<\/p>\n<p>&nbsp;<\/p>\n<p>Brokovnice Martinovi v ten moment vypadla z ruky<\/p>\n<p>a po dopadu na zem prom\u011bnila se ve st\u00e9blo tr\u00e1vy<\/p>\n<p>p\u0159i\u010dem\u017e mlad\u00edk jako om\u00e1men\u00fd naslouchal onomu p\u0159ekr\u00e1sn\u00e9mu hlasu<\/p>\n<p>jen\u017e nab\u00e1dal ho oslavovati \u017eivot<\/p>\n<p>nam\u00edsto n\u00e1sil\u00ed a krvav\u00e9ho teroru<\/p>\n<p>&nbsp;<\/p>\n<p>Tak Martin \u010destn\u011b p\u0159\u00edsahal na ten slib<\/p>\n<p>\u017ee od t\u00e9to chv\u00edle povede \u017eivot spo\u0159\u00e1dan\u00fd<\/p>\n<p>v n\u011bm\u017e v\u00edcero neu\u010din\u00ed nic \u0161patn\u00e9ho<\/p>\n<p>co by jin\u00e9 na pozemsk\u00e9m byt\u00ed jakkoliv ohrozilo<\/p>\n<p>&nbsp;<\/p>\n<p>\u017de p\u0159ijme dan\u00fd \u017eivot takov\u00fd jak\u00fd pr\u00e1v\u011b bude<\/p>\n<p>a o \u0161t\u011bst\u00ed v n\u011bm zd\u00e1rn\u011b se popere!<\/p>\n<p>&nbsp;<\/p>\n<p>V ten okam\u017eik obraz nebes n\u00e1hle ztratil na s\u00edle<\/p>\n<p>a Martin zpozoroval, \u017ee zase na Zemi zm\u00edt\u00e1 se<\/p>\n<p>V prostor\u00e1ch sv\u00e9ho b\u00fdval\u00e9ho p\u016fsobi\u0161t\u011b<\/p>\n<p>kam coby student je\u0161t\u011b ned\u00e1vno chod\u00edval<\/p>\n<p>pravideln\u011b ka\u017ed\u00fd v\u0161edn\u00ed den<\/p>\n<p>&nbsp;<\/p>\n<p>Av\u0161ak kdo se to nad n\u00edm moment\u00e1ln\u011b skl\u00e1n\u00ed?<\/p>\n<p>\u017de by doktor ve sv\u00e9m cestovn\u00edm pl\u00e1\u0161ti?<\/p>\n<p>&nbsp;<\/p>\n<p>U\u017e tomu bude z\u0159ejm\u011b tak!<\/p>\n<p>Martin tedy musel zkolabovat!<\/p>\n<p>Nebo\u0165 nepamatoval si v\u00edce ne\u017e<\/p>\n<p>onen p\u0159ekr\u00e1sn\u00fd l\u00edbezn\u00fd sen<\/p>\n<p>&nbsp;<\/p>\n<p>A pak se mlad\u00edkovi n\u00e1hle vyjasnilo<\/p>\n<p>a srdce do krku mu m\u00e1lem vysko\u010dilo!<\/p>\n<p>&nbsp;<\/p>\n<p>Pln\u00fd obav rukou zajel do vnit\u0159ku bundy<\/p>\n<p>Ale co se nestalo<\/p>\n<p>nam\u00edsto brokovnice nahmatal pouze st\u00e9blo on\u00e9 tr\u00e1vy!<\/p>\n<p>Bylo to snad dal\u0161\u00ed znamen\u00ed z nebesk\u00fdch v\u00fd\u0161in<\/p>\n<p>je\u017e se Martina sna\u017eily uchr\u00e1nit p\u0159ed jistou pozemskou \u0161ibenic\u00ed?<\/p>\n<p>&nbsp;<\/p>\n<p>Doktor vytu\u0161il dan\u00e9 nap\u011bt\u00ed<\/p>\n<p>a rozhodl se dop\u0159\u00e1t mlad\u00edkovi soukrom\u00ed<\/p>\n<p>Do zcela pr\u00e1zdn\u00e9 t\u0159\u00eddy pomalu jej tedy zavedl<\/p>\n<p>a jeho \u017eivotn\u00ed p\u0159\u00edb\u011bh n\u00e1sledn\u011b vyslechl<\/p>\n<p>&nbsp;<\/p>\n<p>Zaujal ho natolik<\/p>\n<p>\u017ee o Martinovu tvorbu z\u00e1jem projevil<\/p>\n<p>a pot\u00e9 doporu\u010dil ji d\u00e1l<\/p>\n<p>a\u017e ta se do spr\u00e1vn\u00fdch rukou kone\u010dn\u011b dostala!<\/p>\n<p>&nbsp;<\/p>\n<p>Ub\u011bhl m\u011bs\u00edc<\/p>\n<p>a Martin m\u011bl zak\u00e1zek snad na tis\u00edc(!)<\/p>\n<p>\u017ee pro zanepr\u00e1zdn\u011bnost nev\u011bd\u011bl<\/p>\n<p>kter\u00e9 d\u0159\u00edve vyhov\u011bt<\/p>\n<p>&nbsp;<\/p>\n<p>Ub\u011bhl rok<\/p>\n<p>a Martin usp\u011bl nejen jako skladatel<\/p>\n<p>ale rovn\u011b\u017e coby uzn\u00e1van\u00fd pedagog!<\/p>\n<p>Co o hudb\u011b p\u0159edn\u00e1\u0161el<\/p>\n<p>na presti\u017en\u00edch m\u00fazick\u00fdch \u0161kol\u00e1ch tak\u0159ka po cel\u00e9m sv\u011bt\u011b<\/p>\n<p>&nbsp;<\/p>\n<p>Vd\u011b\u010dn\u00fd byl Martin za setk\u00e1n\u00ed s on\u00edm doktorem<\/p>\n<p>s n\u00edm\u017e pravideln\u011b d\u00e1le st\u00fdkal se<\/p>\n<p>jako\u017eto i za z\u00e1\u017eitek z nebesk\u00e9ho sv\u011bta<\/p>\n<p>je\u017e uk\u00e1zal mu spr\u00e1vnou cestu<\/p>\n<p>j\u00ed\u017e se mlad\u00edk nakonec zcela dobrovoln\u011b vydal<\/p>\n<p>Cestou soun\u00e1le\u017eitosti, pochopen\u00ed a v\u0161udyp\u0159\u00edtomn\u00e9ho dobra<\/p>\n<p>na n\u011b\u017e je kr\u00e1tk\u00e1 sebev\u011bt\u0161\u00ed klamn\u00e1 zloba<\/p>\n<div class=\"fcbkbttn_buttons_block\" id=\"fcbkbttn_left\"><div class=\"fcbkbttn_button\">\n                            <a href=\"https:\/\/www.facebook.com\/tom.patrick.509\" target=\"_blank\">\n                                <img decoding=\"async\" src=\"https:\/\/eldar.cz\/tompatrick\/wp-content\/plugins\/facebook-button-plugin\/images\/large-facebook-ico.png\" alt=\"Fb-Button\" \/>\n                            <\/a>\n                        <\/div><div class=\"fcbkbttn_like fcbkbttn_large_button\"><fb:like href=\"https:\/\/eldar.cz\/tompatrick\/mix\/hudebnik-terorista-autor-martin-jabkenic\" action=\"like\" colorscheme=\"light\" layout=\"standard\"  width=\"225px\" size=\"large\"><\/fb:like><\/div><div class=\"fb-share-button fcbkbttn_large_button \" data-href=\"https:\/\/eldar.cz\/tompatrick\/mix\/hudebnik-terorista-autor-martin-jabkenic\" data-type=\"button_count\" data-size=\"large\"><\/div><\/div>","protected":false},"excerpt":{"rendered":"<p>Hudebn\u00edk \u2013 terorista Martin \u010cerven\u00edk byl mlad\u00fd mu\u017e v jednom kuse sn\u00edc\u00ed o tom \u017ee jednou slo\u017e\u00ed slavn\u00fd hudebn\u00ed opus &nbsp; Ve\u0161ker\u00fd sv\u016fj \u010das tedy v\u011bnoval pr\u00e1v\u011b hudb\u011b komponov\u00e1n\u00ed a notov\u00e9 partitu\u0159e studiu na hudebn\u00edm gymn\u00e1ziu po jeho\u017e ukon\u010den\u00ed hodlal &hellip; <a href=\"https:\/\/eldar.cz\/tompatrick\/mix\/hudebnik-terorista-autor-martin-jabkenic\">Cel\u00fd p\u0159\u00edsp\u011bvek <span class=\"meta-nav\">&rarr;<\/span><\/a><\/p>\n","protected":false},"author":2,"featured_media":0,"comment_status":"open","ping_status":"open","sticky":false,"template":"","format":"standard","meta":{"_s2mail":"yes","footnotes":""},"categories":[25],"tags":[],"class_list":["post-2487","post","type-post","status-publish","format-standard","hentry","category-mix"],"_links":{"self":[{"href":"https:\/\/eldar.cz\/tompatrick\/wp-json\/wp\/v2\/posts\/2487","targetHints":{"allow":["GET"]}}],"collection":[{"href":"https:\/\/eldar.cz\/tompatrick\/wp-json\/wp\/v2\/posts"}],"about":[{"href":"https:\/\/eldar.cz\/tompatrick\/wp-json\/wp\/v2\/types\/post"}],"author":[{"embeddable":true,"href":"https:\/\/eldar.cz\/tompatrick\/wp-json\/wp\/v2\/users\/2"}],"replies":[{"embeddable":true,"href":"https:\/\/eldar.cz\/tompatrick\/wp-json\/wp\/v2\/comments?post=2487"}],"version-history":[{"count":1,"href":"https:\/\/eldar.cz\/tompatrick\/wp-json\/wp\/v2\/posts\/2487\/revisions"}],"predecessor-version":[{"id":2488,"href":"https:\/\/eldar.cz\/tompatrick\/wp-json\/wp\/v2\/posts\/2487\/revisions\/2488"}],"wp:attachment":[{"href":"https:\/\/eldar.cz\/tompatrick\/wp-json\/wp\/v2\/media?parent=2487"}],"wp:term":[{"taxonomy":"category","embeddable":true,"href":"https:\/\/eldar.cz\/tompatrick\/wp-json\/wp\/v2\/categories?post=2487"},{"taxonomy":"post_tag","embeddable":true,"href":"https:\/\/eldar.cz\/tompatrick\/wp-json\/wp\/v2\/tags?post=2487"}],"curies":[{"name":"wp","href":"https:\/\/api.w.org\/{rel}","templated":true}]}}