{"id":2457,"date":"2019-01-14T09:00:37","date_gmt":"2019-01-14T07:00:37","guid":{"rendered":"http:\/\/eldar.cz\/tompatrick\/?p=2457"},"modified":"2019-01-12T15:05:43","modified_gmt":"2019-01-12T13:05:43","slug":"vesmirny-tulak-a-jeho-zivotni-pribeh-autor-martin-jabkenic","status":"publish","type":"post","link":"https:\/\/eldar.cz\/tompatrick\/mix\/vesmirny-tulak-a-jeho-zivotni-pribeh-autor-martin-jabkenic","title":{"rendered":"Vesm\u00edrn\u00fd tul\u00e1k a jeho \u017eivotn\u00ed p\u0159\u00edb\u011bh (autor &#8211; Martin Jabkeni\u010d)"},"content":{"rendered":"<div class=\"fcbkbttn_buttons_block\" id=\"fcbkbttn_left\"><div class=\"fcbkbttn_button\">\n                            <a href=\"https:\/\/www.facebook.com\/tom.patrick.509\" target=\"_blank\">\n                                <img decoding=\"async\" src=\"https:\/\/eldar.cz\/tompatrick\/wp-content\/plugins\/facebook-button-plugin\/images\/large-facebook-ico.png\" alt=\"Fb-Button\" \/>\n                            <\/a>\n                        <\/div><div class=\"fcbkbttn_like fcbkbttn_large_button\"><fb:like href=\"https:\/\/eldar.cz\/tompatrick\/mix\/vesmirny-tulak-a-jeho-zivotni-pribeh-autor-martin-jabkenic\" action=\"like\" colorscheme=\"light\" layout=\"standard\"  width=\"225px\" size=\"large\"><\/fb:like><\/div><div class=\"fb-share-button fcbkbttn_large_button \" data-href=\"https:\/\/eldar.cz\/tompatrick\/mix\/vesmirny-tulak-a-jeho-zivotni-pribeh-autor-martin-jabkenic\" data-type=\"button_count\" data-size=\"large\"><\/div><\/div><p><b>Vesm\u00edrn\u00fd tul\u00e1k a jeho \u017eivotn\u00ed p\u0159\u00edb\u011bh<\/b><\/p>\n<p>Putoval vesm\u00edrem<\/p>\n<p>zlatav\u00fd retr\u00edvr Ben<\/p>\n<p>V raket\u011b p\u0159eb\u00fdval<\/p>\n<p>jako osam\u011bl\u00fd pasa\u017e\u00e9r<\/p>\n<p>&nbsp;<\/p>\n<p>Nikomu nesch\u00e1zel<\/p>\n<p>nikdo ho nepostr\u00e1dal<\/p>\n<p>&nbsp;<\/p>\n<p>Bylo tomu v\u0161ak skute\u010dn\u011b tak?<\/p>\n<p>&nbsp;<\/p>\n<p>Ben p\u00e1na m\u011bl<\/p>\n<p>ten ale o n\u011bj nejevil z\u00e1jem!<\/p>\n<p>&nbsp;<\/p>\n<p>Rad\u011bji se ho vzdal<\/p>\n<p>za tu\u010dnou odm\u011bnu jej zaprodal!<\/p>\n<p>A to za \u00fa\u010delem kosmick\u00fdch v\u00fdzkum\u016f<\/p>\n<p>pokud p\u0159i nich retr\u00edvr p\u0159ijde o \u017eivot<\/p>\n<p>rozhodn\u011b to dle jeho majitele nebude na \u0161kodu<\/p>\n<p>&nbsp;<\/p>\n<p>Jak legend\u00e1rn\u00ed Lajka<\/p>\n<p>p\u0159ipadat si musel Ben<\/p>\n<p>marn\u011b dovol\u00e1vaj\u00edce se pomoci ve stavu bezt\u00ed\u017ee<\/p>\n<p>je\u017e toliko t\u00ed\u017eila jej<\/p>\n<p>&nbsp;<\/p>\n<p>Opravdu v\u0161ak jeho sna\u017een\u00ed bylo nakonec marn\u00e9?<\/p>\n<p>&nbsp;<\/p>\n<p>Jak si pak\u00a0vysv\u011btlit<\/p>\n<p>\u017ee retr\u00edvra z\u010distajasna oslovil<\/p>\n<p>nik\u00fdm ne\u0159\u00edzen\u00fd po\u010d\u00edta\u010d palubn\u00ed<\/p>\n<p>jen\u017e s onou n\u011bmou tv\u00e1\u0159\u00ed souc\u00edtil?<\/p>\n<p>&nbsp;<\/p>\n<p>Ben jinak nebyl hloup\u00e9 zv\u00ed\u0159e<\/p>\n<p>uv\u011bdomoval si z\u00e1va\u017enost dan\u00e9 situace!<\/p>\n<p>&nbsp;<\/p>\n<p>P\u0159e\u017e\u00edval jen d\u00edky tomu<\/p>\n<p>\u017ee zav\u010das objevil skrytou potravinovou z\u00e1sobu<\/p>\n<p>a s\u00e1m ve sv\u00e9 hlav\u011b pe\u010dliv\u011b rozvrhl si<\/p>\n<p>nakolik dn\u00ed ta mu patrn\u011b vysta\u010d\u00ed<\/p>\n<p>&nbsp;<\/p>\n<p>Retr\u00edvr byl natolik chytr\u00fd<\/p>\n<p>\u017ee nezav\u00e1hal ani nyn\u00ed<\/p>\n<p>kdy po dlouh\u00e9 dob\u011b spojil se s n\u00edm<\/p>\n<p>onen po\u010d\u00edta\u010d palubn\u00ed<\/p>\n<p>&nbsp;<\/p>\n<p>A\u010d ka\u017ed\u00fd z nich jin\u00fdm jazykem promlouval<\/p>\n<p>spole\u010dn\u011b oba usilovali o to sam\u00e9, tedy o n\u00e1vrat!<\/p>\n<p>&nbsp;<\/p>\n<p>A to na svoji domovskou planetu!<\/p>\n<p>Vysly\u0161\u00ed\u00a0n\u011bkdo kone\u010dn\u011b jejich nal\u00e9havou prosbu?<\/p>\n<p>&nbsp;<\/p>\n<p>Nemo\u017en\u00e9 stalo se po nekone\u010dn\u00fdch t\u00fddnech \u017eivouc\u00ed realitou<\/p>\n<p>kdy t\u00eds\u0148ov\u00e9 vol\u00e1n\u00ed z rakety<\/p>\n<p>zaregistrovali na m\u00edle daleko<\/p>\n<p>&nbsp;<\/p>\n<p>A to na malebn\u00e9m ostr\u016fvku kdesi v Tich\u00e9m oce\u00e1nu<\/p>\n<p>kde pr\u00e1v\u011b ke ps\u016fm jeho tamn\u00ed obyvatel\u00e9<\/p>\n<p>chovali bezmeznou l\u00e1skyplnou \u00factu!<\/p>\n<p>&nbsp;<\/p>\n<p>A tak zat\u00edmco Ben\u016fv n\u011bkdej\u0161\u00ed p\u00e1n onemocn\u011bl<\/p>\n<p>a v naprost\u00e9 samot\u011b na rakovinu um\u00edral<\/p>\n<p>zlatav\u00fd retr\u00edvr naopak o mnoho kilometr\u016f d\u00e1le<\/p>\n<p>sv\u016fj velk\u00fd happyend za\u017e\u00edval<\/p>\n<p>&nbsp;<\/p>\n<p>Kdy z nebes na domovskou planetu<\/p>\n<p>op\u011btovn\u011b bez \u00fajmy se dostal<\/p>\n<p>jako zbo\u017en\u011b oslavovan\u00fd state\u010dn\u00fd hrdina!<\/p>\n<p>&nbsp;<\/p>\n<p>Jak\u00e9 z toho plyne ponau\u010den\u00ed?<\/p>\n<p>Ono prost\u00e9, n\u00e1sleduj\u00edc\u00ed:<\/p>\n<p>&nbsp;<\/p>\n<p>Va\u017eme si p\u0159\u00edzn\u011b n\u011bm\u00fdch tv\u00e1\u0159\u00ed<\/p>\n<p>my lid\u00e9, co spole\u010dn\u011b s nimi<\/p>\n<p>ob\u00fdv\u00e1me\u00a0planetu Zemi<\/p>\n<p>&nbsp;<\/p>\n<p>Nebo\u0165 mo\u017en\u00e1\u00a0pr\u00e1v\u011b oni budou t\u011bmi jedin\u00fdmi<\/p>\n<p>kdo vyprovod\u00ed n\u00e1s oddan\u011b na na\u0161\u00ed cest\u011b posledn\u00ed<\/p>\n<p>&nbsp;<\/p>\n<div class=\"fcbkbttn_buttons_block\" id=\"fcbkbttn_left\"><div class=\"fcbkbttn_button\">\n                            <a href=\"https:\/\/www.facebook.com\/tom.patrick.509\" target=\"_blank\">\n                                <img decoding=\"async\" src=\"https:\/\/eldar.cz\/tompatrick\/wp-content\/plugins\/facebook-button-plugin\/images\/large-facebook-ico.png\" alt=\"Fb-Button\" \/>\n                            <\/a>\n                        <\/div><div class=\"fcbkbttn_like fcbkbttn_large_button\"><fb:like href=\"https:\/\/eldar.cz\/tompatrick\/mix\/vesmirny-tulak-a-jeho-zivotni-pribeh-autor-martin-jabkenic\" action=\"like\" colorscheme=\"light\" layout=\"standard\"  width=\"225px\" size=\"large\"><\/fb:like><\/div><div class=\"fb-share-button fcbkbttn_large_button \" data-href=\"https:\/\/eldar.cz\/tompatrick\/mix\/vesmirny-tulak-a-jeho-zivotni-pribeh-autor-martin-jabkenic\" data-type=\"button_count\" data-size=\"large\"><\/div><\/div>","protected":false},"excerpt":{"rendered":"<p>Vesm\u00edrn\u00fd tul\u00e1k a jeho \u017eivotn\u00ed p\u0159\u00edb\u011bh Putoval vesm\u00edrem zlatav\u00fd retr\u00edvr Ben V raket\u011b p\u0159eb\u00fdval jako osam\u011bl\u00fd pasa\u017e\u00e9r &nbsp; Nikomu nesch\u00e1zel nikdo ho nepostr\u00e1dal &nbsp; Bylo tomu v\u0161ak skute\u010dn\u011b tak? &nbsp; Ben p\u00e1na m\u011bl ten ale o n\u011bj nejevil z\u00e1jem! &nbsp; &hellip; <a href=\"https:\/\/eldar.cz\/tompatrick\/mix\/vesmirny-tulak-a-jeho-zivotni-pribeh-autor-martin-jabkenic\">Cel\u00fd p\u0159\u00edsp\u011bvek <span class=\"meta-nav\">&rarr;<\/span><\/a><\/p>\n","protected":false},"author":2,"featured_media":0,"comment_status":"open","ping_status":"open","sticky":false,"template":"","format":"standard","meta":{"_s2mail":"yes","footnotes":""},"categories":[25],"tags":[],"class_list":["post-2457","post","type-post","status-publish","format-standard","hentry","category-mix"],"_links":{"self":[{"href":"https:\/\/eldar.cz\/tompatrick\/wp-json\/wp\/v2\/posts\/2457","targetHints":{"allow":["GET"]}}],"collection":[{"href":"https:\/\/eldar.cz\/tompatrick\/wp-json\/wp\/v2\/posts"}],"about":[{"href":"https:\/\/eldar.cz\/tompatrick\/wp-json\/wp\/v2\/types\/post"}],"author":[{"embeddable":true,"href":"https:\/\/eldar.cz\/tompatrick\/wp-json\/wp\/v2\/users\/2"}],"replies":[{"embeddable":true,"href":"https:\/\/eldar.cz\/tompatrick\/wp-json\/wp\/v2\/comments?post=2457"}],"version-history":[{"count":1,"href":"https:\/\/eldar.cz\/tompatrick\/wp-json\/wp\/v2\/posts\/2457\/revisions"}],"predecessor-version":[{"id":2458,"href":"https:\/\/eldar.cz\/tompatrick\/wp-json\/wp\/v2\/posts\/2457\/revisions\/2458"}],"wp:attachment":[{"href":"https:\/\/eldar.cz\/tompatrick\/wp-json\/wp\/v2\/media?parent=2457"}],"wp:term":[{"taxonomy":"category","embeddable":true,"href":"https:\/\/eldar.cz\/tompatrick\/wp-json\/wp\/v2\/categories?post=2457"},{"taxonomy":"post_tag","embeddable":true,"href":"https:\/\/eldar.cz\/tompatrick\/wp-json\/wp\/v2\/tags?post=2457"}],"curies":[{"name":"wp","href":"https:\/\/api.w.org\/{rel}","templated":true}]}}