{"id":2443,"date":"2018-12-17T09:00:45","date_gmt":"2018-12-17T07:00:45","guid":{"rendered":"http:\/\/eldar.cz\/tompatrick\/?p=2443"},"modified":"2018-12-16T10:12:39","modified_gmt":"2018-12-16T08:12:39","slug":"bez-komentare-autor-martin-jabkenic","status":"publish","type":"post","link":"https:\/\/eldar.cz\/tompatrick\/mix\/bez-komentare-autor-martin-jabkenic","title":{"rendered":"Bez koment\u00e1\u0159e (autor &#8211; Martin Jabkeni\u010d)"},"content":{"rendered":"<div class=\"fcbkbttn_buttons_block\" id=\"fcbkbttn_left\"><div class=\"fcbkbttn_button\">\n                            <a href=\"https:\/\/www.facebook.com\/tom.patrick.509\" target=\"_blank\">\n                                <img decoding=\"async\" src=\"https:\/\/eldar.cz\/tompatrick\/wp-content\/plugins\/facebook-button-plugin\/images\/large-facebook-ico.png\" alt=\"Fb-Button\" \/>\n                            <\/a>\n                        <\/div><div class=\"fcbkbttn_like fcbkbttn_large_button\"><fb:like href=\"https:\/\/eldar.cz\/tompatrick\/mix\/bez-komentare-autor-martin-jabkenic\" action=\"like\" colorscheme=\"light\" layout=\"standard\"  width=\"225px\" size=\"large\"><\/fb:like><\/div><div class=\"fb-share-button fcbkbttn_large_button \" data-href=\"https:\/\/eldar.cz\/tompatrick\/mix\/bez-komentare-autor-martin-jabkenic\" data-type=\"button_count\" data-size=\"large\"><\/div><\/div><p><b>Bez koment\u00e1\u0159e<\/b><\/p>\n<p>Vlak proj\u00ed\u017ed\u011bl krajinou<\/p>\n<p>do hlavn\u00edho m\u011bsta sp\u011bl<\/p>\n<p>&nbsp;<\/p>\n<p>A v onen osudn\u00fd okam\u017eik nedalek\u00fd most<\/p>\n<p>cel\u00fd se zachv\u011bl!<\/p>\n<p>&nbsp;<\/p>\n<p>Zb\u00fdvalo zhruba p\u011bt set metr\u016f do chv\u00edle<\/p>\n<p>kdy vlak m\u011bl projet on\u00edm kritick\u00fdm m\u00edstem!<\/p>\n<p>&nbsp;<\/p>\n<p>Mlad\u00e1 maminka s d\u00edt\u011btem<\/p>\n<p>sed\u00edc\u00ed v zadn\u00edm kup\u00e9<\/p>\n<p>u\u010dila svoji ratolest pozn\u00e1vat kr\u00e1sy p\u0159\u00edrody<\/p>\n<p>&nbsp;<\/p>\n<p>Ta jimi kochala se<\/p>\n<p>neskr\u00fdvaje opojn\u00e9 nad\u0161en\u00ed!<\/p>\n<p>&nbsp;<\/p>\n<p>A v onen osudn\u00fd okam\u017eik nedalek\u00fd most<\/p>\n<p>znovu se cel\u00fd zachv\u011bl<\/p>\n<p>kdy ulomil se jeden z jeho nosn\u00fdch pil\u00ed\u0159\u016f<\/p>\n<p>jen\u017e se zvonivou ozv\u011bnou dopadl na zem<\/p>\n<p>&nbsp;<\/p>\n<p>Zb\u00fdvalo zhruba \u010dty\u0159i sta metr\u016f do chv\u00edle<\/p>\n<p>kdy vlak m\u011bl projet on\u00edm kritick\u00fdm m\u00edstem!<\/p>\n<p>&nbsp;<\/p>\n<p>Mlad\u00fd man\u017eelsk\u00fd p\u00e1r teple od\u011bn<\/p>\n<p>sed\u00edc\u00ed v prost\u0159edn\u00edm kup\u00e9<\/p>\n<p>rozmlouval o koncertu nadch\u00e1zej\u00edc\u00edm<\/p>\n<p>jeho\u017e cht\u011bl se osobn\u011b z\u00fa\u010dastnit<\/p>\n<p>&nbsp;<\/p>\n<p>A to ji\u017e podruh\u00e9 b\u011bhem tohoto t\u00fddne<\/p>\n<p>pln\u011b odhodl\u00e1n znovu vychutnat si<\/p>\n<p>onen neopakovateln\u00fd hudebn\u00ed z\u00e1\u017eitek!<\/p>\n<p>&nbsp;<\/p>\n<p>A v onen kritick\u00fd okam\u017eik nedalek\u00fd most<\/p>\n<p>znovu se cel\u00fd zachv\u011bl<\/p>\n<p>kdy ulomil se i druh\u00fd z jeho nosn\u00fdch pil\u00ed\u0159\u016f<\/p>\n<p>jen\u017e se zvonivou ozv\u011bnou dopadl obdobn\u011b na zem<\/p>\n<p>&nbsp;<\/p>\n<p>Zb\u00fdvalo zhruba t\u0159i sta metr\u016f do chv\u00edle<\/p>\n<p>kdy vlak m\u011bl projet on\u00edm kritick\u00fdm m\u00edstem!<\/p>\n<p>&nbsp;<\/p>\n<p>Postar\u0161\u00ed man\u017eel\u00e9<\/p>\n<p>ve v\u011bku d\u016fchodov\u00e9m<\/p>\n<p>sed\u00edc\u00ed v p\u0159edn\u00edm kup\u00e9<\/p>\n<p>na spole\u010dnou cestu vydali se<\/p>\n<p>&nbsp;<\/p>\n<p>Hroby p\u0159\u00edbuzn\u00fdch ji\u017e zesnul\u00fdch hodlali nav\u0161t\u00edvit<\/p>\n<p>nebo\u0165 du\u0161i\u010dky onoho pam\u00e1tn\u00e9ho dne zrovinka byly!<\/p>\n<p>&nbsp;<\/p>\n<p>A v onen osudn\u00fd okam\u017eik nedalek\u00fd sesut\u00fd most<\/p>\n<p>ji\u017e napjat\u011b o\u010dek\u00e1val sv\u00e9 prvn\u00ed ob\u011bti tragick\u00e9ho ne\u0161t\u011bst\u00ed<\/p>\n<p>je\u017e mu \u0159\u00edzen\u00edm osudu m\u011bly padnout v nemilost<\/p>\n<p>&nbsp;<\/p>\n<p>Zb\u00fdvalo zhruba dv\u011b st\u011b metr\u016f do chv\u00edle<\/p>\n<p>kdy vlak m\u011bl projet on\u00edm kritick\u00fdm m\u00edstem!<\/p>\n<p>&nbsp;<\/p>\n<p>Strojv\u016fdce p\u0159eb\u00fdval osamocen\u011b<\/p>\n<p>ve sv\u00e9 v\u016fd\u010d\u00ed kabin\u011b<\/p>\n<p>kde vyj\u00edmala se rodinn\u00e1 fotografie<\/p>\n<p>jeho milovan\u00e9 \u017eeny<\/p>\n<p>a \u010derstv\u011b narozen\u00e9 dcerky<\/p>\n<p>&nbsp;<\/p>\n<p>Jak dojemn\u00e9!<\/p>\n<p>&nbsp;<\/p>\n<p>A v onen osudn\u00fd okam\u017eik nedalek\u00fd sesut\u00fd most<\/p>\n<p>prom\u011bnil se v \u010dir\u00fd prach<\/p>\n<p>jen\u017e rozpt\u00fdlil se po okoln\u00ed krajin\u011b<\/p>\n<p>&nbsp;<\/p>\n<p>Zb\u00fdvalo zhruba sto metr\u016f do chv\u00edle<\/p>\n<p>kdy vlak m\u011bl projet on\u00edm m\u00edstem<\/p>\n<p>&nbsp;<\/p>\n<p>Nikoliv v\u0161ak ji\u017e kritick\u00fdm<\/p>\n<p>n\u00fdbr\u017e zcela bezpe\u010dn\u00fdm!<\/p>\n<p>&nbsp;<\/p>\n<p>DOV\u011aTEK<\/p>\n<p>Uchr\u00e1n\u011bny tak byly \u017eivoty<\/p>\n<p>cestuj\u00edc\u00edch nevinn\u00fdch<\/p>\n<p>co onen pam\u00e1tn\u00fd den<\/p>\n<p>podruh\u00e9 narodili se<\/p>\n<p>&nbsp;<\/p>\n<p>Nem\u011bli v\u0161ak o tom sebemen\u0161\u00ed potuchy<\/p>\n<p>a to nejen oni<\/p>\n<p>ale i jejich po\u010detn\u00e9 rodiny!<\/p>\n<p>&nbsp;<\/p>\n<p>Co k tomu dodat je\u0161t\u011b<\/p>\n<p>snad jen: no comment!<\/p>\n<div class=\"fcbkbttn_buttons_block\" id=\"fcbkbttn_left\"><div class=\"fcbkbttn_button\">\n                            <a href=\"https:\/\/www.facebook.com\/tom.patrick.509\" target=\"_blank\">\n                                <img decoding=\"async\" src=\"https:\/\/eldar.cz\/tompatrick\/wp-content\/plugins\/facebook-button-plugin\/images\/large-facebook-ico.png\" alt=\"Fb-Button\" \/>\n                            <\/a>\n                        <\/div><div class=\"fcbkbttn_like fcbkbttn_large_button\"><fb:like href=\"https:\/\/eldar.cz\/tompatrick\/mix\/bez-komentare-autor-martin-jabkenic\" action=\"like\" colorscheme=\"light\" layout=\"standard\"  width=\"225px\" size=\"large\"><\/fb:like><\/div><div class=\"fb-share-button fcbkbttn_large_button \" data-href=\"https:\/\/eldar.cz\/tompatrick\/mix\/bez-komentare-autor-martin-jabkenic\" data-type=\"button_count\" data-size=\"large\"><\/div><\/div>","protected":false},"excerpt":{"rendered":"<p>Bez koment\u00e1\u0159e Vlak proj\u00ed\u017ed\u011bl krajinou do hlavn\u00edho m\u011bsta sp\u011bl &nbsp; A v onen osudn\u00fd okam\u017eik nedalek\u00fd most cel\u00fd se zachv\u011bl! &nbsp; Zb\u00fdvalo zhruba p\u011bt set metr\u016f do chv\u00edle kdy vlak m\u011bl projet on\u00edm kritick\u00fdm m\u00edstem! &nbsp; Mlad\u00e1 maminka s d\u00edt\u011btem &hellip; <a href=\"https:\/\/eldar.cz\/tompatrick\/mix\/bez-komentare-autor-martin-jabkenic\">Cel\u00fd p\u0159\u00edsp\u011bvek <span class=\"meta-nav\">&rarr;<\/span><\/a><\/p>\n","protected":false},"author":2,"featured_media":0,"comment_status":"open","ping_status":"open","sticky":false,"template":"","format":"standard","meta":{"_s2mail":"yes","footnotes":""},"categories":[25],"tags":[],"class_list":["post-2443","post","type-post","status-publish","format-standard","hentry","category-mix"],"_links":{"self":[{"href":"https:\/\/eldar.cz\/tompatrick\/wp-json\/wp\/v2\/posts\/2443","targetHints":{"allow":["GET"]}}],"collection":[{"href":"https:\/\/eldar.cz\/tompatrick\/wp-json\/wp\/v2\/posts"}],"about":[{"href":"https:\/\/eldar.cz\/tompatrick\/wp-json\/wp\/v2\/types\/post"}],"author":[{"embeddable":true,"href":"https:\/\/eldar.cz\/tompatrick\/wp-json\/wp\/v2\/users\/2"}],"replies":[{"embeddable":true,"href":"https:\/\/eldar.cz\/tompatrick\/wp-json\/wp\/v2\/comments?post=2443"}],"version-history":[{"count":1,"href":"https:\/\/eldar.cz\/tompatrick\/wp-json\/wp\/v2\/posts\/2443\/revisions"}],"predecessor-version":[{"id":2444,"href":"https:\/\/eldar.cz\/tompatrick\/wp-json\/wp\/v2\/posts\/2443\/revisions\/2444"}],"wp:attachment":[{"href":"https:\/\/eldar.cz\/tompatrick\/wp-json\/wp\/v2\/media?parent=2443"}],"wp:term":[{"taxonomy":"category","embeddable":true,"href":"https:\/\/eldar.cz\/tompatrick\/wp-json\/wp\/v2\/categories?post=2443"},{"taxonomy":"post_tag","embeddable":true,"href":"https:\/\/eldar.cz\/tompatrick\/wp-json\/wp\/v2\/tags?post=2443"}],"curies":[{"name":"wp","href":"https:\/\/api.w.org\/{rel}","templated":true}]}}